{"id":160185,"date":"2018-05-25T07:55:05","date_gmt":"2018-05-25T10:55:05","guid":{"rendered":"http:\/\/franciscanos.org.br\/?p=160185"},"modified":"2020-06-07T15:09:23","modified_gmt":"2020-06-07T18:09:23","slug":"o-matrimonio-e-uma-pregacao-silenciosa-a-todos","status":"publish","type":"post","link":"https:\/\/franciscanos.org.br\/noticias\/o-matrimonio-e-uma-pregacao-silenciosa-a-todos.html","title":{"rendered":"\u201cO matrim\u00f4nio \u00e9 uma prega\u00e7\u00e3o silenciosa a todos&#8221;"},"content":{"rendered":"<p><img loading=\"lazy\" src=\"http:\/\/franciscanos.org.br\/wp-content\/uploads\/2018\/05\/marta_250518.jpg\" alt=\"marta_250518\" width=\"820\" height=\"460\" \/><\/p>\n<p><strong>Cidado do Vaticano<\/strong> &#8211; A beleza do matrim\u00f4nio foi o tema homilia do Papa Francisco na Missa celebrada na manh\u00e3 de sexta-feira na capela da Casa Santa Marta. Entre os fi\u00e9is, havia sete casais que celebravam 50 e 25 anos de casamento. O trecho do Evangelho segundo S\u00e3o Marcos fala da inten\u00e7\u00e3o dos fariseus de colocar Jesus \u00e0 prova fazendo-lhe uma pergunta que o Papa define \u201ccas\u00edstica\u201d, isto \u00e9, quando se reduz a f\u00e9 a \u201cum sim ou um n\u00e3o\u201d. E explica: N\u00e3o o grande &#8220;sim&#8221; ou o grande &#8220;n\u00e3o&#8221; dos quais ouvimos falar, que \u00e9 Deus. N\u00e3o: se pode ou n\u00e3o se pode. E a vida crist\u00e3, a vida segundo Deus, segundo essas pessoas, est\u00e1 sempre no \u2018se pode\u2019 e \u2018n\u00e3o se pode\u2019.<\/p>\n<p>A pergunta diz respeito ao matrim\u00f4nio, querem saber se \u00e9 l\u00edcito ou n\u00e3o que um marido repudie a pr\u00f3pria mulher. Mas, afirma Francisco, Jesus vai al\u00e9m, eleva o n\u00edvel e \u201cchega at\u00e9 a Cria\u00e7\u00e3o e fala do matrim\u00f4nio que \u00e9 talvez a coisa mais bela\u201d que o Senhor criou naqueles sete dias.<\/p>\n<p>\u2018Desde o in\u00edcio da cria\u00e7\u00e3o [Deus] os fez homem e mulher; o homem deixar\u00e1 seu pai e sua m\u00e3e e se unir\u00e1 \u00e0 sua mulher e os dois se tornar\u00e3o uma s\u00f3 carne\u2019. \u201c\u00c9 forte o que diz o Senhor\u201d, comenta o Papa, falando de \u201cuma carne\u201d que n\u00e3o se pode dividir. Jesus \u201cdeixa o problema da divis\u00e3o e vai \u00e0 beleza do casal que deve caminhar como um s\u00f3\u201d. Francisco destaca que o homem e a mulher devem abandonar aquilo que eram antes \u201cpara come\u00e7ar uma nova estrada, um novo caminho\u201d. E depois toda a vida realizam este caminho de \u201cir avante juntos: n\u00e3o dois, um\u201d. O Papa ent\u00e3o recomenda: \u201cN\u00e3o devemos nos deter, como esses doutores, num \u2018se pode\u2019 ou \u2018n\u00e3o se pode\u2019 dividir um matrim\u00f4nio. \u00c0s vezes, acontece a desgra\u00e7a de n\u00e3o funcionar e \u00e9 melhor se separar para evitar uma guerra mundial, mas isso \u00e9 uma desgra\u00e7a. Devemos ver o positivo\u201d.<\/p>\n<p>Francisco citou um casal que festejava 60 anos de casamento e, diante da pergunta se eram felizes, os dois se olharam nos olhos, que ficaram repletos de l\u00e1grimas pela como\u00e7\u00e3o, e responderam: &#8220;Somos apaixonados!\u201d.<\/p>\n<p>\u00c9 verdade que existem dificuldades, que existem problemas dos filhos ou do pr\u00f3prio matrim\u00f4nio, do pr\u00f3prio casal, discuss\u00f5es, brigas&#8230; mas o importante \u00e9 que a carne permane\u00e7a uma e superem, superem, superem isso. E este n\u00e3o \u00e9 somente um sacramento para eles, mas tamb\u00e9m para a Igreja, como se fosse um sacramento que chama a aten\u00e7\u00e3o, que atrai a aten\u00e7\u00e3o: \u201cMas olhem que o amor \u00e9 poss\u00edvel!\u201d. E o amor \u00e9 capaz de fazer viver apaixonados toda uma vida: na alegria e na dor, com o problema dos filhos e os pr\u00f3prios problemas&#8230; mas ir sempre avante. Na sa\u00fade e na doen\u00e7a, mas ir sempre avante. Esta \u00e9 a beleza.<\/p>\n<p><strong>Matrim\u00f4nio feliz n\u00e3o \u00e9 not\u00edcia<\/strong><\/p>\n<p>O homem e a mulher foram criados \u00e0 imagem e semelhan\u00e7a de Deus e o pr\u00f3prio matrim\u00f4nio se torna assim sua imagem. E \u00e9 por isso, afirma o Papa, que \u00e9 t\u00e3o bonito: \u201cO matrim\u00f4nio \u00e9 uma prega\u00e7\u00e3o silenciosa a todos os outros, uma prega\u00e7\u00e3o de todos os dias\u201d.<\/p>\n<p>\u00c9 doloroso quando isso n\u00e3o faz not\u00edcia: os jornais, os telejornais n\u00e3o veem isso como not\u00edcia. Aquele casal tantos anos juntos&#8230; n\u00e3o \u00e9 not\u00edcia. Sim, a not\u00edcia \u00e9 o esc\u00e2ndalo, o div\u00f3rcio ou os que se separam \u2013 \u00e0s vezes se devem separar, como disse, para evitar um mal maior&#8230; Mas a imagem de Deus n\u00e3o \u00e9 not\u00edcia. E esta \u00e9 a beleza do matrim\u00f4nio. S\u00e3o a imagem e a semelhan\u00e7a de Deus. E esta \u00e9 a nossa not\u00edcia, a not\u00edcia crist\u00e3.<\/p>\n<p>Francisco repete que a vida matrimonial e familiar n\u00e3o \u00e9 f\u00e1cil, e cita a Primeira Leitura extra\u00edda da carta de S\u00e3o Tiago Ap\u00f3stolo, que fala da paci\u00eancia. Diz que talvez seja a virtude mais importante no casal \u2013 seja do homem, seja da mulher \u2013 e conclui com uma ora\u00e7\u00e3o ao Senhor \u201cpara que d\u00ea \u00e0 Igreja e \u00e0 sociedade uma consci\u00eancia mais profunda, mais bela do matrim\u00f4nio, que todos n\u00f3s possamos entender e contemplar que no matrim\u00f4nio h\u00e1 a imagem e a semelhan\u00e7a de Deus\u201d.<\/p>\n<hr \/>\n<p><em>Fonte: Vatican News<\/em><\/p>\n","protected":false},"excerpt":{"rendered":"<p>Missa em Santa Marta<\/p>\n","protected":false},"author":1,"featured_media":201935,"comment_status":"open","ping_status":"open","sticky":false,"template":"","format":"standard","meta":[],"categories":[1428],"tags":[1586],"acf":[],"yoast_head":"<!-- This site is optimized with the Yoast SEO plugin v19.2 - https:\/\/yoast.com\/wordpress\/plugins\/seo\/ -->\n<title>\u201cO matrim\u00f4nio \u00e9 uma prega\u00e7\u00e3o silenciosa a todos&quot; - Not\u00edcias - Franciscanos<\/title>\n<meta name=\"robots\" content=\"index, follow, max-snippet:-1, max-image-preview:large, max-video-preview:-1\" \/>\n<link rel=\"canonical\" href=\"https:\/\/franciscanos.org.br\/noticias\/o-matrimonio-e-uma-pregacao-silenciosa-a-todos.html\" \/>\n<meta property=\"og:locale\" content=\"pt_BR\" \/>\n<meta property=\"og:type\" content=\"article\" \/>\n<meta property=\"og:title\" content=\"\u201cO matrim\u00f4nio \u00e9 uma prega\u00e7\u00e3o silenciosa a todos&quot; - Not\u00edcias - Franciscanos\" \/>\n<meta property=\"og:description\" content=\"Missa em Santa Marta\" \/>\n<meta property=\"og:url\" content=\"https:\/\/franciscanos.org.br\/noticias\/o-matrimonio-e-uma-pregacao-silenciosa-a-todos.html\" \/>\n<meta property=\"og:site_name\" content=\"Not\u00edcias - Franciscanos\" \/>\n<meta property=\"article:published_time\" content=\"2018-05-25T10:55:05+00:00\" \/>\n<meta property=\"article:modified_time\" content=\"2020-06-07T18:09:23+00:00\" \/>\n<meta property=\"og:image\" content=\"https:\/\/franciscanos.org.br\/noticias\/wp-content\/uploads\/2018\/05\/marta_250518.jpg\" \/>\n\t<meta property=\"og:image:width\" content=\"273\" \/>\n\t<meta property=\"og:image:height\" content=\"181\" \/>\n\t<meta property=\"og:image:type\" content=\"image\/jpeg\" \/>\n<meta name=\"author\" content=\"admin\" \/>\n<meta name=\"twitter:card\" content=\"summary_large_image\" \/>\n<meta name=\"twitter:label1\" content=\"Escrito por\" \/>\n\t<meta name=\"twitter:data1\" content=\"admin\" \/>\n\t<meta name=\"twitter:label2\" content=\"Est. tempo de leitura\" \/>\n\t<meta name=\"twitter:data2\" content=\"4 minutos\" \/>\n<script type=\"application\/ld+json\" class=\"yoast-schema-graph\">{\"@context\":\"https:\/\/schema.org\",\"@graph\":[{\"@type\":\"WebSite\",\"@id\":\"https:\/\/franciscanos.org.br\/noticias\/#website\",\"url\":\"https:\/\/franciscanos.org.br\/noticias\/\",\"name\":\"Not\u00edcias - Franciscanos\",\"description\":\"Prov\u00edncia Franciscana da Imaculada Concei\u00e7\u00e3o do Brasil - Ordem dos Frades Menores - OFM\",\"potentialAction\":[{\"@type\":\"SearchAction\",\"target\":{\"@type\":\"EntryPoint\",\"urlTemplate\":\"https:\/\/franciscanos.org.br\/noticias\/?s={search_term_string}\"},\"query-input\":\"required name=search_term_string\"}],\"inLanguage\":\"pt-BR\"},{\"@type\":\"ImageObject\",\"inLanguage\":\"pt-BR\",\"@id\":\"https:\/\/franciscanos.org.br\/noticias\/o-matrimonio-e-uma-pregacao-silenciosa-a-todos.html#primaryimage\",\"url\":\"https:\/\/franciscanos.org.br\/noticias\/wp-content\/uploads\/2018\/05\/marta_250518.jpg\",\"contentUrl\":\"https:\/\/franciscanos.org.br\/noticias\/wp-content\/uploads\/2018\/05\/marta_250518.jpg\",\"width\":273,\"height\":181},{\"@type\":\"WebPage\",\"@id\":\"https:\/\/franciscanos.org.br\/noticias\/o-matrimonio-e-uma-pregacao-silenciosa-a-todos.html#webpage\",\"url\":\"https:\/\/franciscanos.org.br\/noticias\/o-matrimonio-e-uma-pregacao-silenciosa-a-todos.html\",\"name\":\"\u201cO matrim\u00f4nio \u00e9 uma prega\u00e7\u00e3o silenciosa a todos\\\" - Not\u00edcias - Franciscanos\",\"isPartOf\":{\"@id\":\"https:\/\/franciscanos.org.br\/noticias\/#website\"},\"primaryImageOfPage\":{\"@id\":\"https:\/\/franciscanos.org.br\/noticias\/o-matrimonio-e-uma-pregacao-silenciosa-a-todos.html#primaryimage\"},\"datePublished\":\"2018-05-25T10:55:05+00:00\",\"dateModified\":\"2020-06-07T18:09:23+00:00\",\"author\":{\"@id\":\"https:\/\/franciscanos.org.br\/noticias\/#\/schema\/person\/b38fbf43118f02820bd932f2e4b14ad3\"},\"breadcrumb\":{\"@id\":\"https:\/\/franciscanos.org.br\/noticias\/o-matrimonio-e-uma-pregacao-silenciosa-a-todos.html#breadcrumb\"},\"inLanguage\":\"pt-BR\",\"potentialAction\":[{\"@type\":\"ReadAction\",\"target\":[\"https:\/\/franciscanos.org.br\/noticias\/o-matrimonio-e-uma-pregacao-silenciosa-a-todos.html\"]}]},{\"@type\":\"BreadcrumbList\",\"@id\":\"https:\/\/franciscanos.org.br\/noticias\/o-matrimonio-e-uma-pregacao-silenciosa-a-todos.html#breadcrumb\",\"itemListElement\":[{\"@type\":\"ListItem\",\"position\":1,\"name\":\"Home\",\"item\":\"https:\/\/franciscanos.org.br\/noticias\"},{\"@type\":\"ListItem\",\"position\":2,\"name\":\"\u201cO matrim\u00f4nio \u00e9 uma prega\u00e7\u00e3o silenciosa a todos&#8221;\"}]},{\"@type\":\"Person\",\"@id\":\"https:\/\/franciscanos.org.br\/noticias\/#\/schema\/person\/b38fbf43118f02820bd932f2e4b14ad3\",\"name\":\"admin\",\"image\":{\"@type\":\"ImageObject\",\"inLanguage\":\"pt-BR\",\"@id\":\"https:\/\/franciscanos.org.br\/noticias\/#\/schema\/person\/image\/\",\"url\":\"https:\/\/secure.gravatar.com\/avatar\/e8495742d34d0ba6448ea1c628263b3e?s=96&d=mm&r=g\",\"contentUrl\":\"https:\/\/secure.gravatar.com\/avatar\/e8495742d34d0ba6448ea1c628263b3e?s=96&d=mm&r=g\",\"caption\":\"admin\"},\"url\":\"https:\/\/franciscanos.org.br\/noticias\/author\/admin\"}]}<\/script>\n<!-- \/ Yoast SEO plugin. -->","yoast_head_json":{"title":"\u201cO matrim\u00f4nio \u00e9 uma prega\u00e7\u00e3o silenciosa a todos\" - Not\u00edcias - Franciscanos","robots":{"index":"index","follow":"follow","max-snippet":"max-snippet:-1","max-image-preview":"max-image-preview:large","max-video-preview":"max-video-preview:-1"},"canonical":"https:\/\/franciscanos.org.br\/noticias\/o-matrimonio-e-uma-pregacao-silenciosa-a-todos.html","og_locale":"pt_BR","og_type":"article","og_title":"\u201cO matrim\u00f4nio \u00e9 uma prega\u00e7\u00e3o silenciosa a todos\" - Not\u00edcias - Franciscanos","og_description":"Missa em Santa Marta","og_url":"https:\/\/franciscanos.org.br\/noticias\/o-matrimonio-e-uma-pregacao-silenciosa-a-todos.html","og_site_name":"Not\u00edcias - Franciscanos","article_published_time":"2018-05-25T10:55:05+00:00","article_modified_time":"2020-06-07T18:09:23+00:00","og_image":[{"width":273,"height":181,"url":"https:\/\/franciscanos.org.br\/noticias\/wp-content\/uploads\/2018\/05\/marta_250518.jpg","type":"image\/jpeg"}],"author":"admin","twitter_card":"summary_large_image","twitter_misc":{"Escrito por":"admin","Est. tempo de leitura":"4 minutos"},"schema":{"@context":"https:\/\/schema.org","@graph":[{"@type":"WebSite","@id":"https:\/\/franciscanos.org.br\/noticias\/#website","url":"https:\/\/franciscanos.org.br\/noticias\/","name":"Not\u00edcias - Franciscanos","description":"Prov\u00edncia Franciscana da Imaculada Concei\u00e7\u00e3o do Brasil - Ordem dos Frades Menores - OFM","potentialAction":[{"@type":"SearchAction","target":{"@type":"EntryPoint","urlTemplate":"https:\/\/franciscanos.org.br\/noticias\/?s={search_term_string}"},"query-input":"required name=search_term_string"}],"inLanguage":"pt-BR"},{"@type":"ImageObject","inLanguage":"pt-BR","@id":"https:\/\/franciscanos.org.br\/noticias\/o-matrimonio-e-uma-pregacao-silenciosa-a-todos.html#primaryimage","url":"https:\/\/franciscanos.org.br\/noticias\/wp-content\/uploads\/2018\/05\/marta_250518.jpg","contentUrl":"https:\/\/franciscanos.org.br\/noticias\/wp-content\/uploads\/2018\/05\/marta_250518.jpg","width":273,"height":181},{"@type":"WebPage","@id":"https:\/\/franciscanos.org.br\/noticias\/o-matrimonio-e-uma-pregacao-silenciosa-a-todos.html#webpage","url":"https:\/\/franciscanos.org.br\/noticias\/o-matrimonio-e-uma-pregacao-silenciosa-a-todos.html","name":"\u201cO matrim\u00f4nio \u00e9 uma prega\u00e7\u00e3o silenciosa a todos\" - Not\u00edcias - Franciscanos","isPartOf":{"@id":"https:\/\/franciscanos.org.br\/noticias\/#website"},"primaryImageOfPage":{"@id":"https:\/\/franciscanos.org.br\/noticias\/o-matrimonio-e-uma-pregacao-silenciosa-a-todos.html#primaryimage"},"datePublished":"2018-05-25T10:55:05+00:00","dateModified":"2020-06-07T18:09:23+00:00","author":{"@id":"https:\/\/franciscanos.org.br\/noticias\/#\/schema\/person\/b38fbf43118f02820bd932f2e4b14ad3"},"breadcrumb":{"@id":"https:\/\/franciscanos.org.br\/noticias\/o-matrimonio-e-uma-pregacao-silenciosa-a-todos.html#breadcrumb"},"inLanguage":"pt-BR","potentialAction":[{"@type":"ReadAction","target":["https:\/\/franciscanos.org.br\/noticias\/o-matrimonio-e-uma-pregacao-silenciosa-a-todos.html"]}]},{"@type":"BreadcrumbList","@id":"https:\/\/franciscanos.org.br\/noticias\/o-matrimonio-e-uma-pregacao-silenciosa-a-todos.html#breadcrumb","itemListElement":[{"@type":"ListItem","position":1,"name":"Home","item":"https:\/\/franciscanos.org.br\/noticias"},{"@type":"ListItem","position":2,"name":"\u201cO matrim\u00f4nio \u00e9 uma prega\u00e7\u00e3o silenciosa a todos&#8221;"}]},{"@type":"Person","@id":"https:\/\/franciscanos.org.br\/noticias\/#\/schema\/person\/b38fbf43118f02820bd932f2e4b14ad3","name":"admin","image":{"@type":"ImageObject","inLanguage":"pt-BR","@id":"https:\/\/franciscanos.org.br\/noticias\/#\/schema\/person\/image\/","url":"https:\/\/secure.gravatar.com\/avatar\/e8495742d34d0ba6448ea1c628263b3e?s=96&d=mm&r=g","contentUrl":"https:\/\/secure.gravatar.com\/avatar\/e8495742d34d0ba6448ea1c628263b3e?s=96&d=mm&r=g","caption":"admin"},"url":"https:\/\/franciscanos.org.br\/noticias\/author\/admin"}]}},"_links":{"self":[{"href":"https:\/\/franciscanos.org.br\/noticias\/wp-json\/wp\/v2\/posts\/160185"}],"collection":[{"href":"https:\/\/franciscanos.org.br\/noticias\/wp-json\/wp\/v2\/posts"}],"about":[{"href":"https:\/\/franciscanos.org.br\/noticias\/wp-json\/wp\/v2\/types\/post"}],"author":[{"embeddable":true,"href":"https:\/\/franciscanos.org.br\/noticias\/wp-json\/wp\/v2\/users\/1"}],"replies":[{"embeddable":true,"href":"https:\/\/franciscanos.org.br\/noticias\/wp-json\/wp\/v2\/comments?post=160185"}],"version-history":[{"count":1,"href":"https:\/\/franciscanos.org.br\/noticias\/wp-json\/wp\/v2\/posts\/160185\/revisions"}],"predecessor-version":[{"id":224967,"href":"https:\/\/franciscanos.org.br\/noticias\/wp-json\/wp\/v2\/posts\/160185\/revisions\/224967"}],"wp:featuredmedia":[{"embeddable":true,"href":"https:\/\/franciscanos.org.br\/noticias\/wp-json\/wp\/v2\/media\/201935"}],"wp:attachment":[{"href":"https:\/\/franciscanos.org.br\/noticias\/wp-json\/wp\/v2\/media?parent=160185"}],"wp:term":[{"taxonomy":"category","embeddable":true,"href":"https:\/\/franciscanos.org.br\/noticias\/wp-json\/wp\/v2\/categories?post=160185"},{"taxonomy":"post_tag","embeddable":true,"href":"https:\/\/franciscanos.org.br\/noticias\/wp-json\/wp\/v2\/tags?post=160185"}],"curies":[{"name":"wp","href":"https:\/\/api.w.org\/{rel}","templated":true}]}}