{"id":160100,"date":"2018-05-24T08:13:12","date_gmt":"2018-05-24T11:13:12","guid":{"rendered":"http:\/\/franciscanos.org.br\/?p=160100"},"modified":"2020-06-07T15:10:10","modified_gmt":"2020-06-07T18:10:10","slug":"papa-explorar-o-trabalhador-e-pecado-mortal","status":"publish","type":"post","link":"https:\/\/franciscanos.org.br\/noticias\/papa-explorar-o-trabalhador-e-pecado-mortal.html","title":{"rendered":"Papa: Explorar o trabalhador \u00e9 pecado mortal"},"content":{"rendered":"<p><img loading=\"lazy\" src=\"http:\/\/franciscanos.org.br\/wp-content\/uploads\/2017\/01\/marta_270117.jpg\" alt=\"marta_270117\" width=\"830\" height=\"419\" \/><br \/>\n<strong>Cidade do Vaticano<\/strong> &#8211; Tomar dist\u00e2ncia das riquezas, porque estas nos foram oferecidas por Deus para do\u00e1-las aos outros. A este tema o Papa Francisco dedicou a missa celebrada na manh\u00e3 de quinta-feira (24\/04) na Casa Santa Marta.\u00a0Na mem\u00f3ria de Nossa Senhora Auxiliadora, o Pont\u00edfice celebrou a missa na inten\u00e7\u00e3o do \u201cnobre povo chin\u00eas\u201d, que festeja a Virgem de Sheshan em Xangai.<\/p>\n<p>O Papa se inspirou Leitura de S\u00e3o Tiago ap\u00f3stolo, que fala do sal\u00e1rio n\u00e3o pago aos trabalhadores e o seu clamor que chega aos ouvidos do Senhor. Francisco destaca que Tiago usa express\u00f5es contundentes para falar aos ricos, sem meias palavras, condenando a \u201criqueza apodrecida\u201d, como fez Jesus:\u00a0\u201cAi de v\u00f3s ricos!\u201d, \u00e9 o primeiro ataque depois das Bem-aventuran\u00e7as na vers\u00e3o de Lucas. \u201cAi de v\u00f3s ricos!\u201d. Se algu\u00e9m fizer uma prega\u00e7\u00e3o assim, no dia seguinte nos jornais aparece: \u201cAquele padre \u00e9 comunista!\u201d. Mas a pobreza est\u00e1 no centro do Evangelho. A prega\u00e7\u00e3o sobre a pobreza est\u00e1 no centro da prega\u00e7\u00e3o de Jesus: \u201cBem-aventurados os pobres\u201d \u00e9 a primeira das Bem-aventuran\u00e7as. E a carteira de identidade com a qual Jesus se apresenta quando volta ao seu vilarejo, a Nazar\u00e9, na sinagoga, \u00e9: \u201cO Esp\u00edrito est\u00e1 sobre mim, fui enviado para anunciar o Evangelho, a Boa Nova aos pobres, o alegre an\u00fancio aos pobres\u201d. Mas na hist\u00f3ria sempre tivemos esta fraqueza de tentar tirar esta prega\u00e7\u00e3o sobre a pobreza, acreditando se tratar de algo social, pol\u00edtico. N\u00e3o! \u00c9 Evangelho puro, \u00e9 Evangelho puro.<\/p>\n<p><strong>Dois senhores<\/strong><br \/>\nFrancisco convidou a refletir sobre o porqu\u00ea de uma prega\u00e7\u00e3o assim \u201ct\u00e3o dura\u201d. A raz\u00e3o est\u00e1 no fato de que \u201cas riquezas s\u00e3o uma idolatria\u201d, s\u00e3o capazes de \u201cseduzir\u201d. O pr\u00f3prio Jesus, explicou o Papa, disse que \u201cn\u00e3o se pode servir a dois senhores: ou voc\u00ea serve a Deus ou \u00e0s riquezas\u201d: d\u00e1, portanto, uma \u201ccategoria de \u2018senhor\u2019 \u00e0s riquezas, isto \u00e9, a riqueza \u201co pega e n\u00e3o o larga e vai contra o primeiro mandamento\u201d, amar a Deus com todo o cora\u00e7\u00e3o.<\/p>\n<p>As riquezas v\u00e3o tamb\u00e9m contra o segundo mandamento, porque destroem a rela\u00e7\u00e3o harmoniosa \u201centre n\u00f3s homens\u201d, \u201cestragamos a vida\u201d, \u201cestragamos a alma\u201d. O Papa recordou a Par\u00e1bola do rico &#8211; que pensava na \u201cboa vida\u201d, nas festas, nas roupas luxuosas \u2013 e do mendicante L\u00e1zaro, \u201cque n\u00e3o tinha nada\u201d.<\/p>\n<p><strong>Tiago sindicalista<\/strong><br \/>\nAs riquezas, reiterou, \u201cnos levam embora a harmonia com os irm\u00e3os, o amor ao pr\u00f3ximo, nos fazem ego\u00edstas\u201d. Tiago reivindica o sal\u00e1rio dos trabalhadores que cultivaram a terra dos ricos e n\u00e3o foram pagos: \u201calgu\u00e9m poderia confundir o ap\u00f3stolo Tiago com um sindicalista\u201d, afirmou Francisco. E na verdade, acrescentou, o ap\u00f3stolo \u201cfala sob a inspira\u00e7\u00e3o do Esp\u00edrito Santo\u201d. Parece uma coisa dos nossos dias, disse o Papa:\u00a0Tamb\u00e9m aqui, na It\u00e1lia, para salvar os grandes capitais deixam as pessoas sem trabalho. Vai contra o segundo mandamento e quem faz isto: \u201cAi de v\u00f3s!\u201d. N\u00e3o eu, Jesus. Ai de voc\u00eas que exploram as pessoas, que exploram o trabalho, que pagam de maneira informal, que n\u00e3o pagam a contribui\u00e7\u00e3o para a aposentadoria, que n\u00e3o d\u00e3o f\u00e9rias. Ai de v\u00f3s! Fazer \u201ceconomias\u201d, fraudar o que se deve pagar, o sal\u00e1rio, \u00e9 pecado, \u00e9 pecado. \u201cN\u00e3o, padre, eu vou \u00e0 missa todos os domingos e participo daquela associa\u00e7\u00e3o cat\u00f3lica e sou muito cat\u00f3lico e fa\u00e7o a novena disso\u2026\u201d. Mas voc\u00ea n\u00e3o paga? Essa injusti\u00e7a \u00e9 pecado mortal. Voc\u00ea n\u00e3o est\u00e1 nas gra\u00e7as de Deus. N\u00e3o sou eu que estou dizendo, \u00e9 Jesus, \u00e9 o ap\u00f3stolo Tiago. Por isso as riquezas nos afastam do segundo mandamento, do amor ao pr\u00f3ximo.<\/p>\n<p><strong>Rezar pelos ricos<\/strong><br \/>\nAs riquezas, portanto, t\u00eam uma capacidade que nos tornar \u201cescravos\u201d: por isso Francisco exorta a \u201cfazer um pouco mais de ora\u00e7\u00e3o e um pouco mais de penit\u00eancia\u201d n\u00e3o pelos pobres, mas pelos ricos.<\/p>\n<p>Voc\u00ea n\u00e3o \u00e9 livre diante das riquezas. Voc\u00ea para ser livre diante das riquezas deve tomar dist\u00e2ncia e rezar para o Senhor. Se o Senhor lhe deu riquezas \u00e9 para distribui-las aos outros, para fazer em seu nome tantas coisas boas para os outros. Mas as riquezas t\u00eam esta capacidade de nos seduzir e nesta sedu\u00e7\u00e3o n\u00f3s ca\u00edmos, somos escravos das riquezas.<\/p>\n<hr \/>\n<p><em>Fonte: Vatican News<\/em><\/p>\n","protected":false},"excerpt":{"rendered":"<p>Missa em Santa Marta<\/p>\n","protected":false},"author":1,"featured_media":199402,"comment_status":"open","ping_status":"open","sticky":false,"template":"","format":"standard","meta":[],"categories":[1428],"tags":[1586],"acf":[],"yoast_head":"<!-- This site is optimized with the Yoast SEO plugin v19.2 - https:\/\/yoast.com\/wordpress\/plugins\/seo\/ -->\n<title>Papa: Explorar o trabalhador \u00e9 pecado mortal - Not\u00edcias - Franciscanos<\/title>\n<meta name=\"robots\" content=\"index, follow, max-snippet:-1, max-image-preview:large, max-video-preview:-1\" \/>\n<link rel=\"canonical\" href=\"https:\/\/franciscanos.org.br\/noticias\/papa-explorar-o-trabalhador-e-pecado-mortal.html\" \/>\n<meta property=\"og:locale\" content=\"pt_BR\" \/>\n<meta property=\"og:type\" content=\"article\" \/>\n<meta property=\"og:title\" content=\"Papa: Explorar o trabalhador \u00e9 pecado mortal - Not\u00edcias - Franciscanos\" \/>\n<meta property=\"og:description\" content=\"Missa em Santa Marta\" \/>\n<meta property=\"og:url\" content=\"https:\/\/franciscanos.org.br\/noticias\/papa-explorar-o-trabalhador-e-pecado-mortal.html\" \/>\n<meta property=\"og:site_name\" content=\"Not\u00edcias - Franciscanos\" \/>\n<meta property=\"article:published_time\" content=\"2018-05-24T11:13:12+00:00\" \/>\n<meta property=\"article:modified_time\" content=\"2020-06-07T18:10:10+00:00\" \/>\n<meta property=\"og:image\" content=\"https:\/\/franciscanos.org.br\/noticias\/wp-content\/uploads\/2017\/10\/papa_091017-1.png\" \/>\n\t<meta property=\"og:image:width\" content=\"273\" \/>\n\t<meta property=\"og:image:height\" content=\"181\" \/>\n\t<meta property=\"og:image:type\" content=\"image\/png\" \/>\n<meta name=\"author\" content=\"admin\" \/>\n<meta name=\"twitter:card\" content=\"summary_large_image\" \/>\n<meta name=\"twitter:label1\" content=\"Escrito por\" \/>\n\t<meta name=\"twitter:data1\" content=\"admin\" \/>\n\t<meta name=\"twitter:label2\" content=\"Est. tempo de leitura\" \/>\n\t<meta name=\"twitter:data2\" content=\"4 minutos\" \/>\n<script type=\"application\/ld+json\" class=\"yoast-schema-graph\">{\"@context\":\"https:\/\/schema.org\",\"@graph\":[{\"@type\":\"WebSite\",\"@id\":\"https:\/\/franciscanos.org.br\/noticias\/#website\",\"url\":\"https:\/\/franciscanos.org.br\/noticias\/\",\"name\":\"Not\u00edcias - Franciscanos\",\"description\":\"Prov\u00edncia Franciscana da Imaculada Concei\u00e7\u00e3o do Brasil - Ordem dos Frades Menores - OFM\",\"potentialAction\":[{\"@type\":\"SearchAction\",\"target\":{\"@type\":\"EntryPoint\",\"urlTemplate\":\"https:\/\/franciscanos.org.br\/noticias\/?s={search_term_string}\"},\"query-input\":\"required name=search_term_string\"}],\"inLanguage\":\"pt-BR\"},{\"@type\":\"ImageObject\",\"inLanguage\":\"pt-BR\",\"@id\":\"https:\/\/franciscanos.org.br\/noticias\/papa-explorar-o-trabalhador-e-pecado-mortal.html#primaryimage\",\"url\":\"https:\/\/franciscanos.org.br\/noticias\/wp-content\/uploads\/2017\/10\/papa_091017-1.png\",\"contentUrl\":\"https:\/\/franciscanos.org.br\/noticias\/wp-content\/uploads\/2017\/10\/papa_091017-1.png\",\"width\":273,\"height\":181},{\"@type\":\"WebPage\",\"@id\":\"https:\/\/franciscanos.org.br\/noticias\/papa-explorar-o-trabalhador-e-pecado-mortal.html#webpage\",\"url\":\"https:\/\/franciscanos.org.br\/noticias\/papa-explorar-o-trabalhador-e-pecado-mortal.html\",\"name\":\"Papa: Explorar o trabalhador \u00e9 pecado mortal - Not\u00edcias - Franciscanos\",\"isPartOf\":{\"@id\":\"https:\/\/franciscanos.org.br\/noticias\/#website\"},\"primaryImageOfPage\":{\"@id\":\"https:\/\/franciscanos.org.br\/noticias\/papa-explorar-o-trabalhador-e-pecado-mortal.html#primaryimage\"},\"datePublished\":\"2018-05-24T11:13:12+00:00\",\"dateModified\":\"2020-06-07T18:10:10+00:00\",\"author\":{\"@id\":\"https:\/\/franciscanos.org.br\/noticias\/#\/schema\/person\/b38fbf43118f02820bd932f2e4b14ad3\"},\"breadcrumb\":{\"@id\":\"https:\/\/franciscanos.org.br\/noticias\/papa-explorar-o-trabalhador-e-pecado-mortal.html#breadcrumb\"},\"inLanguage\":\"pt-BR\",\"potentialAction\":[{\"@type\":\"ReadAction\",\"target\":[\"https:\/\/franciscanos.org.br\/noticias\/papa-explorar-o-trabalhador-e-pecado-mortal.html\"]}]},{\"@type\":\"BreadcrumbList\",\"@id\":\"https:\/\/franciscanos.org.br\/noticias\/papa-explorar-o-trabalhador-e-pecado-mortal.html#breadcrumb\",\"itemListElement\":[{\"@type\":\"ListItem\",\"position\":1,\"name\":\"Home\",\"item\":\"https:\/\/franciscanos.org.br\/noticias\"},{\"@type\":\"ListItem\",\"position\":2,\"name\":\"Papa: Explorar o trabalhador \u00e9 pecado mortal\"}]},{\"@type\":\"Person\",\"@id\":\"https:\/\/franciscanos.org.br\/noticias\/#\/schema\/person\/b38fbf43118f02820bd932f2e4b14ad3\",\"name\":\"admin\",\"image\":{\"@type\":\"ImageObject\",\"inLanguage\":\"pt-BR\",\"@id\":\"https:\/\/franciscanos.org.br\/noticias\/#\/schema\/person\/image\/\",\"url\":\"https:\/\/secure.gravatar.com\/avatar\/e8495742d34d0ba6448ea1c628263b3e?s=96&d=mm&r=g\",\"contentUrl\":\"https:\/\/secure.gravatar.com\/avatar\/e8495742d34d0ba6448ea1c628263b3e?s=96&d=mm&r=g\",\"caption\":\"admin\"},\"url\":\"https:\/\/franciscanos.org.br\/noticias\/author\/admin\"}]}<\/script>\n<!-- \/ Yoast SEO plugin. -->","yoast_head_json":{"title":"Papa: Explorar o trabalhador \u00e9 pecado mortal - Not\u00edcias - Franciscanos","robots":{"index":"index","follow":"follow","max-snippet":"max-snippet:-1","max-image-preview":"max-image-preview:large","max-video-preview":"max-video-preview:-1"},"canonical":"https:\/\/franciscanos.org.br\/noticias\/papa-explorar-o-trabalhador-e-pecado-mortal.html","og_locale":"pt_BR","og_type":"article","og_title":"Papa: Explorar o trabalhador \u00e9 pecado mortal - Not\u00edcias - Franciscanos","og_description":"Missa em Santa Marta","og_url":"https:\/\/franciscanos.org.br\/noticias\/papa-explorar-o-trabalhador-e-pecado-mortal.html","og_site_name":"Not\u00edcias - Franciscanos","article_published_time":"2018-05-24T11:13:12+00:00","article_modified_time":"2020-06-07T18:10:10+00:00","og_image":[{"width":273,"height":181,"url":"https:\/\/franciscanos.org.br\/noticias\/wp-content\/uploads\/2017\/10\/papa_091017-1.png","type":"image\/png"}],"author":"admin","twitter_card":"summary_large_image","twitter_misc":{"Escrito por":"admin","Est. tempo de leitura":"4 minutos"},"schema":{"@context":"https:\/\/schema.org","@graph":[{"@type":"WebSite","@id":"https:\/\/franciscanos.org.br\/noticias\/#website","url":"https:\/\/franciscanos.org.br\/noticias\/","name":"Not\u00edcias - Franciscanos","description":"Prov\u00edncia Franciscana da Imaculada Concei\u00e7\u00e3o do Brasil - Ordem dos Frades Menores - OFM","potentialAction":[{"@type":"SearchAction","target":{"@type":"EntryPoint","urlTemplate":"https:\/\/franciscanos.org.br\/noticias\/?s={search_term_string}"},"query-input":"required name=search_term_string"}],"inLanguage":"pt-BR"},{"@type":"ImageObject","inLanguage":"pt-BR","@id":"https:\/\/franciscanos.org.br\/noticias\/papa-explorar-o-trabalhador-e-pecado-mortal.html#primaryimage","url":"https:\/\/franciscanos.org.br\/noticias\/wp-content\/uploads\/2017\/10\/papa_091017-1.png","contentUrl":"https:\/\/franciscanos.org.br\/noticias\/wp-content\/uploads\/2017\/10\/papa_091017-1.png","width":273,"height":181},{"@type":"WebPage","@id":"https:\/\/franciscanos.org.br\/noticias\/papa-explorar-o-trabalhador-e-pecado-mortal.html#webpage","url":"https:\/\/franciscanos.org.br\/noticias\/papa-explorar-o-trabalhador-e-pecado-mortal.html","name":"Papa: Explorar o trabalhador \u00e9 pecado mortal - Not\u00edcias - Franciscanos","isPartOf":{"@id":"https:\/\/franciscanos.org.br\/noticias\/#website"},"primaryImageOfPage":{"@id":"https:\/\/franciscanos.org.br\/noticias\/papa-explorar-o-trabalhador-e-pecado-mortal.html#primaryimage"},"datePublished":"2018-05-24T11:13:12+00:00","dateModified":"2020-06-07T18:10:10+00:00","author":{"@id":"https:\/\/franciscanos.org.br\/noticias\/#\/schema\/person\/b38fbf43118f02820bd932f2e4b14ad3"},"breadcrumb":{"@id":"https:\/\/franciscanos.org.br\/noticias\/papa-explorar-o-trabalhador-e-pecado-mortal.html#breadcrumb"},"inLanguage":"pt-BR","potentialAction":[{"@type":"ReadAction","target":["https:\/\/franciscanos.org.br\/noticias\/papa-explorar-o-trabalhador-e-pecado-mortal.html"]}]},{"@type":"BreadcrumbList","@id":"https:\/\/franciscanos.org.br\/noticias\/papa-explorar-o-trabalhador-e-pecado-mortal.html#breadcrumb","itemListElement":[{"@type":"ListItem","position":1,"name":"Home","item":"https:\/\/franciscanos.org.br\/noticias"},{"@type":"ListItem","position":2,"name":"Papa: Explorar o trabalhador \u00e9 pecado mortal"}]},{"@type":"Person","@id":"https:\/\/franciscanos.org.br\/noticias\/#\/schema\/person\/b38fbf43118f02820bd932f2e4b14ad3","name":"admin","image":{"@type":"ImageObject","inLanguage":"pt-BR","@id":"https:\/\/franciscanos.org.br\/noticias\/#\/schema\/person\/image\/","url":"https:\/\/secure.gravatar.com\/avatar\/e8495742d34d0ba6448ea1c628263b3e?s=96&d=mm&r=g","contentUrl":"https:\/\/secure.gravatar.com\/avatar\/e8495742d34d0ba6448ea1c628263b3e?s=96&d=mm&r=g","caption":"admin"},"url":"https:\/\/franciscanos.org.br\/noticias\/author\/admin"}]}},"_links":{"self":[{"href":"https:\/\/franciscanos.org.br\/noticias\/wp-json\/wp\/v2\/posts\/160100"}],"collection":[{"href":"https:\/\/franciscanos.org.br\/noticias\/wp-json\/wp\/v2\/posts"}],"about":[{"href":"https:\/\/franciscanos.org.br\/noticias\/wp-json\/wp\/v2\/types\/post"}],"author":[{"embeddable":true,"href":"https:\/\/franciscanos.org.br\/noticias\/wp-json\/wp\/v2\/users\/1"}],"replies":[{"embeddable":true,"href":"https:\/\/franciscanos.org.br\/noticias\/wp-json\/wp\/v2\/comments?post=160100"}],"version-history":[{"count":1,"href":"https:\/\/franciscanos.org.br\/noticias\/wp-json\/wp\/v2\/posts\/160100\/revisions"}],"predecessor-version":[{"id":224968,"href":"https:\/\/franciscanos.org.br\/noticias\/wp-json\/wp\/v2\/posts\/160100\/revisions\/224968"}],"wp:featuredmedia":[{"embeddable":true,"href":"https:\/\/franciscanos.org.br\/noticias\/wp-json\/wp\/v2\/media\/199402"}],"wp:attachment":[{"href":"https:\/\/franciscanos.org.br\/noticias\/wp-json\/wp\/v2\/media?parent=160100"}],"wp:term":[{"taxonomy":"category","embeddable":true,"href":"https:\/\/franciscanos.org.br\/noticias\/wp-json\/wp\/v2\/categories?post=160100"},{"taxonomy":"post_tag","embeddable":true,"href":"https:\/\/franciscanos.org.br\/noticias\/wp-json\/wp\/v2\/tags?post=160100"}],"curies":[{"name":"wp","href":"https:\/\/api.w.org\/{rel}","templated":true}]}}