{"id":159977,"date":"2018-05-23T08:16:11","date_gmt":"2018-05-23T11:16:11","guid":{"rendered":"http:\/\/franciscanos.org.br\/?p=159977"},"modified":"2020-06-07T15:10:57","modified_gmt":"2020-06-07T18:10:57","slug":"sem-a-forca-do-espirito-santo-nao-podemos-fazer-nada","status":"publish","type":"post","link":"https:\/\/franciscanos.org.br\/noticias\/sem-a-forca-do-espirito-santo-nao-podemos-fazer-nada.html","title":{"rendered":"\u201cSem a for\u00e7a do Esp\u00edrito Santo n\u00e3o podemos fazer nada&#8221;"},"content":{"rendered":"<p><img loading=\"lazy\" src=\"http:\/\/franciscanos.org.br\/wp-content\/uploads\/2018\/05\/audiencia_230518_1.jpg\" alt=\"audiencia_230518_1\" width=\"820\" height=\"546\" \/><\/p>\n<p><strong>Cidade do Vaticano\u00a0<\/strong> &#8211; Apesar do mau tempo, milhares de fi\u00e9is participaram com o Papa Francisco da Audi\u00eancia Geral desta quarta-feira (23\/05). Na Pra\u00e7a S\u00e3o Pedro, os peregrinos ouviram o Pont\u00edfice iniciar um novo ciclo de catequeses, desta vez dedicado ao sacramento da Crisma, tamb\u00e9m chamado Confirma\u00e7\u00e3o, quando os fi\u00e9is recebem o dom do Esp\u00edrito Santo.<\/p>\n<p>Aos seus disc\u00edpulos, Jesus confiou uma grande miss\u00e3o: ser sal da terra e luz do mundo. \u201cS\u00e3o imagens que nos levam a pensar no nosso comportamento, porque seja a car\u00eancia, seja o excesso de sal comprometem o alimento, assim como a falta ou excesso de luz impedem de ver\u201d, disse o Papa, acrescentando que somente o Esp\u00edrito de Cristo nos d\u00e1 o sabor e a luz que clareia o mundo.<\/p>\n<p>Este dom \u00e9 recebido justamente no Sacramento da Confirma\u00e7\u00e3o. \u201cConfirma\u00e7\u00e3o porque confirma o Batismo e refor\u00e7a a sua gra\u00e7a; assim tamb\u00e9m \u201cCrisma\u201d porque recebemos o Esp\u00edrito mediante a un\u00e7\u00e3o com o \u201ccrisma\u201d \u2013 \u00f3leo consagrado pelo Bispo \u2013 termo que remete a \u201cCristo\u201d, o Ungido pelo Esp\u00edrito.<\/p>\n<p><strong><img loading=\"lazy\" class=\"alignright size-full wp-image-159980\" src=\"http:\/\/franciscanos.org.br\/wp-content\/uploads\/2018\/05\/audiencia_230518_3.jpg\" alt=\"audiencia_230518_3\" width=\"333\" height=\"500\" \/>Nada podemos sem o Esp\u00edrito Santo<\/strong><br \/>\nRenascer para a vida divina no Batismo \u00e9 o primeiro passo, explicou o Papa, depois \u00e9 preciso se comportar como filhos de Deus, ou seja, conformar-se ao Cristo que atua na santa Igreja.<\/p>\n<p>\u201cSem a for\u00e7a do Esp\u00edrito Santo n\u00e3o podemos fazer nada. Assim como toda a vida de Jesus foi animada pelo Esp\u00edrito, assim tamb\u00e9m a vida da Igreja e de cada seu membro est\u00e1 sob a guia do mesmo Esp\u00edrito.\u201d<\/p>\n<p>Francisco ressaltou o modo com o qual Jesus se apresenta na sinagoga de Nazar\u00e9, a sua a carteira de identidade, isto \u00e9, Ungido pelo Esp\u00edrito. \u00abO Esp\u00edrito do Senhor est\u00e1 sobre mim; por isso me consagrou com a un\u00e7\u00e3o e me enviou a levar aos pobres o alegre an\u00fancio \u00bb (Lc 4,18).<\/p>\n<p>O \u201cRespiro\u201d do Cristo Ressuscitado enche de vida os pulm\u00f5es da Igreja. Pentecostes \u00e9 para a Igreja aquilo que para Cristo foi a un\u00e7\u00e3o do Esp\u00edrito recebida no Jord\u00e3o, isto \u00e9, o impulso mission\u00e1rio a viver a vida pela santifica\u00e7\u00e3o dos homens, a gl\u00f3ria de Deus.<\/p>\n<p><strong>Deixar-se guiar pelo Esp\u00edrito<\/strong><br \/>\nNo momento de fazer a un\u00e7\u00e3o, explicou ainda Francisco, o bispo diz estas palavras: \u201cReceba o Esp\u00edrito Santo que lhe foi confiado como dom\u201d.<br \/>\n\u201c\u00c9 o grande dom de Deus\u201d, finalizou o Pont\u00edfice. \u201cTodos n\u00f3s temos o Esp\u00edrito dentro, o Esp\u00edrito est\u00e1 no nosso cora\u00e7\u00e3o, na nossa alma. E o Esp\u00edrito nos guia para que nos tornemos sal e luz na medida certa aos homens. O testemunho crist\u00e3o consiste em fazer somente e tudo aquilo que o Esp\u00edrito de Cristo nos pede, concedendo-nos a gra\u00e7a de o realizar.\u201d<\/p>\n<p>Em suas sauda\u00e7\u00f5es ap\u00f3s a catequese, o Papa Francisco recordou que amanh\u00e3, 24 de maio, celebra-se a festa anual da Nossa Senhora \u201cAux\u00edlio dos crist\u00e3os\u201d, particularmente venerada no santu\u00e1rio de Sheshan, nas proximidades de Shanghai, na China. \u201cEsta festa nos convida a estar unidos espiritualmente a todos os fi\u00e9is cat\u00f3licos que vivem na China\u201d, disse o Papa. Por eles, acrescentou, \u201crezemos a Nossa Senhora, para que possam viver a f\u00e9 com generosidade e serenidade, e para que saibam realizar gestos concretos de fraternidade, conc\u00f3rdia e reconcilia\u00e7\u00e3o, em plena comunh\u00e3o com o Sucessor de Pedro\u201d.<\/p>\n<p>\u201cQueridos disc\u00edpulos do Senhor na China, finalizou Francisco, a Igreja reza com voc\u00eas e por voc\u00eas, para que entre as dificuldades voc\u00eas possam continuar a entregar-se \u00e0 vontade de Deus. Nossa Senhora jamais deixar\u00e1 de oferecer a sua ajuda e os proteger\u00e1 com o seu amor de m\u00e3e.\u201d<br \/>\n<img loading=\"lazy\" src=\"http:\/\/franciscanos.org.br\/wp-content\/uploads\/2018\/05\/audiencia_230518_2.jpg\" alt=\"audiencia_230518_2\" width=\"820\" height=\"440\" \/><\/p>\n<h3><strong>V\u00cdTIMAS DE ABUSO NO CHILE<\/strong><\/h3>\n<p>A Sala de Imprensa da Santa S\u00e9 comunicou que de 1\u00b0 a 3 de junho o Papa Francisco receber\u00e1 um segundo grupo de v\u00edtimas do Rev. Fernando Karadima e membros da par\u00f3quia do Sagrado Cora\u00e7\u00e3o da Provid\u00eancia (\u201cEl Bosque\u201d). Trata-se de cinco padres que foram v\u00edtimas de abusos de poder, de consci\u00eancia e sexuais. Com eles, estar\u00e3o tamb\u00e9m dois sacerdotes que assistiram as v\u00edtimas em seu percurso jur\u00eddico e espiritual e dois leigos envolvidos neste sofrimento. Todos ser\u00e3o h\u00f3spedes do Santo Padre na Casa Santa Marta. A maioria dessas pessoas participou de encontros no Chile durante a miss\u00e3o especial de Dom Charles Scicluna e do Mons. Jordi Bertomeu, que se realizou em fevereiro deste ano.<\/p>\n<p>Os outros colaboraram nas semanas sucessivas \u00e0 visita. Com este novo encontro, programado um m\u00eas atr\u00e1s, o Papa quer demonstrar sua proximidade aos sacerdotes abusados, acompanh\u00e1-los em sua dor e ouvir seu precioso parecer para melhorar as atuais medidas preventivas e de luta contra os abusos na Igreja.<\/p>\n<p><strong>Primeira fase<\/strong><br \/>\nConclui-se assim esta primeira fase de encontros que o Santo Padre quis manter com as v\u00edtimas do sistema abusivo instaurado algumas d\u00e9cadas atr\u00e1s na mencionada par\u00f3quia. Esses sacerdotes e leigos representam todas as v\u00edtimas dos abusos do clero no Chile, mas n\u00e3o se exclui que n\u00e3o sejam repetidas iniciativas semelhantes no futuro.<\/p>\n<p>Haver\u00e1 v\u00e1rios encontros no decorrer do final de semana, que se realizar\u00e3o num ambiente de confian\u00e7a e de confidencialidade. Na manh\u00e3 de s\u00e1bado, 2 de junho, o Papa celebrar\u00e1 uma Missa privada na Casa Santa Marta; \u00e0 tarde, est\u00e3o previstos um encontro de grupo e depois encontros individuais. O Santo Padre continua a pedir aos fi\u00e9is do Chile \u2013 especialmente aos fi\u00e9is das par\u00f3quias onde esses sacerdotes desempenham seu minist\u00e9rio pastoral \u2013 de acompanh\u00e1-los com a ora\u00e7\u00e3o e a solidariedade durante esses dias.<\/p>\n<hr \/>\n<p><em>Fonte: Vatican News<\/em><\/p>\n","protected":false},"excerpt":{"rendered":"<p>Audi\u00eancia Geral<\/p>\n","protected":false},"author":1,"featured_media":202275,"comment_status":"open","ping_status":"open","sticky":false,"template":"","format":"standard","meta":[],"categories":[1428],"tags":[487],"acf":[],"yoast_head":"<!-- This site is optimized with the Yoast SEO plugin v19.2 - https:\/\/yoast.com\/wordpress\/plugins\/seo\/ -->\n<title>\u201cSem a for\u00e7a do Esp\u00edrito Santo n\u00e3o podemos fazer nada&quot; - Not\u00edcias - Franciscanos<\/title>\n<meta name=\"robots\" content=\"index, follow, max-snippet:-1, max-image-preview:large, max-video-preview:-1\" \/>\n<link rel=\"canonical\" href=\"https:\/\/franciscanos.org.br\/noticias\/sem-a-forca-do-espirito-santo-nao-podemos-fazer-nada.html\" \/>\n<meta property=\"og:locale\" content=\"pt_BR\" \/>\n<meta property=\"og:type\" content=\"article\" \/>\n<meta property=\"og:title\" content=\"\u201cSem a for\u00e7a do Esp\u00edrito Santo n\u00e3o podemos fazer nada&quot; - Not\u00edcias - Franciscanos\" \/>\n<meta property=\"og:description\" content=\"Audi\u00eancia Geral\" \/>\n<meta property=\"og:url\" content=\"https:\/\/franciscanos.org.br\/noticias\/sem-a-forca-do-espirito-santo-nao-podemos-fazer-nada.html\" \/>\n<meta property=\"og:site_name\" content=\"Not\u00edcias - Franciscanos\" \/>\n<meta property=\"article:published_time\" content=\"2018-05-23T11:16:11+00:00\" \/>\n<meta property=\"article:modified_time\" content=\"2020-06-07T18:10:57+00:00\" \/>\n<meta property=\"og:image\" content=\"https:\/\/franciscanos.org.br\/noticias\/wp-content\/uploads\/2018\/05\/audiencia_230518_1.jpg\" \/>\n\t<meta property=\"og:image:width\" content=\"273\" \/>\n\t<meta property=\"og:image:height\" content=\"181\" \/>\n\t<meta property=\"og:image:type\" content=\"image\/jpeg\" \/>\n<meta name=\"author\" content=\"admin\" \/>\n<meta name=\"twitter:card\" content=\"summary_large_image\" \/>\n<meta name=\"twitter:label1\" content=\"Escrito por\" \/>\n\t<meta name=\"twitter:data1\" content=\"admin\" \/>\n\t<meta name=\"twitter:label2\" content=\"Est. tempo de leitura\" \/>\n\t<meta name=\"twitter:data2\" content=\"5 minutos\" \/>\n<script type=\"application\/ld+json\" class=\"yoast-schema-graph\">{\"@context\":\"https:\/\/schema.org\",\"@graph\":[{\"@type\":\"WebSite\",\"@id\":\"https:\/\/franciscanos.org.br\/noticias\/#website\",\"url\":\"https:\/\/franciscanos.org.br\/noticias\/\",\"name\":\"Not\u00edcias - Franciscanos\",\"description\":\"Prov\u00edncia Franciscana da Imaculada Concei\u00e7\u00e3o do Brasil - Ordem dos Frades Menores - OFM\",\"potentialAction\":[{\"@type\":\"SearchAction\",\"target\":{\"@type\":\"EntryPoint\",\"urlTemplate\":\"https:\/\/franciscanos.org.br\/noticias\/?s={search_term_string}\"},\"query-input\":\"required name=search_term_string\"}],\"inLanguage\":\"pt-BR\"},{\"@type\":\"ImageObject\",\"inLanguage\":\"pt-BR\",\"@id\":\"https:\/\/franciscanos.org.br\/noticias\/sem-a-forca-do-espirito-santo-nao-podemos-fazer-nada.html#primaryimage\",\"url\":\"https:\/\/franciscanos.org.br\/noticias\/wp-content\/uploads\/2018\/05\/audiencia_230518_1.jpg\",\"contentUrl\":\"https:\/\/franciscanos.org.br\/noticias\/wp-content\/uploads\/2018\/05\/audiencia_230518_1.jpg\",\"width\":273,\"height\":181},{\"@type\":\"WebPage\",\"@id\":\"https:\/\/franciscanos.org.br\/noticias\/sem-a-forca-do-espirito-santo-nao-podemos-fazer-nada.html#webpage\",\"url\":\"https:\/\/franciscanos.org.br\/noticias\/sem-a-forca-do-espirito-santo-nao-podemos-fazer-nada.html\",\"name\":\"\u201cSem a for\u00e7a do Esp\u00edrito Santo n\u00e3o podemos fazer nada\\\" - Not\u00edcias - Franciscanos\",\"isPartOf\":{\"@id\":\"https:\/\/franciscanos.org.br\/noticias\/#website\"},\"primaryImageOfPage\":{\"@id\":\"https:\/\/franciscanos.org.br\/noticias\/sem-a-forca-do-espirito-santo-nao-podemos-fazer-nada.html#primaryimage\"},\"datePublished\":\"2018-05-23T11:16:11+00:00\",\"dateModified\":\"2020-06-07T18:10:57+00:00\",\"author\":{\"@id\":\"https:\/\/franciscanos.org.br\/noticias\/#\/schema\/person\/b38fbf43118f02820bd932f2e4b14ad3\"},\"breadcrumb\":{\"@id\":\"https:\/\/franciscanos.org.br\/noticias\/sem-a-forca-do-espirito-santo-nao-podemos-fazer-nada.html#breadcrumb\"},\"inLanguage\":\"pt-BR\",\"potentialAction\":[{\"@type\":\"ReadAction\",\"target\":[\"https:\/\/franciscanos.org.br\/noticias\/sem-a-forca-do-espirito-santo-nao-podemos-fazer-nada.html\"]}]},{\"@type\":\"BreadcrumbList\",\"@id\":\"https:\/\/franciscanos.org.br\/noticias\/sem-a-forca-do-espirito-santo-nao-podemos-fazer-nada.html#breadcrumb\",\"itemListElement\":[{\"@type\":\"ListItem\",\"position\":1,\"name\":\"Home\",\"item\":\"https:\/\/franciscanos.org.br\/noticias\"},{\"@type\":\"ListItem\",\"position\":2,\"name\":\"\u201cSem a for\u00e7a do Esp\u00edrito Santo n\u00e3o podemos fazer nada&#8221;\"}]},{\"@type\":\"Person\",\"@id\":\"https:\/\/franciscanos.org.br\/noticias\/#\/schema\/person\/b38fbf43118f02820bd932f2e4b14ad3\",\"name\":\"admin\",\"image\":{\"@type\":\"ImageObject\",\"inLanguage\":\"pt-BR\",\"@id\":\"https:\/\/franciscanos.org.br\/noticias\/#\/schema\/person\/image\/\",\"url\":\"https:\/\/secure.gravatar.com\/avatar\/e8495742d34d0ba6448ea1c628263b3e?s=96&d=mm&r=g\",\"contentUrl\":\"https:\/\/secure.gravatar.com\/avatar\/e8495742d34d0ba6448ea1c628263b3e?s=96&d=mm&r=g\",\"caption\":\"admin\"},\"url\":\"https:\/\/franciscanos.org.br\/noticias\/author\/admin\"}]}<\/script>\n<!-- \/ Yoast SEO plugin. -->","yoast_head_json":{"title":"\u201cSem a for\u00e7a do Esp\u00edrito Santo n\u00e3o podemos fazer nada\" - Not\u00edcias - Franciscanos","robots":{"index":"index","follow":"follow","max-snippet":"max-snippet:-1","max-image-preview":"max-image-preview:large","max-video-preview":"max-video-preview:-1"},"canonical":"https:\/\/franciscanos.org.br\/noticias\/sem-a-forca-do-espirito-santo-nao-podemos-fazer-nada.html","og_locale":"pt_BR","og_type":"article","og_title":"\u201cSem a for\u00e7a do Esp\u00edrito Santo n\u00e3o podemos fazer nada\" - Not\u00edcias - Franciscanos","og_description":"Audi\u00eancia Geral","og_url":"https:\/\/franciscanos.org.br\/noticias\/sem-a-forca-do-espirito-santo-nao-podemos-fazer-nada.html","og_site_name":"Not\u00edcias - Franciscanos","article_published_time":"2018-05-23T11:16:11+00:00","article_modified_time":"2020-06-07T18:10:57+00:00","og_image":[{"width":273,"height":181,"url":"https:\/\/franciscanos.org.br\/noticias\/wp-content\/uploads\/2018\/05\/audiencia_230518_1.jpg","type":"image\/jpeg"}],"author":"admin","twitter_card":"summary_large_image","twitter_misc":{"Escrito por":"admin","Est. tempo de leitura":"5 minutos"},"schema":{"@context":"https:\/\/schema.org","@graph":[{"@type":"WebSite","@id":"https:\/\/franciscanos.org.br\/noticias\/#website","url":"https:\/\/franciscanos.org.br\/noticias\/","name":"Not\u00edcias - Franciscanos","description":"Prov\u00edncia Franciscana da Imaculada Concei\u00e7\u00e3o do Brasil - Ordem dos Frades Menores - OFM","potentialAction":[{"@type":"SearchAction","target":{"@type":"EntryPoint","urlTemplate":"https:\/\/franciscanos.org.br\/noticias\/?s={search_term_string}"},"query-input":"required name=search_term_string"}],"inLanguage":"pt-BR"},{"@type":"ImageObject","inLanguage":"pt-BR","@id":"https:\/\/franciscanos.org.br\/noticias\/sem-a-forca-do-espirito-santo-nao-podemos-fazer-nada.html#primaryimage","url":"https:\/\/franciscanos.org.br\/noticias\/wp-content\/uploads\/2018\/05\/audiencia_230518_1.jpg","contentUrl":"https:\/\/franciscanos.org.br\/noticias\/wp-content\/uploads\/2018\/05\/audiencia_230518_1.jpg","width":273,"height":181},{"@type":"WebPage","@id":"https:\/\/franciscanos.org.br\/noticias\/sem-a-forca-do-espirito-santo-nao-podemos-fazer-nada.html#webpage","url":"https:\/\/franciscanos.org.br\/noticias\/sem-a-forca-do-espirito-santo-nao-podemos-fazer-nada.html","name":"\u201cSem a for\u00e7a do Esp\u00edrito Santo n\u00e3o podemos fazer nada\" - Not\u00edcias - Franciscanos","isPartOf":{"@id":"https:\/\/franciscanos.org.br\/noticias\/#website"},"primaryImageOfPage":{"@id":"https:\/\/franciscanos.org.br\/noticias\/sem-a-forca-do-espirito-santo-nao-podemos-fazer-nada.html#primaryimage"},"datePublished":"2018-05-23T11:16:11+00:00","dateModified":"2020-06-07T18:10:57+00:00","author":{"@id":"https:\/\/franciscanos.org.br\/noticias\/#\/schema\/person\/b38fbf43118f02820bd932f2e4b14ad3"},"breadcrumb":{"@id":"https:\/\/franciscanos.org.br\/noticias\/sem-a-forca-do-espirito-santo-nao-podemos-fazer-nada.html#breadcrumb"},"inLanguage":"pt-BR","potentialAction":[{"@type":"ReadAction","target":["https:\/\/franciscanos.org.br\/noticias\/sem-a-forca-do-espirito-santo-nao-podemos-fazer-nada.html"]}]},{"@type":"BreadcrumbList","@id":"https:\/\/franciscanos.org.br\/noticias\/sem-a-forca-do-espirito-santo-nao-podemos-fazer-nada.html#breadcrumb","itemListElement":[{"@type":"ListItem","position":1,"name":"Home","item":"https:\/\/franciscanos.org.br\/noticias"},{"@type":"ListItem","position":2,"name":"\u201cSem a for\u00e7a do Esp\u00edrito Santo n\u00e3o podemos fazer nada&#8221;"}]},{"@type":"Person","@id":"https:\/\/franciscanos.org.br\/noticias\/#\/schema\/person\/b38fbf43118f02820bd932f2e4b14ad3","name":"admin","image":{"@type":"ImageObject","inLanguage":"pt-BR","@id":"https:\/\/franciscanos.org.br\/noticias\/#\/schema\/person\/image\/","url":"https:\/\/secure.gravatar.com\/avatar\/e8495742d34d0ba6448ea1c628263b3e?s=96&d=mm&r=g","contentUrl":"https:\/\/secure.gravatar.com\/avatar\/e8495742d34d0ba6448ea1c628263b3e?s=96&d=mm&r=g","caption":"admin"},"url":"https:\/\/franciscanos.org.br\/noticias\/author\/admin"}]}},"_links":{"self":[{"href":"https:\/\/franciscanos.org.br\/noticias\/wp-json\/wp\/v2\/posts\/159977"}],"collection":[{"href":"https:\/\/franciscanos.org.br\/noticias\/wp-json\/wp\/v2\/posts"}],"about":[{"href":"https:\/\/franciscanos.org.br\/noticias\/wp-json\/wp\/v2\/types\/post"}],"author":[{"embeddable":true,"href":"https:\/\/franciscanos.org.br\/noticias\/wp-json\/wp\/v2\/users\/1"}],"replies":[{"embeddable":true,"href":"https:\/\/franciscanos.org.br\/noticias\/wp-json\/wp\/v2\/comments?post=159977"}],"version-history":[{"count":1,"href":"https:\/\/franciscanos.org.br\/noticias\/wp-json\/wp\/v2\/posts\/159977\/revisions"}],"predecessor-version":[{"id":224969,"href":"https:\/\/franciscanos.org.br\/noticias\/wp-json\/wp\/v2\/posts\/159977\/revisions\/224969"}],"wp:featuredmedia":[{"embeddable":true,"href":"https:\/\/franciscanos.org.br\/noticias\/wp-json\/wp\/v2\/media\/202275"}],"wp:attachment":[{"href":"https:\/\/franciscanos.org.br\/noticias\/wp-json\/wp\/v2\/media?parent=159977"}],"wp:term":[{"taxonomy":"category","embeddable":true,"href":"https:\/\/franciscanos.org.br\/noticias\/wp-json\/wp\/v2\/categories?post=159977"},{"taxonomy":"post_tag","embeddable":true,"href":"https:\/\/franciscanos.org.br\/noticias\/wp-json\/wp\/v2\/tags?post=159977"}],"curies":[{"name":"wp","href":"https:\/\/api.w.org\/{rel}","templated":true}]}}