{"id":159816,"date":"2018-05-21T13:31:59","date_gmt":"2018-05-21T16:31:59","guid":{"rendered":"http:\/\/franciscanos.org.br\/?p=159816"},"modified":"2019-01-03T13:19:16","modified_gmt":"2019-01-03T15:19:16","slug":"santuario-celebra-seu-padroeiro-divino-espirito-santo","status":"publish","type":"post","link":"https:\/\/franciscanos.org.br\/noticias\/santuario-celebra-seu-padroeiro-divino-espirito-santo.html","title":{"rendered":"Santu\u00e1rio celebra seu padroeiro: Divino Esp\u00edrito Santo"},"content":{"rendered":"<p><img loading=\"lazy\" src=\"http:\/\/franciscanos.org.br\/wp-content\/uploads\/2018\/05\/divino_210518G.jpg\" alt=\"divino_210518G\" width=\"830\" height=\"449\" \/><br \/>\n<strong>Vila Velha (ES)<\/strong> &#8211; Com muita alegria, o Santu\u00e1rio Divino Esp\u00edrito Santo, em Vila Velha (ES), celebrou, em comunh\u00e3o com toda Igreja, a Solenidade de Pentecostes e o seu Padroeiro, o Divino Esp\u00edrito Santo, com o tema: \u201cVinde a n\u00f3s, Esp\u00edrito Santo!\u201d.<\/p>\n<p>A celebra\u00e7\u00e3o foi preparada pela equipe paroquial e presidida pelo p\u00e1roco, Frei Djalmo Fuck, com a participa\u00e7\u00e3o dos demais freis e di\u00e1conos da par\u00f3quia, e de Frei Paulo C\u00e9sar Ferreira, do Convento da Penha.<\/p>\n<p>\u201cVindos de diversos lugares com os dons concedidos pelo Esp\u00edrito Santo de Deus, reunimo-nos para Solenidade de Pentecostes que nos recorda o dia em que a Igreja \u00e9 revestida pela for\u00e7a do Esp\u00edrito Santo\u201d, saudou a comentarista.<\/p>\n<p>De maneira calorosa, a prociss\u00e3o de entrada foi conduzida pelo estandarte do Divino, levado por uma jovem da par\u00f3quia. Ap\u00f3s os ritos iniciais, Frei Djalmo deu boas-vindas, convocando a todos a pedir, sem cessar, a presen\u00e7a do Esp\u00edrito Santo.<\/p>\n<p>O momento devocional teve in\u00edcio com nove jovens vestidas de branco entrando pelo corredor central, com as nove velas acesas que foram usadas nos dias da novena. \u201cLevantem as velas e pe\u00e7am ao Esp\u00edrito Santo que derrame em n\u00f3s seus dons. Pe\u00e7amos a paz e uma comunidade unida\u201d, disse Frei Djalmo.<\/p>\n<p>No momento lit\u00fargico, uma mulher, representando Maria, entrou pelo corredor central trazendo a B\u00edblia, cercada de 12 homens com tochas acesas, representando os ap\u00f3stolos. &#8220;Revestidos do Esp\u00edrito Santo somos impulsionados a sermos anunciadores da palavra de Deus\u201d, comentou a animadora da celebra\u00e7\u00e3o.<\/p>\n<p>A homilia foi dirigida por Frei Clar\u00eancio Neotti, vig\u00e1rio paroquial, que fez uma breve catequese falando sobre a Solenidade da P\u00e1scoa e de Pentecostes no Antigo Testamento e comparando com os tempos atuais. Em uma de suas falas disse: \u201cassim como Deus soprou de maneira divina sobre a cria\u00e7\u00e3o, Jesus tamb\u00e9m soprou sobre os ap\u00f3stolos fazendo surgir um novo povo, uma nova fam\u00edlia e fazendo nascer, assim, a comunidade crist\u00e3: a Igreja! A comunidade crist\u00e3 \u00e9 santa porque santo \u00e9 nosso Deus. A comunidade tem o Cristo como cabe\u00e7a e o Esp\u00edrito Santo como alma\u201d.<\/p>\n<p>Frei Clar\u00eancio fechou a homilia de maneira muito sublime, retratando a figura de duas mulheres: Maria, M\u00e3e de Jesus, como Virgem e Imaculada; e Maria Madalena, como pecadora, mas com cora\u00e7\u00e3o totalmente redimido.<\/p>\n<p>E concluiu dizendo: \u201co Esp\u00edrito Santo tem como virtude transformar pecadores em santos\u201d.<\/p>\n<p>Ao final da celebra\u00e7\u00e3o, Frei Djalmo agradeceu o empenho de todas as equipes da comunidade durante os nove dias da novena e a presen\u00e7a dos sacerdotes envolvidos nas celebra\u00e7\u00f5es.<\/p>\n<p>Tamb\u00e9m agradeceu todas as doa\u00e7\u00f5es feitas para venda de comidas e bebidas. E continuou mencionando o anivers\u00e1rio da morte de Frei M\u00e1rcio Ara\u00fajo Terra, que tanto contribuiu com a nossa par\u00f3quia.<\/p>\n<p>Ao final, o C\u00edrio Pascal foi apagado e guardado, de forma solene, finalizando assim o Tempo Pascal. E foi dada, ent\u00e3o, a b\u00ean\u00e7\u00e3o Solene de Pentecostes.<\/p>\n<p><strong>Confira a cobertura completa da Novena no site:\u00a0<a href=\"http:\/\/paroquiadorosario.com\" target=\"_blank\" rel=\"noopener\">paroquiadorosario.com<\/a> e no Facebook:\u00a0<a href=\"https:\/\/www.facebook.com\/paroquiadorosariovv\/\" target=\"_blank\" rel=\"noopener\">www.fb.com\/paroquiadorosariovv\/<\/a><\/strong><\/p>\n<p><em>Fonte: Pascom do Santu\u00e1rio<\/em><\/p>\n","protected":false},"excerpt":{"rendered":"<p>Vila Velha<\/p>\n","protected":false},"author":1,"featured_media":193019,"comment_status":"open","ping_status":"open","sticky":false,"template":"","format":"standard","meta":[],"categories":[1],"tags":[1180,231],"acf":[],"yoast_head":"<!-- This site is optimized with the Yoast SEO plugin v19.2 - https:\/\/yoast.com\/wordpress\/plugins\/seo\/ -->\n<title>Santu\u00e1rio celebra seu padroeiro: Divino Esp\u00edrito Santo - Not\u00edcias - Franciscanos<\/title>\n<meta name=\"robots\" content=\"index, follow, max-snippet:-1, max-image-preview:large, max-video-preview:-1\" \/>\n<link rel=\"canonical\" href=\"https:\/\/franciscanos.org.br\/noticias\/santuario-celebra-seu-padroeiro-divino-espirito-santo.html\" \/>\n<meta property=\"og:locale\" content=\"pt_BR\" \/>\n<meta property=\"og:type\" content=\"article\" \/>\n<meta property=\"og:title\" content=\"Santu\u00e1rio celebra seu padroeiro: Divino Esp\u00edrito Santo - Not\u00edcias - Franciscanos\" \/>\n<meta property=\"og:description\" content=\"Vila Velha\" \/>\n<meta property=\"og:url\" content=\"https:\/\/franciscanos.org.br\/noticias\/santuario-celebra-seu-padroeiro-divino-espirito-santo.html\" \/>\n<meta property=\"og:site_name\" content=\"Not\u00edcias - Franciscanos\" \/>\n<meta property=\"article:published_time\" content=\"2018-05-21T16:31:59+00:00\" \/>\n<meta property=\"article:modified_time\" content=\"2019-01-03T15:19:16+00:00\" \/>\n<meta property=\"og:image\" content=\"https:\/\/franciscanos.org.br\/noticias\/wp-content\/uploads\/2018\/05\/divino_210518P.jpg\" \/>\n\t<meta property=\"og:image:width\" content=\"273\" \/>\n\t<meta property=\"og:image:height\" content=\"181\" \/>\n\t<meta property=\"og:image:type\" content=\"image\/jpeg\" \/>\n<meta name=\"author\" content=\"admin\" \/>\n<meta name=\"twitter:card\" content=\"summary_large_image\" \/>\n<meta name=\"twitter:label1\" content=\"Escrito por\" \/>\n\t<meta name=\"twitter:data1\" content=\"admin\" \/>\n\t<meta name=\"twitter:label2\" content=\"Est. tempo de leitura\" \/>\n\t<meta name=\"twitter:data2\" content=\"3 minutos\" \/>\n<script type=\"application\/ld+json\" class=\"yoast-schema-graph\">{\"@context\":\"https:\/\/schema.org\",\"@graph\":[{\"@type\":\"WebSite\",\"@id\":\"https:\/\/franciscanos.org.br\/noticias\/#website\",\"url\":\"https:\/\/franciscanos.org.br\/noticias\/\",\"name\":\"Not\u00edcias - Franciscanos\",\"description\":\"Prov\u00edncia Franciscana da Imaculada Concei\u00e7\u00e3o do Brasil - Ordem dos Frades Menores - OFM\",\"potentialAction\":[{\"@type\":\"SearchAction\",\"target\":{\"@type\":\"EntryPoint\",\"urlTemplate\":\"https:\/\/franciscanos.org.br\/noticias\/?s={search_term_string}\"},\"query-input\":\"required name=search_term_string\"}],\"inLanguage\":\"pt-BR\"},{\"@type\":\"ImageObject\",\"inLanguage\":\"pt-BR\",\"@id\":\"https:\/\/franciscanos.org.br\/noticias\/santuario-celebra-seu-padroeiro-divino-espirito-santo.html#primaryimage\",\"url\":\"https:\/\/franciscanos.org.br\/noticias\/wp-content\/uploads\/2018\/05\/divino_210518P.jpg\",\"contentUrl\":\"https:\/\/franciscanos.org.br\/noticias\/wp-content\/uploads\/2018\/05\/divino_210518P.jpg\",\"width\":273,\"height\":181},{\"@type\":\"WebPage\",\"@id\":\"https:\/\/franciscanos.org.br\/noticias\/santuario-celebra-seu-padroeiro-divino-espirito-santo.html#webpage\",\"url\":\"https:\/\/franciscanos.org.br\/noticias\/santuario-celebra-seu-padroeiro-divino-espirito-santo.html\",\"name\":\"Santu\u00e1rio celebra seu padroeiro: Divino Esp\u00edrito Santo - Not\u00edcias - Franciscanos\",\"isPartOf\":{\"@id\":\"https:\/\/franciscanos.org.br\/noticias\/#website\"},\"primaryImageOfPage\":{\"@id\":\"https:\/\/franciscanos.org.br\/noticias\/santuario-celebra-seu-padroeiro-divino-espirito-santo.html#primaryimage\"},\"datePublished\":\"2018-05-21T16:31:59+00:00\",\"dateModified\":\"2019-01-03T15:19:16+00:00\",\"author\":{\"@id\":\"https:\/\/franciscanos.org.br\/noticias\/#\/schema\/person\/b38fbf43118f02820bd932f2e4b14ad3\"},\"breadcrumb\":{\"@id\":\"https:\/\/franciscanos.org.br\/noticias\/santuario-celebra-seu-padroeiro-divino-espirito-santo.html#breadcrumb\"},\"inLanguage\":\"pt-BR\",\"potentialAction\":[{\"@type\":\"ReadAction\",\"target\":[\"https:\/\/franciscanos.org.br\/noticias\/santuario-celebra-seu-padroeiro-divino-espirito-santo.html\"]}]},{\"@type\":\"BreadcrumbList\",\"@id\":\"https:\/\/franciscanos.org.br\/noticias\/santuario-celebra-seu-padroeiro-divino-espirito-santo.html#breadcrumb\",\"itemListElement\":[{\"@type\":\"ListItem\",\"position\":1,\"name\":\"Home\",\"item\":\"https:\/\/franciscanos.org.br\/noticias\"},{\"@type\":\"ListItem\",\"position\":2,\"name\":\"Santu\u00e1rio celebra seu padroeiro: Divino Esp\u00edrito Santo\"}]},{\"@type\":\"Person\",\"@id\":\"https:\/\/franciscanos.org.br\/noticias\/#\/schema\/person\/b38fbf43118f02820bd932f2e4b14ad3\",\"name\":\"admin\",\"image\":{\"@type\":\"ImageObject\",\"inLanguage\":\"pt-BR\",\"@id\":\"https:\/\/franciscanos.org.br\/noticias\/#\/schema\/person\/image\/\",\"url\":\"https:\/\/secure.gravatar.com\/avatar\/e8495742d34d0ba6448ea1c628263b3e?s=96&d=mm&r=g\",\"contentUrl\":\"https:\/\/secure.gravatar.com\/avatar\/e8495742d34d0ba6448ea1c628263b3e?s=96&d=mm&r=g\",\"caption\":\"admin\"},\"url\":\"https:\/\/franciscanos.org.br\/noticias\/author\/admin\"}]}<\/script>\n<!-- \/ Yoast SEO plugin. -->","yoast_head_json":{"title":"Santu\u00e1rio celebra seu padroeiro: Divino Esp\u00edrito Santo - Not\u00edcias - Franciscanos","robots":{"index":"index","follow":"follow","max-snippet":"max-snippet:-1","max-image-preview":"max-image-preview:large","max-video-preview":"max-video-preview:-1"},"canonical":"https:\/\/franciscanos.org.br\/noticias\/santuario-celebra-seu-padroeiro-divino-espirito-santo.html","og_locale":"pt_BR","og_type":"article","og_title":"Santu\u00e1rio celebra seu padroeiro: Divino Esp\u00edrito Santo - Not\u00edcias - Franciscanos","og_description":"Vila Velha","og_url":"https:\/\/franciscanos.org.br\/noticias\/santuario-celebra-seu-padroeiro-divino-espirito-santo.html","og_site_name":"Not\u00edcias - Franciscanos","article_published_time":"2018-05-21T16:31:59+00:00","article_modified_time":"2019-01-03T15:19:16+00:00","og_image":[{"width":273,"height":181,"url":"https:\/\/franciscanos.org.br\/noticias\/wp-content\/uploads\/2018\/05\/divino_210518P.jpg","type":"image\/jpeg"}],"author":"admin","twitter_card":"summary_large_image","twitter_misc":{"Escrito por":"admin","Est. tempo de leitura":"3 minutos"},"schema":{"@context":"https:\/\/schema.org","@graph":[{"@type":"WebSite","@id":"https:\/\/franciscanos.org.br\/noticias\/#website","url":"https:\/\/franciscanos.org.br\/noticias\/","name":"Not\u00edcias - Franciscanos","description":"Prov\u00edncia Franciscana da Imaculada Concei\u00e7\u00e3o do Brasil - Ordem dos Frades Menores - OFM","potentialAction":[{"@type":"SearchAction","target":{"@type":"EntryPoint","urlTemplate":"https:\/\/franciscanos.org.br\/noticias\/?s={search_term_string}"},"query-input":"required name=search_term_string"}],"inLanguage":"pt-BR"},{"@type":"ImageObject","inLanguage":"pt-BR","@id":"https:\/\/franciscanos.org.br\/noticias\/santuario-celebra-seu-padroeiro-divino-espirito-santo.html#primaryimage","url":"https:\/\/franciscanos.org.br\/noticias\/wp-content\/uploads\/2018\/05\/divino_210518P.jpg","contentUrl":"https:\/\/franciscanos.org.br\/noticias\/wp-content\/uploads\/2018\/05\/divino_210518P.jpg","width":273,"height":181},{"@type":"WebPage","@id":"https:\/\/franciscanos.org.br\/noticias\/santuario-celebra-seu-padroeiro-divino-espirito-santo.html#webpage","url":"https:\/\/franciscanos.org.br\/noticias\/santuario-celebra-seu-padroeiro-divino-espirito-santo.html","name":"Santu\u00e1rio celebra seu padroeiro: Divino Esp\u00edrito Santo - Not\u00edcias - Franciscanos","isPartOf":{"@id":"https:\/\/franciscanos.org.br\/noticias\/#website"},"primaryImageOfPage":{"@id":"https:\/\/franciscanos.org.br\/noticias\/santuario-celebra-seu-padroeiro-divino-espirito-santo.html#primaryimage"},"datePublished":"2018-05-21T16:31:59+00:00","dateModified":"2019-01-03T15:19:16+00:00","author":{"@id":"https:\/\/franciscanos.org.br\/noticias\/#\/schema\/person\/b38fbf43118f02820bd932f2e4b14ad3"},"breadcrumb":{"@id":"https:\/\/franciscanos.org.br\/noticias\/santuario-celebra-seu-padroeiro-divino-espirito-santo.html#breadcrumb"},"inLanguage":"pt-BR","potentialAction":[{"@type":"ReadAction","target":["https:\/\/franciscanos.org.br\/noticias\/santuario-celebra-seu-padroeiro-divino-espirito-santo.html"]}]},{"@type":"BreadcrumbList","@id":"https:\/\/franciscanos.org.br\/noticias\/santuario-celebra-seu-padroeiro-divino-espirito-santo.html#breadcrumb","itemListElement":[{"@type":"ListItem","position":1,"name":"Home","item":"https:\/\/franciscanos.org.br\/noticias"},{"@type":"ListItem","position":2,"name":"Santu\u00e1rio celebra seu padroeiro: Divino Esp\u00edrito Santo"}]},{"@type":"Person","@id":"https:\/\/franciscanos.org.br\/noticias\/#\/schema\/person\/b38fbf43118f02820bd932f2e4b14ad3","name":"admin","image":{"@type":"ImageObject","inLanguage":"pt-BR","@id":"https:\/\/franciscanos.org.br\/noticias\/#\/schema\/person\/image\/","url":"https:\/\/secure.gravatar.com\/avatar\/e8495742d34d0ba6448ea1c628263b3e?s=96&d=mm&r=g","contentUrl":"https:\/\/secure.gravatar.com\/avatar\/e8495742d34d0ba6448ea1c628263b3e?s=96&d=mm&r=g","caption":"admin"},"url":"https:\/\/franciscanos.org.br\/noticias\/author\/admin"}]}},"_links":{"self":[{"href":"https:\/\/franciscanos.org.br\/noticias\/wp-json\/wp\/v2\/posts\/159816"}],"collection":[{"href":"https:\/\/franciscanos.org.br\/noticias\/wp-json\/wp\/v2\/posts"}],"about":[{"href":"https:\/\/franciscanos.org.br\/noticias\/wp-json\/wp\/v2\/types\/post"}],"author":[{"embeddable":true,"href":"https:\/\/franciscanos.org.br\/noticias\/wp-json\/wp\/v2\/users\/1"}],"replies":[{"embeddable":true,"href":"https:\/\/franciscanos.org.br\/noticias\/wp-json\/wp\/v2\/comments?post=159816"}],"version-history":[{"count":0,"href":"https:\/\/franciscanos.org.br\/noticias\/wp-json\/wp\/v2\/posts\/159816\/revisions"}],"wp:featuredmedia":[{"embeddable":true,"href":"https:\/\/franciscanos.org.br\/noticias\/wp-json\/wp\/v2\/media\/193019"}],"wp:attachment":[{"href":"https:\/\/franciscanos.org.br\/noticias\/wp-json\/wp\/v2\/media?parent=159816"}],"wp:term":[{"taxonomy":"category","embeddable":true,"href":"https:\/\/franciscanos.org.br\/noticias\/wp-json\/wp\/v2\/categories?post=159816"},{"taxonomy":"post_tag","embeddable":true,"href":"https:\/\/franciscanos.org.br\/noticias\/wp-json\/wp\/v2\/tags?post=159816"}],"curies":[{"name":"wp","href":"https:\/\/api.w.org\/{rel}","templated":true}]}}