{"id":159775,"date":"2018-05-21T09:20:46","date_gmt":"2018-05-21T12:20:46","guid":{"rendered":"http:\/\/franciscanos.org.br\/?p=159775"},"modified":"2021-07-05T20:16:04","modified_gmt":"2021-07-05T23:16:04","slug":"visitador-conhece-o-trabalho-dos-canarinhos","status":"publish","type":"post","link":"https:\/\/franciscanos.org.br\/noticias\/visitador-conhece-o-trabalho-dos-canarinhos.html","title":{"rendered":"Frei Miguel Kleinhans em visita aos Canarinhos e Nil\u00f3polis"},"content":{"rendered":"<p><img loading=\"lazy\" src=\"http:\/\/franciscanos.org.br\/wp-content\/uploads\/2018\/05\/canarinhos_210518_g.jpg\" alt=\"canarinhos_210518_g\" width=\"830\" height=\"440\" \/><\/p>\n<p>O Instituto dos Meninos Cantores de Petr\u00f3polis recebeu o Visitador Geral, Frei Miguel Kleinhans, na semana passada. O frade, que est\u00e1 em visita can\u00f4nica nesta Prov\u00edncia da Imaculada, ficou impressionado com o trabalho dos coros de meninos e meninas do Instituto fundado por Frei Leto Bienias, frade alem\u00e3o como Frei Miguel. O Coral dos Canarinhos cantar\u00e1 durante o Cap\u00edtulo Provincial, que ser\u00e1 realizado de 12 a 21 de novembro no Semin\u00e1rio Santo Ant\u00f4nio, em Agudos (SP).<\/p>\n<p>O maestro e organista Marco Aur\u00e9lio Lischt apresentou os corais a Frei Miguel. Hoje, o Instituto Meninos Cantores de Petr\u00f3polis pertence \u00e0 Associa\u00e7\u00e3o Franciscana Bom Jesus, com sede em Curitiba.<\/p>\n<p>Fundado em 1942, o Coral conta com 18 CDs gravados, sendo os dois \u00faltimos em 2012, durante as comemora\u00e7\u00f5es pelos 70 anos. Destaque para o CD \u201cReflexos do Brasil\u201d, trabalho in\u00e9dito que re\u00fane m\u00fasicas sacras brasileiras, todas contempor\u00e2neas. No curr\u00edculo, est\u00e3o listadas apresenta\u00e7\u00f5es memor\u00e1veis. Por tr\u00eas vezes, os meninos cantaram para o Papa Jo\u00e3o Paulo II (nos anos 1980, em 1997 e em 2000). Entre os concertos de maior destaque est\u00e3o o show realizado no Pal\u00e1cio Quitandinha, em dezembro de 2009, com a Orquestra Filarm\u00f4nica de Petr\u00f3polis; e a participa\u00e7\u00e3o no Projeto Aquarius, em 2005, na praia de Copacabana, junto com a Orquestra Petrobras Sinf\u00f4nica e a Orquestra Sinf\u00f4nica de Porto Alegre.<\/p>\n<p>Para o Cap\u00edtulo Provincial foi escolhido como tema \u2018Minoridade Franciscana \u2013 lugar de encontro e comunh\u00e3o\u2019 e o lema \u2018Sejam chamados Irm\u00e3os Menores\u2019, tendo como inspira\u00e7\u00e3o a Regra n\u00e3o Bulada 6,3.<\/p>\n<p><big><strong>Frei Miguel visita a Par\u00f3quia Aparecida de Nil\u00f3polis e a R\u00e1dio Mirandela<\/strong><\/big><\/p>\n<p>O Visitador Geral esteve presente na manh\u00e3 do s\u00e1bado, 19, na R\u00e1dio Mirandela 98,7 FM, em Nil\u00f3polis e concedeu uma entrevista aos ouvintes na programa\u00e7\u00e3o matinal do programa Perfeita Alegria.\u00a0 A entrevista foi conduzida por Jefferson Machado e contou com a presen\u00e7a do Frei Cid Tadeu Passos, Vig\u00e1rio Paroquial.<\/p>\n<p>Frei Miguel, com seu jeito manso de comunicar, falou que sua miss\u00e3o \u00e9 animar as fraternidades e os paroquianos e avaliar junto com os frades os sinais do tempo para que, em assembleia da fraternidade, possa estabelecer novas linhas de a\u00e7\u00e3o evangelizadora.<\/p>\n<p>A sua miss\u00e3o de visita\u00e7\u00e3o teve inicio em fevereiro desse ano, iniciando pelas par\u00f3quias de Santa Catarina e Paran\u00e1. Neste m\u00eas est\u00e1 visitando as par\u00f3quias da Baixada Fluminense, depois a cidade do Rio de Janeiro. Tamb\u00e9m ir\u00e1 visitar as par\u00f3quias do Esp\u00edrito Santo e terminar\u00e1 as sua visita\u00e7\u00e3o nas par\u00f3quias do Estado de S\u00e3o Paulo.<\/p>\n<p>A realidade das par\u00f3quias visitadas at\u00e9 o momento por Frei Miguel lhe chama a aten\u00e7\u00e3o. Em compara\u00e7\u00e3o com a sua realidade vivida no Nordeste, a visita faz com que ele se sinta no exterior, pois s\u00e3o culturas bem diferentes. Na Baixada Fluminense, foi a densidade demogr\u00e1fica que lhe deixou impressionado. Mesmo entre as par\u00f3quias da Baixada Fluminense j\u00e1 existem diferen\u00e7as, pois em algumas a pobreza \u00e9 mais evidente.<\/p>\n<p>Confira a entrevista abaixo:<\/p>\n<p><iframe loading=\"lazy\" src=\"https:\/\/www.youtube.com\/embed\/b2MhiAoPTsU\" width=\"100%\" height=\"315\" frameborder=\"0\" allowfullscreen=\"allowfullscreen\"><\/iframe><\/p>\n","protected":false},"excerpt":{"rendered":"<p>Visita Can\u00f4nica<\/p>\n","protected":false},"author":1,"featured_media":209019,"comment_status":"open","ping_status":"open","sticky":false,"template":"","format":"standard","meta":[],"categories":[1],"tags":[1378,1182],"acf":[],"yoast_head":"<!-- This site is optimized with the Yoast SEO plugin v19.2 - https:\/\/yoast.com\/wordpress\/plugins\/seo\/ -->\n<title>Frei Miguel Kleinhans em visita aos Canarinhos e Nil\u00f3polis - Not\u00edcias - Franciscanos<\/title>\n<meta name=\"robots\" content=\"index, follow, max-snippet:-1, max-image-preview:large, max-video-preview:-1\" \/>\n<link rel=\"canonical\" href=\"https:\/\/franciscanos.org.br\/noticias\/visitador-conhece-o-trabalho-dos-canarinhos.html\" \/>\n<meta property=\"og:locale\" content=\"pt_BR\" \/>\n<meta property=\"og:type\" content=\"article\" \/>\n<meta property=\"og:title\" content=\"Frei Miguel Kleinhans em visita aos Canarinhos e Nil\u00f3polis - Not\u00edcias - Franciscanos\" \/>\n<meta property=\"og:description\" content=\"Visita Can\u00f4nica\" \/>\n<meta property=\"og:url\" content=\"https:\/\/franciscanos.org.br\/noticias\/visitador-conhece-o-trabalho-dos-canarinhos.html\" \/>\n<meta property=\"og:site_name\" content=\"Not\u00edcias - Franciscanos\" \/>\n<meta property=\"article:published_time\" content=\"2018-05-21T12:20:46+00:00\" \/>\n<meta property=\"article:modified_time\" content=\"2021-07-05T23:16:04+00:00\" \/>\n<meta property=\"og:image\" content=\"https:\/\/franciscanos.org.br\/noticias\/wp-content\/uploads\/2018\/05\/canarinhos_210518_g.jpg\" \/>\n\t<meta property=\"og:image:width\" content=\"273\" \/>\n\t<meta property=\"og:image:height\" content=\"181\" \/>\n\t<meta property=\"og:image:type\" content=\"image\/jpeg\" \/>\n<meta name=\"author\" content=\"admin\" \/>\n<meta name=\"twitter:card\" content=\"summary_large_image\" \/>\n<meta name=\"twitter:label1\" content=\"Escrito por\" \/>\n\t<meta name=\"twitter:data1\" content=\"admin\" \/>\n\t<meta name=\"twitter:label2\" content=\"Est. tempo de leitura\" \/>\n\t<meta name=\"twitter:data2\" content=\"3 minutos\" \/>\n<script type=\"application\/ld+json\" class=\"yoast-schema-graph\">{\"@context\":\"https:\/\/schema.org\",\"@graph\":[{\"@type\":\"WebSite\",\"@id\":\"https:\/\/franciscanos.org.br\/noticias\/#website\",\"url\":\"https:\/\/franciscanos.org.br\/noticias\/\",\"name\":\"Not\u00edcias - Franciscanos\",\"description\":\"Prov\u00edncia Franciscana da Imaculada Concei\u00e7\u00e3o do Brasil - Ordem dos Frades Menores - OFM\",\"potentialAction\":[{\"@type\":\"SearchAction\",\"target\":{\"@type\":\"EntryPoint\",\"urlTemplate\":\"https:\/\/franciscanos.org.br\/noticias\/?s={search_term_string}\"},\"query-input\":\"required name=search_term_string\"}],\"inLanguage\":\"pt-BR\"},{\"@type\":\"ImageObject\",\"inLanguage\":\"pt-BR\",\"@id\":\"https:\/\/franciscanos.org.br\/noticias\/visitador-conhece-o-trabalho-dos-canarinhos.html#primaryimage\",\"url\":\"https:\/\/franciscanos.org.br\/noticias\/wp-content\/uploads\/2018\/05\/canarinhos_210518_g.jpg\",\"contentUrl\":\"https:\/\/franciscanos.org.br\/noticias\/wp-content\/uploads\/2018\/05\/canarinhos_210518_g.jpg\",\"width\":273,\"height\":181},{\"@type\":\"WebPage\",\"@id\":\"https:\/\/franciscanos.org.br\/noticias\/visitador-conhece-o-trabalho-dos-canarinhos.html#webpage\",\"url\":\"https:\/\/franciscanos.org.br\/noticias\/visitador-conhece-o-trabalho-dos-canarinhos.html\",\"name\":\"Frei Miguel Kleinhans em visita aos Canarinhos e Nil\u00f3polis - Not\u00edcias - Franciscanos\",\"isPartOf\":{\"@id\":\"https:\/\/franciscanos.org.br\/noticias\/#website\"},\"primaryImageOfPage\":{\"@id\":\"https:\/\/franciscanos.org.br\/noticias\/visitador-conhece-o-trabalho-dos-canarinhos.html#primaryimage\"},\"datePublished\":\"2018-05-21T12:20:46+00:00\",\"dateModified\":\"2021-07-05T23:16:04+00:00\",\"author\":{\"@id\":\"https:\/\/franciscanos.org.br\/noticias\/#\/schema\/person\/b38fbf43118f02820bd932f2e4b14ad3\"},\"breadcrumb\":{\"@id\":\"https:\/\/franciscanos.org.br\/noticias\/visitador-conhece-o-trabalho-dos-canarinhos.html#breadcrumb\"},\"inLanguage\":\"pt-BR\",\"potentialAction\":[{\"@type\":\"ReadAction\",\"target\":[\"https:\/\/franciscanos.org.br\/noticias\/visitador-conhece-o-trabalho-dos-canarinhos.html\"]}]},{\"@type\":\"BreadcrumbList\",\"@id\":\"https:\/\/franciscanos.org.br\/noticias\/visitador-conhece-o-trabalho-dos-canarinhos.html#breadcrumb\",\"itemListElement\":[{\"@type\":\"ListItem\",\"position\":1,\"name\":\"Home\",\"item\":\"https:\/\/franciscanos.org.br\/noticias\"},{\"@type\":\"ListItem\",\"position\":2,\"name\":\"Frei Miguel Kleinhans em visita aos Canarinhos e Nil\u00f3polis\"}]},{\"@type\":\"Person\",\"@id\":\"https:\/\/franciscanos.org.br\/noticias\/#\/schema\/person\/b38fbf43118f02820bd932f2e4b14ad3\",\"name\":\"admin\",\"image\":{\"@type\":\"ImageObject\",\"inLanguage\":\"pt-BR\",\"@id\":\"https:\/\/franciscanos.org.br\/noticias\/#\/schema\/person\/image\/\",\"url\":\"https:\/\/secure.gravatar.com\/avatar\/e8495742d34d0ba6448ea1c628263b3e?s=96&d=mm&r=g\",\"contentUrl\":\"https:\/\/secure.gravatar.com\/avatar\/e8495742d34d0ba6448ea1c628263b3e?s=96&d=mm&r=g\",\"caption\":\"admin\"},\"url\":\"https:\/\/franciscanos.org.br\/noticias\/author\/admin\"}]}<\/script>\n<!-- \/ Yoast SEO plugin. -->","yoast_head_json":{"title":"Frei Miguel Kleinhans em visita aos Canarinhos e Nil\u00f3polis - Not\u00edcias - Franciscanos","robots":{"index":"index","follow":"follow","max-snippet":"max-snippet:-1","max-image-preview":"max-image-preview:large","max-video-preview":"max-video-preview:-1"},"canonical":"https:\/\/franciscanos.org.br\/noticias\/visitador-conhece-o-trabalho-dos-canarinhos.html","og_locale":"pt_BR","og_type":"article","og_title":"Frei Miguel Kleinhans em visita aos Canarinhos e Nil\u00f3polis - Not\u00edcias - Franciscanos","og_description":"Visita Can\u00f4nica","og_url":"https:\/\/franciscanos.org.br\/noticias\/visitador-conhece-o-trabalho-dos-canarinhos.html","og_site_name":"Not\u00edcias - Franciscanos","article_published_time":"2018-05-21T12:20:46+00:00","article_modified_time":"2021-07-05T23:16:04+00:00","og_image":[{"width":273,"height":181,"url":"https:\/\/franciscanos.org.br\/noticias\/wp-content\/uploads\/2018\/05\/canarinhos_210518_g.jpg","type":"image\/jpeg"}],"author":"admin","twitter_card":"summary_large_image","twitter_misc":{"Escrito por":"admin","Est. tempo de leitura":"3 minutos"},"schema":{"@context":"https:\/\/schema.org","@graph":[{"@type":"WebSite","@id":"https:\/\/franciscanos.org.br\/noticias\/#website","url":"https:\/\/franciscanos.org.br\/noticias\/","name":"Not\u00edcias - Franciscanos","description":"Prov\u00edncia Franciscana da Imaculada Concei\u00e7\u00e3o do Brasil - Ordem dos Frades Menores - OFM","potentialAction":[{"@type":"SearchAction","target":{"@type":"EntryPoint","urlTemplate":"https:\/\/franciscanos.org.br\/noticias\/?s={search_term_string}"},"query-input":"required name=search_term_string"}],"inLanguage":"pt-BR"},{"@type":"ImageObject","inLanguage":"pt-BR","@id":"https:\/\/franciscanos.org.br\/noticias\/visitador-conhece-o-trabalho-dos-canarinhos.html#primaryimage","url":"https:\/\/franciscanos.org.br\/noticias\/wp-content\/uploads\/2018\/05\/canarinhos_210518_g.jpg","contentUrl":"https:\/\/franciscanos.org.br\/noticias\/wp-content\/uploads\/2018\/05\/canarinhos_210518_g.jpg","width":273,"height":181},{"@type":"WebPage","@id":"https:\/\/franciscanos.org.br\/noticias\/visitador-conhece-o-trabalho-dos-canarinhos.html#webpage","url":"https:\/\/franciscanos.org.br\/noticias\/visitador-conhece-o-trabalho-dos-canarinhos.html","name":"Frei Miguel Kleinhans em visita aos Canarinhos e Nil\u00f3polis - Not\u00edcias - Franciscanos","isPartOf":{"@id":"https:\/\/franciscanos.org.br\/noticias\/#website"},"primaryImageOfPage":{"@id":"https:\/\/franciscanos.org.br\/noticias\/visitador-conhece-o-trabalho-dos-canarinhos.html#primaryimage"},"datePublished":"2018-05-21T12:20:46+00:00","dateModified":"2021-07-05T23:16:04+00:00","author":{"@id":"https:\/\/franciscanos.org.br\/noticias\/#\/schema\/person\/b38fbf43118f02820bd932f2e4b14ad3"},"breadcrumb":{"@id":"https:\/\/franciscanos.org.br\/noticias\/visitador-conhece-o-trabalho-dos-canarinhos.html#breadcrumb"},"inLanguage":"pt-BR","potentialAction":[{"@type":"ReadAction","target":["https:\/\/franciscanos.org.br\/noticias\/visitador-conhece-o-trabalho-dos-canarinhos.html"]}]},{"@type":"BreadcrumbList","@id":"https:\/\/franciscanos.org.br\/noticias\/visitador-conhece-o-trabalho-dos-canarinhos.html#breadcrumb","itemListElement":[{"@type":"ListItem","position":1,"name":"Home","item":"https:\/\/franciscanos.org.br\/noticias"},{"@type":"ListItem","position":2,"name":"Frei Miguel Kleinhans em visita aos Canarinhos e Nil\u00f3polis"}]},{"@type":"Person","@id":"https:\/\/franciscanos.org.br\/noticias\/#\/schema\/person\/b38fbf43118f02820bd932f2e4b14ad3","name":"admin","image":{"@type":"ImageObject","inLanguage":"pt-BR","@id":"https:\/\/franciscanos.org.br\/noticias\/#\/schema\/person\/image\/","url":"https:\/\/secure.gravatar.com\/avatar\/e8495742d34d0ba6448ea1c628263b3e?s=96&d=mm&r=g","contentUrl":"https:\/\/secure.gravatar.com\/avatar\/e8495742d34d0ba6448ea1c628263b3e?s=96&d=mm&r=g","caption":"admin"},"url":"https:\/\/franciscanos.org.br\/noticias\/author\/admin"}]}},"_links":{"self":[{"href":"https:\/\/franciscanos.org.br\/noticias\/wp-json\/wp\/v2\/posts\/159775"}],"collection":[{"href":"https:\/\/franciscanos.org.br\/noticias\/wp-json\/wp\/v2\/posts"}],"about":[{"href":"https:\/\/franciscanos.org.br\/noticias\/wp-json\/wp\/v2\/types\/post"}],"author":[{"embeddable":true,"href":"https:\/\/franciscanos.org.br\/noticias\/wp-json\/wp\/v2\/users\/1"}],"replies":[{"embeddable":true,"href":"https:\/\/franciscanos.org.br\/noticias\/wp-json\/wp\/v2\/comments?post=159775"}],"version-history":[{"count":1,"href":"https:\/\/franciscanos.org.br\/noticias\/wp-json\/wp\/v2\/posts\/159775\/revisions"}],"predecessor-version":[{"id":232905,"href":"https:\/\/franciscanos.org.br\/noticias\/wp-json\/wp\/v2\/posts\/159775\/revisions\/232905"}],"wp:featuredmedia":[{"embeddable":true,"href":"https:\/\/franciscanos.org.br\/noticias\/wp-json\/wp\/v2\/media\/209019"}],"wp:attachment":[{"href":"https:\/\/franciscanos.org.br\/noticias\/wp-json\/wp\/v2\/media?parent=159775"}],"wp:term":[{"taxonomy":"category","embeddable":true,"href":"https:\/\/franciscanos.org.br\/noticias\/wp-json\/wp\/v2\/categories?post=159775"},{"taxonomy":"post_tag","embeddable":true,"href":"https:\/\/franciscanos.org.br\/noticias\/wp-json\/wp\/v2\/tags?post=159775"}],"curies":[{"name":"wp","href":"https:\/\/api.w.org\/{rel}","templated":true}]}}