{"id":159768,"date":"2018-05-21T08:44:41","date_gmt":"2018-05-21T11:44:41","guid":{"rendered":"http:\/\/franciscanos.org.br\/?p=159768"},"modified":"2020-01-28T13:48:56","modified_gmt":"2020-01-28T16:48:56","slug":"frei-estevao-prega-retiro-para-franciscanos-da-providencia-de-deus","status":"publish","type":"post","link":"https:\/\/franciscanos.org.br\/noticias\/frei-estevao-prega-retiro-para-franciscanos-da-providencia-de-deus.html","title":{"rendered":"Frei Est\u00eav\u00e3o prega retiro para frades da Provid\u00eancia de Deus"},"content":{"rendered":"<p><img loading=\"lazy\" src=\"http:\/\/franciscanos.org.br\/wp-content\/uploads\/2018\/05\/prof_210518_3.jpg\" alt=\"prof_210518_3\" width=\"830\" height=\"466\" \/><\/p>\n<p>O guardi\u00e3o da Fraternidade Antonianum de Roma, Frei Est\u00eav\u00e3o Ottenbreit, \u00e9 o pregador do retiro que prepara para a profiss\u00e3o solene onze frades franciscanos da Associa\u00e7\u00e3o Lar S\u00e3o Francisco de Assis na Provid\u00eancia de Deus, uma entidade filantr\u00f3pica crist\u00e3 sem fins lucrativos dedicada a acolher, cuidar e servir \u00e0queles que mais necessitam.<\/p>\n<p>Coordenados por Frei Tarc\u00edsio, os onze professandos &#8211; Frei Carlos, Frei Jac\u00f3, Frei Isaac, Frei Eliseu, Frei Jer\u00f4nimo, Frei Roberto, Frei Mariano, Frei Matias, Frei Ricardo, Frei Cirilo e Frei Bonif\u00e1cio &#8211; viajaram para Roma no \u00faltimo dia 19 e ficar\u00e3o em prepara\u00e7\u00e3o at\u00e9 o dia 6 de junho. &#8220;Ficaremos uma semana em Roma, outra em Assis e, no fim, visitaremos San Giovanni Rotondo (P. Pio) e o hospital fundado por ele para atender aos pobres&#8221;, explicou Frei Est\u00eav\u00e3o.<\/p>\n<p><img loading=\"lazy\" class=\"alignleft wp-image-159770 size-full\" src=\"http:\/\/franciscanos.org.br\/wp-content\/uploads\/2018\/05\/usf_210518.jpg\" alt=\"usf_210518\" width=\"448\" height=\"227\" \/>\u00a0A Associa\u00e7\u00e3o Lar S\u00e3o Francisco de Assis na Provid\u00eancia de Deus tem sede em Jaci (SP), mas est\u00e1 presente tamb\u00e9m em Goi\u00e1s, Minas Gerais, Par\u00e1, Rio de Janeiro e S\u00e3o Paulo. O trabalho da Associa\u00e7\u00e3o engloba a gest\u00e3o hospitais gerais e espec\u00edficos (para portadores de multidefici\u00eancias e idosos em fase terminal); servi\u00e7os de sa\u00fade como Ambulat\u00f3rios M\u00e9dicos de Especialidades, Pronto Socorro, Farm\u00e1cia de Alto Custo, entre outros;\u00a0 albergue, casa abrigo para doentes em tratamento de sa\u00fade, restaurante popular; comunidades terap\u00eauticas de recupera\u00e7\u00e3o; ambulat\u00f3rio para diagn\u00f3stico e tratamento de \u00e1lcool e drogas e projetos educacionais &#8216;Semeando o Futuro&#8217;, que tem como objetivo prevenir o uso de drogas pelas crian\u00e7as e adolescentes. Al\u00e9m disso, mant\u00e9m uma miss\u00e3o em Porto Pr\u00edncipe, Haiti, que desenvolve atendimentos de sa\u00fade, educa\u00e7\u00e3o e nutri\u00e7\u00e3o. A Associa\u00e7\u00e3o administra dois hospitais desta Prov\u00edncia Franciscana da Imaculada Concei\u00e7\u00e3o: O Hospital da Universidade S\u00e3o Francisco de Assis (HUSF) em Bragan\u00e7a Paulista e o Hospital da Vener\u00e1vel Ordem Terceira no Rio de Janeiro.<\/p>\n<p>Fundada por Frei Francisco &#8211; Padre N\u00e9lio Joel Angeli Belotti, a primeira obra da entidade foi a comunidade terap\u00eautica para dependentes qu\u00edmicos Lar S\u00e3o Francisco de Assis na Provid\u00eancia de Deus, inaugurada no dia 4 de outubro de 1985, em Jaci, SP. O atendimento come\u00e7ou com apenas sete pacientes e uma equipe formada por volunt\u00e1rios. Em 30 anos, mais de 40 mil dependentes qu\u00edmicos foram atendidos nos ambulat\u00f3rios espalhados pelo Estado de S\u00e3o Paulo. A maioria deles conseguiu se libertar do v\u00edcio e se recolocar no conv\u00edvio social.<\/p>\n<p>O carisma da Associa\u00e7\u00e3o \u00e9 &#8220;repetir o abra\u00e7o de S\u00e3o Francisco de Assis no irm\u00e3o leproso de hoje&#8221;.<\/p>\n<p><img loading=\"lazy\" src=\"http:\/\/franciscanos.org.br\/wp-content\/uploads\/2018\/05\/prof_210518_2.jpg\" alt=\"prof_210518_2\" width=\"820\" height=\"493\" \/><\/p>\n","protected":false},"excerpt":{"rendered":"<p>Associa\u00e7\u00e3o Lar S\u00e3o Francisco de Assis<\/p>\n","protected":false},"author":1,"featured_media":216746,"comment_status":"open","ping_status":"open","sticky":false,"template":"","format":"standard","meta":[],"categories":[1],"tags":[203],"acf":[],"yoast_head":"<!-- This site is optimized with the Yoast SEO plugin v19.2 - https:\/\/yoast.com\/wordpress\/plugins\/seo\/ -->\n<title>Frei Est\u00eav\u00e3o prega retiro para frades da Provid\u00eancia de Deus - Not\u00edcias - Franciscanos<\/title>\n<meta name=\"robots\" content=\"index, follow, max-snippet:-1, max-image-preview:large, max-video-preview:-1\" \/>\n<link rel=\"canonical\" href=\"https:\/\/franciscanos.org.br\/noticias\/frei-estevao-prega-retiro-para-franciscanos-da-providencia-de-deus.html\" \/>\n<meta property=\"og:locale\" content=\"pt_BR\" \/>\n<meta property=\"og:type\" content=\"article\" \/>\n<meta property=\"og:title\" content=\"Frei Est\u00eav\u00e3o prega retiro para frades da Provid\u00eancia de Deus - Not\u00edcias - Franciscanos\" \/>\n<meta property=\"og:description\" content=\"Associa\u00e7\u00e3o Lar S\u00e3o Francisco de Assis\" \/>\n<meta property=\"og:url\" content=\"https:\/\/franciscanos.org.br\/noticias\/frei-estevao-prega-retiro-para-franciscanos-da-providencia-de-deus.html\" \/>\n<meta property=\"og:site_name\" content=\"Not\u00edcias - Franciscanos\" \/>\n<meta property=\"article:published_time\" content=\"2018-05-21T11:44:41+00:00\" \/>\n<meta property=\"article:modified_time\" content=\"2020-01-28T16:48:56+00:00\" \/>\n<meta property=\"og:image\" content=\"https:\/\/franciscanos.org.br\/noticias\/wp-content\/uploads\/2018\/05\/prof_210518_3.jpg\" \/>\n\t<meta property=\"og:image:width\" content=\"273\" \/>\n\t<meta property=\"og:image:height\" content=\"181\" \/>\n\t<meta property=\"og:image:type\" content=\"image\/jpeg\" \/>\n<meta name=\"author\" content=\"admin\" \/>\n<meta name=\"twitter:card\" content=\"summary_large_image\" \/>\n<meta name=\"twitter:label1\" content=\"Escrito por\" \/>\n\t<meta name=\"twitter:data1\" content=\"admin\" \/>\n\t<meta name=\"twitter:label2\" content=\"Est. tempo de leitura\" \/>\n\t<meta name=\"twitter:data2\" content=\"2 minutos\" \/>\n<script type=\"application\/ld+json\" class=\"yoast-schema-graph\">{\"@context\":\"https:\/\/schema.org\",\"@graph\":[{\"@type\":\"WebSite\",\"@id\":\"https:\/\/franciscanos.org.br\/noticias\/#website\",\"url\":\"https:\/\/franciscanos.org.br\/noticias\/\",\"name\":\"Not\u00edcias - Franciscanos\",\"description\":\"Prov\u00edncia Franciscana da Imaculada Concei\u00e7\u00e3o do Brasil - Ordem dos Frades Menores - OFM\",\"potentialAction\":[{\"@type\":\"SearchAction\",\"target\":{\"@type\":\"EntryPoint\",\"urlTemplate\":\"https:\/\/franciscanos.org.br\/noticias\/?s={search_term_string}\"},\"query-input\":\"required name=search_term_string\"}],\"inLanguage\":\"pt-BR\"},{\"@type\":\"ImageObject\",\"inLanguage\":\"pt-BR\",\"@id\":\"https:\/\/franciscanos.org.br\/noticias\/frei-estevao-prega-retiro-para-franciscanos-da-providencia-de-deus.html#primaryimage\",\"url\":\"https:\/\/franciscanos.org.br\/noticias\/wp-content\/uploads\/2018\/05\/prof_210518_3.jpg\",\"contentUrl\":\"https:\/\/franciscanos.org.br\/noticias\/wp-content\/uploads\/2018\/05\/prof_210518_3.jpg\",\"width\":273,\"height\":181},{\"@type\":\"WebPage\",\"@id\":\"https:\/\/franciscanos.org.br\/noticias\/frei-estevao-prega-retiro-para-franciscanos-da-providencia-de-deus.html#webpage\",\"url\":\"https:\/\/franciscanos.org.br\/noticias\/frei-estevao-prega-retiro-para-franciscanos-da-providencia-de-deus.html\",\"name\":\"Frei Est\u00eav\u00e3o prega retiro para frades da Provid\u00eancia de Deus - Not\u00edcias - Franciscanos\",\"isPartOf\":{\"@id\":\"https:\/\/franciscanos.org.br\/noticias\/#website\"},\"primaryImageOfPage\":{\"@id\":\"https:\/\/franciscanos.org.br\/noticias\/frei-estevao-prega-retiro-para-franciscanos-da-providencia-de-deus.html#primaryimage\"},\"datePublished\":\"2018-05-21T11:44:41+00:00\",\"dateModified\":\"2020-01-28T16:48:56+00:00\",\"author\":{\"@id\":\"https:\/\/franciscanos.org.br\/noticias\/#\/schema\/person\/b38fbf43118f02820bd932f2e4b14ad3\"},\"breadcrumb\":{\"@id\":\"https:\/\/franciscanos.org.br\/noticias\/frei-estevao-prega-retiro-para-franciscanos-da-providencia-de-deus.html#breadcrumb\"},\"inLanguage\":\"pt-BR\",\"potentialAction\":[{\"@type\":\"ReadAction\",\"target\":[\"https:\/\/franciscanos.org.br\/noticias\/frei-estevao-prega-retiro-para-franciscanos-da-providencia-de-deus.html\"]}]},{\"@type\":\"BreadcrumbList\",\"@id\":\"https:\/\/franciscanos.org.br\/noticias\/frei-estevao-prega-retiro-para-franciscanos-da-providencia-de-deus.html#breadcrumb\",\"itemListElement\":[{\"@type\":\"ListItem\",\"position\":1,\"name\":\"Home\",\"item\":\"https:\/\/franciscanos.org.br\/noticias\"},{\"@type\":\"ListItem\",\"position\":2,\"name\":\"Frei Est\u00eav\u00e3o prega retiro para frades da Provid\u00eancia de Deus\"}]},{\"@type\":\"Person\",\"@id\":\"https:\/\/franciscanos.org.br\/noticias\/#\/schema\/person\/b38fbf43118f02820bd932f2e4b14ad3\",\"name\":\"admin\",\"image\":{\"@type\":\"ImageObject\",\"inLanguage\":\"pt-BR\",\"@id\":\"https:\/\/franciscanos.org.br\/noticias\/#\/schema\/person\/image\/\",\"url\":\"https:\/\/secure.gravatar.com\/avatar\/e8495742d34d0ba6448ea1c628263b3e?s=96&d=mm&r=g\",\"contentUrl\":\"https:\/\/secure.gravatar.com\/avatar\/e8495742d34d0ba6448ea1c628263b3e?s=96&d=mm&r=g\",\"caption\":\"admin\"},\"url\":\"https:\/\/franciscanos.org.br\/noticias\/author\/admin\"}]}<\/script>\n<!-- \/ Yoast SEO plugin. -->","yoast_head_json":{"title":"Frei Est\u00eav\u00e3o prega retiro para frades da Provid\u00eancia de Deus - Not\u00edcias - Franciscanos","robots":{"index":"index","follow":"follow","max-snippet":"max-snippet:-1","max-image-preview":"max-image-preview:large","max-video-preview":"max-video-preview:-1"},"canonical":"https:\/\/franciscanos.org.br\/noticias\/frei-estevao-prega-retiro-para-franciscanos-da-providencia-de-deus.html","og_locale":"pt_BR","og_type":"article","og_title":"Frei Est\u00eav\u00e3o prega retiro para frades da Provid\u00eancia de Deus - Not\u00edcias - Franciscanos","og_description":"Associa\u00e7\u00e3o Lar S\u00e3o Francisco de Assis","og_url":"https:\/\/franciscanos.org.br\/noticias\/frei-estevao-prega-retiro-para-franciscanos-da-providencia-de-deus.html","og_site_name":"Not\u00edcias - Franciscanos","article_published_time":"2018-05-21T11:44:41+00:00","article_modified_time":"2020-01-28T16:48:56+00:00","og_image":[{"width":273,"height":181,"url":"https:\/\/franciscanos.org.br\/noticias\/wp-content\/uploads\/2018\/05\/prof_210518_3.jpg","type":"image\/jpeg"}],"author":"admin","twitter_card":"summary_large_image","twitter_misc":{"Escrito por":"admin","Est. tempo de leitura":"2 minutos"},"schema":{"@context":"https:\/\/schema.org","@graph":[{"@type":"WebSite","@id":"https:\/\/franciscanos.org.br\/noticias\/#website","url":"https:\/\/franciscanos.org.br\/noticias\/","name":"Not\u00edcias - Franciscanos","description":"Prov\u00edncia Franciscana da Imaculada Concei\u00e7\u00e3o do Brasil - Ordem dos Frades Menores - OFM","potentialAction":[{"@type":"SearchAction","target":{"@type":"EntryPoint","urlTemplate":"https:\/\/franciscanos.org.br\/noticias\/?s={search_term_string}"},"query-input":"required name=search_term_string"}],"inLanguage":"pt-BR"},{"@type":"ImageObject","inLanguage":"pt-BR","@id":"https:\/\/franciscanos.org.br\/noticias\/frei-estevao-prega-retiro-para-franciscanos-da-providencia-de-deus.html#primaryimage","url":"https:\/\/franciscanos.org.br\/noticias\/wp-content\/uploads\/2018\/05\/prof_210518_3.jpg","contentUrl":"https:\/\/franciscanos.org.br\/noticias\/wp-content\/uploads\/2018\/05\/prof_210518_3.jpg","width":273,"height":181},{"@type":"WebPage","@id":"https:\/\/franciscanos.org.br\/noticias\/frei-estevao-prega-retiro-para-franciscanos-da-providencia-de-deus.html#webpage","url":"https:\/\/franciscanos.org.br\/noticias\/frei-estevao-prega-retiro-para-franciscanos-da-providencia-de-deus.html","name":"Frei Est\u00eav\u00e3o prega retiro para frades da Provid\u00eancia de Deus - Not\u00edcias - Franciscanos","isPartOf":{"@id":"https:\/\/franciscanos.org.br\/noticias\/#website"},"primaryImageOfPage":{"@id":"https:\/\/franciscanos.org.br\/noticias\/frei-estevao-prega-retiro-para-franciscanos-da-providencia-de-deus.html#primaryimage"},"datePublished":"2018-05-21T11:44:41+00:00","dateModified":"2020-01-28T16:48:56+00:00","author":{"@id":"https:\/\/franciscanos.org.br\/noticias\/#\/schema\/person\/b38fbf43118f02820bd932f2e4b14ad3"},"breadcrumb":{"@id":"https:\/\/franciscanos.org.br\/noticias\/frei-estevao-prega-retiro-para-franciscanos-da-providencia-de-deus.html#breadcrumb"},"inLanguage":"pt-BR","potentialAction":[{"@type":"ReadAction","target":["https:\/\/franciscanos.org.br\/noticias\/frei-estevao-prega-retiro-para-franciscanos-da-providencia-de-deus.html"]}]},{"@type":"BreadcrumbList","@id":"https:\/\/franciscanos.org.br\/noticias\/frei-estevao-prega-retiro-para-franciscanos-da-providencia-de-deus.html#breadcrumb","itemListElement":[{"@type":"ListItem","position":1,"name":"Home","item":"https:\/\/franciscanos.org.br\/noticias"},{"@type":"ListItem","position":2,"name":"Frei Est\u00eav\u00e3o prega retiro para frades da Provid\u00eancia de Deus"}]},{"@type":"Person","@id":"https:\/\/franciscanos.org.br\/noticias\/#\/schema\/person\/b38fbf43118f02820bd932f2e4b14ad3","name":"admin","image":{"@type":"ImageObject","inLanguage":"pt-BR","@id":"https:\/\/franciscanos.org.br\/noticias\/#\/schema\/person\/image\/","url":"https:\/\/secure.gravatar.com\/avatar\/e8495742d34d0ba6448ea1c628263b3e?s=96&d=mm&r=g","contentUrl":"https:\/\/secure.gravatar.com\/avatar\/e8495742d34d0ba6448ea1c628263b3e?s=96&d=mm&r=g","caption":"admin"},"url":"https:\/\/franciscanos.org.br\/noticias\/author\/admin"}]}},"_links":{"self":[{"href":"https:\/\/franciscanos.org.br\/noticias\/wp-json\/wp\/v2\/posts\/159768"}],"collection":[{"href":"https:\/\/franciscanos.org.br\/noticias\/wp-json\/wp\/v2\/posts"}],"about":[{"href":"https:\/\/franciscanos.org.br\/noticias\/wp-json\/wp\/v2\/types\/post"}],"author":[{"embeddable":true,"href":"https:\/\/franciscanos.org.br\/noticias\/wp-json\/wp\/v2\/users\/1"}],"replies":[{"embeddable":true,"href":"https:\/\/franciscanos.org.br\/noticias\/wp-json\/wp\/v2\/comments?post=159768"}],"version-history":[{"count":0,"href":"https:\/\/franciscanos.org.br\/noticias\/wp-json\/wp\/v2\/posts\/159768\/revisions"}],"wp:featuredmedia":[{"embeddable":true,"href":"https:\/\/franciscanos.org.br\/noticias\/wp-json\/wp\/v2\/media\/216746"}],"wp:attachment":[{"href":"https:\/\/franciscanos.org.br\/noticias\/wp-json\/wp\/v2\/media?parent=159768"}],"wp:term":[{"taxonomy":"category","embeddable":true,"href":"https:\/\/franciscanos.org.br\/noticias\/wp-json\/wp\/v2\/categories?post=159768"},{"taxonomy":"post_tag","embeddable":true,"href":"https:\/\/franciscanos.org.br\/noticias\/wp-json\/wp\/v2\/tags?post=159768"}],"curies":[{"name":"wp","href":"https:\/\/api.w.org\/{rel}","templated":true}]}}