{"id":159710,"date":"2018-05-20T12:05:48","date_gmt":"2018-05-20T15:05:48","guid":{"rendered":"http:\/\/franciscanos.org.br\/?p=159710"},"modified":"2020-06-07T15:12:17","modified_gmt":"2020-06-07T18:12:17","slug":"pentecostes-e-a-forca-divina-que-muda-o-mundo","status":"publish","type":"post","link":"https:\/\/franciscanos.org.br\/noticias\/pentecostes-e-a-forca-divina-que-muda-o-mundo.html","title":{"rendered":"\u201cPentecostes \u00e9 a for\u00e7a divina que muda o mundo\u201d"},"content":{"rendered":"<p><img loading=\"lazy\" src=\"http:\/\/franciscanos.org.br\/wp-content\/uploads\/2018\/05\/pentecostes_200518_1.jpg\" alt=\"pentecostes_200518_1\" width=\"830\" height=\"500\" \/><\/p>\n<p><em>Na cidade do Vaticano em Roma o dia da Solenidade de Pentecostes (20\/05), come\u00e7ou cedo e com novidades. \u00a0Na celebra\u00e7\u00e3o da missa de Pentecostes, o Papa afirmou que \u201co Esp\u00edrito lembra \u00e0 Igreja que n\u00e3o obstante os seus s\u00e9culos de hist\u00f3ria, \u00e9 sempre uma jovem de vinte anos, a Noiva jovem por quem est\u00e1 perdidamente apaixonado o Senhor\u201d. Em seguida, na ora\u00e7\u00e3o mariana do Regina Coeli, explicando o sentido de Pentecostes aos fi\u00e9is, romanos e turistas presentes na Pra\u00e7a s\u00e3o Pedro, o Papa disse que com a efus\u00e3o do Esp\u00edrito Santo sobre os ap\u00f3stolos, teve in\u00edcio a hist\u00f3ria da santidade crist\u00e3. E de forma surpreendente o Santo Padre anunciou 14 nomes de novos Cardeais, comunicando assim a realiza\u00e7\u00e3o de um novo consist\u00f3rio a ser realizado no dia 29 de junho. Acompanhe:<\/em><\/p>\n<h2 style=\"text-align: left;\"><strong><span style=\"color: #000000;\">CELEBRA\u00c7\u00c3O DA MISSA DE PENTECOSTES<\/span><\/strong><\/h2>\n<p>A Bas\u00edlica de S\u00e3o Pedro ficou lotada na manh\u00e3 deste domingo (20\/05) para a celebra\u00e7\u00e3o da missa de Pentecostes, presidida pelo Papa Francisco. Cardeais, bispos e sacerdotes, usando paramentos vermelhos, concelebraram a liturgia com o Papa. A homilia do Papa Francisco come\u00e7ou com a explica\u00e7\u00e3o da primeira leitura do dia, que narra a rajada de vento que veio do c\u00e9u com um ru\u00eddo e que encheu toda a casa em que os disc\u00edpulos se encontravam: a vinda do Esp\u00edrito Santo no Pentecostes \u00e9 a for\u00e7a divina que muda o mundo.<\/p>\n<p><strong>MUDA OS CORA\u00c7\u00d5ES<\/strong><\/p>\n<p>\u201cAqueles disc\u00edpulos que antes viviam no medo, fechados em casa, mesmo depois da ressurrei\u00e7\u00e3o do Mestre, s\u00e3o transformados pelo Esp\u00edrito e \u2013 disse o Papa, desta vez mencionando o Evangelho do dia \u2013 \u2018d\u00e3o testemunho d\u2019Ele\u2019\u201d.<\/p>\n<p>\u201cDe hesitantes, tornam-se corajosos e, partindo de Jerusal\u00e9m, lan\u00e7am-se at\u00e9 aos confins do mundo. Medrosos quando Jesus estava entre eles, agora s\u00e3o ousados sem Ele, porque o Esp\u00edrito mudou os seus cora\u00e7\u00f5es. A experi\u00eancia ensina que nenhuma tentativa terrena de mudar as coisas satisfaz plenamente o cora\u00e7\u00e3o do homem. A mudan\u00e7a do Esp\u00edrito \u00e9 diferente: n\u00e3o revoluciona a vida ao nosso redor, mas muda o nosso cora\u00e7\u00e3o, transformando-o de pecador em perdoado\u201d.<\/p>\n<p><strong>O ESP\u00cdRITO COMO UM RECONSTITUINTE DE VIDA<\/strong><\/p>\n<p>A partir desta reflex\u00e3o, o Papa sugeriu que quando precisarmos de uma verdadeira mudan\u00e7a, quando as nossas fraquezas nos oprimem, quando avan\u00e7ar \u00e9 dif\u00edcil e amar parece imposs\u00edvel, faria bem tomar diariamente este reconstituinte de vida: \u00e9 Ele, a for\u00e7a de Deus.<\/p>\n<p><strong>MUDA AS VICISSITUDES<\/strong><\/p>\n<p>Prosseguindo a homilia, o Papa disse que depois dos cora\u00e7\u00f5es, o Esp\u00edrito, como o vento, sopra por todo o lado e chega \u00e0s situa\u00e7\u00f5es mais imprevistas. \u201cComo na fam\u00edlia, quando nasce uma crian\u00e7a, esta complica os hor\u00e1rios, faz perder o sono, mas traz uma alegria que renova a vida, impelindo-a para a frente, dilatando-a no amor, do mesmo modo o Esp\u00edrito traz \u00e0 Igreja um \u2018sabor de inf\u00e2ncia\u2019; realiza renascimentos cont\u00ednuos. Reaviva o amor do come\u00e7o. Esp\u00edrito lembra \u00e0 Igreja que, n\u00e3o obstante os seus s\u00e9culos de hist\u00f3ria, \u00e9 sempre uma jovem de vinte anos, a Noiva jovem por quem est\u00e1 perdidamente apaixonado o Senhor\u201d, ressaltou.<\/p>\n<p><strong>GAZA, NOME QUE SUSCITA DOR<\/strong><\/p>\n<p>Citando o epis\u00f3dio dos Atos dos Ap\u00f3stolos em que o di\u00e1cono Filipe \u00e9 impelido \u201cpor uma estrada deserta, de Jerusal\u00e9m a Gaza\u201d, o Papa acrescentou: \u201ccomo este nome soa doloroso, hoje! Que o Esp\u00edrito mude os cora\u00e7\u00f5es e as vicissitudes e d\u00ea paz \u00e0 Terra Santa!\u201d. Terminando, o Papa pediu que Esp\u00edrito Santo, rajada de vento de Deus, sopre sobre n\u00f3s: \u201cSoprai nos nossos cora\u00e7\u00f5es e fazei-nos respirar a ternura do Pai. Soprai sobre a Igreja e impeli-a at\u00e9 aos \u00faltimos confins; vinde, Esp\u00edrito Santo, mudai-nos por dentro e renovai a face da terra\u201d.<\/p>\n<hr \/>\n<h2 style=\"text-align: left;\"><span style=\"color: #000000;\"><strong>REGINA COELI: \u201cSANTIDADE N\u00c3O \u00c9 PRIVIL\u00c9GIO DE POUCOS, \u00c9 VOCA\u00c7\u00c3O DE TODOS\u201d<\/strong><\/span><\/h2>\n<p>Ap\u00f3s presidir a missa de Pentecostes, na Bas\u00edlica de S\u00e3o Pedro, o Papa recitou o Regina Coeli da sacada de seu escrit\u00f3rio. Assim, milhares de pessoas puderam participar e rezar juntos esta ora\u00e7\u00e3o dominical e acompanhar a reflex\u00e3o de Francisco.<\/p>\n<p><strong>O IN\u00cdCIO DA HIST\u00d3RIA CRIST\u00c3<\/strong><\/p>\n<p>Explicando o sentido desta festividade aos fi\u00e9is, romanos e turistas presentes na Pra\u00e7a, o Papa disse que com a efus\u00e3o do Esp\u00edrito Santo sobre os ap\u00f3stolos, teve in\u00edcio a hist\u00f3ria da santidade crist\u00e3, que \u201cn\u00e3o \u00e9 privil\u00e9gio de poucos, mas voca\u00e7\u00e3o de todos\u201d.<\/p>\n<p>\u201cDesde aquele dia, e at\u00e9 o final dos tempos, esta santidade, cuja plenitude \u00e9 Cristo, \u00e9 doada a todos os que se abrem \u00e0 a\u00e7\u00e3o do Esp\u00edrito e se esfor\u00e7am em ser d\u00f3ceis a ele. \u00c9 o Esp\u00edrito que nos faz experimentar uma alegria plena. Abre nossos cora\u00e7\u00f5es \u00e0 esperan\u00e7a e favorece o amadurecimento interior na rela\u00e7\u00e3o com Deus e com o pr\u00f3ximo\u201d, destacou.<\/p>\n<p>Antes de pronunciar a ora\u00e7\u00e3o em latim, Francisco pediu a Virgem Maria que propicie para a Igreja \u201cum renovado Pentecostes; que nos doe a alegria de viver e testemunhar o Evangelho e infunda em n\u00f3s um intenso desejo de ser santos, para a maior gl\u00f3ria de Deus\u201d.<\/p>\n<h2 style=\"text-align: left;\"><span style=\"color: #000000;\"><strong>PAPA ANUNCIA NOMES DE 14 NOVOS CARDEAIS<\/strong><\/span><\/h2>\n<p>A Igreja vai ganhar no pr\u00f3ximo dia 29 de junho 14 novos cardeais. O Papa Francisco surpreendeu todos, inclusive os rec\u00e9m-nomeados, ao comunicar este domingo (20\/05), ap\u00f3s a ora\u00e7\u00e3o mariana do Regina Coeli, um novo consist\u00f3rio, sinal de universalidade da Igreja, \u201cque continua a anunciar o amor misericordioso de Deus a todos os homens da terra. A integra\u00e7\u00e3o dos novos cardeais na Igreja de Roma manifesta tamb\u00e9m a rela\u00e7\u00e3o indissol\u00favel entre a S\u00e9 de Pedro e as Igrejas particulares espalhadas nos mundo\u201d.<\/p>\n<p><img loading=\"lazy\" src=\"http:\/\/franciscanos.org.br\/wp-content\/uploads\/2018\/05\/regina_coeli_200518.jpg\" alt=\"regina_coeli_200518\" width=\"830\" height=\"500\" \/><\/p>\n<p><strong>Os 14 novos Cardeais s\u00e3o:<\/strong><\/p>\n<blockquote><p>Sua Beatitude Louis-Rapha\u00ebl I Sako, Patriarca de Babil\u00f4nia dos Caldeus;<br \/>\nDom Luis Ladaria, Prefeito da Congrega\u00e7\u00e3o para a Doutrina da F\u00e9;<br \/>\nDom Angelo De Donatis, Vig\u00e1rio-geral de Roma;<br \/>\nDom Giovanni Angelo Becciu, Substituto para Assuntos Gerais da Secretaria de Estado e Delegado especial junto \u00e0 Soberana Ordem de Malta;<br \/>\nDom Konrad Krajewski, Esmoleiro apost\u00f3lico;<br \/>\nDom Joseph Coutts, Arcebispo de Karachi (Paquist\u00e3o);<br \/>\nDom Ant\u00f3nio Augusto dos Santos Marto, Bispo de Leiria-F\u00e1tima (Portugal);<br \/>\nDom Pedro Barreto, Arcebispo de Huancayo (Peru) e Vice-Presidente da REPAM, Rede Eclesial Pan-amaz\u00f4nica;<br \/>\nDom Desir\u00e9 Tsarahazana, Arcebispo de Toamasina (Madagascar);<br \/>\nDom Giuseppe Petrocchi, Arcebispo de L\u2019Aquila (It\u00e1lia);<br \/>\nDom Tomas Aquinas Manyo Maeda, Arcebispo de Osaka (Jap\u00e3o).<\/p><\/blockquote>\n<p>Al\u00e9m destes, Francisco nomeou tamb\u00e9m como membros do Col\u00e9gio Cardinal\u00edcio um arcebispo, um bispo e um religioso mais idosos &#8211; sem direito de voto em um eventual conclave &#8211; que se distinguiram por seu servi\u00e7o \u00e0 Igreja:<\/p>\n<blockquote><p>Dom Sergio Obeso Rivera, 86, Arcebispo em\u00e9rito de Jalapa (M\u00e9xico);<br \/>\nDom Toribio Porco Ticona, 81, Prelado em\u00e9rito de Corocoro (Bol\u00edvia);<br \/>\nPadre Aquilino Bocos Merino, 80, claretiano espanhol.<\/p>\n<hr \/>\n<p><em style=\"text-align: right;\">Com informa\u00e7\u00f5es de Vatican News.<\/em><\/p><\/blockquote>\n","protected":false},"excerpt":{"rendered":"<p>Papa preside Celebra\u00e7\u00e3o de Pentecostes<\/p>\n","protected":false},"author":1,"featured_media":199485,"comment_status":"open","ping_status":"open","sticky":false,"template":"","format":"standard","meta":[],"categories":[1428],"tags":[1352],"acf":[],"yoast_head":"<!-- This site is optimized with the Yoast SEO plugin v19.2 - https:\/\/yoast.com\/wordpress\/plugins\/seo\/ -->\n<title>\u201cPentecostes \u00e9 a for\u00e7a divina que muda o mundo\u201d - Not\u00edcias - Franciscanos<\/title>\n<meta name=\"robots\" content=\"index, follow, max-snippet:-1, max-image-preview:large, max-video-preview:-1\" \/>\n<link rel=\"canonical\" href=\"https:\/\/franciscanos.org.br\/noticias\/pentecostes-e-a-forca-divina-que-muda-o-mundo.html\" \/>\n<meta property=\"og:locale\" content=\"pt_BR\" \/>\n<meta property=\"og:type\" content=\"article\" \/>\n<meta property=\"og:title\" content=\"\u201cPentecostes \u00e9 a for\u00e7a divina que muda o mundo\u201d - Not\u00edcias - Franciscanos\" \/>\n<meta property=\"og:description\" content=\"Papa preside Celebra\u00e7\u00e3o de Pentecostes\" \/>\n<meta property=\"og:url\" content=\"https:\/\/franciscanos.org.br\/noticias\/pentecostes-e-a-forca-divina-que-muda-o-mundo.html\" \/>\n<meta property=\"og:site_name\" content=\"Not\u00edcias - Franciscanos\" \/>\n<meta property=\"article:published_time\" content=\"2018-05-20T15:05:48+00:00\" \/>\n<meta property=\"article:modified_time\" content=\"2020-06-07T18:12:17+00:00\" \/>\n<meta property=\"og:image\" content=\"https:\/\/franciscanos.org.br\/noticias\/wp-content\/uploads\/2018\/05\/pentecostes_200518_1.jpg\" \/>\n\t<meta property=\"og:image:width\" content=\"273\" \/>\n\t<meta property=\"og:image:height\" content=\"181\" \/>\n\t<meta property=\"og:image:type\" content=\"image\/jpeg\" \/>\n<meta name=\"author\" content=\"admin\" \/>\n<meta name=\"twitter:card\" content=\"summary_large_image\" \/>\n<meta name=\"twitter:label1\" content=\"Escrito por\" \/>\n\t<meta name=\"twitter:data1\" content=\"admin\" \/>\n\t<meta name=\"twitter:label2\" content=\"Est. tempo de leitura\" \/>\n\t<meta name=\"twitter:data2\" content=\"6 minutos\" \/>\n<script type=\"application\/ld+json\" class=\"yoast-schema-graph\">{\"@context\":\"https:\/\/schema.org\",\"@graph\":[{\"@type\":\"WebSite\",\"@id\":\"https:\/\/franciscanos.org.br\/noticias\/#website\",\"url\":\"https:\/\/franciscanos.org.br\/noticias\/\",\"name\":\"Not\u00edcias - Franciscanos\",\"description\":\"Prov\u00edncia Franciscana da Imaculada Concei\u00e7\u00e3o do Brasil - Ordem dos Frades Menores - OFM\",\"potentialAction\":[{\"@type\":\"SearchAction\",\"target\":{\"@type\":\"EntryPoint\",\"urlTemplate\":\"https:\/\/franciscanos.org.br\/noticias\/?s={search_term_string}\"},\"query-input\":\"required name=search_term_string\"}],\"inLanguage\":\"pt-BR\"},{\"@type\":\"ImageObject\",\"inLanguage\":\"pt-BR\",\"@id\":\"https:\/\/franciscanos.org.br\/noticias\/pentecostes-e-a-forca-divina-que-muda-o-mundo.html#primaryimage\",\"url\":\"https:\/\/franciscanos.org.br\/noticias\/wp-content\/uploads\/2018\/05\/pentecostes_200518_1.jpg\",\"contentUrl\":\"https:\/\/franciscanos.org.br\/noticias\/wp-content\/uploads\/2018\/05\/pentecostes_200518_1.jpg\",\"width\":273,\"height\":181},{\"@type\":\"WebPage\",\"@id\":\"https:\/\/franciscanos.org.br\/noticias\/pentecostes-e-a-forca-divina-que-muda-o-mundo.html#webpage\",\"url\":\"https:\/\/franciscanos.org.br\/noticias\/pentecostes-e-a-forca-divina-que-muda-o-mundo.html\",\"name\":\"\u201cPentecostes \u00e9 a for\u00e7a divina que muda o mundo\u201d - Not\u00edcias - Franciscanos\",\"isPartOf\":{\"@id\":\"https:\/\/franciscanos.org.br\/noticias\/#website\"},\"primaryImageOfPage\":{\"@id\":\"https:\/\/franciscanos.org.br\/noticias\/pentecostes-e-a-forca-divina-que-muda-o-mundo.html#primaryimage\"},\"datePublished\":\"2018-05-20T15:05:48+00:00\",\"dateModified\":\"2020-06-07T18:12:17+00:00\",\"author\":{\"@id\":\"https:\/\/franciscanos.org.br\/noticias\/#\/schema\/person\/b38fbf43118f02820bd932f2e4b14ad3\"},\"breadcrumb\":{\"@id\":\"https:\/\/franciscanos.org.br\/noticias\/pentecostes-e-a-forca-divina-que-muda-o-mundo.html#breadcrumb\"},\"inLanguage\":\"pt-BR\",\"potentialAction\":[{\"@type\":\"ReadAction\",\"target\":[\"https:\/\/franciscanos.org.br\/noticias\/pentecostes-e-a-forca-divina-que-muda-o-mundo.html\"]}]},{\"@type\":\"BreadcrumbList\",\"@id\":\"https:\/\/franciscanos.org.br\/noticias\/pentecostes-e-a-forca-divina-que-muda-o-mundo.html#breadcrumb\",\"itemListElement\":[{\"@type\":\"ListItem\",\"position\":1,\"name\":\"Home\",\"item\":\"https:\/\/franciscanos.org.br\/noticias\"},{\"@type\":\"ListItem\",\"position\":2,\"name\":\"\u201cPentecostes \u00e9 a for\u00e7a divina que muda o mundo\u201d\"}]},{\"@type\":\"Person\",\"@id\":\"https:\/\/franciscanos.org.br\/noticias\/#\/schema\/person\/b38fbf43118f02820bd932f2e4b14ad3\",\"name\":\"admin\",\"image\":{\"@type\":\"ImageObject\",\"inLanguage\":\"pt-BR\",\"@id\":\"https:\/\/franciscanos.org.br\/noticias\/#\/schema\/person\/image\/\",\"url\":\"https:\/\/secure.gravatar.com\/avatar\/e8495742d34d0ba6448ea1c628263b3e?s=96&d=mm&r=g\",\"contentUrl\":\"https:\/\/secure.gravatar.com\/avatar\/e8495742d34d0ba6448ea1c628263b3e?s=96&d=mm&r=g\",\"caption\":\"admin\"},\"url\":\"https:\/\/franciscanos.org.br\/noticias\/author\/admin\"}]}<\/script>\n<!-- \/ Yoast SEO plugin. -->","yoast_head_json":{"title":"\u201cPentecostes \u00e9 a for\u00e7a divina que muda o mundo\u201d - Not\u00edcias - Franciscanos","robots":{"index":"index","follow":"follow","max-snippet":"max-snippet:-1","max-image-preview":"max-image-preview:large","max-video-preview":"max-video-preview:-1"},"canonical":"https:\/\/franciscanos.org.br\/noticias\/pentecostes-e-a-forca-divina-que-muda-o-mundo.html","og_locale":"pt_BR","og_type":"article","og_title":"\u201cPentecostes \u00e9 a for\u00e7a divina que muda o mundo\u201d - Not\u00edcias - Franciscanos","og_description":"Papa preside Celebra\u00e7\u00e3o de Pentecostes","og_url":"https:\/\/franciscanos.org.br\/noticias\/pentecostes-e-a-forca-divina-que-muda-o-mundo.html","og_site_name":"Not\u00edcias - Franciscanos","article_published_time":"2018-05-20T15:05:48+00:00","article_modified_time":"2020-06-07T18:12:17+00:00","og_image":[{"width":273,"height":181,"url":"https:\/\/franciscanos.org.br\/noticias\/wp-content\/uploads\/2018\/05\/pentecostes_200518_1.jpg","type":"image\/jpeg"}],"author":"admin","twitter_card":"summary_large_image","twitter_misc":{"Escrito por":"admin","Est. tempo de leitura":"6 minutos"},"schema":{"@context":"https:\/\/schema.org","@graph":[{"@type":"WebSite","@id":"https:\/\/franciscanos.org.br\/noticias\/#website","url":"https:\/\/franciscanos.org.br\/noticias\/","name":"Not\u00edcias - Franciscanos","description":"Prov\u00edncia Franciscana da Imaculada Concei\u00e7\u00e3o do Brasil - Ordem dos Frades Menores - OFM","potentialAction":[{"@type":"SearchAction","target":{"@type":"EntryPoint","urlTemplate":"https:\/\/franciscanos.org.br\/noticias\/?s={search_term_string}"},"query-input":"required name=search_term_string"}],"inLanguage":"pt-BR"},{"@type":"ImageObject","inLanguage":"pt-BR","@id":"https:\/\/franciscanos.org.br\/noticias\/pentecostes-e-a-forca-divina-que-muda-o-mundo.html#primaryimage","url":"https:\/\/franciscanos.org.br\/noticias\/wp-content\/uploads\/2018\/05\/pentecostes_200518_1.jpg","contentUrl":"https:\/\/franciscanos.org.br\/noticias\/wp-content\/uploads\/2018\/05\/pentecostes_200518_1.jpg","width":273,"height":181},{"@type":"WebPage","@id":"https:\/\/franciscanos.org.br\/noticias\/pentecostes-e-a-forca-divina-que-muda-o-mundo.html#webpage","url":"https:\/\/franciscanos.org.br\/noticias\/pentecostes-e-a-forca-divina-que-muda-o-mundo.html","name":"\u201cPentecostes \u00e9 a for\u00e7a divina que muda o mundo\u201d - Not\u00edcias - Franciscanos","isPartOf":{"@id":"https:\/\/franciscanos.org.br\/noticias\/#website"},"primaryImageOfPage":{"@id":"https:\/\/franciscanos.org.br\/noticias\/pentecostes-e-a-forca-divina-que-muda-o-mundo.html#primaryimage"},"datePublished":"2018-05-20T15:05:48+00:00","dateModified":"2020-06-07T18:12:17+00:00","author":{"@id":"https:\/\/franciscanos.org.br\/noticias\/#\/schema\/person\/b38fbf43118f02820bd932f2e4b14ad3"},"breadcrumb":{"@id":"https:\/\/franciscanos.org.br\/noticias\/pentecostes-e-a-forca-divina-que-muda-o-mundo.html#breadcrumb"},"inLanguage":"pt-BR","potentialAction":[{"@type":"ReadAction","target":["https:\/\/franciscanos.org.br\/noticias\/pentecostes-e-a-forca-divina-que-muda-o-mundo.html"]}]},{"@type":"BreadcrumbList","@id":"https:\/\/franciscanos.org.br\/noticias\/pentecostes-e-a-forca-divina-que-muda-o-mundo.html#breadcrumb","itemListElement":[{"@type":"ListItem","position":1,"name":"Home","item":"https:\/\/franciscanos.org.br\/noticias"},{"@type":"ListItem","position":2,"name":"\u201cPentecostes \u00e9 a for\u00e7a divina que muda o mundo\u201d"}]},{"@type":"Person","@id":"https:\/\/franciscanos.org.br\/noticias\/#\/schema\/person\/b38fbf43118f02820bd932f2e4b14ad3","name":"admin","image":{"@type":"ImageObject","inLanguage":"pt-BR","@id":"https:\/\/franciscanos.org.br\/noticias\/#\/schema\/person\/image\/","url":"https:\/\/secure.gravatar.com\/avatar\/e8495742d34d0ba6448ea1c628263b3e?s=96&d=mm&r=g","contentUrl":"https:\/\/secure.gravatar.com\/avatar\/e8495742d34d0ba6448ea1c628263b3e?s=96&d=mm&r=g","caption":"admin"},"url":"https:\/\/franciscanos.org.br\/noticias\/author\/admin"}]}},"_links":{"self":[{"href":"https:\/\/franciscanos.org.br\/noticias\/wp-json\/wp\/v2\/posts\/159710"}],"collection":[{"href":"https:\/\/franciscanos.org.br\/noticias\/wp-json\/wp\/v2\/posts"}],"about":[{"href":"https:\/\/franciscanos.org.br\/noticias\/wp-json\/wp\/v2\/types\/post"}],"author":[{"embeddable":true,"href":"https:\/\/franciscanos.org.br\/noticias\/wp-json\/wp\/v2\/users\/1"}],"replies":[{"embeddable":true,"href":"https:\/\/franciscanos.org.br\/noticias\/wp-json\/wp\/v2\/comments?post=159710"}],"version-history":[{"count":1,"href":"https:\/\/franciscanos.org.br\/noticias\/wp-json\/wp\/v2\/posts\/159710\/revisions"}],"predecessor-version":[{"id":224970,"href":"https:\/\/franciscanos.org.br\/noticias\/wp-json\/wp\/v2\/posts\/159710\/revisions\/224970"}],"wp:featuredmedia":[{"embeddable":true,"href":"https:\/\/franciscanos.org.br\/noticias\/wp-json\/wp\/v2\/media\/199485"}],"wp:attachment":[{"href":"https:\/\/franciscanos.org.br\/noticias\/wp-json\/wp\/v2\/media?parent=159710"}],"wp:term":[{"taxonomy":"category","embeddable":true,"href":"https:\/\/franciscanos.org.br\/noticias\/wp-json\/wp\/v2\/categories?post=159710"},{"taxonomy":"post_tag","embeddable":true,"href":"https:\/\/franciscanos.org.br\/noticias\/wp-json\/wp\/v2\/tags?post=159710"}],"curies":[{"name":"wp","href":"https:\/\/api.w.org\/{rel}","templated":true}]}}