{"id":159692,"date":"2018-05-19T09:53:24","date_gmt":"2018-05-19T12:53:24","guid":{"rendered":"http:\/\/franciscanos.org.br\/?p=159692"},"modified":"2020-08-10T15:07:09","modified_gmt":"2020-08-10T18:07:09","slug":"papa-paulo-vi-e-dom-romero-serao-proclamados-santos","status":"publish","type":"post","link":"https:\/\/franciscanos.org.br\/noticias\/papa-paulo-vi-e-dom-romero-serao-proclamados-santos.html","title":{"rendered":"Papa Paulo VI e Dom Romero ser\u00e3o proclamados santos"},"content":{"rendered":"<p><img loading=\"lazy\" src=\"http:\/\/franciscanos.org.br\/wp-content\/uploads\/2018\/05\/canoniza\u00e7\u00e3o_190518.jpg\" alt=\"canoniza\u00e7\u00e3o_190518\" width=\"830\" height=\"450\" \/><\/p>\n<p><strong>Cidade do Vaticano &#8211;<\/strong> Paolo VI e Dom Oscar Arnulfo Romero ser\u00e3o santos no dia 14 de outubro. O an\u00fancio oficial foi comunicado na manh\u00e3 deste s\u00e1bado (19\/05), pela Sala de Imprensa da Santa S\u00e9.\u00a0O Papa presidir\u00e1 a canoniza\u00e7\u00e3o na Pra\u00e7a S\u00e3o Pedro durante o S\u00ednodo dedicado aos jovens, com a presen\u00e7a de bispos de todo o mundo. Com Papa Giovanni Battista Montini e o arcebispo salvadorenho, ser\u00e3o tamb\u00e9m canonizados na mesma cerim\u00f4nia os sacerdotes italianos Francesco Spinelli e Vincenzo Romano, a religiosa alem\u00e3 Maria Caterina Kasper e a espanhola Nazaria Ignacia March Mesa.<\/p>\n<p>Francisco j\u00e1 havia autorizado a Congrega\u00e7\u00e3o das Causas dos Santos a promulgar os Decretos de reconhecimento dos milagres, mas a data e o local foram revelados esta manh\u00e3, ap\u00f3s o Papa ter presidido a hora m\u00e9dia da liturgia das horas e o Consist\u00f3rio com os cardeais residentes e presentes em Roma.<\/p>\n<p><strong>HUMILDADE E CORAGEM<\/strong><\/p>\n<p><strong>Giovanni Battista Montini nasceu em Concesio<\/strong>, Br\u00e9scia, na regi\u00e3o italiana da Lombardia, e foi ordenado aos 22 anos. Doutor em filosofia, direito civil e direito can\u00f4nico, serviu a diplomacia da Santa S\u00e9 e a pastoral universit\u00e1ria italiana. A partir de 1937, foi colaborador direto do Papa Pio XII. Durante II Guerra Mundial, no Vaticano, se ocupou da ajuda aos refugiados e aos judeus. Em 1954, foi nomeado arcebispo de Mil\u00e3o. Criado cardeal pelo Papa Jo\u00e3o XXIII em 1958, participou nos trabalhos preparat\u00f3rios do Conc\u00edlio Vaticano II. Em 21 de junho de 1963 foi eleito Papa. Paulo VI escreveu sete enc\u00edclicas, entre as quais a \u2018Humanae vitae\u2019 (1968) e a \u2018Populorum progressio\u2019 (1967). Foi o primeiro Papa a fazer viagens internacionais, tendo visitado Terra Santa, EUA, \u00cdndia, Portugal, Turquia, Filipinas e Austr\u00e1lia, dentre outros.<\/p>\n<p>Na homilia de beatifica\u00e7\u00e3o de Paulo VI, em 19 de outubro de 2014, Francisco disse que \u201cenquanto se perfilava uma sociedade secularizada e hostil, ele soube reger com clarividente sabedoria \u2013 e \u00e0s vezes em solid\u00e3o \u2013 o tim\u00e3o da barca de Pedro, sem nunca perder a alegria e a confian\u00e7a no Senhor\u201d. \u201cVerdadeiramente Paulo VI soube \u2018dar a Deus o que \u00e9 de Deus\u2019\u201d, disse Francisco.<\/p>\n<p><strong>BISPO DOS POBRES<\/strong><\/p>\n<p>O outro futuro grande santo \u00e9<strong> Beato Oscar Arnolfo Romero Gald\u00e1mez<\/strong>, Arcebispo de San Salvador e m\u00e1rtir. Nasceu em 15 de agosto de 1917, em Ciudad Barrios, em El Salvador. Sua fam\u00edlia era numerosa e pobre. Com apenas 13 anos entrou no semin\u00e1rio. Foi para Roma completar o curso de teologia com 20 anos e se ordenou sacerdote, em 1943.\u00a0Em 1977, padre Oscar Romero foi nomeado Arcebispo de El Salvador, chegando \u00e0 capital com fama de conservador.\u00a0No dia 24 de mar\u00e7o de 1980, Dom Romero foi fuzilado, em meio aos doentes de c\u00e2ncer e enfermeiros, enquanto celebrava uma missa na capela do Hospital da Divina Provid\u00eancia, na capital de El Salvador.<\/p>\n<p>Sua a\u00e7\u00e3o pastoral visava ao entendimento m\u00fatuo entre os salvadorenhos. Criticava duramente tanto a in\u00e9rcia do governo, as interfer\u00eancias estrangeiras, como as injusti\u00e7as praticadas pelos grupos &#8220;revolucion\u00e1rios&#8221;. O Arcebispo Dom Oscar Arnulfo Romero foi fiel a Igreja, e pagou com a vida o pre\u00e7o de ser disc\u00edpulo de Cristo. O seu nome foi inclu\u00eddo na rela\u00e7\u00e3o dos 1015 salvadorenhos que foram assassinados, em 1980.<\/p>\n<p>O Papa Francisco enviou uma carta ao Arcebispo de San Salvador por ocasi\u00e3o da beatifica\u00e7\u00e3o de Dom Romero em 23 de maio de 2015. Assim o Pont\u00edfice recordou o legado do futuro santo:<\/p>\n<p>\u201cEm tempos de conviv\u00eancia dif\u00edcil, D. Romero soube guiar, defender e proteger o seu rebanho, permanecendo fiel ao Evangelho e em comunh\u00e3o com a Igreja inteira. O seu minist\u00e9rio distinguiu-se por uma aten\u00e7\u00e3o especial aos mais pobres e aos marginalizados. E no momento da sua morte, enquanto celebrava o Santo Sacrif\u00edcio do amor e da reconcilia\u00e7\u00e3o, recebeu a gra\u00e7a de se identificar plenamente com Aquele que entregou a vida pelas suas ovelhas. (&#8230;) D. Romero convida-nos ao bom senso e \u00e0 reflex\u00e3o, ao respeito pela vida e \u00e0 conc\u00f3rdia. \u00c9 necess\u00e1rio renunciar \u00e0 \u00abviol\u00eancia da espada, do \u00f3dio\u00bb, e viver \u00aba viol\u00eancia do amor, que nos deixou Cristo pregado numa cruz, aquela que cada um deve fazer a si mesmo para vencer os pr\u00f3prios ego\u00edsmos e a fim de que n\u00e3o haja desigualdades t\u00e3o cru\u00e9is entre n\u00f3s\u00bb.&#8221;<\/p>\n<p><strong>MILAGRES E VIRTUDES HEROICAS<\/strong><\/p>\n<p>Nos Decretos da Congrega\u00e7\u00e3o das Causas dos Santos autorizados pelo Papa Francisco constam ainda o reconhecimento dos seguintes milagres e virtudes heroicas:<\/p>\n<blockquote><p>\u2013 o milagre atribu\u00eddo \u00e0 intercess\u00e3o do Beato Francesco Spinelli, Sacerdote diocesano, Fundador da Instituto das Irm\u00e3s Adoradoras do Sant\u00edssimo Sacramento (It\u00e1lia);<br \/>\n\u2013 o milagre atribu\u00eddo \u00e0 intercess\u00e3o do Beato Vincenzo Romano, Sacerdote diocesano (It\u00e1lia);<br \/>\n\u2013 o milagre atribu\u00eddo \u00e0 intercess\u00e3o da Beata Maria Caterina Kasper, Fundadora do Instituto das Pobres Servas de Jesus Cristo (Alemanha);<br \/>\n\u2013 o milagre atribu\u00eddo \u00e0 intercess\u00e3o da Vener\u00e1vel Serva de Deus Maria Fel\u00edcia de Jesus Sacramentado, Irm\u00e3 professa da Ordem dos Carmelitas Descal\u00e7os (Paraguai);<br \/>\n\u2013 o mart\u00edrio da Serva de Deus Anna Koles\u00e1rov\u00e1, leiga, assassinado por \u00f3dio \u00e0 f\u00e9 em 1944 (Eslov\u00e1quia);<br \/>\n\u2013 as virtudes heroicas do Servo de Deus Bernardo \u0141ubie\u0144ski, Sacerdote professo da Congrega\u00e7\u00e3o do Sant\u00edssimo Redentor (Pol\u00f4nia);<br \/>\n\u2013 as virtudes heroicas do Servo de Deus Cecilio Maria Cortinovis, Religioso professo da Ordem dos Frades Menores Capuchinhos (It\u00e1lia);<br \/>\n\u2013 as virtudes heroicas da Serva de Deus Giustina Schiapparoli, Fundadora da Congrega\u00e7\u00e3o das Irm\u00e3s Beneditinas da Divina Provid\u00eancia de Voghera (It\u00e1lia);<br \/>\n\u2013 as virtudes heroicas da Serva de Deus Maria Schiapparoli, Fundadora da Congrega\u00e7\u00e3o das Irm\u00e3s Beneditinas da Divina Provid\u00eancia de Voghera (It\u00e1lia);<br \/>\n\u2013 as virtudes heroicas da Serva de Deus Maria Antonella Bordoni, Leiga, Fundadora da Fraternidade das Pequenas Filhas da M\u00e3e de Deus (It\u00e1lia);<br \/>\n\u2013 as virtudes heroicas da Serva de Deus Alessandra Sabattini, Leiga (It\u00e1lia).<\/p><\/blockquote>\n<p><strong>Outros 4 beatos ser\u00e3o canonizados juntos a Papa Paulo VI e a Dom Oscar Romero:<\/strong><\/p>\n<p>Francesco Spinelli, Sacerdote diocesano, Fundador do Instituto das Irm\u00e3s Adoradoras do Sant\u00edssimo Sacramento; Vincenzo Romano, Sacerdote diocesano; Maria Caterina Kasper, Virgem, Fundadora do Instituto das Pobres Servas de Jesus Cristo; Maria Ignazia de Santa Teresa de Jesus,\u00a0virgem, Fundadora da Congrega\u00e7\u00e3o das Irm\u00e3s missionarias Cruzadas da Igreja.<\/p>\n","protected":false},"excerpt":{"rendered":"<p>Canoniza\u00e7\u00e3o<\/p>\n","protected":false},"author":1,"featured_media":201022,"comment_status":"open","ping_status":"open","sticky":false,"template":"","format":"standard","meta":[],"categories":[1],"tags":[216,570],"acf":[],"yoast_head":"<!-- This site is optimized with the Yoast SEO plugin v19.2 - https:\/\/yoast.com\/wordpress\/plugins\/seo\/ -->\n<title>Papa Paulo VI e Dom Romero ser\u00e3o proclamados santos - Not\u00edcias - Franciscanos<\/title>\n<meta name=\"robots\" content=\"index, follow, max-snippet:-1, max-image-preview:large, max-video-preview:-1\" \/>\n<link rel=\"canonical\" href=\"https:\/\/franciscanos.org.br\/noticias\/papa-paulo-vi-e-dom-romero-serao-proclamados-santos.html\" \/>\n<meta property=\"og:locale\" content=\"pt_BR\" \/>\n<meta property=\"og:type\" content=\"article\" \/>\n<meta property=\"og:title\" content=\"Papa Paulo VI e Dom Romero ser\u00e3o proclamados santos - Not\u00edcias - Franciscanos\" \/>\n<meta property=\"og:description\" content=\"Canoniza\u00e7\u00e3o\" \/>\n<meta property=\"og:url\" content=\"https:\/\/franciscanos.org.br\/noticias\/papa-paulo-vi-e-dom-romero-serao-proclamados-santos.html\" \/>\n<meta property=\"og:site_name\" content=\"Not\u00edcias - Franciscanos\" \/>\n<meta property=\"article:published_time\" content=\"2018-05-19T12:53:24+00:00\" \/>\n<meta property=\"article:modified_time\" content=\"2020-08-10T18:07:09+00:00\" \/>\n<meta property=\"og:image\" content=\"https:\/\/franciscanos.org.br\/noticias\/wp-content\/uploads\/2018\/05\/canoniza\u00e7\u00e3o_190518.jpg\" \/>\n\t<meta property=\"og:image:width\" content=\"273\" \/>\n\t<meta property=\"og:image:height\" content=\"181\" \/>\n\t<meta property=\"og:image:type\" content=\"image\/jpeg\" \/>\n<meta name=\"author\" content=\"admin\" \/>\n<meta name=\"twitter:card\" content=\"summary_large_image\" \/>\n<meta name=\"twitter:label1\" content=\"Escrito por\" \/>\n\t<meta name=\"twitter:data1\" content=\"admin\" \/>\n\t<meta name=\"twitter:label2\" content=\"Est. tempo de leitura\" \/>\n\t<meta name=\"twitter:data2\" content=\"5 minutos\" \/>\n<script type=\"application\/ld+json\" class=\"yoast-schema-graph\">{\"@context\":\"https:\/\/schema.org\",\"@graph\":[{\"@type\":\"WebSite\",\"@id\":\"https:\/\/franciscanos.org.br\/noticias\/#website\",\"url\":\"https:\/\/franciscanos.org.br\/noticias\/\",\"name\":\"Not\u00edcias - Franciscanos\",\"description\":\"Prov\u00edncia Franciscana da Imaculada Concei\u00e7\u00e3o do Brasil - Ordem dos Frades Menores - OFM\",\"potentialAction\":[{\"@type\":\"SearchAction\",\"target\":{\"@type\":\"EntryPoint\",\"urlTemplate\":\"https:\/\/franciscanos.org.br\/noticias\/?s={search_term_string}\"},\"query-input\":\"required name=search_term_string\"}],\"inLanguage\":\"pt-BR\"},{\"@type\":\"ImageObject\",\"inLanguage\":\"pt-BR\",\"@id\":\"https:\/\/franciscanos.org.br\/noticias\/papa-paulo-vi-e-dom-romero-serao-proclamados-santos.html#primaryimage\",\"url\":\"https:\/\/franciscanos.org.br\/noticias\/wp-content\/uploads\/2018\/05\/canoniza\u00e7\u00e3o_190518.jpg\",\"contentUrl\":\"https:\/\/franciscanos.org.br\/noticias\/wp-content\/uploads\/2018\/05\/canoniza\u00e7\u00e3o_190518.jpg\",\"width\":273,\"height\":181},{\"@type\":\"WebPage\",\"@id\":\"https:\/\/franciscanos.org.br\/noticias\/papa-paulo-vi-e-dom-romero-serao-proclamados-santos.html#webpage\",\"url\":\"https:\/\/franciscanos.org.br\/noticias\/papa-paulo-vi-e-dom-romero-serao-proclamados-santos.html\",\"name\":\"Papa Paulo VI e Dom Romero ser\u00e3o proclamados santos - Not\u00edcias - Franciscanos\",\"isPartOf\":{\"@id\":\"https:\/\/franciscanos.org.br\/noticias\/#website\"},\"primaryImageOfPage\":{\"@id\":\"https:\/\/franciscanos.org.br\/noticias\/papa-paulo-vi-e-dom-romero-serao-proclamados-santos.html#primaryimage\"},\"datePublished\":\"2018-05-19T12:53:24+00:00\",\"dateModified\":\"2020-08-10T18:07:09+00:00\",\"author\":{\"@id\":\"https:\/\/franciscanos.org.br\/noticias\/#\/schema\/person\/b38fbf43118f02820bd932f2e4b14ad3\"},\"breadcrumb\":{\"@id\":\"https:\/\/franciscanos.org.br\/noticias\/papa-paulo-vi-e-dom-romero-serao-proclamados-santos.html#breadcrumb\"},\"inLanguage\":\"pt-BR\",\"potentialAction\":[{\"@type\":\"ReadAction\",\"target\":[\"https:\/\/franciscanos.org.br\/noticias\/papa-paulo-vi-e-dom-romero-serao-proclamados-santos.html\"]}]},{\"@type\":\"BreadcrumbList\",\"@id\":\"https:\/\/franciscanos.org.br\/noticias\/papa-paulo-vi-e-dom-romero-serao-proclamados-santos.html#breadcrumb\",\"itemListElement\":[{\"@type\":\"ListItem\",\"position\":1,\"name\":\"Home\",\"item\":\"https:\/\/franciscanos.org.br\/noticias\"},{\"@type\":\"ListItem\",\"position\":2,\"name\":\"Papa Paulo VI e Dom Romero ser\u00e3o proclamados santos\"}]},{\"@type\":\"Person\",\"@id\":\"https:\/\/franciscanos.org.br\/noticias\/#\/schema\/person\/b38fbf43118f02820bd932f2e4b14ad3\",\"name\":\"admin\",\"image\":{\"@type\":\"ImageObject\",\"inLanguage\":\"pt-BR\",\"@id\":\"https:\/\/franciscanos.org.br\/noticias\/#\/schema\/person\/image\/\",\"url\":\"https:\/\/secure.gravatar.com\/avatar\/e8495742d34d0ba6448ea1c628263b3e?s=96&d=mm&r=g\",\"contentUrl\":\"https:\/\/secure.gravatar.com\/avatar\/e8495742d34d0ba6448ea1c628263b3e?s=96&d=mm&r=g\",\"caption\":\"admin\"},\"url\":\"https:\/\/franciscanos.org.br\/noticias\/author\/admin\"}]}<\/script>\n<!-- \/ Yoast SEO plugin. -->","yoast_head_json":{"title":"Papa Paulo VI e Dom Romero ser\u00e3o proclamados santos - Not\u00edcias - Franciscanos","robots":{"index":"index","follow":"follow","max-snippet":"max-snippet:-1","max-image-preview":"max-image-preview:large","max-video-preview":"max-video-preview:-1"},"canonical":"https:\/\/franciscanos.org.br\/noticias\/papa-paulo-vi-e-dom-romero-serao-proclamados-santos.html","og_locale":"pt_BR","og_type":"article","og_title":"Papa Paulo VI e Dom Romero ser\u00e3o proclamados santos - Not\u00edcias - Franciscanos","og_description":"Canoniza\u00e7\u00e3o","og_url":"https:\/\/franciscanos.org.br\/noticias\/papa-paulo-vi-e-dom-romero-serao-proclamados-santos.html","og_site_name":"Not\u00edcias - Franciscanos","article_published_time":"2018-05-19T12:53:24+00:00","article_modified_time":"2020-08-10T18:07:09+00:00","og_image":[{"width":273,"height":181,"url":"https:\/\/franciscanos.org.br\/noticias\/wp-content\/uploads\/2018\/05\/canoniza\u00e7\u00e3o_190518.jpg","type":"image\/jpeg"}],"author":"admin","twitter_card":"summary_large_image","twitter_misc":{"Escrito por":"admin","Est. tempo de leitura":"5 minutos"},"schema":{"@context":"https:\/\/schema.org","@graph":[{"@type":"WebSite","@id":"https:\/\/franciscanos.org.br\/noticias\/#website","url":"https:\/\/franciscanos.org.br\/noticias\/","name":"Not\u00edcias - Franciscanos","description":"Prov\u00edncia Franciscana da Imaculada Concei\u00e7\u00e3o do Brasil - Ordem dos Frades Menores - OFM","potentialAction":[{"@type":"SearchAction","target":{"@type":"EntryPoint","urlTemplate":"https:\/\/franciscanos.org.br\/noticias\/?s={search_term_string}"},"query-input":"required name=search_term_string"}],"inLanguage":"pt-BR"},{"@type":"ImageObject","inLanguage":"pt-BR","@id":"https:\/\/franciscanos.org.br\/noticias\/papa-paulo-vi-e-dom-romero-serao-proclamados-santos.html#primaryimage","url":"https:\/\/franciscanos.org.br\/noticias\/wp-content\/uploads\/2018\/05\/canoniza\u00e7\u00e3o_190518.jpg","contentUrl":"https:\/\/franciscanos.org.br\/noticias\/wp-content\/uploads\/2018\/05\/canoniza\u00e7\u00e3o_190518.jpg","width":273,"height":181},{"@type":"WebPage","@id":"https:\/\/franciscanos.org.br\/noticias\/papa-paulo-vi-e-dom-romero-serao-proclamados-santos.html#webpage","url":"https:\/\/franciscanos.org.br\/noticias\/papa-paulo-vi-e-dom-romero-serao-proclamados-santos.html","name":"Papa Paulo VI e Dom Romero ser\u00e3o proclamados santos - Not\u00edcias - Franciscanos","isPartOf":{"@id":"https:\/\/franciscanos.org.br\/noticias\/#website"},"primaryImageOfPage":{"@id":"https:\/\/franciscanos.org.br\/noticias\/papa-paulo-vi-e-dom-romero-serao-proclamados-santos.html#primaryimage"},"datePublished":"2018-05-19T12:53:24+00:00","dateModified":"2020-08-10T18:07:09+00:00","author":{"@id":"https:\/\/franciscanos.org.br\/noticias\/#\/schema\/person\/b38fbf43118f02820bd932f2e4b14ad3"},"breadcrumb":{"@id":"https:\/\/franciscanos.org.br\/noticias\/papa-paulo-vi-e-dom-romero-serao-proclamados-santos.html#breadcrumb"},"inLanguage":"pt-BR","potentialAction":[{"@type":"ReadAction","target":["https:\/\/franciscanos.org.br\/noticias\/papa-paulo-vi-e-dom-romero-serao-proclamados-santos.html"]}]},{"@type":"BreadcrumbList","@id":"https:\/\/franciscanos.org.br\/noticias\/papa-paulo-vi-e-dom-romero-serao-proclamados-santos.html#breadcrumb","itemListElement":[{"@type":"ListItem","position":1,"name":"Home","item":"https:\/\/franciscanos.org.br\/noticias"},{"@type":"ListItem","position":2,"name":"Papa Paulo VI e Dom Romero ser\u00e3o proclamados santos"}]},{"@type":"Person","@id":"https:\/\/franciscanos.org.br\/noticias\/#\/schema\/person\/b38fbf43118f02820bd932f2e4b14ad3","name":"admin","image":{"@type":"ImageObject","inLanguage":"pt-BR","@id":"https:\/\/franciscanos.org.br\/noticias\/#\/schema\/person\/image\/","url":"https:\/\/secure.gravatar.com\/avatar\/e8495742d34d0ba6448ea1c628263b3e?s=96&d=mm&r=g","contentUrl":"https:\/\/secure.gravatar.com\/avatar\/e8495742d34d0ba6448ea1c628263b3e?s=96&d=mm&r=g","caption":"admin"},"url":"https:\/\/franciscanos.org.br\/noticias\/author\/admin"}]}},"_links":{"self":[{"href":"https:\/\/franciscanos.org.br\/noticias\/wp-json\/wp\/v2\/posts\/159692"}],"collection":[{"href":"https:\/\/franciscanos.org.br\/noticias\/wp-json\/wp\/v2\/posts"}],"about":[{"href":"https:\/\/franciscanos.org.br\/noticias\/wp-json\/wp\/v2\/types\/post"}],"author":[{"embeddable":true,"href":"https:\/\/franciscanos.org.br\/noticias\/wp-json\/wp\/v2\/users\/1"}],"replies":[{"embeddable":true,"href":"https:\/\/franciscanos.org.br\/noticias\/wp-json\/wp\/v2\/comments?post=159692"}],"version-history":[{"count":1,"href":"https:\/\/franciscanos.org.br\/noticias\/wp-json\/wp\/v2\/posts\/159692\/revisions"}],"predecessor-version":[{"id":227737,"href":"https:\/\/franciscanos.org.br\/noticias\/wp-json\/wp\/v2\/posts\/159692\/revisions\/227737"}],"wp:featuredmedia":[{"embeddable":true,"href":"https:\/\/franciscanos.org.br\/noticias\/wp-json\/wp\/v2\/media\/201022"}],"wp:attachment":[{"href":"https:\/\/franciscanos.org.br\/noticias\/wp-json\/wp\/v2\/media?parent=159692"}],"wp:term":[{"taxonomy":"category","embeddable":true,"href":"https:\/\/franciscanos.org.br\/noticias\/wp-json\/wp\/v2\/categories?post=159692"},{"taxonomy":"post_tag","embeddable":true,"href":"https:\/\/franciscanos.org.br\/noticias\/wp-json\/wp\/v2\/tags?post=159692"}],"curies":[{"name":"wp","href":"https:\/\/api.w.org\/{rel}","templated":true}]}}