{"id":159654,"date":"2018-05-18T08:23:46","date_gmt":"2018-05-18T11:23:46","guid":{"rendered":"http:\/\/franciscanos.org.br\/?p=159654"},"modified":"2020-06-07T15:13:38","modified_gmt":"2020-06-07T18:13:38","slug":"o-pastor-nao-perde-tempo-em-aliancas","status":"publish","type":"post","link":"https:\/\/franciscanos.org.br\/noticias\/o-pastor-nao-perde-tempo-em-aliancas.html","title":{"rendered":"Papa: O pastor n\u00e3o perde tempo em alian\u00e7as"},"content":{"rendered":"<p><img loading=\"lazy\" src=\"http:\/\/franciscanos.org.br\/wp-content\/uploads\/2017\/10\/marta_301017g.jpg\" alt=\"marta_301017g\" width=\"830\" height=\"450\" \/><\/p>\n<p><strong>Cidade do Vaticano<\/strong> &#8211; \u201cAmar, apascentar e preparar-se para a cruz\u201d, mas sobretudo n\u00e3o cair na tenta\u00e7\u00e3o de \u201cse intrometer na vida dos outros\u201d. Na missa celebrada hoje (18), na capela da Casa Santa Marta, o Papa Francisco traduz em comportamentos concretos o \u201csegue-me\u201d que Jesus dirige aos seus disc\u00edpulos. O ponto de partida \u00e9 o trecho do Evangelho de Jo\u00e3o, em que descreve o \u00faltimo di\u00e1logo entre o Senhor e Pedro. Um col\u00f3quio repleto de recorda\u00e7\u00f5es de \u201cSim\u00e3o, filho de Jo\u00e3o\u201d: desde que mudou o seu nome, passando por momentos de fraqueza at\u00e9 o \u201ccanto do galo\u201d. Um itiner\u00e1rio mental que o Senhor quer para cada um de n\u00f3s, para que \u201cse fa\u00e7a mem\u00f3ria do caminho realizado\u201d com Ele.<\/p>\n<p><strong>O primeiro passo no di\u00e1logo com o Senhor \u00e9 o amor<\/strong><br \/>\nNa homilia, o Pont\u00edfice recordou as tr\u00eas indica\u00e7\u00f5es que o Senhor dirige a Pedro: \u201cama-me, apascenta e prepara-te\u201d. Antes de tudo, o amor, a gram\u00e1tica essencial para ser verdadeiros disc\u00edpulos do Filho de Deus; e, depois, apascentar, cuidar, porque a verdadeira identidade do pastor \u00e9 apascentar, \u201ca identidade de um bispo, de um padre, \u00e9 ser pastor\u201d.<br \/>\n\u201cAma-me, apascenta e prepara-te. Ama-me mais do que os outros, ama-me como puder, mas me ama. \u00c9 o que o Senhor pede aos pastores e tamb\u00e9m a todos n\u00f3s. \u2018Ama-me.\u2019 O primeiro passo no di\u00e1logo com o Senhor \u00e9 o amor\u201d.<\/p>\n<p><strong>A b\u00fassola de um pastor<\/strong><br \/>\nO Papa recordou que quem abra\u00e7a o Senhor est\u00e1 destinado ao \u201cmart\u00edrio\u201d, a \u201ccarregar a cruz\u201d, a ser conduzido para onde n\u00e3o deseja. Esta \u00e9 a b\u00fassola que orienta o caminho do pastor.<br \/>\n\u201cPreparar-se para as prova\u00e7\u00f5es, a deixar tudo para que venha outro e fa\u00e7a coisas diferentes. Prepare-se para esta aniquila\u00e7\u00e3o na vida. E o levar\u00e3o na estrada das humilha\u00e7\u00f5es, talvez para a estrada do mart\u00edrio. E aqueles que quando voc\u00ea era pastor o louvavam e falavam bem de voc\u00ea, agora falar\u00e3o mal, porque o outro que vem parece melhor. Prepare-se. Prepare-se para a cruz quando o levarem para onde voc\u00ea n\u00e3o quer. \u2018Ama-me, apascenta e prepara-te\u2019. Esta \u00e9 a rota de um pastor, a b\u00fassola\u201d.<\/p>\n<p><strong>N\u00e3o \u00e0s alian\u00e7as eclesi\u00e1sticas<\/strong><br \/>\nA \u00faltima parte do di\u00e1logo permite a Francisco falar da \u00faltima tenta\u00e7\u00e3o, t\u00e3o comum: o desejo de se intrometer na vida dos outros, sem se contentar em olhar para a pr\u00f3pria vida.<br \/>\n\u201cColoque-se no seu lugar, n\u00e3o enfie o nariz na vida dos outros. O pastor ama, apascenta e se prepara para a cruz, para o despojamento e n\u00e3o enfia o nariz na vida dos outros, n\u00e3o perde tempo em alian\u00e7as, em alian\u00e7as eclesi\u00e1sticas. Ama, apascenta e se prepara e n\u00e3o cai na tenta\u00e7\u00e3o\u201d.<\/p>\n<hr \/>\n<p><em>Fonte: Vatican News<\/em><\/p>\n","protected":false},"excerpt":{"rendered":"<p>Missa em Santa Marta<\/p>\n","protected":false},"author":1,"featured_media":199521,"comment_status":"open","ping_status":"open","sticky":false,"template":"","format":"standard","meta":[],"categories":[1428],"tags":[1586],"acf":[],"yoast_head":"<!-- This site is optimized with the Yoast SEO plugin v19.2 - https:\/\/yoast.com\/wordpress\/plugins\/seo\/ -->\n<title>Papa: O pastor n\u00e3o perde tempo em alian\u00e7as - Not\u00edcias - Franciscanos<\/title>\n<meta name=\"robots\" content=\"index, follow, max-snippet:-1, max-image-preview:large, max-video-preview:-1\" \/>\n<link rel=\"canonical\" href=\"https:\/\/franciscanos.org.br\/noticias\/o-pastor-nao-perde-tempo-em-aliancas.html\" \/>\n<meta property=\"og:locale\" content=\"pt_BR\" \/>\n<meta property=\"og:type\" content=\"article\" \/>\n<meta property=\"og:title\" content=\"Papa: O pastor n\u00e3o perde tempo em alian\u00e7as - Not\u00edcias - Franciscanos\" \/>\n<meta property=\"og:description\" content=\"Missa em Santa Marta\" \/>\n<meta property=\"og:url\" content=\"https:\/\/franciscanos.org.br\/noticias\/o-pastor-nao-perde-tempo-em-aliancas.html\" \/>\n<meta property=\"og:site_name\" content=\"Not\u00edcias - Franciscanos\" \/>\n<meta property=\"article:published_time\" content=\"2018-05-18T11:23:46+00:00\" \/>\n<meta property=\"article:modified_time\" content=\"2020-06-07T18:13:38+00:00\" \/>\n<meta property=\"og:image\" content=\"https:\/\/franciscanos.org.br\/noticias\/wp-content\/uploads\/2018\/05\/marta_301017g.jpg\" \/>\n\t<meta property=\"og:image:width\" content=\"273\" \/>\n\t<meta property=\"og:image:height\" content=\"181\" \/>\n\t<meta property=\"og:image:type\" content=\"image\/jpeg\" \/>\n<meta name=\"author\" content=\"admin\" \/>\n<meta name=\"twitter:card\" content=\"summary_large_image\" \/>\n<meta name=\"twitter:label1\" content=\"Escrito por\" \/>\n\t<meta name=\"twitter:data1\" content=\"admin\" \/>\n\t<meta name=\"twitter:label2\" content=\"Est. tempo de leitura\" \/>\n\t<meta name=\"twitter:data2\" content=\"2 minutos\" \/>\n<script type=\"application\/ld+json\" class=\"yoast-schema-graph\">{\"@context\":\"https:\/\/schema.org\",\"@graph\":[{\"@type\":\"WebSite\",\"@id\":\"https:\/\/franciscanos.org.br\/noticias\/#website\",\"url\":\"https:\/\/franciscanos.org.br\/noticias\/\",\"name\":\"Not\u00edcias - Franciscanos\",\"description\":\"Prov\u00edncia Franciscana da Imaculada Concei\u00e7\u00e3o do Brasil - Ordem dos Frades Menores - OFM\",\"potentialAction\":[{\"@type\":\"SearchAction\",\"target\":{\"@type\":\"EntryPoint\",\"urlTemplate\":\"https:\/\/franciscanos.org.br\/noticias\/?s={search_term_string}\"},\"query-input\":\"required name=search_term_string\"}],\"inLanguage\":\"pt-BR\"},{\"@type\":\"ImageObject\",\"inLanguage\":\"pt-BR\",\"@id\":\"https:\/\/franciscanos.org.br\/noticias\/o-pastor-nao-perde-tempo-em-aliancas.html#primaryimage\",\"url\":\"https:\/\/franciscanos.org.br\/noticias\/wp-content\/uploads\/2018\/05\/marta_301017g.jpg\",\"contentUrl\":\"https:\/\/franciscanos.org.br\/noticias\/wp-content\/uploads\/2018\/05\/marta_301017g.jpg\",\"width\":273,\"height\":181},{\"@type\":\"WebPage\",\"@id\":\"https:\/\/franciscanos.org.br\/noticias\/o-pastor-nao-perde-tempo-em-aliancas.html#webpage\",\"url\":\"https:\/\/franciscanos.org.br\/noticias\/o-pastor-nao-perde-tempo-em-aliancas.html\",\"name\":\"Papa: O pastor n\u00e3o perde tempo em alian\u00e7as - Not\u00edcias - Franciscanos\",\"isPartOf\":{\"@id\":\"https:\/\/franciscanos.org.br\/noticias\/#website\"},\"primaryImageOfPage\":{\"@id\":\"https:\/\/franciscanos.org.br\/noticias\/o-pastor-nao-perde-tempo-em-aliancas.html#primaryimage\"},\"datePublished\":\"2018-05-18T11:23:46+00:00\",\"dateModified\":\"2020-06-07T18:13:38+00:00\",\"author\":{\"@id\":\"https:\/\/franciscanos.org.br\/noticias\/#\/schema\/person\/b38fbf43118f02820bd932f2e4b14ad3\"},\"breadcrumb\":{\"@id\":\"https:\/\/franciscanos.org.br\/noticias\/o-pastor-nao-perde-tempo-em-aliancas.html#breadcrumb\"},\"inLanguage\":\"pt-BR\",\"potentialAction\":[{\"@type\":\"ReadAction\",\"target\":[\"https:\/\/franciscanos.org.br\/noticias\/o-pastor-nao-perde-tempo-em-aliancas.html\"]}]},{\"@type\":\"BreadcrumbList\",\"@id\":\"https:\/\/franciscanos.org.br\/noticias\/o-pastor-nao-perde-tempo-em-aliancas.html#breadcrumb\",\"itemListElement\":[{\"@type\":\"ListItem\",\"position\":1,\"name\":\"Home\",\"item\":\"https:\/\/franciscanos.org.br\/noticias\"},{\"@type\":\"ListItem\",\"position\":2,\"name\":\"Papa: O pastor n\u00e3o perde tempo em alian\u00e7as\"}]},{\"@type\":\"Person\",\"@id\":\"https:\/\/franciscanos.org.br\/noticias\/#\/schema\/person\/b38fbf43118f02820bd932f2e4b14ad3\",\"name\":\"admin\",\"image\":{\"@type\":\"ImageObject\",\"inLanguage\":\"pt-BR\",\"@id\":\"https:\/\/franciscanos.org.br\/noticias\/#\/schema\/person\/image\/\",\"url\":\"https:\/\/secure.gravatar.com\/avatar\/e8495742d34d0ba6448ea1c628263b3e?s=96&d=mm&r=g\",\"contentUrl\":\"https:\/\/secure.gravatar.com\/avatar\/e8495742d34d0ba6448ea1c628263b3e?s=96&d=mm&r=g\",\"caption\":\"admin\"},\"url\":\"https:\/\/franciscanos.org.br\/noticias\/author\/admin\"}]}<\/script>\n<!-- \/ Yoast SEO plugin. -->","yoast_head_json":{"title":"Papa: O pastor n\u00e3o perde tempo em alian\u00e7as - Not\u00edcias - Franciscanos","robots":{"index":"index","follow":"follow","max-snippet":"max-snippet:-1","max-image-preview":"max-image-preview:large","max-video-preview":"max-video-preview:-1"},"canonical":"https:\/\/franciscanos.org.br\/noticias\/o-pastor-nao-perde-tempo-em-aliancas.html","og_locale":"pt_BR","og_type":"article","og_title":"Papa: O pastor n\u00e3o perde tempo em alian\u00e7as - Not\u00edcias - Franciscanos","og_description":"Missa em Santa Marta","og_url":"https:\/\/franciscanos.org.br\/noticias\/o-pastor-nao-perde-tempo-em-aliancas.html","og_site_name":"Not\u00edcias - Franciscanos","article_published_time":"2018-05-18T11:23:46+00:00","article_modified_time":"2020-06-07T18:13:38+00:00","og_image":[{"width":273,"height":181,"url":"https:\/\/franciscanos.org.br\/noticias\/wp-content\/uploads\/2018\/05\/marta_301017g.jpg","type":"image\/jpeg"}],"author":"admin","twitter_card":"summary_large_image","twitter_misc":{"Escrito por":"admin","Est. tempo de leitura":"2 minutos"},"schema":{"@context":"https:\/\/schema.org","@graph":[{"@type":"WebSite","@id":"https:\/\/franciscanos.org.br\/noticias\/#website","url":"https:\/\/franciscanos.org.br\/noticias\/","name":"Not\u00edcias - Franciscanos","description":"Prov\u00edncia Franciscana da Imaculada Concei\u00e7\u00e3o do Brasil - Ordem dos Frades Menores - OFM","potentialAction":[{"@type":"SearchAction","target":{"@type":"EntryPoint","urlTemplate":"https:\/\/franciscanos.org.br\/noticias\/?s={search_term_string}"},"query-input":"required name=search_term_string"}],"inLanguage":"pt-BR"},{"@type":"ImageObject","inLanguage":"pt-BR","@id":"https:\/\/franciscanos.org.br\/noticias\/o-pastor-nao-perde-tempo-em-aliancas.html#primaryimage","url":"https:\/\/franciscanos.org.br\/noticias\/wp-content\/uploads\/2018\/05\/marta_301017g.jpg","contentUrl":"https:\/\/franciscanos.org.br\/noticias\/wp-content\/uploads\/2018\/05\/marta_301017g.jpg","width":273,"height":181},{"@type":"WebPage","@id":"https:\/\/franciscanos.org.br\/noticias\/o-pastor-nao-perde-tempo-em-aliancas.html#webpage","url":"https:\/\/franciscanos.org.br\/noticias\/o-pastor-nao-perde-tempo-em-aliancas.html","name":"Papa: O pastor n\u00e3o perde tempo em alian\u00e7as - Not\u00edcias - Franciscanos","isPartOf":{"@id":"https:\/\/franciscanos.org.br\/noticias\/#website"},"primaryImageOfPage":{"@id":"https:\/\/franciscanos.org.br\/noticias\/o-pastor-nao-perde-tempo-em-aliancas.html#primaryimage"},"datePublished":"2018-05-18T11:23:46+00:00","dateModified":"2020-06-07T18:13:38+00:00","author":{"@id":"https:\/\/franciscanos.org.br\/noticias\/#\/schema\/person\/b38fbf43118f02820bd932f2e4b14ad3"},"breadcrumb":{"@id":"https:\/\/franciscanos.org.br\/noticias\/o-pastor-nao-perde-tempo-em-aliancas.html#breadcrumb"},"inLanguage":"pt-BR","potentialAction":[{"@type":"ReadAction","target":["https:\/\/franciscanos.org.br\/noticias\/o-pastor-nao-perde-tempo-em-aliancas.html"]}]},{"@type":"BreadcrumbList","@id":"https:\/\/franciscanos.org.br\/noticias\/o-pastor-nao-perde-tempo-em-aliancas.html#breadcrumb","itemListElement":[{"@type":"ListItem","position":1,"name":"Home","item":"https:\/\/franciscanos.org.br\/noticias"},{"@type":"ListItem","position":2,"name":"Papa: O pastor n\u00e3o perde tempo em alian\u00e7as"}]},{"@type":"Person","@id":"https:\/\/franciscanos.org.br\/noticias\/#\/schema\/person\/b38fbf43118f02820bd932f2e4b14ad3","name":"admin","image":{"@type":"ImageObject","inLanguage":"pt-BR","@id":"https:\/\/franciscanos.org.br\/noticias\/#\/schema\/person\/image\/","url":"https:\/\/secure.gravatar.com\/avatar\/e8495742d34d0ba6448ea1c628263b3e?s=96&d=mm&r=g","contentUrl":"https:\/\/secure.gravatar.com\/avatar\/e8495742d34d0ba6448ea1c628263b3e?s=96&d=mm&r=g","caption":"admin"},"url":"https:\/\/franciscanos.org.br\/noticias\/author\/admin"}]}},"_links":{"self":[{"href":"https:\/\/franciscanos.org.br\/noticias\/wp-json\/wp\/v2\/posts\/159654"}],"collection":[{"href":"https:\/\/franciscanos.org.br\/noticias\/wp-json\/wp\/v2\/posts"}],"about":[{"href":"https:\/\/franciscanos.org.br\/noticias\/wp-json\/wp\/v2\/types\/post"}],"author":[{"embeddable":true,"href":"https:\/\/franciscanos.org.br\/noticias\/wp-json\/wp\/v2\/users\/1"}],"replies":[{"embeddable":true,"href":"https:\/\/franciscanos.org.br\/noticias\/wp-json\/wp\/v2\/comments?post=159654"}],"version-history":[{"count":1,"href":"https:\/\/franciscanos.org.br\/noticias\/wp-json\/wp\/v2\/posts\/159654\/revisions"}],"predecessor-version":[{"id":224972,"href":"https:\/\/franciscanos.org.br\/noticias\/wp-json\/wp\/v2\/posts\/159654\/revisions\/224972"}],"wp:featuredmedia":[{"embeddable":true,"href":"https:\/\/franciscanos.org.br\/noticias\/wp-json\/wp\/v2\/media\/199521"}],"wp:attachment":[{"href":"https:\/\/franciscanos.org.br\/noticias\/wp-json\/wp\/v2\/media?parent=159654"}],"wp:term":[{"taxonomy":"category","embeddable":true,"href":"https:\/\/franciscanos.org.br\/noticias\/wp-json\/wp\/v2\/categories?post=159654"},{"taxonomy":"post_tag","embeddable":true,"href":"https:\/\/franciscanos.org.br\/noticias\/wp-json\/wp\/v2\/tags?post=159654"}],"curies":[{"name":"wp","href":"https:\/\/api.w.org\/{rel}","templated":true}]}}