{"id":159465,"date":"2018-05-15T09:22:38","date_gmt":"2018-05-15T12:22:38","guid":{"rendered":"http:\/\/franciscanos.org.br\/?p=159465"},"modified":"2019-08-08T08:40:40","modified_gmt":"2019-08-08T11:40:40","slug":"itf-celebra-centenario-de-frei-constantino-koser","status":"publish","type":"post","link":"https:\/\/franciscanos.org.br\/noticias\/itf-celebra-centenario-de-frei-constantino-koser.html","title":{"rendered":"ITF celebra centen\u00e1rio de Frei Constantino Koser"},"content":{"rendered":"<p><img loading=\"lazy\" src=\"http:\/\/franciscanos.org.br\/wp-content\/uploads\/2018\/05\/itf_150518G.jpg\" alt=\"itf_150518G\" width=\"830\" height=\"400\" \/><br \/>\n<strong>Neuci L. Silva<\/strong><\/p>\n<p><strong>Petr\u00f3polis &#8211;<\/strong> Na manh\u00e3 do dia 10 de maio, o Instituto Teol\u00f3gico Franciscano (ITF) comemorou o centen\u00e1rio do nascimento de Frei Constantino Koser, que, al\u00e9m de professor de Teologia Sistem\u00e1tica, no ITF, foi o \u00fanico brasileiro eleito Ministro Geral da Ordem dos Frades Menores.<\/p>\n<p>Na ocasi\u00e3o, Frei El\u00f3i Dion\u00edsio Piva, discorreu sobre a biografia de seu confrade, ressaltando a import\u00e2ncia dele para a Ordem e, particularmente para o ITF. Frei Constantino colaborou intensa e entusiasticamente para a implanta\u00e7\u00e3o da biblioteca do Instituto, adquirindo in\u00fameras obras de grande envergadura no campo teol\u00f3gico e doando, mais tarde, sua biblioteca pessoal, de Ministro Geral.<\/p>\n<p>Frei Piva recordou que, apesar de sua grande relev\u00e2ncia e notoriedade, ele: \u201cConviveu bem integrado na fraternidade, em esp\u00edrito de simplicidade e desprendimento\u201d.<\/p>\n<p>De seu legado, foram destacados os seguintes aspectos:\u00a0paix\u00e3o pela vida e pr\u00f3-atividade em sua busca e sentido; humanidade; entusiasmo pelo carisma franciscano; amor ao estudo; dinamismo e integra\u00e7\u00e3o na Fam\u00edlia Franciscana, na Igreja e na sociedade.<\/p>\n<p>Dando continuidade \u00e0 homenagem, Frei Fernando de Ara\u00fajo Lima tomou a palavra e recordou um trecho da can\u00e7\u00e3o: \u201cVoc\u00ea n\u00e3o me ensinou a te esquecer\u201d, de Caetano Veloso.<\/p>\n<p>\u201cE nesse desespero em que me vejo \/ J\u00e1 cheguei a tal ponto \/ De me trocar diversas vezes por voc\u00ea \/ S\u00f3 pra ver se te encontro\u201d<\/p>\n<p>Partindo dessa estrofe, Frei Fernando, que \u00e9 psic\u00f3logo, falou sobre o processo de luto e sobre viver os valores da pessoa que morre e que muito am\u00e1vamos. De acordo com ele, \u201cao cultivar os livros, o saber, a pesquisa, o ensino, estamos continuando a viver o que Frei Constantino viveu com tanto amor\u201d.<\/p>\n<p>Na sequ\u00eancia, Frei Ludovico Garmus deu um testemunho emocionado. Recordou o tempo em que era um dos alunos de Frei Constantino; e os momentos finais de seu mestre querido.<\/p>\n<p>Concluindo o evento, Frei Ant\u00f4nio Everaldo Palubiack Marinho agradeceu a todos os presentes e leu uma mensagem que Frei Gilberto da Silva enviou de Roma, especialmente para a ocasi\u00e3o.\u00a0Frei Gilberto da Silva, no momento, encontra-se em Roma, ocupando-se com a elabora\u00e7\u00e3o de sua tese\u00a0de doutorado sobre o \u201cEstudo das medita\u00e7\u00f5es\u00a0de Frei Constantino Koser e a edi\u00e7\u00e3o do ano de 1967\u201d.<\/p>\n<p>A cerim\u00f4nia foi abrilhantada por um quarteto de frades estudantes, respons\u00e1veis pela parte musical.<\/p>\n<p>\u201cMuitas vezes senti-me desanimado diante da realidade de hoje. Nesses momentos, com o recurso da ora\u00e7\u00e3o, recorri tamb\u00e9m \u00e0 hist\u00f3ria. Lendo e informando-me sobre o passado \u2013 de modo realista e n\u00e3o com a mentalidade nost\u00e1lgica dos \u201cbons tempos de outrora\u201d \u2013 nunca levei muitas horas para convencer-me de que estava vivendo a melhor de todas as \u00e9pocas, a mais favor\u00e1vel ao Evangelho, a mais prop\u00edcia para a Igreja e a mais adaptada \u00e0 forma de vida franciscana. E n\u00e3o creio que meu modo de pensar seja ing\u00eanuo ou infantil.\u201d<\/p>\n","protected":false},"excerpt":{"rendered":"<p>Petr\u00f3polis<\/p>\n","protected":false},"author":1,"featured_media":209072,"comment_status":"open","ping_status":"open","sticky":false,"template":"","format":"standard","meta":[],"categories":[1],"tags":[707,189],"acf":[],"yoast_head":"<!-- This site is optimized with the Yoast SEO plugin v19.2 - https:\/\/yoast.com\/wordpress\/plugins\/seo\/ -->\n<title>ITF celebra centen\u00e1rio de Frei Constantino Koser - Not\u00edcias - Franciscanos<\/title>\n<meta name=\"robots\" content=\"index, follow, max-snippet:-1, max-image-preview:large, max-video-preview:-1\" \/>\n<link rel=\"canonical\" href=\"https:\/\/franciscanos.org.br\/noticias\/itf-celebra-centenario-de-frei-constantino-koser.html\" \/>\n<meta property=\"og:locale\" content=\"pt_BR\" \/>\n<meta property=\"og:type\" content=\"article\" \/>\n<meta property=\"og:title\" content=\"ITF celebra centen\u00e1rio de Frei Constantino Koser - Not\u00edcias - Franciscanos\" \/>\n<meta property=\"og:description\" content=\"Petr\u00f3polis\" \/>\n<meta property=\"og:url\" content=\"https:\/\/franciscanos.org.br\/noticias\/itf-celebra-centenario-de-frei-constantino-koser.html\" \/>\n<meta property=\"og:site_name\" content=\"Not\u00edcias - Franciscanos\" \/>\n<meta property=\"article:published_time\" content=\"2018-05-15T12:22:38+00:00\" \/>\n<meta property=\"article:modified_time\" content=\"2019-08-08T11:40:40+00:00\" \/>\n<meta property=\"og:image\" content=\"https:\/\/franciscanos.org.br\/noticias\/wp-content\/uploads\/2018\/05\/itf_150518G.jpg\" \/>\n\t<meta property=\"og:image:width\" content=\"273\" \/>\n\t<meta property=\"og:image:height\" content=\"181\" \/>\n\t<meta property=\"og:image:type\" content=\"image\/jpeg\" \/>\n<meta name=\"author\" content=\"admin\" \/>\n<meta name=\"twitter:card\" content=\"summary_large_image\" \/>\n<meta name=\"twitter:label1\" content=\"Escrito por\" \/>\n\t<meta name=\"twitter:data1\" content=\"admin\" \/>\n\t<meta name=\"twitter:label2\" content=\"Est. tempo de leitura\" \/>\n\t<meta name=\"twitter:data2\" content=\"2 minutos\" \/>\n<script type=\"application\/ld+json\" class=\"yoast-schema-graph\">{\"@context\":\"https:\/\/schema.org\",\"@graph\":[{\"@type\":\"WebSite\",\"@id\":\"https:\/\/franciscanos.org.br\/noticias\/#website\",\"url\":\"https:\/\/franciscanos.org.br\/noticias\/\",\"name\":\"Not\u00edcias - Franciscanos\",\"description\":\"Prov\u00edncia Franciscana da Imaculada Concei\u00e7\u00e3o do Brasil - Ordem dos Frades Menores - OFM\",\"potentialAction\":[{\"@type\":\"SearchAction\",\"target\":{\"@type\":\"EntryPoint\",\"urlTemplate\":\"https:\/\/franciscanos.org.br\/noticias\/?s={search_term_string}\"},\"query-input\":\"required name=search_term_string\"}],\"inLanguage\":\"pt-BR\"},{\"@type\":\"ImageObject\",\"inLanguage\":\"pt-BR\",\"@id\":\"https:\/\/franciscanos.org.br\/noticias\/itf-celebra-centenario-de-frei-constantino-koser.html#primaryimage\",\"url\":\"https:\/\/franciscanos.org.br\/noticias\/wp-content\/uploads\/2018\/05\/itf_150518G.jpg\",\"contentUrl\":\"https:\/\/franciscanos.org.br\/noticias\/wp-content\/uploads\/2018\/05\/itf_150518G.jpg\",\"width\":273,\"height\":181},{\"@type\":\"WebPage\",\"@id\":\"https:\/\/franciscanos.org.br\/noticias\/itf-celebra-centenario-de-frei-constantino-koser.html#webpage\",\"url\":\"https:\/\/franciscanos.org.br\/noticias\/itf-celebra-centenario-de-frei-constantino-koser.html\",\"name\":\"ITF celebra centen\u00e1rio de Frei Constantino Koser - Not\u00edcias - Franciscanos\",\"isPartOf\":{\"@id\":\"https:\/\/franciscanos.org.br\/noticias\/#website\"},\"primaryImageOfPage\":{\"@id\":\"https:\/\/franciscanos.org.br\/noticias\/itf-celebra-centenario-de-frei-constantino-koser.html#primaryimage\"},\"datePublished\":\"2018-05-15T12:22:38+00:00\",\"dateModified\":\"2019-08-08T11:40:40+00:00\",\"author\":{\"@id\":\"https:\/\/franciscanos.org.br\/noticias\/#\/schema\/person\/b38fbf43118f02820bd932f2e4b14ad3\"},\"breadcrumb\":{\"@id\":\"https:\/\/franciscanos.org.br\/noticias\/itf-celebra-centenario-de-frei-constantino-koser.html#breadcrumb\"},\"inLanguage\":\"pt-BR\",\"potentialAction\":[{\"@type\":\"ReadAction\",\"target\":[\"https:\/\/franciscanos.org.br\/noticias\/itf-celebra-centenario-de-frei-constantino-koser.html\"]}]},{\"@type\":\"BreadcrumbList\",\"@id\":\"https:\/\/franciscanos.org.br\/noticias\/itf-celebra-centenario-de-frei-constantino-koser.html#breadcrumb\",\"itemListElement\":[{\"@type\":\"ListItem\",\"position\":1,\"name\":\"Home\",\"item\":\"https:\/\/franciscanos.org.br\/noticias\"},{\"@type\":\"ListItem\",\"position\":2,\"name\":\"ITF celebra centen\u00e1rio de Frei Constantino Koser\"}]},{\"@type\":\"Person\",\"@id\":\"https:\/\/franciscanos.org.br\/noticias\/#\/schema\/person\/b38fbf43118f02820bd932f2e4b14ad3\",\"name\":\"admin\",\"image\":{\"@type\":\"ImageObject\",\"inLanguage\":\"pt-BR\",\"@id\":\"https:\/\/franciscanos.org.br\/noticias\/#\/schema\/person\/image\/\",\"url\":\"https:\/\/secure.gravatar.com\/avatar\/e8495742d34d0ba6448ea1c628263b3e?s=96&d=mm&r=g\",\"contentUrl\":\"https:\/\/secure.gravatar.com\/avatar\/e8495742d34d0ba6448ea1c628263b3e?s=96&d=mm&r=g\",\"caption\":\"admin\"},\"url\":\"https:\/\/franciscanos.org.br\/noticias\/author\/admin\"}]}<\/script>\n<!-- \/ Yoast SEO plugin. -->","yoast_head_json":{"title":"ITF celebra centen\u00e1rio de Frei Constantino Koser - Not\u00edcias - Franciscanos","robots":{"index":"index","follow":"follow","max-snippet":"max-snippet:-1","max-image-preview":"max-image-preview:large","max-video-preview":"max-video-preview:-1"},"canonical":"https:\/\/franciscanos.org.br\/noticias\/itf-celebra-centenario-de-frei-constantino-koser.html","og_locale":"pt_BR","og_type":"article","og_title":"ITF celebra centen\u00e1rio de Frei Constantino Koser - Not\u00edcias - Franciscanos","og_description":"Petr\u00f3polis","og_url":"https:\/\/franciscanos.org.br\/noticias\/itf-celebra-centenario-de-frei-constantino-koser.html","og_site_name":"Not\u00edcias - Franciscanos","article_published_time":"2018-05-15T12:22:38+00:00","article_modified_time":"2019-08-08T11:40:40+00:00","og_image":[{"width":273,"height":181,"url":"https:\/\/franciscanos.org.br\/noticias\/wp-content\/uploads\/2018\/05\/itf_150518G.jpg","type":"image\/jpeg"}],"author":"admin","twitter_card":"summary_large_image","twitter_misc":{"Escrito por":"admin","Est. tempo de leitura":"2 minutos"},"schema":{"@context":"https:\/\/schema.org","@graph":[{"@type":"WebSite","@id":"https:\/\/franciscanos.org.br\/noticias\/#website","url":"https:\/\/franciscanos.org.br\/noticias\/","name":"Not\u00edcias - Franciscanos","description":"Prov\u00edncia Franciscana da Imaculada Concei\u00e7\u00e3o do Brasil - Ordem dos Frades Menores - OFM","potentialAction":[{"@type":"SearchAction","target":{"@type":"EntryPoint","urlTemplate":"https:\/\/franciscanos.org.br\/noticias\/?s={search_term_string}"},"query-input":"required name=search_term_string"}],"inLanguage":"pt-BR"},{"@type":"ImageObject","inLanguage":"pt-BR","@id":"https:\/\/franciscanos.org.br\/noticias\/itf-celebra-centenario-de-frei-constantino-koser.html#primaryimage","url":"https:\/\/franciscanos.org.br\/noticias\/wp-content\/uploads\/2018\/05\/itf_150518G.jpg","contentUrl":"https:\/\/franciscanos.org.br\/noticias\/wp-content\/uploads\/2018\/05\/itf_150518G.jpg","width":273,"height":181},{"@type":"WebPage","@id":"https:\/\/franciscanos.org.br\/noticias\/itf-celebra-centenario-de-frei-constantino-koser.html#webpage","url":"https:\/\/franciscanos.org.br\/noticias\/itf-celebra-centenario-de-frei-constantino-koser.html","name":"ITF celebra centen\u00e1rio de Frei Constantino Koser - Not\u00edcias - Franciscanos","isPartOf":{"@id":"https:\/\/franciscanos.org.br\/noticias\/#website"},"primaryImageOfPage":{"@id":"https:\/\/franciscanos.org.br\/noticias\/itf-celebra-centenario-de-frei-constantino-koser.html#primaryimage"},"datePublished":"2018-05-15T12:22:38+00:00","dateModified":"2019-08-08T11:40:40+00:00","author":{"@id":"https:\/\/franciscanos.org.br\/noticias\/#\/schema\/person\/b38fbf43118f02820bd932f2e4b14ad3"},"breadcrumb":{"@id":"https:\/\/franciscanos.org.br\/noticias\/itf-celebra-centenario-de-frei-constantino-koser.html#breadcrumb"},"inLanguage":"pt-BR","potentialAction":[{"@type":"ReadAction","target":["https:\/\/franciscanos.org.br\/noticias\/itf-celebra-centenario-de-frei-constantino-koser.html"]}]},{"@type":"BreadcrumbList","@id":"https:\/\/franciscanos.org.br\/noticias\/itf-celebra-centenario-de-frei-constantino-koser.html#breadcrumb","itemListElement":[{"@type":"ListItem","position":1,"name":"Home","item":"https:\/\/franciscanos.org.br\/noticias"},{"@type":"ListItem","position":2,"name":"ITF celebra centen\u00e1rio de Frei Constantino Koser"}]},{"@type":"Person","@id":"https:\/\/franciscanos.org.br\/noticias\/#\/schema\/person\/b38fbf43118f02820bd932f2e4b14ad3","name":"admin","image":{"@type":"ImageObject","inLanguage":"pt-BR","@id":"https:\/\/franciscanos.org.br\/noticias\/#\/schema\/person\/image\/","url":"https:\/\/secure.gravatar.com\/avatar\/e8495742d34d0ba6448ea1c628263b3e?s=96&d=mm&r=g","contentUrl":"https:\/\/secure.gravatar.com\/avatar\/e8495742d34d0ba6448ea1c628263b3e?s=96&d=mm&r=g","caption":"admin"},"url":"https:\/\/franciscanos.org.br\/noticias\/author\/admin"}]}},"_links":{"self":[{"href":"https:\/\/franciscanos.org.br\/noticias\/wp-json\/wp\/v2\/posts\/159465"}],"collection":[{"href":"https:\/\/franciscanos.org.br\/noticias\/wp-json\/wp\/v2\/posts"}],"about":[{"href":"https:\/\/franciscanos.org.br\/noticias\/wp-json\/wp\/v2\/types\/post"}],"author":[{"embeddable":true,"href":"https:\/\/franciscanos.org.br\/noticias\/wp-json\/wp\/v2\/users\/1"}],"replies":[{"embeddable":true,"href":"https:\/\/franciscanos.org.br\/noticias\/wp-json\/wp\/v2\/comments?post=159465"}],"version-history":[{"count":0,"href":"https:\/\/franciscanos.org.br\/noticias\/wp-json\/wp\/v2\/posts\/159465\/revisions"}],"wp:featuredmedia":[{"embeddable":true,"href":"https:\/\/franciscanos.org.br\/noticias\/wp-json\/wp\/v2\/media\/209072"}],"wp:attachment":[{"href":"https:\/\/franciscanos.org.br\/noticias\/wp-json\/wp\/v2\/media?parent=159465"}],"wp:term":[{"taxonomy":"category","embeddable":true,"href":"https:\/\/franciscanos.org.br\/noticias\/wp-json\/wp\/v2\/categories?post=159465"},{"taxonomy":"post_tag","embeddable":true,"href":"https:\/\/franciscanos.org.br\/noticias\/wp-json\/wp\/v2\/tags?post=159465"}],"curies":[{"name":"wp","href":"https:\/\/api.w.org\/{rel}","templated":true}]}}