{"id":159461,"date":"2018-05-15T08:35:51","date_gmt":"2018-05-15T11:35:51","guid":{"rendered":"http:\/\/franciscanos.org.br\/?p=159461"},"modified":"2020-06-07T15:14:25","modified_gmt":"2020-06-07T18:14:25","slug":"a-missao-do-bispo-e-cuidar-do-rebanho-nao-fazer-carreira","status":"publish","type":"post","link":"https:\/\/franciscanos.org.br\/noticias\/a-missao-do-bispo-e-cuidar-do-rebanho-nao-fazer-carreira.html","title":{"rendered":"A miss\u00e3o do bispo \u00e9 cuidar do rebanho, n\u00e3o fazer carreira"},"content":{"rendered":"<p><img loading=\"lazy\" src=\"http:\/\/franciscanos.org.br\/wp-content\/uploads\/2017\/09\/marta_180917g.jpg\" alt=\"marta_180917g\" width=\"830\" height=\"401\" \/><br \/>\n<strong>Cidade do Vaticano<\/strong> &#8211; \u201c\u00c9 uma passagem forte, que chega ao cora\u00e7\u00e3o, \u00e9 tamb\u00e9m um trecho que nos mostra o caminho de cada bispo no momento da despedida\u201d. Na homilia da missa celebrada na manh\u00e3 desta ter\u00e7a-feira (15\/05) na capela da Casa Santa Marta, o Papa escolheu comentar a Primeira Leitura, extra\u00edda dos Atos dos Ap\u00f3stolos.<\/p>\n<p>O trecho narra o momento em que Paulo convoca em \u00c9feso os anci\u00e3os da Igreja, os presb\u00edteros. \u00c9 feita uma reuni\u00e3o do conselho presbiteral para que Paulo se despe\u00e7a deles e como primeiro ato ele faz uma esp\u00e9cie de exame de consci\u00eancia, dizendo o que fez pela comunidade, submetendo-se ao ju\u00edzo deles. Paulo parece um pouco orgulhoso, disse Francisco, mas ao inv\u00e9s \u00e9 objetivo. Vangloria-se somente de suas coisas: dos pr\u00f3prios pecados e da cruz de Jesus Cristo que o salvou. Depois, explica que agora, advertido pelo Esp\u00edrito Santo, deve ir a Jerusal\u00e9m.<\/p>\n<p>E o Papa comentou: \u201cEsta \u00e9 experi\u00eancia do bispo, o bispo que sabe discernir o Esp\u00edrito, que sabe discernir quando \u00e9 o Esp\u00edrito de Deus que fala e que sabe defender-se quando fala o esp\u00edrito do mundo\u201d.<\/p>\n<p>Paulo sabe que, de alguma forma, est\u00e1 indo ao encontro de \u201ctribula\u00e7\u00f5es, rumo \u00e0 cruz e isso nos faz pensar no ingresso de Jesus em Jerusal\u00e9m. Ele entra para sofrer e Paulo vai rumo \u00e0 paix\u00e3o\u201d. O ap\u00f3stolo \u2013 disse ainda Francisco \u2013 \u201cse oferece ao Senhor, obediente. Advertido pelo Esp\u00edrito. O bispo que vai avante sempre, mas segundo o Esp\u00edrito Santo. Este \u00e9 Paulo\u201d.<\/p>\n<p><strong>Testamento espiritual<\/strong><br \/>\nPor fim, se despede em meio \u00e0 dor dos presentes, e deixa conselhos, o seu testamento:\u00a0Ele n\u00e3o aconselha: \u201cEste bem que deixo deem a ele, isto \u00e0quele, \u00e0quele outro&#8230;\u201d. O testamento mundano, n\u00e3o?. O seu grande amor \u00e9 Jesus Cristo. O segundo amor, o rebanho. \u201cCuidai de v\u00f3s mesmos e de todo o rebanho\u201d. Cuidem do rebanho; sejam bispos para o rebanho, para proteger o rebanho, n\u00e3o para subir numa carreira eclesi\u00e1stica, n\u00e3o.<\/p>\n<p>Paulo confia os presb\u00edteros a Deus certos de que Ele os proteger\u00e1, e os ajudar\u00e1. Depois, retoma a sua experi\u00eancia dizendo que n\u00e3o desejou para si \u2018nem prata nem ouro ou vestes de ningu\u00e9m\u2019.<\/p>\n<p>O testamento de Paulo \u00e9 um testemunho. \u00c9 tamb\u00e9m um an\u00fancio. \u00c9 tamb\u00e9m um desafio: \u201cEu fiz este caminho. Continuem voc\u00eas\u201d. Qu\u00e3o distante \u00e9 este testamento dos testamentos mundanos: \u201cIsso eu deixo a ele, isto \u00e0quele, isto \u00e0quele outro \u2026\u201d, tantos bens. Paulo n\u00e3o tinha nada, somente a gra\u00e7a de Deus, a coragem apost\u00f3lica, a revela\u00e7\u00e3o de Jesus Cristo e a salva\u00e7\u00e3o que o Senhor tinha dado a ele.<\/p>\n<p><strong>Despedir-se com amor<\/strong><br \/>\n\u201cQuando eu leio isto, penso em mim\u201d \u2013 afirmou Francisco &#8211; \u201cporque sou bispo e devo me despedir\u201d. E concluiu:<br \/>\nPe\u00e7o ao Senhor a gra\u00e7a de me despedir assim. E no exame de consci\u00eancia, n\u00e3o sairei vencedor como Paulo \u2026 Mas o Senhor \u00e9 bom, \u00e9 misericordioso, mas \u2026 Penso nos bispos, em todos os bispos. Que o Senhor d\u00ea a gra\u00e7a a todos n\u00f3s de poder nos despedir assim, com este esp\u00edrito, com esta for\u00e7a, com este amor a Jesus Cristo, com esta confian\u00e7a no Esp\u00edrito Santo.<\/p>\n<hr \/>\n<p><big><strong>Com \u201cdor e vergonha\u201d, bispos chilenos encontram o Papa<\/strong><\/big><\/p>\n<p>Tem in\u00edcio esta ter\u00e7a-feira, 15, no Vaticano, o encontro do Papa Francisco com os bispos do Chile sobre a quest\u00e3o dos abusos que se verificaram na Igreja daquele pa\u00eds. Os col\u00f3quios se encerram no dia 17 de maio, com a participa\u00e7\u00e3o de 31 bispos diocesanos e auxiliares e tr\u00eas bispos em\u00e9ritos.<\/p>\n<p><strong>Coletiva de imprensa<\/strong><br \/>\n\u00c0s v\u00e9speras deste encontro, dois bispos chilenos realizaram uma coletiva de imprensa na sede do Vatican News: Dom Fernando Ramos, bispo auxiliar de Santiago e secret\u00e1rio-geral da Confer\u00eancia Episcopal Chilena, e Dom Juan Ignacio Gonz\u00e1lez, bispo de San Bernardo.<\/p>\n<p><strong>Convocados pelo Papa<\/strong><br \/>\nCitando a carta de convoca\u00e7\u00e3o do Papa Francisco de 8 de abril passado, Dom Ramos explicou: \u201cEm primeiro lugar, viemos a Roma para receber as conclus\u00f5es do relat\u00f3rio de Dom Scicluna sobre sua visita ao Chile e tamb\u00e9m para fazer um discernimento para encontrar medidas a breve, m\u00e9dio e longo prazo para restabelecer a comunh\u00e3o e a justi\u00e7a. Estes s\u00e3o os dois grandes temas para os quais o Santo Padre nos convidou com a sua carta\u201d.<\/p>\n<p><strong>Discernimento sobre as responsabilidades<\/strong><br \/>\n\u201cEsses encontros \u2013 prosseguiu Dom Ramos \u2013 referem-se \u00e0s quest\u00f5es de abusos de poder, abusos de consci\u00eancia e abusos sexuais que se verificaram nas \u00faltimas d\u00e9cadas na Igreja chilena, assim como os mecanismos que levaram em alguns casos \u00e0 oculta\u00e7\u00e3o e a graves omiss\u00f5es em rela\u00e7\u00e3o \u00e0s v\u00edtimas. Um segundo ponto \u00e9 compartilhar as conclus\u00f5es que o Santo Padre tirou do relat\u00f3rio de Dom Scicluna. E um terceiro ponto \u00e9 o convite do Papa a fazer um longo processo sinodal de discernimento para ver as responsabilidades de todos e de cada um nessas feridas terr\u00edveis que s\u00e3o os abusos e buscar as mudan\u00e7as necess\u00e1rias para que n\u00e3o se repitam mais\u201d.<\/p>\n<p><strong>Dor e vergonha<\/strong><br \/>\nDom Ramos ent\u00e3o afirmou: \u201cA nossa atitude \u00e9 de dor e vergonha, em primeiro lugar. Dor porque infelizmente existem as v\u00edtimas: existem pessoas que s\u00e3o v\u00edtimas de abusos e isso causa profunda dor. E vergonha porque esses abusos aconteceram em ambientes eclesiais que s\u00e3o justamente os locais onde estes tipos de abusos jamais deveriam acontecer\u201d.<\/p>\n<p><strong>Perd\u00e3o e repara\u00e7\u00e3o<\/strong><br \/>\nDom Ramos acrescentou: \u201cDevemos pedir perd\u00e3o 70 vezes 7. Creio que seja um imperativo moral para n\u00f3s muito grande. O importante \u00e9 que o pedido de perd\u00e3o seja realmente reparador\u201d. O prelado concluiu: \u201cCom toda humildade ouviremos o que o Papa nos dir\u00e1\u201d; este \u00e9 \u201cum momento muito importante\u201d para a renova\u00e7\u00e3o da Igreja chilena.<\/p>\n<p><strong>Papa Francisco, exemplo para os bispos chilenos<\/strong><br \/>\nPor sua vez, Dom Gonz\u00e1lez disse que os bispos chilenos veem o Papa Francisco como um exemplo por ter admitido os erros, ter pedido perd\u00e3o e por ter encontrado as v\u00edtimas. O ponto central \u2013 reiterou \u2013 s\u00e3o as v\u00edtimas e por isso a Igreja deve fazer obra de repara\u00e7\u00e3o, com humildade e esperan\u00e7a, seguindo o ensinamento de Jesus.<\/p>\n<p><strong>Sala de Imprensa<\/strong><br \/>\nEm comunicado de 12 de maio passado, a Sala de Imprensa afirmou que \u201c\u00e9 fundamental restabelecer a confian\u00e7a na Igreja atrav\u00e9s de bons pastores que testemunhem com sua vida ter conhecido a voz do Bom Pastor e que saibam acompanhar o sofrimento das v\u00edtimas e trabalhar de modo determinado e incans\u00e1vel na preven\u00e7\u00e3o dos abusos. O Santo Padre agradece a disponibilidade dos seus irm\u00e3os Bispos de se colocar \u00e0 escuta doce e humilde do Esp\u00edrito Santo e renova seu chamado ao Povo de Deus no Chile para continuar em estado de ora\u00e7\u00e3o para que haja a convers\u00e3o de todos\u201d.<br \/>\nE concluiu: \u201cN\u00e3o est\u00e1 previsto que o Papa Francisco fa\u00e7a qualquer declara\u00e7\u00e3o nem durante nem depois dos encontros, que se realizar\u00e3o em absoluta confidencialidade.\u201d<\/p>\n<hr \/>\n<p><em>Fonte: Vatican News<\/em><\/p>\n","protected":false},"excerpt":{"rendered":"<p>Missa em Santa Marta<\/p>\n","protected":false},"author":1,"featured_media":199401,"comment_status":"open","ping_status":"open","sticky":false,"template":"","format":"standard","meta":[],"categories":[1428],"tags":[1586],"acf":[],"yoast_head":"<!-- This site is optimized with the Yoast SEO plugin v19.2 - https:\/\/yoast.com\/wordpress\/plugins\/seo\/ -->\n<title>A miss\u00e3o do bispo \u00e9 cuidar do rebanho, n\u00e3o fazer carreira - Not\u00edcias - Franciscanos<\/title>\n<meta name=\"robots\" content=\"index, follow, max-snippet:-1, max-image-preview:large, max-video-preview:-1\" \/>\n<link rel=\"canonical\" href=\"https:\/\/franciscanos.org.br\/noticias\/a-missao-do-bispo-e-cuidar-do-rebanho-nao-fazer-carreira.html\" \/>\n<meta property=\"og:locale\" content=\"pt_BR\" \/>\n<meta property=\"og:type\" content=\"article\" \/>\n<meta property=\"og:title\" content=\"A miss\u00e3o do bispo \u00e9 cuidar do rebanho, n\u00e3o fazer carreira - Not\u00edcias - Franciscanos\" \/>\n<meta property=\"og:description\" content=\"Missa em Santa Marta\" \/>\n<meta property=\"og:url\" content=\"https:\/\/franciscanos.org.br\/noticias\/a-missao-do-bispo-e-cuidar-do-rebanho-nao-fazer-carreira.html\" \/>\n<meta property=\"og:site_name\" content=\"Not\u00edcias - Franciscanos\" \/>\n<meta property=\"article:published_time\" content=\"2018-05-15T11:35:51+00:00\" \/>\n<meta property=\"article:modified_time\" content=\"2020-06-07T18:14:25+00:00\" \/>\n<meta property=\"og:image\" content=\"https:\/\/franciscanos.org.br\/noticias\/wp-content\/uploads\/2018\/05\/marta_180917g.jpg\" \/>\n\t<meta property=\"og:image:width\" content=\"273\" \/>\n\t<meta property=\"og:image:height\" content=\"181\" \/>\n\t<meta property=\"og:image:type\" content=\"image\/jpeg\" \/>\n<meta name=\"author\" content=\"admin\" \/>\n<meta name=\"twitter:card\" content=\"summary_large_image\" \/>\n<meta name=\"twitter:label1\" content=\"Escrito por\" \/>\n\t<meta name=\"twitter:data1\" content=\"admin\" \/>\n\t<meta name=\"twitter:label2\" content=\"Est. tempo de leitura\" \/>\n\t<meta name=\"twitter:data2\" content=\"6 minutos\" \/>\n<script type=\"application\/ld+json\" class=\"yoast-schema-graph\">{\"@context\":\"https:\/\/schema.org\",\"@graph\":[{\"@type\":\"WebSite\",\"@id\":\"https:\/\/franciscanos.org.br\/noticias\/#website\",\"url\":\"https:\/\/franciscanos.org.br\/noticias\/\",\"name\":\"Not\u00edcias - Franciscanos\",\"description\":\"Prov\u00edncia Franciscana da Imaculada Concei\u00e7\u00e3o do Brasil - Ordem dos Frades Menores - OFM\",\"potentialAction\":[{\"@type\":\"SearchAction\",\"target\":{\"@type\":\"EntryPoint\",\"urlTemplate\":\"https:\/\/franciscanos.org.br\/noticias\/?s={search_term_string}\"},\"query-input\":\"required name=search_term_string\"}],\"inLanguage\":\"pt-BR\"},{\"@type\":\"ImageObject\",\"inLanguage\":\"pt-BR\",\"@id\":\"https:\/\/franciscanos.org.br\/noticias\/a-missao-do-bispo-e-cuidar-do-rebanho-nao-fazer-carreira.html#primaryimage\",\"url\":\"https:\/\/franciscanos.org.br\/noticias\/wp-content\/uploads\/2018\/05\/marta_180917g.jpg\",\"contentUrl\":\"https:\/\/franciscanos.org.br\/noticias\/wp-content\/uploads\/2018\/05\/marta_180917g.jpg\",\"width\":273,\"height\":181},{\"@type\":\"WebPage\",\"@id\":\"https:\/\/franciscanos.org.br\/noticias\/a-missao-do-bispo-e-cuidar-do-rebanho-nao-fazer-carreira.html#webpage\",\"url\":\"https:\/\/franciscanos.org.br\/noticias\/a-missao-do-bispo-e-cuidar-do-rebanho-nao-fazer-carreira.html\",\"name\":\"A miss\u00e3o do bispo \u00e9 cuidar do rebanho, n\u00e3o fazer carreira - Not\u00edcias - Franciscanos\",\"isPartOf\":{\"@id\":\"https:\/\/franciscanos.org.br\/noticias\/#website\"},\"primaryImageOfPage\":{\"@id\":\"https:\/\/franciscanos.org.br\/noticias\/a-missao-do-bispo-e-cuidar-do-rebanho-nao-fazer-carreira.html#primaryimage\"},\"datePublished\":\"2018-05-15T11:35:51+00:00\",\"dateModified\":\"2020-06-07T18:14:25+00:00\",\"author\":{\"@id\":\"https:\/\/franciscanos.org.br\/noticias\/#\/schema\/person\/b38fbf43118f02820bd932f2e4b14ad3\"},\"breadcrumb\":{\"@id\":\"https:\/\/franciscanos.org.br\/noticias\/a-missao-do-bispo-e-cuidar-do-rebanho-nao-fazer-carreira.html#breadcrumb\"},\"inLanguage\":\"pt-BR\",\"potentialAction\":[{\"@type\":\"ReadAction\",\"target\":[\"https:\/\/franciscanos.org.br\/noticias\/a-missao-do-bispo-e-cuidar-do-rebanho-nao-fazer-carreira.html\"]}]},{\"@type\":\"BreadcrumbList\",\"@id\":\"https:\/\/franciscanos.org.br\/noticias\/a-missao-do-bispo-e-cuidar-do-rebanho-nao-fazer-carreira.html#breadcrumb\",\"itemListElement\":[{\"@type\":\"ListItem\",\"position\":1,\"name\":\"Home\",\"item\":\"https:\/\/franciscanos.org.br\/noticias\"},{\"@type\":\"ListItem\",\"position\":2,\"name\":\"A miss\u00e3o do bispo \u00e9 cuidar do rebanho, n\u00e3o fazer carreira\"}]},{\"@type\":\"Person\",\"@id\":\"https:\/\/franciscanos.org.br\/noticias\/#\/schema\/person\/b38fbf43118f02820bd932f2e4b14ad3\",\"name\":\"admin\",\"image\":{\"@type\":\"ImageObject\",\"inLanguage\":\"pt-BR\",\"@id\":\"https:\/\/franciscanos.org.br\/noticias\/#\/schema\/person\/image\/\",\"url\":\"https:\/\/secure.gravatar.com\/avatar\/e8495742d34d0ba6448ea1c628263b3e?s=96&d=mm&r=g\",\"contentUrl\":\"https:\/\/secure.gravatar.com\/avatar\/e8495742d34d0ba6448ea1c628263b3e?s=96&d=mm&r=g\",\"caption\":\"admin\"},\"url\":\"https:\/\/franciscanos.org.br\/noticias\/author\/admin\"}]}<\/script>\n<!-- \/ Yoast SEO plugin. -->","yoast_head_json":{"title":"A miss\u00e3o do bispo \u00e9 cuidar do rebanho, n\u00e3o fazer carreira - Not\u00edcias - Franciscanos","robots":{"index":"index","follow":"follow","max-snippet":"max-snippet:-1","max-image-preview":"max-image-preview:large","max-video-preview":"max-video-preview:-1"},"canonical":"https:\/\/franciscanos.org.br\/noticias\/a-missao-do-bispo-e-cuidar-do-rebanho-nao-fazer-carreira.html","og_locale":"pt_BR","og_type":"article","og_title":"A miss\u00e3o do bispo \u00e9 cuidar do rebanho, n\u00e3o fazer carreira - Not\u00edcias - Franciscanos","og_description":"Missa em Santa Marta","og_url":"https:\/\/franciscanos.org.br\/noticias\/a-missao-do-bispo-e-cuidar-do-rebanho-nao-fazer-carreira.html","og_site_name":"Not\u00edcias - Franciscanos","article_published_time":"2018-05-15T11:35:51+00:00","article_modified_time":"2020-06-07T18:14:25+00:00","og_image":[{"width":273,"height":181,"url":"https:\/\/franciscanos.org.br\/noticias\/wp-content\/uploads\/2018\/05\/marta_180917g.jpg","type":"image\/jpeg"}],"author":"admin","twitter_card":"summary_large_image","twitter_misc":{"Escrito por":"admin","Est. tempo de leitura":"6 minutos"},"schema":{"@context":"https:\/\/schema.org","@graph":[{"@type":"WebSite","@id":"https:\/\/franciscanos.org.br\/noticias\/#website","url":"https:\/\/franciscanos.org.br\/noticias\/","name":"Not\u00edcias - Franciscanos","description":"Prov\u00edncia Franciscana da Imaculada Concei\u00e7\u00e3o do Brasil - Ordem dos Frades Menores - OFM","potentialAction":[{"@type":"SearchAction","target":{"@type":"EntryPoint","urlTemplate":"https:\/\/franciscanos.org.br\/noticias\/?s={search_term_string}"},"query-input":"required name=search_term_string"}],"inLanguage":"pt-BR"},{"@type":"ImageObject","inLanguage":"pt-BR","@id":"https:\/\/franciscanos.org.br\/noticias\/a-missao-do-bispo-e-cuidar-do-rebanho-nao-fazer-carreira.html#primaryimage","url":"https:\/\/franciscanos.org.br\/noticias\/wp-content\/uploads\/2018\/05\/marta_180917g.jpg","contentUrl":"https:\/\/franciscanos.org.br\/noticias\/wp-content\/uploads\/2018\/05\/marta_180917g.jpg","width":273,"height":181},{"@type":"WebPage","@id":"https:\/\/franciscanos.org.br\/noticias\/a-missao-do-bispo-e-cuidar-do-rebanho-nao-fazer-carreira.html#webpage","url":"https:\/\/franciscanos.org.br\/noticias\/a-missao-do-bispo-e-cuidar-do-rebanho-nao-fazer-carreira.html","name":"A miss\u00e3o do bispo \u00e9 cuidar do rebanho, n\u00e3o fazer carreira - Not\u00edcias - Franciscanos","isPartOf":{"@id":"https:\/\/franciscanos.org.br\/noticias\/#website"},"primaryImageOfPage":{"@id":"https:\/\/franciscanos.org.br\/noticias\/a-missao-do-bispo-e-cuidar-do-rebanho-nao-fazer-carreira.html#primaryimage"},"datePublished":"2018-05-15T11:35:51+00:00","dateModified":"2020-06-07T18:14:25+00:00","author":{"@id":"https:\/\/franciscanos.org.br\/noticias\/#\/schema\/person\/b38fbf43118f02820bd932f2e4b14ad3"},"breadcrumb":{"@id":"https:\/\/franciscanos.org.br\/noticias\/a-missao-do-bispo-e-cuidar-do-rebanho-nao-fazer-carreira.html#breadcrumb"},"inLanguage":"pt-BR","potentialAction":[{"@type":"ReadAction","target":["https:\/\/franciscanos.org.br\/noticias\/a-missao-do-bispo-e-cuidar-do-rebanho-nao-fazer-carreira.html"]}]},{"@type":"BreadcrumbList","@id":"https:\/\/franciscanos.org.br\/noticias\/a-missao-do-bispo-e-cuidar-do-rebanho-nao-fazer-carreira.html#breadcrumb","itemListElement":[{"@type":"ListItem","position":1,"name":"Home","item":"https:\/\/franciscanos.org.br\/noticias"},{"@type":"ListItem","position":2,"name":"A miss\u00e3o do bispo \u00e9 cuidar do rebanho, n\u00e3o fazer carreira"}]},{"@type":"Person","@id":"https:\/\/franciscanos.org.br\/noticias\/#\/schema\/person\/b38fbf43118f02820bd932f2e4b14ad3","name":"admin","image":{"@type":"ImageObject","inLanguage":"pt-BR","@id":"https:\/\/franciscanos.org.br\/noticias\/#\/schema\/person\/image\/","url":"https:\/\/secure.gravatar.com\/avatar\/e8495742d34d0ba6448ea1c628263b3e?s=96&d=mm&r=g","contentUrl":"https:\/\/secure.gravatar.com\/avatar\/e8495742d34d0ba6448ea1c628263b3e?s=96&d=mm&r=g","caption":"admin"},"url":"https:\/\/franciscanos.org.br\/noticias\/author\/admin"}]}},"_links":{"self":[{"href":"https:\/\/franciscanos.org.br\/noticias\/wp-json\/wp\/v2\/posts\/159461"}],"collection":[{"href":"https:\/\/franciscanos.org.br\/noticias\/wp-json\/wp\/v2\/posts"}],"about":[{"href":"https:\/\/franciscanos.org.br\/noticias\/wp-json\/wp\/v2\/types\/post"}],"author":[{"embeddable":true,"href":"https:\/\/franciscanos.org.br\/noticias\/wp-json\/wp\/v2\/users\/1"}],"replies":[{"embeddable":true,"href":"https:\/\/franciscanos.org.br\/noticias\/wp-json\/wp\/v2\/comments?post=159461"}],"version-history":[{"count":1,"href":"https:\/\/franciscanos.org.br\/noticias\/wp-json\/wp\/v2\/posts\/159461\/revisions"}],"predecessor-version":[{"id":224973,"href":"https:\/\/franciscanos.org.br\/noticias\/wp-json\/wp\/v2\/posts\/159461\/revisions\/224973"}],"wp:featuredmedia":[{"embeddable":true,"href":"https:\/\/franciscanos.org.br\/noticias\/wp-json\/wp\/v2\/media\/199401"}],"wp:attachment":[{"href":"https:\/\/franciscanos.org.br\/noticias\/wp-json\/wp\/v2\/media?parent=159461"}],"wp:term":[{"taxonomy":"category","embeddable":true,"href":"https:\/\/franciscanos.org.br\/noticias\/wp-json\/wp\/v2\/categories?post=159461"},{"taxonomy":"post_tag","embeddable":true,"href":"https:\/\/franciscanos.org.br\/noticias\/wp-json\/wp\/v2\/tags?post=159461"}],"curies":[{"name":"wp","href":"https:\/\/api.w.org\/{rel}","templated":true}]}}