{"id":159395,"date":"2018-05-14T10:32:45","date_gmt":"2018-05-14T13:32:45","guid":{"rendered":"http:\/\/franciscanos.org.br\/?p=159395"},"modified":"2019-01-03T13:46:14","modified_gmt":"2019-01-03T15:46:14","slug":"divulgado-hino-da-jornada-em-portugues","status":"publish","type":"post","link":"https:\/\/franciscanos.org.br\/noticias\/divulgado-hino-da-jornada-em-portugues.html","title":{"rendered":"Divulgado hino da Jornada em portugu\u00eas"},"content":{"rendered":"<p><strong>S\u00e3o Paulo (SP) &#8211; <\/strong>Foi divulgada na manh\u00e3 de hoje, 14, a vers\u00e3o em portugu\u00eas do Hino da Jornada Mundial da Juventude.<\/p>\n<p class=\"title style-scope ytd-video-primary-info-renderer\">&#8220;Fa\u00e7a-se em mim a Tua Palavra&#8221; foi gravado em mar\u00e7o deste ano. A cantora Ziza Fernandes coordenou o projeto, junto a\u00a0Comiss\u00e3o Episcopal Pastoral para a Juventude, da Confer\u00eancia Nacional dos Bispos do Brasil (CNBB). Ziza e mais 24 artistas cat\u00f3licos d\u00e3o voz \u00e0 vers\u00e3o do hino oficial em portugu\u00eas, entre eles Padre F\u00e1bio de Melo, Eug\u00eanio Jorge, Dunga, Eliana Ribeiro,\u00a0Adriana\u00a0Arydes, Walmir Alencar, Diego Fernandes, Gil Monteiro, entre outros.<\/p>\n<p class=\"title style-scope ytd-video-primary-info-renderer\">Em entrevista ao Vatican News, Ziza partilhou: &#8220;Todos n\u00f3s podemos ter uma experi\u00eancia linda de \u00e2nimo atrav\u00e9s do hino da Jornada. Esse em especial, que leva o tema &#8220;Fa\u00e7a-se em mim Tua Palavra&#8221;, \u00e9 um convite \u00e0 vida mission\u00e1ria, \u00e0 vida real de servi\u00e7o e de amor a Deus atrav\u00e9s da Igreja, mas especialmente um convite aos jovens de tantos continentes, de tantos lugares do mundo, que estar\u00e3o como peregrinos buscando a Palavra de Deus, buscando ver a Deus, buscando o amor de Deus atrav\u00e9s deste encontro com o Papa Francisco&#8221;, afirmou.<\/p>\n<p class=\"title style-scope ytd-video-primary-info-renderer\">&#8220;O hino traz a hist\u00f3ria do jovem que vai at\u00e9 a Jornada em busca do Deus verdadeiro atrav\u00e9s do nosso pastor, atrav\u00e9s deste encontro mundial da Igreja com o seu pastor. O hino \u00e9 um convite para a juventude ser como Maria, a M\u00e3e de Deus que disse sim e que foi chamada a um projeto de vida fiel, completamente devoto e voltado ao desejo de Deus&#8221;, concluiu.<\/p>\n<p class=\"title style-scope ytd-video-primary-info-renderer\">A Jornada Mundial da Juventude acontece entre 22 e 27 de janeiro de 2019, no Panam\u00e1, Am\u00e9rica Central.<\/p>\n<p class=\"title style-scope ytd-video-primary-info-renderer\">Confira o clipe:<\/p>\n<p><iframe loading=\"lazy\" src=\"https:\/\/www.youtube.com\/embed\/Cfhk0mQQ3bU\" width=\"100%\" height=\"315\" frameborder=\"0\" allowfullscreen=\"allowfullscreen\"><\/iframe><\/p>\n","protected":false},"excerpt":{"rendered":"<p>JMJ<\/p>\n","protected":false},"author":1,"featured_media":189910,"comment_status":"open","ping_status":"open","sticky":false,"template":"","format":"standard","meta":[],"categories":[1],"tags":[97,633],"acf":[],"yoast_head":"<!-- This site is optimized with the Yoast SEO plugin v19.2 - https:\/\/yoast.com\/wordpress\/plugins\/seo\/ -->\n<title>Divulgado hino da Jornada em portugu\u00eas - Not\u00edcias - Franciscanos<\/title>\n<meta name=\"robots\" content=\"index, follow, max-snippet:-1, max-image-preview:large, max-video-preview:-1\" \/>\n<link rel=\"canonical\" href=\"https:\/\/franciscanos.org.br\/noticias\/divulgado-hino-da-jornada-em-portugues.html\" \/>\n<meta property=\"og:locale\" content=\"pt_BR\" \/>\n<meta property=\"og:type\" content=\"article\" \/>\n<meta property=\"og:title\" content=\"Divulgado hino da Jornada em portugu\u00eas - Not\u00edcias - Franciscanos\" \/>\n<meta property=\"og:description\" content=\"JMJ\" \/>\n<meta property=\"og:url\" content=\"https:\/\/franciscanos.org.br\/noticias\/divulgado-hino-da-jornada-em-portugues.html\" \/>\n<meta property=\"og:site_name\" content=\"Not\u00edcias - Franciscanos\" \/>\n<meta property=\"article:published_time\" content=\"2018-05-14T13:32:45+00:00\" \/>\n<meta property=\"article:modified_time\" content=\"2019-01-03T15:46:14+00:00\" \/>\n<meta property=\"og:image\" content=\"https:\/\/franciscanos.org.br\/noticias\/wp-content\/uploads\/2018\/11\/0-238.jpg\" \/>\n\t<meta property=\"og:image:width\" content=\"480\" \/>\n\t<meta property=\"og:image:height\" content=\"360\" \/>\n\t<meta property=\"og:image:type\" content=\"image\/jpeg\" \/>\n<meta name=\"author\" content=\"admin\" \/>\n<meta name=\"twitter:card\" content=\"summary_large_image\" \/>\n<meta name=\"twitter:label1\" content=\"Escrito por\" \/>\n\t<meta name=\"twitter:data1\" content=\"admin\" \/>\n\t<meta name=\"twitter:label2\" content=\"Est. tempo de leitura\" \/>\n\t<meta name=\"twitter:data2\" content=\"1 minuto\" \/>\n<script type=\"application\/ld+json\" class=\"yoast-schema-graph\">{\"@context\":\"https:\/\/schema.org\",\"@graph\":[{\"@type\":\"WebSite\",\"@id\":\"https:\/\/franciscanos.org.br\/noticias\/#website\",\"url\":\"https:\/\/franciscanos.org.br\/noticias\/\",\"name\":\"Not\u00edcias - Franciscanos\",\"description\":\"Prov\u00edncia Franciscana da Imaculada Concei\u00e7\u00e3o do Brasil - Ordem dos Frades Menores - OFM\",\"potentialAction\":[{\"@type\":\"SearchAction\",\"target\":{\"@type\":\"EntryPoint\",\"urlTemplate\":\"https:\/\/franciscanos.org.br\/noticias\/?s={search_term_string}\"},\"query-input\":\"required name=search_term_string\"}],\"inLanguage\":\"pt-BR\"},{\"@type\":\"ImageObject\",\"inLanguage\":\"pt-BR\",\"@id\":\"https:\/\/franciscanos.org.br\/noticias\/divulgado-hino-da-jornada-em-portugues.html#primaryimage\",\"url\":\"https:\/\/franciscanos.org.br\/noticias\/wp-content\/uploads\/2018\/11\/0-238.jpg\",\"contentUrl\":\"https:\/\/franciscanos.org.br\/noticias\/wp-content\/uploads\/2018\/11\/0-238.jpg\",\"width\":480,\"height\":360},{\"@type\":\"WebPage\",\"@id\":\"https:\/\/franciscanos.org.br\/noticias\/divulgado-hino-da-jornada-em-portugues.html#webpage\",\"url\":\"https:\/\/franciscanos.org.br\/noticias\/divulgado-hino-da-jornada-em-portugues.html\",\"name\":\"Divulgado hino da Jornada em portugu\u00eas - Not\u00edcias - Franciscanos\",\"isPartOf\":{\"@id\":\"https:\/\/franciscanos.org.br\/noticias\/#website\"},\"primaryImageOfPage\":{\"@id\":\"https:\/\/franciscanos.org.br\/noticias\/divulgado-hino-da-jornada-em-portugues.html#primaryimage\"},\"datePublished\":\"2018-05-14T13:32:45+00:00\",\"dateModified\":\"2019-01-03T15:46:14+00:00\",\"author\":{\"@id\":\"https:\/\/franciscanos.org.br\/noticias\/#\/schema\/person\/b38fbf43118f02820bd932f2e4b14ad3\"},\"breadcrumb\":{\"@id\":\"https:\/\/franciscanos.org.br\/noticias\/divulgado-hino-da-jornada-em-portugues.html#breadcrumb\"},\"inLanguage\":\"pt-BR\",\"potentialAction\":[{\"@type\":\"ReadAction\",\"target\":[\"https:\/\/franciscanos.org.br\/noticias\/divulgado-hino-da-jornada-em-portugues.html\"]}]},{\"@type\":\"BreadcrumbList\",\"@id\":\"https:\/\/franciscanos.org.br\/noticias\/divulgado-hino-da-jornada-em-portugues.html#breadcrumb\",\"itemListElement\":[{\"@type\":\"ListItem\",\"position\":1,\"name\":\"Home\",\"item\":\"https:\/\/franciscanos.org.br\/noticias\"},{\"@type\":\"ListItem\",\"position\":2,\"name\":\"Divulgado hino da Jornada em portugu\u00eas\"}]},{\"@type\":\"Person\",\"@id\":\"https:\/\/franciscanos.org.br\/noticias\/#\/schema\/person\/b38fbf43118f02820bd932f2e4b14ad3\",\"name\":\"admin\",\"image\":{\"@type\":\"ImageObject\",\"inLanguage\":\"pt-BR\",\"@id\":\"https:\/\/franciscanos.org.br\/noticias\/#\/schema\/person\/image\/\",\"url\":\"https:\/\/secure.gravatar.com\/avatar\/e8495742d34d0ba6448ea1c628263b3e?s=96&d=mm&r=g\",\"contentUrl\":\"https:\/\/secure.gravatar.com\/avatar\/e8495742d34d0ba6448ea1c628263b3e?s=96&d=mm&r=g\",\"caption\":\"admin\"},\"url\":\"https:\/\/franciscanos.org.br\/noticias\/author\/admin\"}]}<\/script>\n<!-- \/ Yoast SEO plugin. -->","yoast_head_json":{"title":"Divulgado hino da Jornada em portugu\u00eas - Not\u00edcias - Franciscanos","robots":{"index":"index","follow":"follow","max-snippet":"max-snippet:-1","max-image-preview":"max-image-preview:large","max-video-preview":"max-video-preview:-1"},"canonical":"https:\/\/franciscanos.org.br\/noticias\/divulgado-hino-da-jornada-em-portugues.html","og_locale":"pt_BR","og_type":"article","og_title":"Divulgado hino da Jornada em portugu\u00eas - Not\u00edcias - Franciscanos","og_description":"JMJ","og_url":"https:\/\/franciscanos.org.br\/noticias\/divulgado-hino-da-jornada-em-portugues.html","og_site_name":"Not\u00edcias - Franciscanos","article_published_time":"2018-05-14T13:32:45+00:00","article_modified_time":"2019-01-03T15:46:14+00:00","og_image":[{"width":480,"height":360,"url":"https:\/\/franciscanos.org.br\/noticias\/wp-content\/uploads\/2018\/11\/0-238.jpg","type":"image\/jpeg"}],"author":"admin","twitter_card":"summary_large_image","twitter_misc":{"Escrito por":"admin","Est. tempo de leitura":"1 minuto"},"schema":{"@context":"https:\/\/schema.org","@graph":[{"@type":"WebSite","@id":"https:\/\/franciscanos.org.br\/noticias\/#website","url":"https:\/\/franciscanos.org.br\/noticias\/","name":"Not\u00edcias - Franciscanos","description":"Prov\u00edncia Franciscana da Imaculada Concei\u00e7\u00e3o do Brasil - Ordem dos Frades Menores - OFM","potentialAction":[{"@type":"SearchAction","target":{"@type":"EntryPoint","urlTemplate":"https:\/\/franciscanos.org.br\/noticias\/?s={search_term_string}"},"query-input":"required name=search_term_string"}],"inLanguage":"pt-BR"},{"@type":"ImageObject","inLanguage":"pt-BR","@id":"https:\/\/franciscanos.org.br\/noticias\/divulgado-hino-da-jornada-em-portugues.html#primaryimage","url":"https:\/\/franciscanos.org.br\/noticias\/wp-content\/uploads\/2018\/11\/0-238.jpg","contentUrl":"https:\/\/franciscanos.org.br\/noticias\/wp-content\/uploads\/2018\/11\/0-238.jpg","width":480,"height":360},{"@type":"WebPage","@id":"https:\/\/franciscanos.org.br\/noticias\/divulgado-hino-da-jornada-em-portugues.html#webpage","url":"https:\/\/franciscanos.org.br\/noticias\/divulgado-hino-da-jornada-em-portugues.html","name":"Divulgado hino da Jornada em portugu\u00eas - Not\u00edcias - Franciscanos","isPartOf":{"@id":"https:\/\/franciscanos.org.br\/noticias\/#website"},"primaryImageOfPage":{"@id":"https:\/\/franciscanos.org.br\/noticias\/divulgado-hino-da-jornada-em-portugues.html#primaryimage"},"datePublished":"2018-05-14T13:32:45+00:00","dateModified":"2019-01-03T15:46:14+00:00","author":{"@id":"https:\/\/franciscanos.org.br\/noticias\/#\/schema\/person\/b38fbf43118f02820bd932f2e4b14ad3"},"breadcrumb":{"@id":"https:\/\/franciscanos.org.br\/noticias\/divulgado-hino-da-jornada-em-portugues.html#breadcrumb"},"inLanguage":"pt-BR","potentialAction":[{"@type":"ReadAction","target":["https:\/\/franciscanos.org.br\/noticias\/divulgado-hino-da-jornada-em-portugues.html"]}]},{"@type":"BreadcrumbList","@id":"https:\/\/franciscanos.org.br\/noticias\/divulgado-hino-da-jornada-em-portugues.html#breadcrumb","itemListElement":[{"@type":"ListItem","position":1,"name":"Home","item":"https:\/\/franciscanos.org.br\/noticias"},{"@type":"ListItem","position":2,"name":"Divulgado hino da Jornada em portugu\u00eas"}]},{"@type":"Person","@id":"https:\/\/franciscanos.org.br\/noticias\/#\/schema\/person\/b38fbf43118f02820bd932f2e4b14ad3","name":"admin","image":{"@type":"ImageObject","inLanguage":"pt-BR","@id":"https:\/\/franciscanos.org.br\/noticias\/#\/schema\/person\/image\/","url":"https:\/\/secure.gravatar.com\/avatar\/e8495742d34d0ba6448ea1c628263b3e?s=96&d=mm&r=g","contentUrl":"https:\/\/secure.gravatar.com\/avatar\/e8495742d34d0ba6448ea1c628263b3e?s=96&d=mm&r=g","caption":"admin"},"url":"https:\/\/franciscanos.org.br\/noticias\/author\/admin"}]}},"_links":{"self":[{"href":"https:\/\/franciscanos.org.br\/noticias\/wp-json\/wp\/v2\/posts\/159395"}],"collection":[{"href":"https:\/\/franciscanos.org.br\/noticias\/wp-json\/wp\/v2\/posts"}],"about":[{"href":"https:\/\/franciscanos.org.br\/noticias\/wp-json\/wp\/v2\/types\/post"}],"author":[{"embeddable":true,"href":"https:\/\/franciscanos.org.br\/noticias\/wp-json\/wp\/v2\/users\/1"}],"replies":[{"embeddable":true,"href":"https:\/\/franciscanos.org.br\/noticias\/wp-json\/wp\/v2\/comments?post=159395"}],"version-history":[{"count":0,"href":"https:\/\/franciscanos.org.br\/noticias\/wp-json\/wp\/v2\/posts\/159395\/revisions"}],"wp:featuredmedia":[{"embeddable":true,"href":"https:\/\/franciscanos.org.br\/noticias\/wp-json\/wp\/v2\/media\/189910"}],"wp:attachment":[{"href":"https:\/\/franciscanos.org.br\/noticias\/wp-json\/wp\/v2\/media?parent=159395"}],"wp:term":[{"taxonomy":"category","embeddable":true,"href":"https:\/\/franciscanos.org.br\/noticias\/wp-json\/wp\/v2\/categories?post=159395"},{"taxonomy":"post_tag","embeddable":true,"href":"https:\/\/franciscanos.org.br\/noticias\/wp-json\/wp\/v2\/tags?post=159395"}],"curies":[{"name":"wp","href":"https:\/\/api.w.org\/{rel}","templated":true}]}}