{"id":159390,"date":"2018-05-14T08:39:20","date_gmt":"2018-05-14T11:39:20","guid":{"rendered":"http:\/\/franciscanos.org.br\/?p=159390"},"modified":"2020-06-07T15:15:07","modified_gmt":"2020-06-07T18:15:07","slug":"nosso-destino-e-viver-como-amigos-de-jesus","status":"publish","type":"post","link":"https:\/\/franciscanos.org.br\/noticias\/nosso-destino-e-viver-como-amigos-de-jesus.html","title":{"rendered":"Nosso destino \u00e9 viver como amigos de Jesus"},"content":{"rendered":"<p><img loading=\"lazy\" src=\"http:\/\/franciscanos.org.br\/wp-content\/uploads\/2017\/02\/martaG_230217.jpg\" alt=\"martaG_230217\" width=\"830\" height=\"401\" \/><\/p>\n<p><strong>Cidade do Vaticano<\/strong> &#8211; Recebemos como \u201cdestino\u201d e n\u00e3o \u201ccasualmente\u201d a amizade com Jesus e a nossa voca\u00e7\u00e3o \u00e9 justamente permanecer amigos do Senhor. Foi o que disse o Papa Francisco na homilia da Missa celebrada na manh\u00e3 de segunda-feira (14\/05) na Casa Santa Marta. A reflex\u00e3o do Pont\u00edfice foi inspirada na Liturgia do dia, em que v\u00e1rias vezes aparece a palavra \u201csorte\u201d.<\/p>\n<p><strong>Nosso destino \u00e9 viver como amigos de Jesus<\/strong><br \/>\nN\u00f3s recebemos este dom como destino, a amizade do Senhor, esta \u00e9 a nossa voca\u00e7\u00e3o: viver amigos do Senhor, amigos do Senhor. E o mesmo receberam os ap\u00f3stolos, mais forte ainda, mas o mesmo. Todos n\u00f3s crist\u00e3os recebemos este dom: a abertura, o acesso ao cora\u00e7\u00e3o de Jesus, \u00e0 amizade de Jesus. Recebemos na sorte o dom da sua amizade. O nosso destino \u00e9 ser seus amigos. \u00c9 um dom que o Senhor mant\u00e9m sempre e Ele \u00e9 fiel a este dom.<\/p>\n<p><strong>Jesus n\u00e3o renega a sua amizade nem mesmo com quem trai<\/strong><br \/>\nMuitas vezes, por\u00e9m, n\u00f3s n\u00e3o agimos como amigos e nos afastamos \u201ccom os nossos pecados, com as nossas teimosias\u201d, mas \u201cEle \u00e9 fiel \u00e0 amizade\u201d. Como recorda o Evangelho de hoje (Jo 15,9-17), Jesus n\u00e3o nos chama mais \u201cservos\u201d, mas \u201camigos\u201d e mant\u00e9m esta palavra at\u00e9 o fim porque \u00e9 fiel. At\u00e9 mesmo com Judas: a \u00faltima palavra que dirige a ele, antes da trai\u00e7\u00e3o, \u00e9 \u201camigo\u201d, n\u00e3o lhe diz \u201cvai embora\u201d:\u00a0Jesus \u00e9 o nosso amigo. E Judas, como diz aqui, seguiu sua nova sorte, seu destino que ele mesmo escolheu livremente, se afastou de Jesus. E a apostasia \u00e9 isso: afastar-se de Jesus. Um amigo que se torna inimigo ou um amigo que se torna indiferente ou um amigo que se torna traidor.<\/p>\n<p><strong>Permanecer na amizade com Jesus<\/strong><br \/>\nComo narra a Primeira Leitura (At 1,15-17.20-26), no lugar de Judas a sorte caiu em Matias \u201cpara ser testemunha da Ressurrei\u00e7\u00e3o\u201d, \u201ctestemunha deste dom de amor\u201d. \u201cO amigo \u2013 recordou o Papa \u2013 \u00e9 quem compartilha os pr\u00f3prios segredos\u201d com o outro. \u201cEu vos chamo amigos, porque vos dei a conhecer tudo o que ouvi de meu Pai\u201d, diz de fato Jesus no Evangelho. Trata-se, portanto, de uma amizade que \u201crecebemos como sorte, isto \u00e9, como destino\u201d, como a receberam Judas e Matias:\u00a0Pensemos nisto, Ele n\u00e3o renega este dom, n\u00e3o nos renega, nos espera at\u00e9 o fim. E quando n\u00f3s pela nossa fraqueza nos afastamos Dele, Ele espera, Ele espera, Ele continua dizendo: \u201cAmigo, eu o espero. Amigo o que quer? Amigo, por que voc\u00ea me trai com um beijo?\u201d. Ele \u00e9 fiel na amizade e n\u00f3s devemos pedir-Lhe esta gra\u00e7a de permanecer no seu amor, permanecer na sua amizade, aquela amizade que n\u00f3s recebemos como dom na sorte por Ele.<\/p>\n<hr \/>\n<p><em>Fonte: Vatican News<\/em><\/p>\n","protected":false},"excerpt":{"rendered":"<p>Missa em Santa Marta<\/p>\n","protected":false},"author":1,"featured_media":200681,"comment_status":"open","ping_status":"open","sticky":false,"template":"","format":"standard","meta":[],"categories":[1428],"tags":[1586],"acf":[],"yoast_head":"<!-- This site is optimized with the Yoast SEO plugin v19.2 - https:\/\/yoast.com\/wordpress\/plugins\/seo\/ -->\n<title>Nosso destino \u00e9 viver como amigos de Jesus - Not\u00edcias - Franciscanos<\/title>\n<meta name=\"robots\" content=\"index, follow, max-snippet:-1, max-image-preview:large, max-video-preview:-1\" \/>\n<link rel=\"canonical\" href=\"https:\/\/franciscanos.org.br\/noticias\/nosso-destino-e-viver-como-amigos-de-jesus.html\" \/>\n<meta property=\"og:locale\" content=\"pt_BR\" \/>\n<meta property=\"og:type\" content=\"article\" \/>\n<meta property=\"og:title\" content=\"Nosso destino \u00e9 viver como amigos de Jesus - Not\u00edcias - Franciscanos\" \/>\n<meta property=\"og:description\" content=\"Missa em Santa Marta\" \/>\n<meta property=\"og:url\" content=\"https:\/\/franciscanos.org.br\/noticias\/nosso-destino-e-viver-como-amigos-de-jesus.html\" \/>\n<meta property=\"og:site_name\" content=\"Not\u00edcias - Franciscanos\" \/>\n<meta property=\"article:published_time\" content=\"2018-05-14T11:39:20+00:00\" \/>\n<meta property=\"article:modified_time\" content=\"2020-06-07T18:15:07+00:00\" \/>\n<meta property=\"og:image\" content=\"https:\/\/franciscanos.org.br\/noticias\/wp-content\/uploads\/2018\/05\/martaG_230217.jpg\" \/>\n\t<meta property=\"og:image:width\" content=\"273\" \/>\n\t<meta property=\"og:image:height\" content=\"181\" \/>\n\t<meta property=\"og:image:type\" content=\"image\/jpeg\" \/>\n<meta name=\"author\" content=\"admin\" \/>\n<meta name=\"twitter:card\" content=\"summary_large_image\" \/>\n<meta name=\"twitter:label1\" content=\"Escrito por\" \/>\n\t<meta name=\"twitter:data1\" content=\"admin\" \/>\n\t<meta name=\"twitter:label2\" content=\"Est. tempo de leitura\" \/>\n\t<meta name=\"twitter:data2\" content=\"2 minutos\" \/>\n<script type=\"application\/ld+json\" class=\"yoast-schema-graph\">{\"@context\":\"https:\/\/schema.org\",\"@graph\":[{\"@type\":\"WebSite\",\"@id\":\"https:\/\/franciscanos.org.br\/noticias\/#website\",\"url\":\"https:\/\/franciscanos.org.br\/noticias\/\",\"name\":\"Not\u00edcias - Franciscanos\",\"description\":\"Prov\u00edncia Franciscana da Imaculada Concei\u00e7\u00e3o do Brasil - Ordem dos Frades Menores - OFM\",\"potentialAction\":[{\"@type\":\"SearchAction\",\"target\":{\"@type\":\"EntryPoint\",\"urlTemplate\":\"https:\/\/franciscanos.org.br\/noticias\/?s={search_term_string}\"},\"query-input\":\"required name=search_term_string\"}],\"inLanguage\":\"pt-BR\"},{\"@type\":\"ImageObject\",\"inLanguage\":\"pt-BR\",\"@id\":\"https:\/\/franciscanos.org.br\/noticias\/nosso-destino-e-viver-como-amigos-de-jesus.html#primaryimage\",\"url\":\"https:\/\/franciscanos.org.br\/noticias\/wp-content\/uploads\/2018\/05\/martaG_230217.jpg\",\"contentUrl\":\"https:\/\/franciscanos.org.br\/noticias\/wp-content\/uploads\/2018\/05\/martaG_230217.jpg\",\"width\":273,\"height\":181},{\"@type\":\"WebPage\",\"@id\":\"https:\/\/franciscanos.org.br\/noticias\/nosso-destino-e-viver-como-amigos-de-jesus.html#webpage\",\"url\":\"https:\/\/franciscanos.org.br\/noticias\/nosso-destino-e-viver-como-amigos-de-jesus.html\",\"name\":\"Nosso destino \u00e9 viver como amigos de Jesus - Not\u00edcias - Franciscanos\",\"isPartOf\":{\"@id\":\"https:\/\/franciscanos.org.br\/noticias\/#website\"},\"primaryImageOfPage\":{\"@id\":\"https:\/\/franciscanos.org.br\/noticias\/nosso-destino-e-viver-como-amigos-de-jesus.html#primaryimage\"},\"datePublished\":\"2018-05-14T11:39:20+00:00\",\"dateModified\":\"2020-06-07T18:15:07+00:00\",\"author\":{\"@id\":\"https:\/\/franciscanos.org.br\/noticias\/#\/schema\/person\/b38fbf43118f02820bd932f2e4b14ad3\"},\"breadcrumb\":{\"@id\":\"https:\/\/franciscanos.org.br\/noticias\/nosso-destino-e-viver-como-amigos-de-jesus.html#breadcrumb\"},\"inLanguage\":\"pt-BR\",\"potentialAction\":[{\"@type\":\"ReadAction\",\"target\":[\"https:\/\/franciscanos.org.br\/noticias\/nosso-destino-e-viver-como-amigos-de-jesus.html\"]}]},{\"@type\":\"BreadcrumbList\",\"@id\":\"https:\/\/franciscanos.org.br\/noticias\/nosso-destino-e-viver-como-amigos-de-jesus.html#breadcrumb\",\"itemListElement\":[{\"@type\":\"ListItem\",\"position\":1,\"name\":\"Home\",\"item\":\"https:\/\/franciscanos.org.br\/noticias\"},{\"@type\":\"ListItem\",\"position\":2,\"name\":\"Nosso destino \u00e9 viver como amigos de Jesus\"}]},{\"@type\":\"Person\",\"@id\":\"https:\/\/franciscanos.org.br\/noticias\/#\/schema\/person\/b38fbf43118f02820bd932f2e4b14ad3\",\"name\":\"admin\",\"image\":{\"@type\":\"ImageObject\",\"inLanguage\":\"pt-BR\",\"@id\":\"https:\/\/franciscanos.org.br\/noticias\/#\/schema\/person\/image\/\",\"url\":\"https:\/\/secure.gravatar.com\/avatar\/e8495742d34d0ba6448ea1c628263b3e?s=96&d=mm&r=g\",\"contentUrl\":\"https:\/\/secure.gravatar.com\/avatar\/e8495742d34d0ba6448ea1c628263b3e?s=96&d=mm&r=g\",\"caption\":\"admin\"},\"url\":\"https:\/\/franciscanos.org.br\/noticias\/author\/admin\"}]}<\/script>\n<!-- \/ Yoast SEO plugin. -->","yoast_head_json":{"title":"Nosso destino \u00e9 viver como amigos de Jesus - Not\u00edcias - Franciscanos","robots":{"index":"index","follow":"follow","max-snippet":"max-snippet:-1","max-image-preview":"max-image-preview:large","max-video-preview":"max-video-preview:-1"},"canonical":"https:\/\/franciscanos.org.br\/noticias\/nosso-destino-e-viver-como-amigos-de-jesus.html","og_locale":"pt_BR","og_type":"article","og_title":"Nosso destino \u00e9 viver como amigos de Jesus - Not\u00edcias - Franciscanos","og_description":"Missa em Santa Marta","og_url":"https:\/\/franciscanos.org.br\/noticias\/nosso-destino-e-viver-como-amigos-de-jesus.html","og_site_name":"Not\u00edcias - Franciscanos","article_published_time":"2018-05-14T11:39:20+00:00","article_modified_time":"2020-06-07T18:15:07+00:00","og_image":[{"width":273,"height":181,"url":"https:\/\/franciscanos.org.br\/noticias\/wp-content\/uploads\/2018\/05\/martaG_230217.jpg","type":"image\/jpeg"}],"author":"admin","twitter_card":"summary_large_image","twitter_misc":{"Escrito por":"admin","Est. tempo de leitura":"2 minutos"},"schema":{"@context":"https:\/\/schema.org","@graph":[{"@type":"WebSite","@id":"https:\/\/franciscanos.org.br\/noticias\/#website","url":"https:\/\/franciscanos.org.br\/noticias\/","name":"Not\u00edcias - Franciscanos","description":"Prov\u00edncia Franciscana da Imaculada Concei\u00e7\u00e3o do Brasil - Ordem dos Frades Menores - OFM","potentialAction":[{"@type":"SearchAction","target":{"@type":"EntryPoint","urlTemplate":"https:\/\/franciscanos.org.br\/noticias\/?s={search_term_string}"},"query-input":"required name=search_term_string"}],"inLanguage":"pt-BR"},{"@type":"ImageObject","inLanguage":"pt-BR","@id":"https:\/\/franciscanos.org.br\/noticias\/nosso-destino-e-viver-como-amigos-de-jesus.html#primaryimage","url":"https:\/\/franciscanos.org.br\/noticias\/wp-content\/uploads\/2018\/05\/martaG_230217.jpg","contentUrl":"https:\/\/franciscanos.org.br\/noticias\/wp-content\/uploads\/2018\/05\/martaG_230217.jpg","width":273,"height":181},{"@type":"WebPage","@id":"https:\/\/franciscanos.org.br\/noticias\/nosso-destino-e-viver-como-amigos-de-jesus.html#webpage","url":"https:\/\/franciscanos.org.br\/noticias\/nosso-destino-e-viver-como-amigos-de-jesus.html","name":"Nosso destino \u00e9 viver como amigos de Jesus - Not\u00edcias - Franciscanos","isPartOf":{"@id":"https:\/\/franciscanos.org.br\/noticias\/#website"},"primaryImageOfPage":{"@id":"https:\/\/franciscanos.org.br\/noticias\/nosso-destino-e-viver-como-amigos-de-jesus.html#primaryimage"},"datePublished":"2018-05-14T11:39:20+00:00","dateModified":"2020-06-07T18:15:07+00:00","author":{"@id":"https:\/\/franciscanos.org.br\/noticias\/#\/schema\/person\/b38fbf43118f02820bd932f2e4b14ad3"},"breadcrumb":{"@id":"https:\/\/franciscanos.org.br\/noticias\/nosso-destino-e-viver-como-amigos-de-jesus.html#breadcrumb"},"inLanguage":"pt-BR","potentialAction":[{"@type":"ReadAction","target":["https:\/\/franciscanos.org.br\/noticias\/nosso-destino-e-viver-como-amigos-de-jesus.html"]}]},{"@type":"BreadcrumbList","@id":"https:\/\/franciscanos.org.br\/noticias\/nosso-destino-e-viver-como-amigos-de-jesus.html#breadcrumb","itemListElement":[{"@type":"ListItem","position":1,"name":"Home","item":"https:\/\/franciscanos.org.br\/noticias"},{"@type":"ListItem","position":2,"name":"Nosso destino \u00e9 viver como amigos de Jesus"}]},{"@type":"Person","@id":"https:\/\/franciscanos.org.br\/noticias\/#\/schema\/person\/b38fbf43118f02820bd932f2e4b14ad3","name":"admin","image":{"@type":"ImageObject","inLanguage":"pt-BR","@id":"https:\/\/franciscanos.org.br\/noticias\/#\/schema\/person\/image\/","url":"https:\/\/secure.gravatar.com\/avatar\/e8495742d34d0ba6448ea1c628263b3e?s=96&d=mm&r=g","contentUrl":"https:\/\/secure.gravatar.com\/avatar\/e8495742d34d0ba6448ea1c628263b3e?s=96&d=mm&r=g","caption":"admin"},"url":"https:\/\/franciscanos.org.br\/noticias\/author\/admin"}]}},"_links":{"self":[{"href":"https:\/\/franciscanos.org.br\/noticias\/wp-json\/wp\/v2\/posts\/159390"}],"collection":[{"href":"https:\/\/franciscanos.org.br\/noticias\/wp-json\/wp\/v2\/posts"}],"about":[{"href":"https:\/\/franciscanos.org.br\/noticias\/wp-json\/wp\/v2\/types\/post"}],"author":[{"embeddable":true,"href":"https:\/\/franciscanos.org.br\/noticias\/wp-json\/wp\/v2\/users\/1"}],"replies":[{"embeddable":true,"href":"https:\/\/franciscanos.org.br\/noticias\/wp-json\/wp\/v2\/comments?post=159390"}],"version-history":[{"count":1,"href":"https:\/\/franciscanos.org.br\/noticias\/wp-json\/wp\/v2\/posts\/159390\/revisions"}],"predecessor-version":[{"id":224974,"href":"https:\/\/franciscanos.org.br\/noticias\/wp-json\/wp\/v2\/posts\/159390\/revisions\/224974"}],"wp:featuredmedia":[{"embeddable":true,"href":"https:\/\/franciscanos.org.br\/noticias\/wp-json\/wp\/v2\/media\/200681"}],"wp:attachment":[{"href":"https:\/\/franciscanos.org.br\/noticias\/wp-json\/wp\/v2\/media?parent=159390"}],"wp:term":[{"taxonomy":"category","embeddable":true,"href":"https:\/\/franciscanos.org.br\/noticias\/wp-json\/wp\/v2\/categories?post=159390"},{"taxonomy":"post_tag","embeddable":true,"href":"https:\/\/franciscanos.org.br\/noticias\/wp-json\/wp\/v2\/tags?post=159390"}],"curies":[{"name":"wp","href":"https:\/\/api.w.org\/{rel}","templated":true}]}}