{"id":159304,"date":"2018-05-11T14:11:56","date_gmt":"2018-05-11T17:11:56","guid":{"rendered":"http:\/\/franciscanos.org.br\/?p=159304"},"modified":"2019-07-02T13:25:02","modified_gmt":"2019-07-02T16:25:02","slug":"tocar-a-carne-na-cristo-na-carne-dos-pobres","status":"publish","type":"post","link":"https:\/\/franciscanos.org.br\/noticias\/tocar-a-carne-na-cristo-na-carne-dos-pobres.html","title":{"rendered":"Tocar a carne na Cristo na carne dos pobres"},"content":{"rendered":"<p><img loading=\"lazy\" src=\"http:\/\/franciscanos.org.br\/wp-content\/uploads\/2018\/05\/seminario_110518G.jpg\" alt=\"seminario_110518G\" width=\"830\" height=\"400\" \/><\/p>\n<p><strong>Aparecida (SP)<\/strong> &#8211; Entre os dias 5 e 8 de maio, aconteceu o Semin\u00e1rio Nacional da Vida Religiosa Consagrada (VRC), promovido pela Confer\u00eancia dos Religiosos do Brasil (CRB). Com o tema &#8220;M\u00edstica e Profecia na miss\u00e3o comunit\u00e1ria&#8221;, religiosos e religiosas refletiram sobre a realidade da VRC e os desafios enfrentados na realidade atual.<\/p>\n<p>Ao final, os participantes divulgaram uma carta onde a reafirmam sua a\u00e7\u00e3o pastoral ao lado dos mais necessitados. Eles condenam tamb\u00e9m toda forma de viol\u00eancia, preconceito e exclus\u00e3o. &#8220;Denunciamos a progressiva concentra\u00e7\u00e3o de riqueza e renda, bem como a expropria\u00e7\u00e3o da terra, do trabalho e dos direitos que o povo brasileiro tem conquistado \u00e0 custa de muitos anos de luta e resist\u00eancia; h\u00e1 um ataque estrutural \u00e0 democracia e ao direito do povo de definir um projeto de Pa\u00eds em que se reconhe\u00e7a&#8221;, afirma o documento.<\/p>\n<p><em>Confira a \u00edntegra:<\/em><\/p>\n<p><strong>Mensagem Final do Semin\u00e1rio Nacional da Vida Religiosa Consagrada 2018<\/strong><\/p>\n<p>N\u00f3s, cerca de 600 religiosas e religiosos participantes do Semin\u00e1rio Nacional da Vida Religiosa Consagrada, em Aparecida (SP), de 5 a 8 de maio de 2018, renovamos nossa miss\u00e3o, com Maria M\u00e3e da humanidade e companheira dos pobres, de \u201csair \u00e0s pressas, aonde clama a vida\u201d.<\/p>\n<p>O mundo nos toca e interpela. A Igreja \u00e9 parte dele, nossa consagra\u00e7\u00e3o est\u00e1 a servi\u00e7o da vida, e nossos carismas se orientam a partir do Reino de Deus.<\/p>\n<p>Escutamos o clamor dos pobres e da M\u00e3e Terra, n\u00e3o queremos ficar indiferentes ou fugir da realidade: com Maria, assumimos o desafio de dizer \u201csim\u201d ao mist\u00e9rio de Deus, que se encarna na hist\u00f3ria atrav\u00e9s de n\u00f3s.<\/p>\n<p>Nosso pa\u00eds encontra-se numa situa\u00e7\u00e3o sombria, fria e est\u00e9ril do ponto de vista social e pol\u00edtico. Est\u00e1 se consolidando um clima de \u00f3dio, viol\u00eancia e intoler\u00e2ncia, particularmente contra os migrantes e os povos ind\u00edgenas, com manifesta\u00e7\u00f5es preocupantes de homofobia e exterm\u00ednio da juventude negra. Denunciamos a progressiva concentra\u00e7\u00e3o de riqueza e renda, bem como a expropria\u00e7\u00e3o da terra, do trabalho e dos direitos que o povo brasileiro tem conquistado \u00e0 custa de muitos anos de luta e resist\u00eancia; h\u00e1 um ataque estrutural \u00e0 democracia e ao direito do povo de definir um projeto de Pa\u00eds em que se reconhe\u00e7a.<\/p>\n<p>Tamb\u00e9m a Vida Religiosa Consagrada pode esfriar-se, esquecer a profecia de Jesus, ceder \u00e0 religi\u00e3o do capital, isolar-se, ser autorreferencial, sem sair de suas zonas de conforto, abandonando-se a um pessimismo reprodutor.<\/p>\n<p>Mas a primavera bate \u00e0 nossa porta, tempo de fragilidade que precisamos reconhecer, assumindo tamb\u00e9m as crises como ocasi\u00e3o para forjar um mundo novo e deixar nascerem os brotos que o Esp\u00edrito de Deus est\u00e1 semeando. Acolher e fomentar esta primavera, tamb\u00e9m dentro da Igreja, \u00e9 a miss\u00e3o da VRC.<\/p>\n<p>Como numa \u00e1rvore, em que as ra\u00edzes sustentam e alimentam o tronco, assim nossa profecia est\u00e1 enraizada no sil\u00eancio contemplativo, nas comunidades inseridas e orantes, nas Galileias de hoje, tocando a carne de Cristo na carne dos pobres. Dessas ra\u00edzes, nos vem a seiva da vida!<\/p>\n<p>Na sociedade fragmentada e individualista de hoje, adoecida pela solid\u00e3o, o testemunho da VRC refor\u00e7a-se se suas comunidades forem sinal de unidade nas diferen\u00e7as, de cuidado e amor rec\u00edproco. Esse \u00e9 o tronco da \u00e1rvore da vida, que oferece apoio e alegria verdadeira a quem precisa de amparo e sentido pleno!<\/p>\n<p>Nosso encontro de partilha, gra\u00e7as a Deus, destacou que ainda h\u00e1 muitos bons frutos: testemunhos corajosos de servi\u00e7o aos povos da Amaz\u00f4nia, aos migrantes e empobrecidos, di\u00e1logo inter-religioso e vida com os mais pobres. Nosso empenho no mundo da educa\u00e7\u00e3o e em outras estruturas consolidadas precisa dialogar e interagir de forma permanente com essas experi\u00eancias inseridas. Pode crescer a alian\u00e7a entre a VRC e as iniciativas mais vivas e criativas da sociedade de hoje, como a economia solid\u00e1ria, as diversas formas de pol\u00edtica participativa e o protagonismo corajoso das jovens gera\u00e7\u00f5es.<\/p>\n<p>Aprendemos do \u201cBem Viver\u201d dos povos amer\u00edndios que o sentido da vida est\u00e1 em oferecer, unidos, todas as nossas potencialidades a servi\u00e7o do Bem Comum.<br \/>\nMaria saiu de si e se deixou encontrar por Deus, que a surpreendeu e a encheu de amor e coragem. Os m\u00e1rtires e profetas da caminhada tamb\u00e9m disseram seu sim incondicional e brilham hoje para n\u00f3s como estrelas-guia.<\/p>\n<p>Saiamos, \u00e0s pressas, com nossa M\u00e3e e nossos irm\u00e3os m\u00e1rtires, ao encontro da vida que clama por dignidade e plenitude!<\/p>\n<p><em>Aparecida-SP, 8 de maio de 2018.<\/em><\/p>\n","protected":false},"excerpt":{"rendered":"<p>Mensagem Final do Semin\u00e1rio Nacional da Vida Religiosa Consagrada 2018<\/p>\n","protected":false},"author":1,"featured_media":207103,"comment_status":"open","ping_status":"open","sticky":false,"template":"","format":"standard","meta":[],"categories":[1],"tags":[1472,400,1473,60],"acf":[],"yoast_head":"<!-- This site is optimized with the Yoast SEO plugin v19.2 - https:\/\/yoast.com\/wordpress\/plugins\/seo\/ -->\n<title>Tocar a carne na Cristo na carne dos pobres - Not\u00edcias - Franciscanos<\/title>\n<meta name=\"robots\" content=\"index, follow, max-snippet:-1, max-image-preview:large, max-video-preview:-1\" \/>\n<link rel=\"canonical\" href=\"https:\/\/franciscanos.org.br\/noticias\/tocar-a-carne-na-cristo-na-carne-dos-pobres.html\" \/>\n<meta property=\"og:locale\" content=\"pt_BR\" \/>\n<meta property=\"og:type\" content=\"article\" \/>\n<meta property=\"og:title\" content=\"Tocar a carne na Cristo na carne dos pobres - Not\u00edcias - Franciscanos\" \/>\n<meta property=\"og:description\" content=\"Mensagem Final do Semin\u00e1rio Nacional da Vida Religiosa Consagrada 2018\" \/>\n<meta property=\"og:url\" content=\"https:\/\/franciscanos.org.br\/noticias\/tocar-a-carne-na-cristo-na-carne-dos-pobres.html\" \/>\n<meta property=\"og:site_name\" content=\"Not\u00edcias - Franciscanos\" \/>\n<meta property=\"article:published_time\" content=\"2018-05-11T17:11:56+00:00\" \/>\n<meta property=\"article:modified_time\" content=\"2019-07-02T16:25:02+00:00\" \/>\n<meta property=\"og:image\" content=\"https:\/\/franciscanos.org.br\/noticias\/wp-content\/uploads\/2018\/05\/seminario_110518G.jpg\" \/>\n\t<meta property=\"og:image:width\" content=\"273\" \/>\n\t<meta property=\"og:image:height\" content=\"181\" \/>\n\t<meta property=\"og:image:type\" content=\"image\/jpeg\" \/>\n<meta name=\"author\" content=\"admin\" \/>\n<meta name=\"twitter:card\" content=\"summary_large_image\" \/>\n<meta name=\"twitter:label1\" content=\"Escrito por\" \/>\n\t<meta name=\"twitter:data1\" content=\"admin\" \/>\n\t<meta name=\"twitter:label2\" content=\"Est. tempo de leitura\" \/>\n\t<meta name=\"twitter:data2\" content=\"4 minutos\" \/>\n<script type=\"application\/ld+json\" class=\"yoast-schema-graph\">{\"@context\":\"https:\/\/schema.org\",\"@graph\":[{\"@type\":\"WebSite\",\"@id\":\"https:\/\/franciscanos.org.br\/noticias\/#website\",\"url\":\"https:\/\/franciscanos.org.br\/noticias\/\",\"name\":\"Not\u00edcias - Franciscanos\",\"description\":\"Prov\u00edncia Franciscana da Imaculada Concei\u00e7\u00e3o do Brasil - Ordem dos Frades Menores - OFM\",\"potentialAction\":[{\"@type\":\"SearchAction\",\"target\":{\"@type\":\"EntryPoint\",\"urlTemplate\":\"https:\/\/franciscanos.org.br\/noticias\/?s={search_term_string}\"},\"query-input\":\"required name=search_term_string\"}],\"inLanguage\":\"pt-BR\"},{\"@type\":\"ImageObject\",\"inLanguage\":\"pt-BR\",\"@id\":\"https:\/\/franciscanos.org.br\/noticias\/tocar-a-carne-na-cristo-na-carne-dos-pobres.html#primaryimage\",\"url\":\"https:\/\/franciscanos.org.br\/noticias\/wp-content\/uploads\/2018\/05\/seminario_110518G.jpg\",\"contentUrl\":\"https:\/\/franciscanos.org.br\/noticias\/wp-content\/uploads\/2018\/05\/seminario_110518G.jpg\",\"width\":273,\"height\":181},{\"@type\":\"WebPage\",\"@id\":\"https:\/\/franciscanos.org.br\/noticias\/tocar-a-carne-na-cristo-na-carne-dos-pobres.html#webpage\",\"url\":\"https:\/\/franciscanos.org.br\/noticias\/tocar-a-carne-na-cristo-na-carne-dos-pobres.html\",\"name\":\"Tocar a carne na Cristo na carne dos pobres - Not\u00edcias - Franciscanos\",\"isPartOf\":{\"@id\":\"https:\/\/franciscanos.org.br\/noticias\/#website\"},\"primaryImageOfPage\":{\"@id\":\"https:\/\/franciscanos.org.br\/noticias\/tocar-a-carne-na-cristo-na-carne-dos-pobres.html#primaryimage\"},\"datePublished\":\"2018-05-11T17:11:56+00:00\",\"dateModified\":\"2019-07-02T16:25:02+00:00\",\"author\":{\"@id\":\"https:\/\/franciscanos.org.br\/noticias\/#\/schema\/person\/b38fbf43118f02820bd932f2e4b14ad3\"},\"breadcrumb\":{\"@id\":\"https:\/\/franciscanos.org.br\/noticias\/tocar-a-carne-na-cristo-na-carne-dos-pobres.html#breadcrumb\"},\"inLanguage\":\"pt-BR\",\"potentialAction\":[{\"@type\":\"ReadAction\",\"target\":[\"https:\/\/franciscanos.org.br\/noticias\/tocar-a-carne-na-cristo-na-carne-dos-pobres.html\"]}]},{\"@type\":\"BreadcrumbList\",\"@id\":\"https:\/\/franciscanos.org.br\/noticias\/tocar-a-carne-na-cristo-na-carne-dos-pobres.html#breadcrumb\",\"itemListElement\":[{\"@type\":\"ListItem\",\"position\":1,\"name\":\"Home\",\"item\":\"https:\/\/franciscanos.org.br\/noticias\"},{\"@type\":\"ListItem\",\"position\":2,\"name\":\"Tocar a carne na Cristo na carne dos pobres\"}]},{\"@type\":\"Person\",\"@id\":\"https:\/\/franciscanos.org.br\/noticias\/#\/schema\/person\/b38fbf43118f02820bd932f2e4b14ad3\",\"name\":\"admin\",\"image\":{\"@type\":\"ImageObject\",\"inLanguage\":\"pt-BR\",\"@id\":\"https:\/\/franciscanos.org.br\/noticias\/#\/schema\/person\/image\/\",\"url\":\"https:\/\/secure.gravatar.com\/avatar\/e8495742d34d0ba6448ea1c628263b3e?s=96&d=mm&r=g\",\"contentUrl\":\"https:\/\/secure.gravatar.com\/avatar\/e8495742d34d0ba6448ea1c628263b3e?s=96&d=mm&r=g\",\"caption\":\"admin\"},\"url\":\"https:\/\/franciscanos.org.br\/noticias\/author\/admin\"}]}<\/script>\n<!-- \/ Yoast SEO plugin. -->","yoast_head_json":{"title":"Tocar a carne na Cristo na carne dos pobres - Not\u00edcias - Franciscanos","robots":{"index":"index","follow":"follow","max-snippet":"max-snippet:-1","max-image-preview":"max-image-preview:large","max-video-preview":"max-video-preview:-1"},"canonical":"https:\/\/franciscanos.org.br\/noticias\/tocar-a-carne-na-cristo-na-carne-dos-pobres.html","og_locale":"pt_BR","og_type":"article","og_title":"Tocar a carne na Cristo na carne dos pobres - Not\u00edcias - Franciscanos","og_description":"Mensagem Final do Semin\u00e1rio Nacional da Vida Religiosa Consagrada 2018","og_url":"https:\/\/franciscanos.org.br\/noticias\/tocar-a-carne-na-cristo-na-carne-dos-pobres.html","og_site_name":"Not\u00edcias - Franciscanos","article_published_time":"2018-05-11T17:11:56+00:00","article_modified_time":"2019-07-02T16:25:02+00:00","og_image":[{"width":273,"height":181,"url":"https:\/\/franciscanos.org.br\/noticias\/wp-content\/uploads\/2018\/05\/seminario_110518G.jpg","type":"image\/jpeg"}],"author":"admin","twitter_card":"summary_large_image","twitter_misc":{"Escrito por":"admin","Est. tempo de leitura":"4 minutos"},"schema":{"@context":"https:\/\/schema.org","@graph":[{"@type":"WebSite","@id":"https:\/\/franciscanos.org.br\/noticias\/#website","url":"https:\/\/franciscanos.org.br\/noticias\/","name":"Not\u00edcias - Franciscanos","description":"Prov\u00edncia Franciscana da Imaculada Concei\u00e7\u00e3o do Brasil - Ordem dos Frades Menores - OFM","potentialAction":[{"@type":"SearchAction","target":{"@type":"EntryPoint","urlTemplate":"https:\/\/franciscanos.org.br\/noticias\/?s={search_term_string}"},"query-input":"required name=search_term_string"}],"inLanguage":"pt-BR"},{"@type":"ImageObject","inLanguage":"pt-BR","@id":"https:\/\/franciscanos.org.br\/noticias\/tocar-a-carne-na-cristo-na-carne-dos-pobres.html#primaryimage","url":"https:\/\/franciscanos.org.br\/noticias\/wp-content\/uploads\/2018\/05\/seminario_110518G.jpg","contentUrl":"https:\/\/franciscanos.org.br\/noticias\/wp-content\/uploads\/2018\/05\/seminario_110518G.jpg","width":273,"height":181},{"@type":"WebPage","@id":"https:\/\/franciscanos.org.br\/noticias\/tocar-a-carne-na-cristo-na-carne-dos-pobres.html#webpage","url":"https:\/\/franciscanos.org.br\/noticias\/tocar-a-carne-na-cristo-na-carne-dos-pobres.html","name":"Tocar a carne na Cristo na carne dos pobres - Not\u00edcias - Franciscanos","isPartOf":{"@id":"https:\/\/franciscanos.org.br\/noticias\/#website"},"primaryImageOfPage":{"@id":"https:\/\/franciscanos.org.br\/noticias\/tocar-a-carne-na-cristo-na-carne-dos-pobres.html#primaryimage"},"datePublished":"2018-05-11T17:11:56+00:00","dateModified":"2019-07-02T16:25:02+00:00","author":{"@id":"https:\/\/franciscanos.org.br\/noticias\/#\/schema\/person\/b38fbf43118f02820bd932f2e4b14ad3"},"breadcrumb":{"@id":"https:\/\/franciscanos.org.br\/noticias\/tocar-a-carne-na-cristo-na-carne-dos-pobres.html#breadcrumb"},"inLanguage":"pt-BR","potentialAction":[{"@type":"ReadAction","target":["https:\/\/franciscanos.org.br\/noticias\/tocar-a-carne-na-cristo-na-carne-dos-pobres.html"]}]},{"@type":"BreadcrumbList","@id":"https:\/\/franciscanos.org.br\/noticias\/tocar-a-carne-na-cristo-na-carne-dos-pobres.html#breadcrumb","itemListElement":[{"@type":"ListItem","position":1,"name":"Home","item":"https:\/\/franciscanos.org.br\/noticias"},{"@type":"ListItem","position":2,"name":"Tocar a carne na Cristo na carne dos pobres"}]},{"@type":"Person","@id":"https:\/\/franciscanos.org.br\/noticias\/#\/schema\/person\/b38fbf43118f02820bd932f2e4b14ad3","name":"admin","image":{"@type":"ImageObject","inLanguage":"pt-BR","@id":"https:\/\/franciscanos.org.br\/noticias\/#\/schema\/person\/image\/","url":"https:\/\/secure.gravatar.com\/avatar\/e8495742d34d0ba6448ea1c628263b3e?s=96&d=mm&r=g","contentUrl":"https:\/\/secure.gravatar.com\/avatar\/e8495742d34d0ba6448ea1c628263b3e?s=96&d=mm&r=g","caption":"admin"},"url":"https:\/\/franciscanos.org.br\/noticias\/author\/admin"}]}},"_links":{"self":[{"href":"https:\/\/franciscanos.org.br\/noticias\/wp-json\/wp\/v2\/posts\/159304"}],"collection":[{"href":"https:\/\/franciscanos.org.br\/noticias\/wp-json\/wp\/v2\/posts"}],"about":[{"href":"https:\/\/franciscanos.org.br\/noticias\/wp-json\/wp\/v2\/types\/post"}],"author":[{"embeddable":true,"href":"https:\/\/franciscanos.org.br\/noticias\/wp-json\/wp\/v2\/users\/1"}],"replies":[{"embeddable":true,"href":"https:\/\/franciscanos.org.br\/noticias\/wp-json\/wp\/v2\/comments?post=159304"}],"version-history":[{"count":0,"href":"https:\/\/franciscanos.org.br\/noticias\/wp-json\/wp\/v2\/posts\/159304\/revisions"}],"wp:featuredmedia":[{"embeddable":true,"href":"https:\/\/franciscanos.org.br\/noticias\/wp-json\/wp\/v2\/media\/207103"}],"wp:attachment":[{"href":"https:\/\/franciscanos.org.br\/noticias\/wp-json\/wp\/v2\/media?parent=159304"}],"wp:term":[{"taxonomy":"category","embeddable":true,"href":"https:\/\/franciscanos.org.br\/noticias\/wp-json\/wp\/v2\/categories?post=159304"},{"taxonomy":"post_tag","embeddable":true,"href":"https:\/\/franciscanos.org.br\/noticias\/wp-json\/wp\/v2\/tags?post=159304"}],"curies":[{"name":"wp","href":"https:\/\/api.w.org\/{rel}","templated":true}]}}