{"id":159179,"date":"2018-05-10T11:15:15","date_gmt":"2018-05-10T14:15:15","guid":{"rendered":"http:\/\/franciscanos.org.br\/?p=159179"},"modified":"2020-08-10T15:31:29","modified_gmt":"2020-08-10T18:31:29","slug":"paroquia-santo-antonio-acolhe-mini-encontro-distrital-da-ofs","status":"publish","type":"post","link":"https:\/\/franciscanos.org.br\/noticias\/paroquia-santo-antonio-acolhe-mini-encontro-distrital-da-ofs.html","title":{"rendered":"Par\u00f3quia Santo Ant\u00f4nio acolhe Encontro Distrital da OFS"},"content":{"rendered":"<p><img loading=\"lazy\" src=\"http:\/\/franciscanos.org.br\/wp-content\/uploads\/2018\/05\/ofspari_100918.jpg\" alt=\"ofspari_100918\" width=\"830\" height=\"401\" \/><\/p>\n<p><strong>S\u00e3o Paulo (SP)<\/strong> \u2013 A Par\u00f3quia Santo Ant\u00f4nio do Pari, em S\u00e3o Paulo (SP), acolheu com muita f\u00e9 e alegria o Mini Encontro Distrital da Ordem Franciscana Secular (OFS), no domingo, 6 de maio.<br \/>\nOs representantes das muitas Fraternidades presentes tiveram a gra\u00e7a de uma partilha viva de amor e ora\u00e7\u00e3o, com verdadeiro entusiasmo franciscano.<\/p>\n<p>Primeiro, um caf\u00e9 de boas vindas. Depois, a santa Missa, participada tamb\u00e9m pelos paroquianos. Foi o ponto alto de ora\u00e7\u00e3o, para entrega e b\u00ean\u00e7\u00e3o dos servi\u00e7os e atividades do Encontro, e para a comunh\u00e3o de vida fraterna que marca nossa a\u00e7\u00e3o de mission\u00e1rios franciscanos.<\/p>\n<p>Uma palestra do Ministro Luis Garcia, do Conselho da Fraternidade anfitri\u00e3, trouxe-nos um primoroso conte\u00fado para conhecimento e reflex\u00e3o sobre a conscientiza\u00e7\u00e3o do chamado e da postura do leigo crist\u00e3o, na Igreja de hoje, a partir dos prim\u00f3rdios da hist\u00f3ria de participa\u00e7\u00e3o do laicato na Igreja.<\/p>\n<p>Almo\u00e7o comunit\u00e1rio e animado momento musical descontra\u00edram e confraternizaram. Parab\u00e9ns \u00e0s irm\u00e3s da \u201ccozinha\u201d, lideradas por Celina, Martinha e Raimunda. As irm\u00e3s Cec\u00edlia e Teresinha tamb\u00e9m foram muito dedicadas no servi\u00e7o de acolhida.<\/p>\n<p>\u00c0 tarde, uma boa din\u00e2mica de grupos, organizada pela Ministra Maria Helena, com excelente participa\u00e7\u00e3o de todos, levou-nos a fixar, esclarecer, trocar id\u00e9ias e encontrar sugest\u00f5es de posturas e condutas favorecedoras de uma a\u00e7\u00e3o mission\u00e1ria crist\u00e3 franciscana, para o servi\u00e7o &#8220;em comunh\u00e3o&#8221; e &#8220;para a comunh\u00e3o&#8221; , nas par\u00f3quias, comunidades e Fraternidades.<\/p>\n<p>Frei Wilson Sim\u00e3o, da Fraternidade Santo Ant\u00f4nio do Pari, encerrou o encontro e, juntamente com Pe. Antonio Zafani, de Guarulhos (SP), aben\u00e7oou os encontristas, enviando-os em miss\u00e3o.<\/p>\n","protected":false},"excerpt":{"rendered":"<p>Ordem Franciscana Secular<\/p>\n","protected":false},"author":1,"featured_media":204015,"comment_status":"open","ping_status":"open","sticky":false,"template":"","format":"standard","meta":[],"categories":[1],"tags":[60],"acf":[],"yoast_head":"<!-- This site is optimized with the Yoast SEO plugin v19.2 - https:\/\/yoast.com\/wordpress\/plugins\/seo\/ -->\n<title>Par\u00f3quia Santo Ant\u00f4nio acolhe Encontro Distrital da OFS - Not\u00edcias - Franciscanos<\/title>\n<meta name=\"robots\" content=\"index, follow, max-snippet:-1, max-image-preview:large, max-video-preview:-1\" \/>\n<link rel=\"canonical\" href=\"https:\/\/franciscanos.org.br\/noticias\/paroquia-santo-antonio-acolhe-mini-encontro-distrital-da-ofs.html\" \/>\n<meta property=\"og:locale\" content=\"pt_BR\" \/>\n<meta property=\"og:type\" content=\"article\" \/>\n<meta property=\"og:title\" content=\"Par\u00f3quia Santo Ant\u00f4nio acolhe Encontro Distrital da OFS - Not\u00edcias - Franciscanos\" \/>\n<meta property=\"og:description\" content=\"Ordem Franciscana Secular\" \/>\n<meta property=\"og:url\" content=\"https:\/\/franciscanos.org.br\/noticias\/paroquia-santo-antonio-acolhe-mini-encontro-distrital-da-ofs.html\" \/>\n<meta property=\"og:site_name\" content=\"Not\u00edcias - Franciscanos\" \/>\n<meta property=\"article:published_time\" content=\"2018-05-10T14:15:15+00:00\" \/>\n<meta property=\"article:modified_time\" content=\"2020-08-10T18:31:29+00:00\" \/>\n<meta property=\"og:image\" content=\"https:\/\/franciscanos.org.br\/noticias\/wp-content\/uploads\/2018\/05\/ofspari_100918.jpg\" \/>\n\t<meta property=\"og:image:width\" content=\"273\" \/>\n\t<meta property=\"og:image:height\" content=\"181\" \/>\n\t<meta property=\"og:image:type\" content=\"image\/jpeg\" \/>\n<meta name=\"author\" content=\"admin\" \/>\n<meta name=\"twitter:card\" content=\"summary_large_image\" \/>\n<meta name=\"twitter:label1\" content=\"Escrito por\" \/>\n\t<meta name=\"twitter:data1\" content=\"admin\" \/>\n\t<meta name=\"twitter:label2\" content=\"Est. tempo de leitura\" \/>\n\t<meta name=\"twitter:data2\" content=\"1 minuto\" \/>\n<script type=\"application\/ld+json\" class=\"yoast-schema-graph\">{\"@context\":\"https:\/\/schema.org\",\"@graph\":[{\"@type\":\"WebSite\",\"@id\":\"https:\/\/franciscanos.org.br\/noticias\/#website\",\"url\":\"https:\/\/franciscanos.org.br\/noticias\/\",\"name\":\"Not\u00edcias - Franciscanos\",\"description\":\"Prov\u00edncia Franciscana da Imaculada Concei\u00e7\u00e3o do Brasil - Ordem dos Frades Menores - OFM\",\"potentialAction\":[{\"@type\":\"SearchAction\",\"target\":{\"@type\":\"EntryPoint\",\"urlTemplate\":\"https:\/\/franciscanos.org.br\/noticias\/?s={search_term_string}\"},\"query-input\":\"required name=search_term_string\"}],\"inLanguage\":\"pt-BR\"},{\"@type\":\"ImageObject\",\"inLanguage\":\"pt-BR\",\"@id\":\"https:\/\/franciscanos.org.br\/noticias\/paroquia-santo-antonio-acolhe-mini-encontro-distrital-da-ofs.html#primaryimage\",\"url\":\"https:\/\/franciscanos.org.br\/noticias\/wp-content\/uploads\/2018\/05\/ofspari_100918.jpg\",\"contentUrl\":\"https:\/\/franciscanos.org.br\/noticias\/wp-content\/uploads\/2018\/05\/ofspari_100918.jpg\",\"width\":273,\"height\":181},{\"@type\":\"WebPage\",\"@id\":\"https:\/\/franciscanos.org.br\/noticias\/paroquia-santo-antonio-acolhe-mini-encontro-distrital-da-ofs.html#webpage\",\"url\":\"https:\/\/franciscanos.org.br\/noticias\/paroquia-santo-antonio-acolhe-mini-encontro-distrital-da-ofs.html\",\"name\":\"Par\u00f3quia Santo Ant\u00f4nio acolhe Encontro Distrital da OFS - Not\u00edcias - Franciscanos\",\"isPartOf\":{\"@id\":\"https:\/\/franciscanos.org.br\/noticias\/#website\"},\"primaryImageOfPage\":{\"@id\":\"https:\/\/franciscanos.org.br\/noticias\/paroquia-santo-antonio-acolhe-mini-encontro-distrital-da-ofs.html#primaryimage\"},\"datePublished\":\"2018-05-10T14:15:15+00:00\",\"dateModified\":\"2020-08-10T18:31:29+00:00\",\"author\":{\"@id\":\"https:\/\/franciscanos.org.br\/noticias\/#\/schema\/person\/b38fbf43118f02820bd932f2e4b14ad3\"},\"breadcrumb\":{\"@id\":\"https:\/\/franciscanos.org.br\/noticias\/paroquia-santo-antonio-acolhe-mini-encontro-distrital-da-ofs.html#breadcrumb\"},\"inLanguage\":\"pt-BR\",\"potentialAction\":[{\"@type\":\"ReadAction\",\"target\":[\"https:\/\/franciscanos.org.br\/noticias\/paroquia-santo-antonio-acolhe-mini-encontro-distrital-da-ofs.html\"]}]},{\"@type\":\"BreadcrumbList\",\"@id\":\"https:\/\/franciscanos.org.br\/noticias\/paroquia-santo-antonio-acolhe-mini-encontro-distrital-da-ofs.html#breadcrumb\",\"itemListElement\":[{\"@type\":\"ListItem\",\"position\":1,\"name\":\"Home\",\"item\":\"https:\/\/franciscanos.org.br\/noticias\"},{\"@type\":\"ListItem\",\"position\":2,\"name\":\"Par\u00f3quia Santo Ant\u00f4nio acolhe Encontro Distrital da OFS\"}]},{\"@type\":\"Person\",\"@id\":\"https:\/\/franciscanos.org.br\/noticias\/#\/schema\/person\/b38fbf43118f02820bd932f2e4b14ad3\",\"name\":\"admin\",\"image\":{\"@type\":\"ImageObject\",\"inLanguage\":\"pt-BR\",\"@id\":\"https:\/\/franciscanos.org.br\/noticias\/#\/schema\/person\/image\/\",\"url\":\"https:\/\/secure.gravatar.com\/avatar\/e8495742d34d0ba6448ea1c628263b3e?s=96&d=mm&r=g\",\"contentUrl\":\"https:\/\/secure.gravatar.com\/avatar\/e8495742d34d0ba6448ea1c628263b3e?s=96&d=mm&r=g\",\"caption\":\"admin\"},\"url\":\"https:\/\/franciscanos.org.br\/noticias\/author\/admin\"}]}<\/script>\n<!-- \/ Yoast SEO plugin. -->","yoast_head_json":{"title":"Par\u00f3quia Santo Ant\u00f4nio acolhe Encontro Distrital da OFS - Not\u00edcias - Franciscanos","robots":{"index":"index","follow":"follow","max-snippet":"max-snippet:-1","max-image-preview":"max-image-preview:large","max-video-preview":"max-video-preview:-1"},"canonical":"https:\/\/franciscanos.org.br\/noticias\/paroquia-santo-antonio-acolhe-mini-encontro-distrital-da-ofs.html","og_locale":"pt_BR","og_type":"article","og_title":"Par\u00f3quia Santo Ant\u00f4nio acolhe Encontro Distrital da OFS - Not\u00edcias - Franciscanos","og_description":"Ordem Franciscana Secular","og_url":"https:\/\/franciscanos.org.br\/noticias\/paroquia-santo-antonio-acolhe-mini-encontro-distrital-da-ofs.html","og_site_name":"Not\u00edcias - Franciscanos","article_published_time":"2018-05-10T14:15:15+00:00","article_modified_time":"2020-08-10T18:31:29+00:00","og_image":[{"width":273,"height":181,"url":"https:\/\/franciscanos.org.br\/noticias\/wp-content\/uploads\/2018\/05\/ofspari_100918.jpg","type":"image\/jpeg"}],"author":"admin","twitter_card":"summary_large_image","twitter_misc":{"Escrito por":"admin","Est. tempo de leitura":"1 minuto"},"schema":{"@context":"https:\/\/schema.org","@graph":[{"@type":"WebSite","@id":"https:\/\/franciscanos.org.br\/noticias\/#website","url":"https:\/\/franciscanos.org.br\/noticias\/","name":"Not\u00edcias - Franciscanos","description":"Prov\u00edncia Franciscana da Imaculada Concei\u00e7\u00e3o do Brasil - Ordem dos Frades Menores - OFM","potentialAction":[{"@type":"SearchAction","target":{"@type":"EntryPoint","urlTemplate":"https:\/\/franciscanos.org.br\/noticias\/?s={search_term_string}"},"query-input":"required name=search_term_string"}],"inLanguage":"pt-BR"},{"@type":"ImageObject","inLanguage":"pt-BR","@id":"https:\/\/franciscanos.org.br\/noticias\/paroquia-santo-antonio-acolhe-mini-encontro-distrital-da-ofs.html#primaryimage","url":"https:\/\/franciscanos.org.br\/noticias\/wp-content\/uploads\/2018\/05\/ofspari_100918.jpg","contentUrl":"https:\/\/franciscanos.org.br\/noticias\/wp-content\/uploads\/2018\/05\/ofspari_100918.jpg","width":273,"height":181},{"@type":"WebPage","@id":"https:\/\/franciscanos.org.br\/noticias\/paroquia-santo-antonio-acolhe-mini-encontro-distrital-da-ofs.html#webpage","url":"https:\/\/franciscanos.org.br\/noticias\/paroquia-santo-antonio-acolhe-mini-encontro-distrital-da-ofs.html","name":"Par\u00f3quia Santo Ant\u00f4nio acolhe Encontro Distrital da OFS - Not\u00edcias - Franciscanos","isPartOf":{"@id":"https:\/\/franciscanos.org.br\/noticias\/#website"},"primaryImageOfPage":{"@id":"https:\/\/franciscanos.org.br\/noticias\/paroquia-santo-antonio-acolhe-mini-encontro-distrital-da-ofs.html#primaryimage"},"datePublished":"2018-05-10T14:15:15+00:00","dateModified":"2020-08-10T18:31:29+00:00","author":{"@id":"https:\/\/franciscanos.org.br\/noticias\/#\/schema\/person\/b38fbf43118f02820bd932f2e4b14ad3"},"breadcrumb":{"@id":"https:\/\/franciscanos.org.br\/noticias\/paroquia-santo-antonio-acolhe-mini-encontro-distrital-da-ofs.html#breadcrumb"},"inLanguage":"pt-BR","potentialAction":[{"@type":"ReadAction","target":["https:\/\/franciscanos.org.br\/noticias\/paroquia-santo-antonio-acolhe-mini-encontro-distrital-da-ofs.html"]}]},{"@type":"BreadcrumbList","@id":"https:\/\/franciscanos.org.br\/noticias\/paroquia-santo-antonio-acolhe-mini-encontro-distrital-da-ofs.html#breadcrumb","itemListElement":[{"@type":"ListItem","position":1,"name":"Home","item":"https:\/\/franciscanos.org.br\/noticias"},{"@type":"ListItem","position":2,"name":"Par\u00f3quia Santo Ant\u00f4nio acolhe Encontro Distrital da OFS"}]},{"@type":"Person","@id":"https:\/\/franciscanos.org.br\/noticias\/#\/schema\/person\/b38fbf43118f02820bd932f2e4b14ad3","name":"admin","image":{"@type":"ImageObject","inLanguage":"pt-BR","@id":"https:\/\/franciscanos.org.br\/noticias\/#\/schema\/person\/image\/","url":"https:\/\/secure.gravatar.com\/avatar\/e8495742d34d0ba6448ea1c628263b3e?s=96&d=mm&r=g","contentUrl":"https:\/\/secure.gravatar.com\/avatar\/e8495742d34d0ba6448ea1c628263b3e?s=96&d=mm&r=g","caption":"admin"},"url":"https:\/\/franciscanos.org.br\/noticias\/author\/admin"}]}},"_links":{"self":[{"href":"https:\/\/franciscanos.org.br\/noticias\/wp-json\/wp\/v2\/posts\/159179"}],"collection":[{"href":"https:\/\/franciscanos.org.br\/noticias\/wp-json\/wp\/v2\/posts"}],"about":[{"href":"https:\/\/franciscanos.org.br\/noticias\/wp-json\/wp\/v2\/types\/post"}],"author":[{"embeddable":true,"href":"https:\/\/franciscanos.org.br\/noticias\/wp-json\/wp\/v2\/users\/1"}],"replies":[{"embeddable":true,"href":"https:\/\/franciscanos.org.br\/noticias\/wp-json\/wp\/v2\/comments?post=159179"}],"version-history":[{"count":1,"href":"https:\/\/franciscanos.org.br\/noticias\/wp-json\/wp\/v2\/posts\/159179\/revisions"}],"predecessor-version":[{"id":227743,"href":"https:\/\/franciscanos.org.br\/noticias\/wp-json\/wp\/v2\/posts\/159179\/revisions\/227743"}],"wp:featuredmedia":[{"embeddable":true,"href":"https:\/\/franciscanos.org.br\/noticias\/wp-json\/wp\/v2\/media\/204015"}],"wp:attachment":[{"href":"https:\/\/franciscanos.org.br\/noticias\/wp-json\/wp\/v2\/media?parent=159179"}],"wp:term":[{"taxonomy":"category","embeddable":true,"href":"https:\/\/franciscanos.org.br\/noticias\/wp-json\/wp\/v2\/categories?post=159179"},{"taxonomy":"post_tag","embeddable":true,"href":"https:\/\/franciscanos.org.br\/noticias\/wp-json\/wp\/v2\/tags?post=159179"}],"curies":[{"name":"wp","href":"https:\/\/api.w.org\/{rel}","templated":true}]}}