{"id":159169,"date":"2018-05-10T10:43:05","date_gmt":"2018-05-10T13:43:05","guid":{"rendered":"http:\/\/franciscanos.org.br\/?p=159169"},"modified":"2020-06-07T15:25:40","modified_gmt":"2020-06-07T18:25:40","slug":"visita-pastoral-em-nomadelfia-e-loppiano","status":"publish","type":"post","link":"https:\/\/franciscanos.org.br\/noticias\/visita-pastoral-em-nomadelfia-e-loppiano.html","title":{"rendered":"Visita Pastoral em Nomad\u00e9lfia e Loppiano"},"content":{"rendered":"<p><img loading=\"lazy\" src=\"http:\/\/franciscanos.org.br\/wp-content\/uploads\/2018\/05\/papa_100518G.jpg\" alt=\"papa_100518G\" width=\"830\" height=\"400\" \/><\/p>\n<p><strong>Cidade do Vaticano<\/strong> &#8211; Dia na Toscana para o Papa Francisco, que chegou a Nomad\u00e9lfia, prov\u00edncia de Grosseto para prestar homenagem \u00e0 figura de padre Zeno Saltini e encontrar a comunidade fundada por ele. A seguir, o pont\u00edfice foi para Loppiano, prov\u00edncia de Floren\u00e7a, para visitar a cidadela internacional do Movimento dos Focolares.<\/p>\n<p>Acolhido em Nomad\u00e9lfia por Dom Rodolfo Cetoloni, bispo de Grosseto, pelo padre Ferdinando Neri, sucessor de padre Zeno e por Francesco Matterazzo, presidente da Comunidade, o Papa Francisco se dirigiu de \u201cpapam\u00f3vel\u201d ao cemit\u00e9rio local, e na entrada, depois de ouvir a grava\u00e7\u00e3o de um trecho do testamento de padre Zeno, deteve-se em ora\u00e7\u00e3o diante do seu t\u00famulo e colocou uma pedra com seu nome, que se acrescenta \u00e0s pedras deixadas pelos habitantes de Nomad\u00e9lfia.<\/p>\n<p>Deixando o cemit\u00e9rio, o Papa passou diante dos t\u00famulos dos primeiros membros da Comunidade. Em seguida se transferiu de carro para o &#8220;Poggetto&#8221;. Ali se encontrou com o n\u00facleo familiar da Comunidade, visitou a casa central e a Capelinha dentro da qual confiou a duas fam\u00edlias duas crian\u00e7as acolhidas com a f\u00f3rmula utilizada na Comunidade.<\/p>\n<p>Depois, Francisco se dirigiu ao Sal\u00e3o &#8220;Don Zeno&#8221; para o encontro com a Comunidade. No caminho levou com ele no \u201cpapam\u00f3vel\u201d uma crian\u00e7a da comunidade. Ap\u00f3s o discurso de sauda\u00e7\u00e3o do Presidente Francesco Matterazzo, e um momento de celebra\u00e7\u00e3o dos jovens, com a apresenta\u00e7\u00e3o de cantos e dan\u00e7as, o Papa faz seu discurso.<\/p>\n<p><strong>Forma de vida boa e bonita<\/strong><br \/>\n\u201cUma realidade prof\u00e9tica que se prop\u00f5e a realizar uma nova civiliza\u00e7\u00e3o, atuando o Evangelho como forma de vida boa e bonita\u201d. Dessa maneira o Papa Francisco definiu a Comunidade fundada por padre Zeno Saltini.<\/p>\n<p>\u201cO seu Fundador dedicou-se com ardor apost\u00f3lico a preparar o terreno para a semente do Evangelho, para que pudesse dar frutos de vida nova\u201d, sublinhou o Pont\u00edfice. \u201cCrescido nos campos das f\u00e9rteis plan\u00edcies da regi\u00e3o da Emilia, ele sabia que quando chega o momento adequado, \u00e9 hora de colocar a m\u00e3o no arado e preparar a terra para a semeadura\u201d.<\/p>\n<p><strong>Comunidade inspirada nos Atos dos Ap\u00f3stolos<\/strong><br \/>\nO Papa observou: \u201ca lei da fraternidade, que caracteriza a vida de voc\u00eas, foi o sonho e o objetivo de toda a exist\u00eancia de padre Zeno, que desejava uma comunidade de vida inspirada no modelo descrito nos Atos dos Ap\u00f3stolos: &#8216;A multid\u00e3o daqueles que se tornaram crentes, tinha um s\u00f3 cora\u00e7\u00e3o e uma s\u00f3 alma e ningu\u00e9m considerava como sua propriedade o que lhe pertencia, mas entre eles tudo era em comum&#8217;. Pe\u00e7o-lhes para continuar este estilo de vida, confiando na for\u00e7a do Evangelho, atrav\u00e9s do seu l\u00edmpido testemunho crist\u00e3o\u201d.<\/p>\n<p>Voc\u00eas, disse ainda Francisco, fazem parte de uma comunidade que tem \u201cuma peculiar forma de sociedade, onde n\u00e3o h\u00e1 espa\u00e7o para o isolamento ou a solid\u00e3o, mas onde est\u00e1 em vigor o princ\u00edpio da colabora\u00e7\u00e3o entre diversas fam\u00edlias, onde os membros se reconhecem irm\u00e3os na f\u00e9\u201d.<\/p>\n<p>Aqui, observou o Pont\u00edfice, \u201cse estabelecem la\u00e7os muito mais s\u00f3lidos do que aqueles de parentesco. Este especial v\u00ednculo de consanguinidade e de familiaridade tamb\u00e9m \u00e9 manifestado pelas rela\u00e7\u00f5es m\u00fatuas entre as pessoas: todos s\u00e3o chamados pelo nome, nunca pelo sobrenome; e nos relacionamentos cotidianos se usa o confidencial &#8216;voc\u00ea&#8217;.<\/p>\n<p><strong>Sinal prof\u00e9tico<\/strong><br \/>\nO Papa Francisco, em seguida, enfatizou \u201coutro sinal prof\u00e9tico e de grande humanidade de Nomad\u00e9lfia: trata-se da aten\u00e7\u00e3o amorosa para com os idosos que, mesmo quando n\u00e3o gozam de boa sa\u00fade, permanecem na fam\u00edlia e s\u00e3o apoiados pelos irm\u00e3os e irm\u00e3s de toda a comunidade\u201d.<\/p>\n<p>O pont\u00edfice exortou \u201ca continuar neste caminho, encarnando o modelo de amor fraterno, tamb\u00e9m atrav\u00e9s de obras e sinais vis\u00edveis, nos muitos contextos onde a caridade evang\u00e9lica chama voc\u00eas, mas sempre conservando o esp\u00edrito de padre Zeno, que queria um Nomad\u00e9lfia &#8216;leve&#8217; e essencial em suas estruturas\u201d.<\/p>\n<p>Por isso, o convite do Papa: \u201cDiante de um mundo \u00e0s vezes hostil aos ideais pregados por Cristo, n\u00e3o hesitem em responder com o testemunho alegre e sereno de sua vida, inspirado pelo Evangelho\u201d.<\/p>\n<p>Na conclus\u00e3o de sua visita a Nomad\u00e9lfia, ainda no Sal\u00e3o &#8220;Don Zeno&#8221;, o Papa Francisco recebeu v\u00e1rios presentes dos membros da comunidade.<\/p>\n<hr \/>\n<p><big><strong>Papa aos focolarinos: franqueza e perseveran\u00e7a para ir avante<\/strong><\/big><\/p>\n<p>Depois de Nomad\u00e9lfia, o Papa Francisco foi at\u00e9 Loppiano, \u201cpequena cidade que nasceu do Evangelho\u201d, como definiu o pr\u00f3prio Pont\u00edfice, por ser a sede principal do Movimento dos Focolares por inspira\u00e7\u00e3o de Chiara Lubich.<br \/>\n<img loading=\"lazy\" src=\"http:\/\/franciscanos.org.br\/wp-content\/uploads\/2018\/05\/papa2_100518.jpg\" alt=\"papa2_100518\" width=\"830\" height=\"400\" \/><br \/>\nEm Loppiano, o Papa foi acolhido pelo bispo de Fiesole, Dom Mario Meini, e pela presidente do Movimento dos Focolares, Maria Voce.<\/p>\n<p>M\u00fasica e festa aguardavam o Pont\u00edfice, que assim que chegou fez um breve momento de ora\u00e7\u00e3o no Santu\u00e1rio Maria Theotokos. Na sequ\u00eancia, diante do mesmo Santu\u00e1rio, se realizou o encontro com a Comunidade baseado em forma de di\u00e1logo.<\/p>\n<p>Maria Voce fez sua sauda\u00e7\u00e3o e os habitantes de Loppiano dirigiram tr\u00eas perguntas ao Pont\u00edfice relativas aos desafios que o Movimente enfrenta hoje passados 50 anos de sua funda\u00e7\u00e3o.<br \/>\nFrancisco agradeceu aos \u201cpioneiros\u201d do Movimento e fez acr\u00e9scimos improvisados para exemplificar melhor o discurso preparado.<\/p>\n<p><strong>Franqueza, perseveran\u00e7a e mem\u00f3ria<\/strong><br \/>\nO Papa os encorajou a serem \u201cfrancos\u201d e \u201cperseverantes\u201d, duas palavras-chave do caminho da comunidade crist\u00e3 para ter \u201cmem\u00f3ria\u201d.<\/p>\n<p>\u201c\u00c9 preciso pedir ao Esp\u00edrito Santo a franqueza \u2013 sempre unida ao respeito e \u00e0 ternura \u2013 em testemunhar as grandes e belas obras que Deus realiza em n\u00f3s e em meio a n\u00f3s. E tamb\u00e9m nas rela\u00e7\u00f5es dentro da comunidade \u00e9 preciso ser sempre sinceros, abertos, francos, e n\u00e3o medrosos nem pregui\u00e7osos nem hip\u00f3critas. N\u00e3o ficar de lado para semear ciz\u00e2nia e murmurar, mas se esfor\u00e7ar para viver como disc\u00edpulos sinceros e corajosos em caridade e verdade.\u201d<\/p>\n<p>\u201cQuem vive de fofoca \u00e9 um terrorista\u201d, recordou. Pelo contr\u00e1rio, \u00e9 preciso pedir o senso de humor, \u201ca atitude humana que mais se aproxima de Deus\u201d.<\/p>\n<p>Francisco recordou o in\u00edcio do Movimento, quando Chiara se inspirou na abadia benedetina de Einsiedeln para criar algo semelhante em Loppiano, de forma nova e moderna, em sintonia com o Conc\u00edlio Vaticano II, a partir do carisma da unidade: um esbo\u00e7o de cidade nova no esp\u00edrito do Evangelho, para ressaltar a beleza do povo de Deus na riqueza e variedade dos seus membros. Em s\u00edntese, \u201cplasmar uma nova face da cidade dos homens segundo o desenho de amor de Deus\u201d.<br \/>\n\u201cLoppiano \u00e9 chamada a ser isso\u201d, disse o Papa e o pode se tornar, com confian\u00e7a e realismo, a ser sempre melhor.<\/p>\n<p><strong>Em Loppiano n\u00e3o existem periferias<\/strong><br \/>\nEm Loppiano, acrescentou, se vive a experi\u00eancia da caminhar juntos, com estilo sinodal. E esta \u00e9 a base s\u00f3lida e indispens\u00e1vel de tudo: a escola do Povo de Deus onde quem ensina e guia \u00e9 o \u00fanico Mestre. Daqui derivam as \u201cescolas de forma\u00e7\u00e3o\u201d t\u00edpicas do local: forma\u00e7\u00e3o ao trabalho, ao agir econ\u00f4mico e pol\u00edtico, ao di\u00e1logo ecum\u00eanico e inter-religioso, forma\u00e7\u00e3o cultural e eclesial, sobretudo a quem \u00e9 relegado \u00e0s periferias da exist\u00eancia.<\/p>\n<p>\u201cLoppiano cidade aberta, Loppiano cidade em sa\u00edda. Em Loppiano n\u00e3o existem periferias\u201d, ressaltou o Papa, pedindo um novo \u00edmpeto a essas escolas de forma\u00e7\u00e3o, abrindo-as a horizontes mais vastos e projetando-as nas fronteiras atrav\u00e9s de um novo \u201cpacto formativo\u201d.<\/p>\n<p>Numa \u00e9poca de transforma\u00e7\u00e3o, continuou o Papa, o desafio \u00e9 o da fidelidade criativa, isto \u00e9, \u201cser fi\u00e9is \u00e0 inspira\u00e7\u00e3o origin\u00e1ria e, juntos, estar abertos ao sopro do Esp\u00edrito Santo e empreender com coragem as novas vias que Ele sugere. \u201cEle\u201d, reiterou Francisco, \u201ce n\u00e3o o nosso bom senso, as nossas capacidades pragm\u00e1ticas, n\u00e3o os nossos modos de ver sempre limitados.<\/p>\n<p><strong>Discernimento comunit\u00e1rio<\/strong><br \/>\nPara isso, \u00e9 necess\u00e1rio o discernimento comunit\u00e1rio. \u201c\u00c9 necess\u00e1rio escuta de Deus at\u00e9 ouvir com Ele o clamor do Povo e \u00e9 preciso escuta do Povo at\u00e9 respirar a vontade \u00e0 qual Deus nos chama. Os disc\u00edpulos de Jesus devem ser contemplativos da Palavra e contemplativos do Povo de Deus.\u201d O Papa ent\u00e3o concluiu:\u00a0\u201cSomos chamados todos a se tornar artes\u00e3os do discernimento comunit\u00e1rio. Este \u00e9 o caminho para que tamb\u00e9m Loppiano descubra e siga passo a passo a via de Deus a servi\u00e7o da Igreja e da sociedade.\u201d<\/p>\n<p>Francisco encerrou seu discurso falando de Maria, \u201cuma leiga\u201d, e que inspirou a Comunidade dos Focolares, cujo nome oficial \u00e9 \u201cObra de Maria\u201d.<\/p>\n<p>\u201cEu os convido a olhar para Maria, mulher da fecundidade, da paci\u00eancia, da coragem, de suportar as coisas. Olhem para esta leiga, primeira disc\u00edpula, e vejam como reagiu em todos os passos conflituais da vida de seu filho.\u201d<\/p>\n<hr \/>\n<p><em>Fonte: Vatican News<\/em><\/p>\n","protected":false},"excerpt":{"rendered":"<p>Viagem apost\u00f3lica \u00e0 Nomad\u00e9lfia e Loppiano<\/p>\n","protected":false},"author":1,"featured_media":221034,"comment_status":"open","ping_status":"open","sticky":false,"template":"","format":"standard","meta":[],"categories":[1428],"tags":[1140],"acf":[],"yoast_head":"<!-- This site is optimized with the Yoast SEO plugin v19.2 - https:\/\/yoast.com\/wordpress\/plugins\/seo\/ -->\n<title>Visita Pastoral em Nomad\u00e9lfia e Loppiano - Not\u00edcias - Franciscanos<\/title>\n<meta name=\"robots\" content=\"index, follow, max-snippet:-1, max-image-preview:large, max-video-preview:-1\" \/>\n<link rel=\"canonical\" href=\"https:\/\/franciscanos.org.br\/noticias\/visita-pastoral-em-nomadelfia-e-loppiano.html\" \/>\n<meta property=\"og:locale\" content=\"pt_BR\" \/>\n<meta property=\"og:type\" content=\"article\" \/>\n<meta property=\"og:title\" content=\"Visita Pastoral em Nomad\u00e9lfia e Loppiano - Not\u00edcias - Franciscanos\" \/>\n<meta property=\"og:description\" content=\"Viagem apost\u00f3lica \u00e0 Nomad\u00e9lfia e Loppiano\" \/>\n<meta property=\"og:url\" content=\"https:\/\/franciscanos.org.br\/noticias\/visita-pastoral-em-nomadelfia-e-loppiano.html\" \/>\n<meta property=\"og:site_name\" content=\"Not\u00edcias - Franciscanos\" \/>\n<meta property=\"article:published_time\" content=\"2018-05-10T13:43:05+00:00\" \/>\n<meta property=\"article:modified_time\" content=\"2020-06-07T18:25:40+00:00\" \/>\n<meta property=\"og:image\" content=\"https:\/\/franciscanos.org.br\/noticias\/wp-content\/uploads\/2018\/05\/papa_100518G.jpg\" \/>\n\t<meta property=\"og:image:width\" content=\"273\" \/>\n\t<meta property=\"og:image:height\" content=\"181\" \/>\n\t<meta property=\"og:image:type\" content=\"image\/jpeg\" \/>\n<meta name=\"author\" content=\"admin\" \/>\n<meta name=\"twitter:card\" content=\"summary_large_image\" \/>\n<meta name=\"twitter:label1\" content=\"Escrito por\" \/>\n\t<meta name=\"twitter:data1\" content=\"admin\" \/>\n\t<meta name=\"twitter:label2\" content=\"Est. tempo de leitura\" \/>\n\t<meta name=\"twitter:data2\" content=\"8 minutos\" \/>\n<script type=\"application\/ld+json\" class=\"yoast-schema-graph\">{\"@context\":\"https:\/\/schema.org\",\"@graph\":[{\"@type\":\"WebSite\",\"@id\":\"https:\/\/franciscanos.org.br\/noticias\/#website\",\"url\":\"https:\/\/franciscanos.org.br\/noticias\/\",\"name\":\"Not\u00edcias - Franciscanos\",\"description\":\"Prov\u00edncia Franciscana da Imaculada Concei\u00e7\u00e3o do Brasil - Ordem dos Frades Menores - OFM\",\"potentialAction\":[{\"@type\":\"SearchAction\",\"target\":{\"@type\":\"EntryPoint\",\"urlTemplate\":\"https:\/\/franciscanos.org.br\/noticias\/?s={search_term_string}\"},\"query-input\":\"required name=search_term_string\"}],\"inLanguage\":\"pt-BR\"},{\"@type\":\"ImageObject\",\"inLanguage\":\"pt-BR\",\"@id\":\"https:\/\/franciscanos.org.br\/noticias\/visita-pastoral-em-nomadelfia-e-loppiano.html#primaryimage\",\"url\":\"https:\/\/franciscanos.org.br\/noticias\/wp-content\/uploads\/2018\/05\/papa_100518G.jpg\",\"contentUrl\":\"https:\/\/franciscanos.org.br\/noticias\/wp-content\/uploads\/2018\/05\/papa_100518G.jpg\",\"width\":273,\"height\":181},{\"@type\":\"WebPage\",\"@id\":\"https:\/\/franciscanos.org.br\/noticias\/visita-pastoral-em-nomadelfia-e-loppiano.html#webpage\",\"url\":\"https:\/\/franciscanos.org.br\/noticias\/visita-pastoral-em-nomadelfia-e-loppiano.html\",\"name\":\"Visita Pastoral em Nomad\u00e9lfia e Loppiano - Not\u00edcias - Franciscanos\",\"isPartOf\":{\"@id\":\"https:\/\/franciscanos.org.br\/noticias\/#website\"},\"primaryImageOfPage\":{\"@id\":\"https:\/\/franciscanos.org.br\/noticias\/visita-pastoral-em-nomadelfia-e-loppiano.html#primaryimage\"},\"datePublished\":\"2018-05-10T13:43:05+00:00\",\"dateModified\":\"2020-06-07T18:25:40+00:00\",\"author\":{\"@id\":\"https:\/\/franciscanos.org.br\/noticias\/#\/schema\/person\/b38fbf43118f02820bd932f2e4b14ad3\"},\"breadcrumb\":{\"@id\":\"https:\/\/franciscanos.org.br\/noticias\/visita-pastoral-em-nomadelfia-e-loppiano.html#breadcrumb\"},\"inLanguage\":\"pt-BR\",\"potentialAction\":[{\"@type\":\"ReadAction\",\"target\":[\"https:\/\/franciscanos.org.br\/noticias\/visita-pastoral-em-nomadelfia-e-loppiano.html\"]}]},{\"@type\":\"BreadcrumbList\",\"@id\":\"https:\/\/franciscanos.org.br\/noticias\/visita-pastoral-em-nomadelfia-e-loppiano.html#breadcrumb\",\"itemListElement\":[{\"@type\":\"ListItem\",\"position\":1,\"name\":\"Home\",\"item\":\"https:\/\/franciscanos.org.br\/noticias\"},{\"@type\":\"ListItem\",\"position\":2,\"name\":\"Visita Pastoral em Nomad\u00e9lfia e Loppiano\"}]},{\"@type\":\"Person\",\"@id\":\"https:\/\/franciscanos.org.br\/noticias\/#\/schema\/person\/b38fbf43118f02820bd932f2e4b14ad3\",\"name\":\"admin\",\"image\":{\"@type\":\"ImageObject\",\"inLanguage\":\"pt-BR\",\"@id\":\"https:\/\/franciscanos.org.br\/noticias\/#\/schema\/person\/image\/\",\"url\":\"https:\/\/secure.gravatar.com\/avatar\/e8495742d34d0ba6448ea1c628263b3e?s=96&d=mm&r=g\",\"contentUrl\":\"https:\/\/secure.gravatar.com\/avatar\/e8495742d34d0ba6448ea1c628263b3e?s=96&d=mm&r=g\",\"caption\":\"admin\"},\"url\":\"https:\/\/franciscanos.org.br\/noticias\/author\/admin\"}]}<\/script>\n<!-- \/ Yoast SEO plugin. -->","yoast_head_json":{"title":"Visita Pastoral em Nomad\u00e9lfia e Loppiano - Not\u00edcias - Franciscanos","robots":{"index":"index","follow":"follow","max-snippet":"max-snippet:-1","max-image-preview":"max-image-preview:large","max-video-preview":"max-video-preview:-1"},"canonical":"https:\/\/franciscanos.org.br\/noticias\/visita-pastoral-em-nomadelfia-e-loppiano.html","og_locale":"pt_BR","og_type":"article","og_title":"Visita Pastoral em Nomad\u00e9lfia e Loppiano - Not\u00edcias - Franciscanos","og_description":"Viagem apost\u00f3lica \u00e0 Nomad\u00e9lfia e Loppiano","og_url":"https:\/\/franciscanos.org.br\/noticias\/visita-pastoral-em-nomadelfia-e-loppiano.html","og_site_name":"Not\u00edcias - Franciscanos","article_published_time":"2018-05-10T13:43:05+00:00","article_modified_time":"2020-06-07T18:25:40+00:00","og_image":[{"width":273,"height":181,"url":"https:\/\/franciscanos.org.br\/noticias\/wp-content\/uploads\/2018\/05\/papa_100518G.jpg","type":"image\/jpeg"}],"author":"admin","twitter_card":"summary_large_image","twitter_misc":{"Escrito por":"admin","Est. tempo de leitura":"8 minutos"},"schema":{"@context":"https:\/\/schema.org","@graph":[{"@type":"WebSite","@id":"https:\/\/franciscanos.org.br\/noticias\/#website","url":"https:\/\/franciscanos.org.br\/noticias\/","name":"Not\u00edcias - Franciscanos","description":"Prov\u00edncia Franciscana da Imaculada Concei\u00e7\u00e3o do Brasil - Ordem dos Frades Menores - OFM","potentialAction":[{"@type":"SearchAction","target":{"@type":"EntryPoint","urlTemplate":"https:\/\/franciscanos.org.br\/noticias\/?s={search_term_string}"},"query-input":"required name=search_term_string"}],"inLanguage":"pt-BR"},{"@type":"ImageObject","inLanguage":"pt-BR","@id":"https:\/\/franciscanos.org.br\/noticias\/visita-pastoral-em-nomadelfia-e-loppiano.html#primaryimage","url":"https:\/\/franciscanos.org.br\/noticias\/wp-content\/uploads\/2018\/05\/papa_100518G.jpg","contentUrl":"https:\/\/franciscanos.org.br\/noticias\/wp-content\/uploads\/2018\/05\/papa_100518G.jpg","width":273,"height":181},{"@type":"WebPage","@id":"https:\/\/franciscanos.org.br\/noticias\/visita-pastoral-em-nomadelfia-e-loppiano.html#webpage","url":"https:\/\/franciscanos.org.br\/noticias\/visita-pastoral-em-nomadelfia-e-loppiano.html","name":"Visita Pastoral em Nomad\u00e9lfia e Loppiano - Not\u00edcias - Franciscanos","isPartOf":{"@id":"https:\/\/franciscanos.org.br\/noticias\/#website"},"primaryImageOfPage":{"@id":"https:\/\/franciscanos.org.br\/noticias\/visita-pastoral-em-nomadelfia-e-loppiano.html#primaryimage"},"datePublished":"2018-05-10T13:43:05+00:00","dateModified":"2020-06-07T18:25:40+00:00","author":{"@id":"https:\/\/franciscanos.org.br\/noticias\/#\/schema\/person\/b38fbf43118f02820bd932f2e4b14ad3"},"breadcrumb":{"@id":"https:\/\/franciscanos.org.br\/noticias\/visita-pastoral-em-nomadelfia-e-loppiano.html#breadcrumb"},"inLanguage":"pt-BR","potentialAction":[{"@type":"ReadAction","target":["https:\/\/franciscanos.org.br\/noticias\/visita-pastoral-em-nomadelfia-e-loppiano.html"]}]},{"@type":"BreadcrumbList","@id":"https:\/\/franciscanos.org.br\/noticias\/visita-pastoral-em-nomadelfia-e-loppiano.html#breadcrumb","itemListElement":[{"@type":"ListItem","position":1,"name":"Home","item":"https:\/\/franciscanos.org.br\/noticias"},{"@type":"ListItem","position":2,"name":"Visita Pastoral em Nomad\u00e9lfia e Loppiano"}]},{"@type":"Person","@id":"https:\/\/franciscanos.org.br\/noticias\/#\/schema\/person\/b38fbf43118f02820bd932f2e4b14ad3","name":"admin","image":{"@type":"ImageObject","inLanguage":"pt-BR","@id":"https:\/\/franciscanos.org.br\/noticias\/#\/schema\/person\/image\/","url":"https:\/\/secure.gravatar.com\/avatar\/e8495742d34d0ba6448ea1c628263b3e?s=96&d=mm&r=g","contentUrl":"https:\/\/secure.gravatar.com\/avatar\/e8495742d34d0ba6448ea1c628263b3e?s=96&d=mm&r=g","caption":"admin"},"url":"https:\/\/franciscanos.org.br\/noticias\/author\/admin"}]}},"_links":{"self":[{"href":"https:\/\/franciscanos.org.br\/noticias\/wp-json\/wp\/v2\/posts\/159169"}],"collection":[{"href":"https:\/\/franciscanos.org.br\/noticias\/wp-json\/wp\/v2\/posts"}],"about":[{"href":"https:\/\/franciscanos.org.br\/noticias\/wp-json\/wp\/v2\/types\/post"}],"author":[{"embeddable":true,"href":"https:\/\/franciscanos.org.br\/noticias\/wp-json\/wp\/v2\/users\/1"}],"replies":[{"embeddable":true,"href":"https:\/\/franciscanos.org.br\/noticias\/wp-json\/wp\/v2\/comments?post=159169"}],"version-history":[{"count":2,"href":"https:\/\/franciscanos.org.br\/noticias\/wp-json\/wp\/v2\/posts\/159169\/revisions"}],"predecessor-version":[{"id":224977,"href":"https:\/\/franciscanos.org.br\/noticias\/wp-json\/wp\/v2\/posts\/159169\/revisions\/224977"}],"wp:featuredmedia":[{"embeddable":true,"href":"https:\/\/franciscanos.org.br\/noticias\/wp-json\/wp\/v2\/media\/221034"}],"wp:attachment":[{"href":"https:\/\/franciscanos.org.br\/noticias\/wp-json\/wp\/v2\/media?parent=159169"}],"wp:term":[{"taxonomy":"category","embeddable":true,"href":"https:\/\/franciscanos.org.br\/noticias\/wp-json\/wp\/v2\/categories?post=159169"},{"taxonomy":"post_tag","embeddable":true,"href":"https:\/\/franciscanos.org.br\/noticias\/wp-json\/wp\/v2\/tags?post=159169"}],"curies":[{"name":"wp","href":"https:\/\/api.w.org\/{rel}","templated":true}]}}