{"id":159098,"date":"2018-05-09T11:14:37","date_gmt":"2018-05-09T14:14:37","guid":{"rendered":"http:\/\/franciscanos.org.br\/?p=159098"},"modified":"2019-09-21T18:56:19","modified_gmt":"2019-09-21T21:56:19","slug":"19a-edicao-da-caminhada-ecologica-franciscana","status":"publish","type":"post","link":"https:\/\/franciscanos.org.br\/noticias\/19a-edicao-da-caminhada-ecologica-franciscana.html","title":{"rendered":"19\u00aa edi\u00e7\u00e3o da Caminhada Ecol\u00f3gica Franciscana"},"content":{"rendered":"<p><img loading=\"lazy\" src=\"http:\/\/franciscanos.org.br\/wp-content\/uploads\/2018\/05\/caminhada_090518G.jpg\" alt=\"caminhada_090518G\" width=\"830\" height=\"400\" \/><\/p>\n<p><strong>Frei Ludovico Garmus<\/strong><\/p>\n<p>No 1\u00ba s\u00e1bado do m\u00eas de maio do ano de 201, como de costume, aconteceu a XIX Caminhada Ecol\u00f3gica Franciscana Petr\u00f3polis-Paty do Alferes. A Caminhada \u00e9 promovida pela Ordem Franciscana Secular de Paty do Alferes, pela Par\u00f3quia do Sagrado Cora\u00e7\u00e3o de Jesus e pelo Instituto Teol\u00f3gico Franciscano de Petr\u00f3polis. Gra\u00e7as ao apoio eficiente do p\u00e1roco do Sagrado, Frei James Girardi, e de sua equipe, o grupo de Petr\u00f3polis contou com a participa\u00e7\u00e3o de mais de 80 pessoas, al\u00e9m de alguns ve\u00edculos de apoio e um \u00f4nibus, gentilmente cedido pela Empresa Cidade das Hort\u00eansias, dirigimo-nos ao Rocio, at\u00e9 o local do in\u00edcio da caminhada. Ali fizemos uns 20 minutos de ora\u00e7\u00e3o, antes de adentrarmos no templo sagrado da Reserva Biol\u00f3gica das Araras e a do Tingu\u00e1, generoso presente de Deus, nosso Criador. Participaram da Caminhada estudantes franciscanos, paroquianos adultos, crian\u00e7as da catequese e alunos do Col\u00e9gio Bom Jesus. Muitas crian\u00e7as puderam caminhar pela Estrada do Fac\u00e3o, pela primeira vez, em meio \u00e0 Mata Atl\u00e2ntica. O c\u00e9u azul, t\u00edpico do \u201cveranico de maio\u201d, o ar puro e a alegria das crian\u00e7as, as pequenas paradas para recuperar o f\u00f4lego e a partilha de um lanche, tornaram menos penosos os 7,5 km percorridos \u2013 tr\u00eas de subida e 4,5 km de lenta descida \u2013 at\u00e9 o ponto de encontro com nossos irm\u00e3os de Paty do Alferes.<\/p>\n<p>Os quase 20 anos das Caminhadas Franciscanas t\u00eam produzido bons resultados. Temos not\u00edcia que em Paty do Alferes h\u00e1 uma consci\u00eancia cada vez maior do cuidado pela nossa \u201cCasa Comum\u201d. Diminu\u00edram as queimadas \u201cpara renovar a pastagem\u201d, entre os pequenos produtores de leite. Com apoio da Prefeitura, a monocultura dos plantadores de tomate (com agrot\u00f3xicos) come\u00e7a a ceder espa\u00e7o para uma agricultura alternativa saud\u00e1vel, sem agrot\u00f3xicos. Os s\u00e1bados, antes vazios, agora s\u00e3o movimentados pela feira de legumes, frutas e verduras. Mais gente andando pelas ruas e movimentando o com\u00e9rcio da cidade. N\u00f3s, de Petr\u00f3polis, quase n\u00e3o vimos pl\u00e1sticos e pap\u00e9is jogados ao longo da Estrada do Fac\u00e3o. Grupos de motociclistas, que percorrem a Estrada do Fac\u00e3o e fazem suas trilhas pela mata, cuidam de ajuntar pl\u00e1sticos e lixo jogados pelo caminho. S\u00e3o exemplos da capacidade humana de cuidar melhor de nossa \u201cirm\u00e3 e m\u00e3e Terra\u201d, m\u00e3e de todos os seres vivos. Em Petr\u00f3polis, faz-se necess\u00e1ria uma maior consci\u00eancia por parte do povo sobre a urg\u00eancia de separar o lixo recicl\u00e1vel. Essa consci\u00eancia \u00e9 fruto da educa\u00e7\u00e3o nas escolas e nas fam\u00edlias. \u00c0s autoridades p\u00fablicas compete uma vigilante fiscaliza\u00e7\u00e3o dos focos poluidores e dos servi\u00e7os de coleta permanente do lixo. Assim, os cidad\u00e3os v\u00e3o sentir-se melhor em sua casa comum e os turistas ser\u00e3o mais bem acolhidos.<\/p>\n","protected":false},"excerpt":{"rendered":"<p>Petr\u00f3polis<\/p>\n","protected":false},"author":5,"featured_media":211323,"comment_status":"open","ping_status":"open","sticky":false,"template":"","format":"standard","meta":[],"categories":[1],"tags":[763,699,700,189,701,190],"acf":[],"yoast_head":"<!-- This site is optimized with the Yoast SEO plugin v19.2 - https:\/\/yoast.com\/wordpress\/plugins\/seo\/ -->\n<title>19\u00aa edi\u00e7\u00e3o da Caminhada Ecol\u00f3gica Franciscana - Not\u00edcias - Franciscanos<\/title>\n<meta name=\"robots\" content=\"index, follow, max-snippet:-1, max-image-preview:large, max-video-preview:-1\" \/>\n<link rel=\"canonical\" href=\"https:\/\/franciscanos.org.br\/noticias\/19a-edicao-da-caminhada-ecologica-franciscana.html\" \/>\n<meta property=\"og:locale\" content=\"pt_BR\" \/>\n<meta property=\"og:type\" content=\"article\" \/>\n<meta property=\"og:title\" content=\"19\u00aa edi\u00e7\u00e3o da Caminhada Ecol\u00f3gica Franciscana - Not\u00edcias - Franciscanos\" \/>\n<meta property=\"og:description\" content=\"Petr\u00f3polis\" \/>\n<meta property=\"og:url\" content=\"https:\/\/franciscanos.org.br\/noticias\/19a-edicao-da-caminhada-ecologica-franciscana.html\" \/>\n<meta property=\"og:site_name\" content=\"Not\u00edcias - Franciscanos\" \/>\n<meta property=\"article:published_time\" content=\"2018-05-09T14:14:37+00:00\" \/>\n<meta property=\"article:modified_time\" content=\"2019-09-21T21:56:19+00:00\" \/>\n<meta property=\"og:image\" content=\"https:\/\/franciscanos.org.br\/noticias\/wp-content\/uploads\/2018\/05\/caminhada_ecologica_.jpg\" \/>\n\t<meta property=\"og:image:width\" content=\"273\" \/>\n\t<meta property=\"og:image:height\" content=\"181\" \/>\n\t<meta property=\"og:image:type\" content=\"image\/jpeg\" \/>\n<meta name=\"author\" content=\"freiaugusto\" \/>\n<meta name=\"twitter:card\" content=\"summary_large_image\" \/>\n<meta name=\"twitter:label1\" content=\"Escrito por\" \/>\n\t<meta name=\"twitter:data1\" content=\"freiaugusto\" \/>\n\t<meta name=\"twitter:label2\" content=\"Est. tempo de leitura\" \/>\n\t<meta name=\"twitter:data2\" content=\"2 minutos\" \/>\n<script type=\"application\/ld+json\" class=\"yoast-schema-graph\">{\"@context\":\"https:\/\/schema.org\",\"@graph\":[{\"@type\":\"WebSite\",\"@id\":\"https:\/\/franciscanos.org.br\/noticias\/#website\",\"url\":\"https:\/\/franciscanos.org.br\/noticias\/\",\"name\":\"Not\u00edcias - Franciscanos\",\"description\":\"Prov\u00edncia Franciscana da Imaculada Concei\u00e7\u00e3o do Brasil - Ordem dos Frades Menores - OFM\",\"potentialAction\":[{\"@type\":\"SearchAction\",\"target\":{\"@type\":\"EntryPoint\",\"urlTemplate\":\"https:\/\/franciscanos.org.br\/noticias\/?s={search_term_string}\"},\"query-input\":\"required name=search_term_string\"}],\"inLanguage\":\"pt-BR\"},{\"@type\":\"ImageObject\",\"inLanguage\":\"pt-BR\",\"@id\":\"https:\/\/franciscanos.org.br\/noticias\/19a-edicao-da-caminhada-ecologica-franciscana.html#primaryimage\",\"url\":\"https:\/\/franciscanos.org.br\/noticias\/wp-content\/uploads\/2018\/05\/caminhada_ecologica_.jpg\",\"contentUrl\":\"https:\/\/franciscanos.org.br\/noticias\/wp-content\/uploads\/2018\/05\/caminhada_ecologica_.jpg\",\"width\":273,\"height\":181},{\"@type\":\"WebPage\",\"@id\":\"https:\/\/franciscanos.org.br\/noticias\/19a-edicao-da-caminhada-ecologica-franciscana.html#webpage\",\"url\":\"https:\/\/franciscanos.org.br\/noticias\/19a-edicao-da-caminhada-ecologica-franciscana.html\",\"name\":\"19\u00aa edi\u00e7\u00e3o da Caminhada Ecol\u00f3gica Franciscana - Not\u00edcias - Franciscanos\",\"isPartOf\":{\"@id\":\"https:\/\/franciscanos.org.br\/noticias\/#website\"},\"primaryImageOfPage\":{\"@id\":\"https:\/\/franciscanos.org.br\/noticias\/19a-edicao-da-caminhada-ecologica-franciscana.html#primaryimage\"},\"datePublished\":\"2018-05-09T14:14:37+00:00\",\"dateModified\":\"2019-09-21T21:56:19+00:00\",\"author\":{\"@id\":\"https:\/\/franciscanos.org.br\/noticias\/#\/schema\/person\/37f88f0d111cd5358b12a6556a99eb91\"},\"breadcrumb\":{\"@id\":\"https:\/\/franciscanos.org.br\/noticias\/19a-edicao-da-caminhada-ecologica-franciscana.html#breadcrumb\"},\"inLanguage\":\"pt-BR\",\"potentialAction\":[{\"@type\":\"ReadAction\",\"target\":[\"https:\/\/franciscanos.org.br\/noticias\/19a-edicao-da-caminhada-ecologica-franciscana.html\"]}]},{\"@type\":\"BreadcrumbList\",\"@id\":\"https:\/\/franciscanos.org.br\/noticias\/19a-edicao-da-caminhada-ecologica-franciscana.html#breadcrumb\",\"itemListElement\":[{\"@type\":\"ListItem\",\"position\":1,\"name\":\"Home\",\"item\":\"https:\/\/franciscanos.org.br\/noticias\"},{\"@type\":\"ListItem\",\"position\":2,\"name\":\"19\u00aa edi\u00e7\u00e3o da Caminhada Ecol\u00f3gica Franciscana\"}]},{\"@type\":\"Person\",\"@id\":\"https:\/\/franciscanos.org.br\/noticias\/#\/schema\/person\/37f88f0d111cd5358b12a6556a99eb91\",\"name\":\"freiaugusto\",\"image\":{\"@type\":\"ImageObject\",\"inLanguage\":\"pt-BR\",\"@id\":\"https:\/\/franciscanos.org.br\/noticias\/#\/schema\/person\/image\/\",\"url\":\"https:\/\/secure.gravatar.com\/avatar\/9840b940e621801b24f3e6b059efb4b7?s=96&d=mm&r=g\",\"contentUrl\":\"https:\/\/secure.gravatar.com\/avatar\/9840b940e621801b24f3e6b059efb4b7?s=96&d=mm&r=g\",\"caption\":\"freiaugusto\"},\"url\":\"https:\/\/franciscanos.org.br\/noticias\/author\/freiaugusto\"}]}<\/script>\n<!-- \/ Yoast SEO plugin. -->","yoast_head_json":{"title":"19\u00aa edi\u00e7\u00e3o da Caminhada Ecol\u00f3gica Franciscana - Not\u00edcias - Franciscanos","robots":{"index":"index","follow":"follow","max-snippet":"max-snippet:-1","max-image-preview":"max-image-preview:large","max-video-preview":"max-video-preview:-1"},"canonical":"https:\/\/franciscanos.org.br\/noticias\/19a-edicao-da-caminhada-ecologica-franciscana.html","og_locale":"pt_BR","og_type":"article","og_title":"19\u00aa edi\u00e7\u00e3o da Caminhada Ecol\u00f3gica Franciscana - Not\u00edcias - Franciscanos","og_description":"Petr\u00f3polis","og_url":"https:\/\/franciscanos.org.br\/noticias\/19a-edicao-da-caminhada-ecologica-franciscana.html","og_site_name":"Not\u00edcias - Franciscanos","article_published_time":"2018-05-09T14:14:37+00:00","article_modified_time":"2019-09-21T21:56:19+00:00","og_image":[{"width":273,"height":181,"url":"https:\/\/franciscanos.org.br\/noticias\/wp-content\/uploads\/2018\/05\/caminhada_ecologica_.jpg","type":"image\/jpeg"}],"author":"freiaugusto","twitter_card":"summary_large_image","twitter_misc":{"Escrito por":"freiaugusto","Est. tempo de leitura":"2 minutos"},"schema":{"@context":"https:\/\/schema.org","@graph":[{"@type":"WebSite","@id":"https:\/\/franciscanos.org.br\/noticias\/#website","url":"https:\/\/franciscanos.org.br\/noticias\/","name":"Not\u00edcias - Franciscanos","description":"Prov\u00edncia Franciscana da Imaculada Concei\u00e7\u00e3o do Brasil - Ordem dos Frades Menores - OFM","potentialAction":[{"@type":"SearchAction","target":{"@type":"EntryPoint","urlTemplate":"https:\/\/franciscanos.org.br\/noticias\/?s={search_term_string}"},"query-input":"required name=search_term_string"}],"inLanguage":"pt-BR"},{"@type":"ImageObject","inLanguage":"pt-BR","@id":"https:\/\/franciscanos.org.br\/noticias\/19a-edicao-da-caminhada-ecologica-franciscana.html#primaryimage","url":"https:\/\/franciscanos.org.br\/noticias\/wp-content\/uploads\/2018\/05\/caminhada_ecologica_.jpg","contentUrl":"https:\/\/franciscanos.org.br\/noticias\/wp-content\/uploads\/2018\/05\/caminhada_ecologica_.jpg","width":273,"height":181},{"@type":"WebPage","@id":"https:\/\/franciscanos.org.br\/noticias\/19a-edicao-da-caminhada-ecologica-franciscana.html#webpage","url":"https:\/\/franciscanos.org.br\/noticias\/19a-edicao-da-caminhada-ecologica-franciscana.html","name":"19\u00aa edi\u00e7\u00e3o da Caminhada Ecol\u00f3gica Franciscana - Not\u00edcias - Franciscanos","isPartOf":{"@id":"https:\/\/franciscanos.org.br\/noticias\/#website"},"primaryImageOfPage":{"@id":"https:\/\/franciscanos.org.br\/noticias\/19a-edicao-da-caminhada-ecologica-franciscana.html#primaryimage"},"datePublished":"2018-05-09T14:14:37+00:00","dateModified":"2019-09-21T21:56:19+00:00","author":{"@id":"https:\/\/franciscanos.org.br\/noticias\/#\/schema\/person\/37f88f0d111cd5358b12a6556a99eb91"},"breadcrumb":{"@id":"https:\/\/franciscanos.org.br\/noticias\/19a-edicao-da-caminhada-ecologica-franciscana.html#breadcrumb"},"inLanguage":"pt-BR","potentialAction":[{"@type":"ReadAction","target":["https:\/\/franciscanos.org.br\/noticias\/19a-edicao-da-caminhada-ecologica-franciscana.html"]}]},{"@type":"BreadcrumbList","@id":"https:\/\/franciscanos.org.br\/noticias\/19a-edicao-da-caminhada-ecologica-franciscana.html#breadcrumb","itemListElement":[{"@type":"ListItem","position":1,"name":"Home","item":"https:\/\/franciscanos.org.br\/noticias"},{"@type":"ListItem","position":2,"name":"19\u00aa edi\u00e7\u00e3o da Caminhada Ecol\u00f3gica Franciscana"}]},{"@type":"Person","@id":"https:\/\/franciscanos.org.br\/noticias\/#\/schema\/person\/37f88f0d111cd5358b12a6556a99eb91","name":"freiaugusto","image":{"@type":"ImageObject","inLanguage":"pt-BR","@id":"https:\/\/franciscanos.org.br\/noticias\/#\/schema\/person\/image\/","url":"https:\/\/secure.gravatar.com\/avatar\/9840b940e621801b24f3e6b059efb4b7?s=96&d=mm&r=g","contentUrl":"https:\/\/secure.gravatar.com\/avatar\/9840b940e621801b24f3e6b059efb4b7?s=96&d=mm&r=g","caption":"freiaugusto"},"url":"https:\/\/franciscanos.org.br\/noticias\/author\/freiaugusto"}]}},"_links":{"self":[{"href":"https:\/\/franciscanos.org.br\/noticias\/wp-json\/wp\/v2\/posts\/159098"}],"collection":[{"href":"https:\/\/franciscanos.org.br\/noticias\/wp-json\/wp\/v2\/posts"}],"about":[{"href":"https:\/\/franciscanos.org.br\/noticias\/wp-json\/wp\/v2\/types\/post"}],"author":[{"embeddable":true,"href":"https:\/\/franciscanos.org.br\/noticias\/wp-json\/wp\/v2\/users\/5"}],"replies":[{"embeddable":true,"href":"https:\/\/franciscanos.org.br\/noticias\/wp-json\/wp\/v2\/comments?post=159098"}],"version-history":[{"count":0,"href":"https:\/\/franciscanos.org.br\/noticias\/wp-json\/wp\/v2\/posts\/159098\/revisions"}],"wp:featuredmedia":[{"embeddable":true,"href":"https:\/\/franciscanos.org.br\/noticias\/wp-json\/wp\/v2\/media\/211323"}],"wp:attachment":[{"href":"https:\/\/franciscanos.org.br\/noticias\/wp-json\/wp\/v2\/media?parent=159098"}],"wp:term":[{"taxonomy":"category","embeddable":true,"href":"https:\/\/franciscanos.org.br\/noticias\/wp-json\/wp\/v2\/categories?post=159098"},{"taxonomy":"post_tag","embeddable":true,"href":"https:\/\/franciscanos.org.br\/noticias\/wp-json\/wp\/v2\/tags?post=159098"}],"curies":[{"name":"wp","href":"https:\/\/api.w.org\/{rel}","templated":true}]}}