{"id":158858,"date":"2018-05-07T11:47:00","date_gmt":"2018-05-07T14:47:00","guid":{"rendered":"http:\/\/franciscanos.org.br\/?p=158858"},"modified":"2019-10-30T13:57:25","modified_gmt":"2019-10-30T16:57:25","slug":"documentos-da-causa-de-frei-bruno-chegam-ao-vaticano","status":"publish","type":"post","link":"https:\/\/franciscanos.org.br\/noticias\/documentos-da-causa-de-frei-bruno-chegam-ao-vaticano.html","title":{"rendered":"Documentos da Causa de Frei Bruno chegam ao Vaticano"},"content":{"rendered":"<p><img loading=\"lazy\" src=\"http:\/\/franciscanos.org.br\/wp-content\/uploads\/2018\/05\/frei_bruno_070518_1.jpg\" alt=\"frei_bruno_070518_1\" width=\"830\" height=\"400\" \/><\/p>\n<p><strong>Frei Augusto Luiz Gabriel<\/strong><\/p>\n<p>A conclus\u00e3o do processo diocesano da Causa pela Beatifica\u00e7\u00e3o de Frei Bruno Linden foi encerrada durante a \u00faltima sess\u00e3o solene do Tribunal Eclesi\u00e1stico, no dia 25 de fevereiro de 2018, data da<strong> 28\u00aa Caminhada Penitencial de Frei Bruno<\/strong>, em Joa\u00e7aba (SC). Durante quase cinco anos, o Tribunal analisou, documentou e julgou se o frade franciscano da Prov\u00edncia da Imaculada Concei\u00e7\u00e3o demonstrou, em grau heroico, as virtudes da f\u00e9, esperan\u00e7a e caridade.<\/p>\n<p><img loading=\"lazy\" class=\"alignleft wp-image-158863 \" src=\"http:\/\/franciscanos.org.br\/wp-content\/uploads\/2018\/05\/frei_bruno_070518_3.jpg\" alt=\"frei_bruno_070518_3\" width=\"241\" height=\"402\" \/>As caixas, lacradas na \u00faltima edi\u00e7\u00e3o da Caminhada Penitencial, foram levadas para a Congrega\u00e7\u00e3o da Causa dos Santos, em Roma, pelo vice-postulador Frei Est\u00eav\u00e3o Ottenbreit. Segundo ele, as caixas foram entregues no dia 16 de abril, e hoje, 7 de maio, ap\u00f3s a ora\u00e7\u00e3o inicial e pedindo a intercess\u00e3o do servo de Deus Frei Bruno Linden, o Oficial abriu as caixas e a pasta. \u201c\u00c0 primeira vista, o Oficial constatou que estava tudo em ordem\u201d, explicou o frade. Marcaram presen\u00e7a, neste momento hist\u00f3rico o postulador da Ordem dos Frades Menores, Frei Gianni Califano; Frei Gilberto da Silva, frade da Prov\u00edncia da Imaculada que estuda na Pontif\u00edcia Universidade Antonianum de Roma e tamb\u00e9m Frei Est\u00eav\u00e3o Ottenbreit, vice-postulador.<\/p>\n<p>No Vaticano come\u00e7a uma nova fase do processo para a Congrega\u00e7\u00e3o da Causa dos Santos. A Congrega\u00e7\u00e3o vai analisar os documentos entregues e examinar se Frei Bruno ter\u00e1 o decreto de reconhecimento das virtudes heroicas e ganhar\u00e1 o t\u00edtulo de Vener\u00e1vel.<\/p>\n<p>\u201cAgora ser\u00e1 encadernado em diversos volumes. Depois um canonista vai ver se formalmente tudo est\u00e1 em ordem. O decreto da Congrega\u00e7\u00e3o dir\u00e1 que o processo foi aceito e assim poder\u00e1 seguir para as outras etapas\u201d, afirmou Frei Est\u00eav\u00e3o. \u201cIsto pode demorar aproximadamente 12 meses\u201d, completou.<\/p>\n<p>&#8220;Neste meio tempo j\u00e1 come\u00e7aremos a traduzir os depoimentos e a pensar na \u201cpositio\u201d, que \u00e9 um resumo do processo. Ao mesmo tempo, temos que rezar e pedir um milagre pela intercess\u00e3o de Frei Bruno&#8221;, informou o vice-postulador.<\/p>\n<p>O Bispo da Diocese de Joa\u00e7aba, Dom Frei M\u00e1rio Marquez, avaliou o in\u00edcio dos trabalhos no Vaticano e disse: \u201cNossa expectativa \u00e9 muito grande e, por esse motivo, pedimos para que as pessoas continuem rezando e pedindo as intercess\u00f5es do nosso Servo de Deus Frei Bruno Linden\u201d, concluiu.<\/p>\n","protected":false},"excerpt":{"rendered":"<p>Beatifica\u00e7\u00e3o <\/p>\n","protected":false},"author":5,"featured_media":201509,"comment_status":"open","ping_status":"open","sticky":false,"template":"","format":"standard","meta":[],"categories":[1],"tags":[215,873,265],"acf":[],"yoast_head":"<!-- This site is optimized with the Yoast SEO plugin v19.2 - https:\/\/yoast.com\/wordpress\/plugins\/seo\/ -->\n<title>Documentos da Causa de Frei Bruno chegam ao Vaticano - Not\u00edcias - Franciscanos<\/title>\n<meta name=\"robots\" content=\"index, follow, max-snippet:-1, max-image-preview:large, max-video-preview:-1\" \/>\n<link rel=\"canonical\" href=\"https:\/\/franciscanos.org.br\/noticias\/documentos-da-causa-de-frei-bruno-chegam-ao-vaticano.html\" \/>\n<meta property=\"og:locale\" content=\"pt_BR\" \/>\n<meta property=\"og:type\" content=\"article\" \/>\n<meta property=\"og:title\" content=\"Documentos da Causa de Frei Bruno chegam ao Vaticano - Not\u00edcias - Franciscanos\" \/>\n<meta property=\"og:description\" content=\"Beatifica\u00e7\u00e3o\" \/>\n<meta property=\"og:url\" content=\"https:\/\/franciscanos.org.br\/noticias\/documentos-da-causa-de-frei-bruno-chegam-ao-vaticano.html\" \/>\n<meta property=\"og:site_name\" content=\"Not\u00edcias - Franciscanos\" \/>\n<meta property=\"article:published_time\" content=\"2018-05-07T14:47:00+00:00\" \/>\n<meta property=\"article:modified_time\" content=\"2019-10-30T16:57:25+00:00\" \/>\n<meta property=\"og:image\" content=\"https:\/\/franciscanos.org.br\/noticias\/wp-content\/uploads\/2018\/05\/frei_bruno_070518.jpg\" \/>\n\t<meta property=\"og:image:width\" content=\"273\" \/>\n\t<meta property=\"og:image:height\" content=\"181\" \/>\n\t<meta property=\"og:image:type\" content=\"image\/jpeg\" \/>\n<meta name=\"author\" content=\"freiaugusto\" \/>\n<meta name=\"twitter:card\" content=\"summary_large_image\" \/>\n<meta name=\"twitter:label1\" content=\"Escrito por\" \/>\n\t<meta name=\"twitter:data1\" content=\"freiaugusto\" \/>\n\t<meta name=\"twitter:label2\" content=\"Est. tempo de leitura\" \/>\n\t<meta name=\"twitter:data2\" content=\"2 minutos\" \/>\n<script type=\"application\/ld+json\" class=\"yoast-schema-graph\">{\"@context\":\"https:\/\/schema.org\",\"@graph\":[{\"@type\":\"WebSite\",\"@id\":\"https:\/\/franciscanos.org.br\/noticias\/#website\",\"url\":\"https:\/\/franciscanos.org.br\/noticias\/\",\"name\":\"Not\u00edcias - Franciscanos\",\"description\":\"Prov\u00edncia Franciscana da Imaculada Concei\u00e7\u00e3o do Brasil - Ordem dos Frades Menores - OFM\",\"potentialAction\":[{\"@type\":\"SearchAction\",\"target\":{\"@type\":\"EntryPoint\",\"urlTemplate\":\"https:\/\/franciscanos.org.br\/noticias\/?s={search_term_string}\"},\"query-input\":\"required name=search_term_string\"}],\"inLanguage\":\"pt-BR\"},{\"@type\":\"ImageObject\",\"inLanguage\":\"pt-BR\",\"@id\":\"https:\/\/franciscanos.org.br\/noticias\/documentos-da-causa-de-frei-bruno-chegam-ao-vaticano.html#primaryimage\",\"url\":\"https:\/\/franciscanos.org.br\/noticias\/wp-content\/uploads\/2018\/05\/frei_bruno_070518.jpg\",\"contentUrl\":\"https:\/\/franciscanos.org.br\/noticias\/wp-content\/uploads\/2018\/05\/frei_bruno_070518.jpg\",\"width\":273,\"height\":181},{\"@type\":\"WebPage\",\"@id\":\"https:\/\/franciscanos.org.br\/noticias\/documentos-da-causa-de-frei-bruno-chegam-ao-vaticano.html#webpage\",\"url\":\"https:\/\/franciscanos.org.br\/noticias\/documentos-da-causa-de-frei-bruno-chegam-ao-vaticano.html\",\"name\":\"Documentos da Causa de Frei Bruno chegam ao Vaticano - Not\u00edcias - Franciscanos\",\"isPartOf\":{\"@id\":\"https:\/\/franciscanos.org.br\/noticias\/#website\"},\"primaryImageOfPage\":{\"@id\":\"https:\/\/franciscanos.org.br\/noticias\/documentos-da-causa-de-frei-bruno-chegam-ao-vaticano.html#primaryimage\"},\"datePublished\":\"2018-05-07T14:47:00+00:00\",\"dateModified\":\"2019-10-30T16:57:25+00:00\",\"author\":{\"@id\":\"https:\/\/franciscanos.org.br\/noticias\/#\/schema\/person\/37f88f0d111cd5358b12a6556a99eb91\"},\"breadcrumb\":{\"@id\":\"https:\/\/franciscanos.org.br\/noticias\/documentos-da-causa-de-frei-bruno-chegam-ao-vaticano.html#breadcrumb\"},\"inLanguage\":\"pt-BR\",\"potentialAction\":[{\"@type\":\"ReadAction\",\"target\":[\"https:\/\/franciscanos.org.br\/noticias\/documentos-da-causa-de-frei-bruno-chegam-ao-vaticano.html\"]}]},{\"@type\":\"BreadcrumbList\",\"@id\":\"https:\/\/franciscanos.org.br\/noticias\/documentos-da-causa-de-frei-bruno-chegam-ao-vaticano.html#breadcrumb\",\"itemListElement\":[{\"@type\":\"ListItem\",\"position\":1,\"name\":\"Home\",\"item\":\"https:\/\/franciscanos.org.br\/noticias\"},{\"@type\":\"ListItem\",\"position\":2,\"name\":\"Documentos da Causa de Frei Bruno chegam ao Vaticano\"}]},{\"@type\":\"Person\",\"@id\":\"https:\/\/franciscanos.org.br\/noticias\/#\/schema\/person\/37f88f0d111cd5358b12a6556a99eb91\",\"name\":\"freiaugusto\",\"image\":{\"@type\":\"ImageObject\",\"inLanguage\":\"pt-BR\",\"@id\":\"https:\/\/franciscanos.org.br\/noticias\/#\/schema\/person\/image\/\",\"url\":\"https:\/\/secure.gravatar.com\/avatar\/9840b940e621801b24f3e6b059efb4b7?s=96&d=mm&r=g\",\"contentUrl\":\"https:\/\/secure.gravatar.com\/avatar\/9840b940e621801b24f3e6b059efb4b7?s=96&d=mm&r=g\",\"caption\":\"freiaugusto\"},\"url\":\"https:\/\/franciscanos.org.br\/noticias\/author\/freiaugusto\"}]}<\/script>\n<!-- \/ Yoast SEO plugin. -->","yoast_head_json":{"title":"Documentos da Causa de Frei Bruno chegam ao Vaticano - Not\u00edcias - Franciscanos","robots":{"index":"index","follow":"follow","max-snippet":"max-snippet:-1","max-image-preview":"max-image-preview:large","max-video-preview":"max-video-preview:-1"},"canonical":"https:\/\/franciscanos.org.br\/noticias\/documentos-da-causa-de-frei-bruno-chegam-ao-vaticano.html","og_locale":"pt_BR","og_type":"article","og_title":"Documentos da Causa de Frei Bruno chegam ao Vaticano - Not\u00edcias - Franciscanos","og_description":"Beatifica\u00e7\u00e3o","og_url":"https:\/\/franciscanos.org.br\/noticias\/documentos-da-causa-de-frei-bruno-chegam-ao-vaticano.html","og_site_name":"Not\u00edcias - Franciscanos","article_published_time":"2018-05-07T14:47:00+00:00","article_modified_time":"2019-10-30T16:57:25+00:00","og_image":[{"width":273,"height":181,"url":"https:\/\/franciscanos.org.br\/noticias\/wp-content\/uploads\/2018\/05\/frei_bruno_070518.jpg","type":"image\/jpeg"}],"author":"freiaugusto","twitter_card":"summary_large_image","twitter_misc":{"Escrito por":"freiaugusto","Est. tempo de leitura":"2 minutos"},"schema":{"@context":"https:\/\/schema.org","@graph":[{"@type":"WebSite","@id":"https:\/\/franciscanos.org.br\/noticias\/#website","url":"https:\/\/franciscanos.org.br\/noticias\/","name":"Not\u00edcias - Franciscanos","description":"Prov\u00edncia Franciscana da Imaculada Concei\u00e7\u00e3o do Brasil - Ordem dos Frades Menores - OFM","potentialAction":[{"@type":"SearchAction","target":{"@type":"EntryPoint","urlTemplate":"https:\/\/franciscanos.org.br\/noticias\/?s={search_term_string}"},"query-input":"required name=search_term_string"}],"inLanguage":"pt-BR"},{"@type":"ImageObject","inLanguage":"pt-BR","@id":"https:\/\/franciscanos.org.br\/noticias\/documentos-da-causa-de-frei-bruno-chegam-ao-vaticano.html#primaryimage","url":"https:\/\/franciscanos.org.br\/noticias\/wp-content\/uploads\/2018\/05\/frei_bruno_070518.jpg","contentUrl":"https:\/\/franciscanos.org.br\/noticias\/wp-content\/uploads\/2018\/05\/frei_bruno_070518.jpg","width":273,"height":181},{"@type":"WebPage","@id":"https:\/\/franciscanos.org.br\/noticias\/documentos-da-causa-de-frei-bruno-chegam-ao-vaticano.html#webpage","url":"https:\/\/franciscanos.org.br\/noticias\/documentos-da-causa-de-frei-bruno-chegam-ao-vaticano.html","name":"Documentos da Causa de Frei Bruno chegam ao Vaticano - Not\u00edcias - Franciscanos","isPartOf":{"@id":"https:\/\/franciscanos.org.br\/noticias\/#website"},"primaryImageOfPage":{"@id":"https:\/\/franciscanos.org.br\/noticias\/documentos-da-causa-de-frei-bruno-chegam-ao-vaticano.html#primaryimage"},"datePublished":"2018-05-07T14:47:00+00:00","dateModified":"2019-10-30T16:57:25+00:00","author":{"@id":"https:\/\/franciscanos.org.br\/noticias\/#\/schema\/person\/37f88f0d111cd5358b12a6556a99eb91"},"breadcrumb":{"@id":"https:\/\/franciscanos.org.br\/noticias\/documentos-da-causa-de-frei-bruno-chegam-ao-vaticano.html#breadcrumb"},"inLanguage":"pt-BR","potentialAction":[{"@type":"ReadAction","target":["https:\/\/franciscanos.org.br\/noticias\/documentos-da-causa-de-frei-bruno-chegam-ao-vaticano.html"]}]},{"@type":"BreadcrumbList","@id":"https:\/\/franciscanos.org.br\/noticias\/documentos-da-causa-de-frei-bruno-chegam-ao-vaticano.html#breadcrumb","itemListElement":[{"@type":"ListItem","position":1,"name":"Home","item":"https:\/\/franciscanos.org.br\/noticias"},{"@type":"ListItem","position":2,"name":"Documentos da Causa de Frei Bruno chegam ao Vaticano"}]},{"@type":"Person","@id":"https:\/\/franciscanos.org.br\/noticias\/#\/schema\/person\/37f88f0d111cd5358b12a6556a99eb91","name":"freiaugusto","image":{"@type":"ImageObject","inLanguage":"pt-BR","@id":"https:\/\/franciscanos.org.br\/noticias\/#\/schema\/person\/image\/","url":"https:\/\/secure.gravatar.com\/avatar\/9840b940e621801b24f3e6b059efb4b7?s=96&d=mm&r=g","contentUrl":"https:\/\/secure.gravatar.com\/avatar\/9840b940e621801b24f3e6b059efb4b7?s=96&d=mm&r=g","caption":"freiaugusto"},"url":"https:\/\/franciscanos.org.br\/noticias\/author\/freiaugusto"}]}},"_links":{"self":[{"href":"https:\/\/franciscanos.org.br\/noticias\/wp-json\/wp\/v2\/posts\/158858"}],"collection":[{"href":"https:\/\/franciscanos.org.br\/noticias\/wp-json\/wp\/v2\/posts"}],"about":[{"href":"https:\/\/franciscanos.org.br\/noticias\/wp-json\/wp\/v2\/types\/post"}],"author":[{"embeddable":true,"href":"https:\/\/franciscanos.org.br\/noticias\/wp-json\/wp\/v2\/users\/5"}],"replies":[{"embeddable":true,"href":"https:\/\/franciscanos.org.br\/noticias\/wp-json\/wp\/v2\/comments?post=158858"}],"version-history":[{"count":0,"href":"https:\/\/franciscanos.org.br\/noticias\/wp-json\/wp\/v2\/posts\/158858\/revisions"}],"wp:featuredmedia":[{"embeddable":true,"href":"https:\/\/franciscanos.org.br\/noticias\/wp-json\/wp\/v2\/media\/201509"}],"wp:attachment":[{"href":"https:\/\/franciscanos.org.br\/noticias\/wp-json\/wp\/v2\/media?parent=158858"}],"wp:term":[{"taxonomy":"category","embeddable":true,"href":"https:\/\/franciscanos.org.br\/noticias\/wp-json\/wp\/v2\/categories?post=158858"},{"taxonomy":"post_tag","embeddable":true,"href":"https:\/\/franciscanos.org.br\/noticias\/wp-json\/wp\/v2\/tags?post=158858"}],"curies":[{"name":"wp","href":"https:\/\/api.w.org\/{rel}","templated":true}]}}