{"id":158810,"date":"2018-05-06T13:16:42","date_gmt":"2018-05-06T16:16:42","guid":{"rendered":"http:\/\/franciscanos.org.br\/?p=158810"},"modified":"2020-06-07T15:29:03","modified_gmt":"2020-06-07T18:29:03","slug":"regina-coeli-amor-atitude-fundamental-do-coracao","status":"publish","type":"post","link":"https:\/\/franciscanos.org.br\/noticias\/regina-coeli-amor-atitude-fundamental-do-coracao.html","title":{"rendered":"Papa: &#8220;Amor, atitude fundamental do cora\u00e7\u00e3o&#8221;"},"content":{"rendered":"<p><img loading=\"lazy\" src=\"http:\/\/franciscanos.org.br\/wp-content\/uploads\/2018\/05\/papa_060518_1.jpg\" alt=\"papa_060518_1\" width=\"830\" height=\"450\" \/><\/p>\n<p><strong>Cidade do Vaticano &#8211;<\/strong> O Papa Francisco rezou a ora\u00e7\u00e3o mariana do Regina Coeli, neste domingo (06\/05), com os fi\u00e9is e peregrinos de v\u00e1rias partes do mundo, reunidos na Pra\u00e7a S\u00e3o Pedro. Na alocu\u00e7\u00e3o que precedeu a ora\u00e7\u00e3o, o Pont\u00edfice ressaltou que \u201cneste tempo pascal a Palavra de Deus continua nos indicando estilos de vida coerentes para ser a comunidade do Senhor Ressuscitado\u201d.<\/p>\n<p><strong>GRATID\u00c3O E AMOR<\/strong><\/p>\n<p>\u201cViver na corrente do amor de Deus, estabelecer a morada, \u00e9 a condi\u00e7\u00e3o para que o nosso amor n\u00e3o perca pelas ruas o seu ardor e a aud\u00e1cia. N\u00f3s tamb\u00e9m, como Jesus e Nele, devemos acolher com gratid\u00e3o o amor que vem do Pai e permanecer neste amor, tentando n\u00e3o nos separar dele com o ego\u00edsmo e o pecado. \u00c9 um programa exigente mas n\u00e3o imposs\u00edvel\u201d.<\/p>\n<p>Segundo o Papa, primeiramente, \u00e9 importante tomar consci\u00eancia de que o amor de Cristo n\u00e3o \u00e9 um sentimento superficial, mas uma atitude fundamental do cora\u00e7\u00e3o, que se manifesta no viver como Ele quer. De fato, Jesus afirma: \u201cSe voc\u00eas obedecem aos meus mandamentos, permanecer\u00e3o no meu amor, assim como eu obedeci aos mandamentos do meu Pai e permane\u00e7o no seu amor\u201d.<\/p>\n<p><strong>O AMOR \u00c9 CONCRETO <\/strong><\/p>\n<p>\u201cO amor se realiza na vida cotidiana, nos comportamentos, nas a\u00e7\u00f5es; caso contr\u00e1rio \u00e9 apenas algo ilus\u00f3rio. S\u00e3o palavras, palavras, palavras: isso n\u00e3o \u00e9 amor. O amor \u00e9 concreto todos os dias. Jesus nos pede para observar os seus mandamentos, que se resumem nisso: \u201cAmem-se uns aos outros, assim como eu amei voc\u00eas\u201d.<\/p>\n<p>E Francisco perguntou: \u201cComo fazer para que esse amor que o Senhor Ressuscitado nos doa possa ser partilhado pelos outros? Muitas vezes, Jesus indicou quem \u00e9 o outro a amar, n\u00e3o com palavras, mas com fatos. \u00c9 aquele que encontro em meu caminho e me interpela com o seu rosto e sua hist\u00f3ria; \u00e9 aquele que, com a sua presen\u00e7a, me impulsiona a sair de meus interesses e minhas seguran\u00e7as; \u00e9 aquele que espera a minha disponibilidade de acolher e caminhar juntos na mesma estrada\u201d.<\/p>\n<p><img loading=\"lazy\" src=\"http:\/\/franciscanos.org.br\/wp-content\/uploads\/2018\/05\/papa_060518_4-e1525623480343.jpg\" alt=\"papa_060518_4\" width=\"830\" height=\"500\" \/><\/p>\n<p><strong>DISPONIBILIDADE<\/strong><\/p>\n<p>\u201cDisponibilidade a todo irm\u00e3o e irm\u00e3, quem quer que seja e em qualquer situa\u00e7\u00e3o se encontre, come\u00e7ando com aquele que est\u00e1 pr\u00f3ximo a mim na fam\u00edlia, na comunidade, no trabalho, na escola. Desta forma, se eu permane\u00e7o unido a Jesus, o seu amor pode alcan\u00e7ar o outro e atra\u00ed-lo a si, para sua amizade\u201d, sublinhou o Santo Padre.<\/p>\n<p>Para Francisco, \u201cesse amor pelos outros n\u00e3o pode ser reservado a momentos excepcionais, mas deve se tornar a constante de nossa exist\u00eancia. \u00c9 por isso que somos chamados, por exemplo, a proteger os idosos como um tesouro precioso e com amor, mesmo que criem problemas econ\u00f4micos e inconvenientes, devemos proteg\u00ea-los. \u00c9 por isso que aos doentes, mesmo no \u00faltimo est\u00e1gio, devemos prestar toda a assist\u00eancia poss\u00edvel. \u00c9 por isso que os nascituros devem ser sempre acolhidos. \u00c9 por isso que, em \u00faltima an\u00e1lise, a vida deve ser sempre protegida e amada desde a concep\u00e7\u00e3o at\u00e9 a morte natural. Isso \u00e9 amor\u201d.<\/p>\n<p><strong>CORA\u00c7\u00c3O DE CRISTO<\/strong><\/p>\n<p>\u201cSomos amados por Deus em Jesus Cristo, que nos pede para amar uns aos outros como Ele nos ama. Mas n\u00f3s n\u00e3o podemos fazer isso se n\u00e3o tivermos o seu pr\u00f3prio cora\u00e7\u00e3o em n\u00f3s. A Eucaristia, \u00e0 qual somos chamados a participar todos os domingos, tem como objetivo formar em n\u00f3s o Cora\u00e7\u00e3o de Cristo, de modo que toda a nossa vida seja guiada por suas atitudes generosas\u201d, destacou o Papa.<\/p>\n<p>\u201cQue a Virgem Maria nos ajude a permanecer no amor de Jesus e a crescer no amor por todos, especialmente os mais vulner\u00e1veis, a fim de corresponder plenamente \u00e0 nossa voca\u00e7\u00e3o crist\u00e3\u201d, concluiu o Santo Padre.<\/p>\n<hr \/>\n<p><em>Fonte: Vatican News<\/em><\/p>\n","protected":false},"excerpt":{"rendered":"<p>Regina Coeli<\/p>\n","protected":false},"author":1,"featured_media":210748,"comment_status":"open","ping_status":"open","sticky":false,"template":"","format":"standard","meta":[],"categories":[1428],"tags":[564],"acf":[],"yoast_head":"<!-- This site is optimized with the Yoast SEO plugin v19.2 - https:\/\/yoast.com\/wordpress\/plugins\/seo\/ -->\n<title>Papa: &quot;Amor, atitude fundamental do cora\u00e7\u00e3o&quot; - Not\u00edcias - Franciscanos<\/title>\n<meta name=\"robots\" content=\"index, follow, max-snippet:-1, max-image-preview:large, max-video-preview:-1\" \/>\n<link rel=\"canonical\" href=\"https:\/\/franciscanos.org.br\/noticias\/regina-coeli-amor-atitude-fundamental-do-coracao.html\" \/>\n<meta property=\"og:locale\" content=\"pt_BR\" \/>\n<meta property=\"og:type\" content=\"article\" \/>\n<meta property=\"og:title\" content=\"Papa: &quot;Amor, atitude fundamental do cora\u00e7\u00e3o&quot; - Not\u00edcias - Franciscanos\" \/>\n<meta property=\"og:description\" content=\"Regina Coeli\" \/>\n<meta property=\"og:url\" content=\"https:\/\/franciscanos.org.br\/noticias\/regina-coeli-amor-atitude-fundamental-do-coracao.html\" \/>\n<meta property=\"og:site_name\" content=\"Not\u00edcias - Franciscanos\" \/>\n<meta property=\"article:published_time\" content=\"2018-05-06T16:16:42+00:00\" \/>\n<meta property=\"article:modified_time\" content=\"2020-06-07T18:29:03+00:00\" \/>\n<meta property=\"og:image\" content=\"https:\/\/franciscanos.org.br\/noticias\/wp-content\/uploads\/2018\/05\/papa_060518_1.jpg\" \/>\n\t<meta property=\"og:image:width\" content=\"273\" \/>\n\t<meta property=\"og:image:height\" content=\"181\" \/>\n\t<meta property=\"og:image:type\" content=\"image\/jpeg\" \/>\n<meta name=\"author\" content=\"admin\" \/>\n<meta name=\"twitter:card\" content=\"summary_large_image\" \/>\n<meta name=\"twitter:label1\" content=\"Escrito por\" \/>\n\t<meta name=\"twitter:data1\" content=\"admin\" \/>\n\t<meta name=\"twitter:label2\" content=\"Est. tempo de leitura\" \/>\n\t<meta name=\"twitter:data2\" content=\"3 minutos\" \/>\n<script type=\"application\/ld+json\" class=\"yoast-schema-graph\">{\"@context\":\"https:\/\/schema.org\",\"@graph\":[{\"@type\":\"WebSite\",\"@id\":\"https:\/\/franciscanos.org.br\/noticias\/#website\",\"url\":\"https:\/\/franciscanos.org.br\/noticias\/\",\"name\":\"Not\u00edcias - Franciscanos\",\"description\":\"Prov\u00edncia Franciscana da Imaculada Concei\u00e7\u00e3o do Brasil - Ordem dos Frades Menores - OFM\",\"potentialAction\":[{\"@type\":\"SearchAction\",\"target\":{\"@type\":\"EntryPoint\",\"urlTemplate\":\"https:\/\/franciscanos.org.br\/noticias\/?s={search_term_string}\"},\"query-input\":\"required name=search_term_string\"}],\"inLanguage\":\"pt-BR\"},{\"@type\":\"ImageObject\",\"inLanguage\":\"pt-BR\",\"@id\":\"https:\/\/franciscanos.org.br\/noticias\/regina-coeli-amor-atitude-fundamental-do-coracao.html#primaryimage\",\"url\":\"https:\/\/franciscanos.org.br\/noticias\/wp-content\/uploads\/2018\/05\/papa_060518_1.jpg\",\"contentUrl\":\"https:\/\/franciscanos.org.br\/noticias\/wp-content\/uploads\/2018\/05\/papa_060518_1.jpg\",\"width\":273,\"height\":181},{\"@type\":\"WebPage\",\"@id\":\"https:\/\/franciscanos.org.br\/noticias\/regina-coeli-amor-atitude-fundamental-do-coracao.html#webpage\",\"url\":\"https:\/\/franciscanos.org.br\/noticias\/regina-coeli-amor-atitude-fundamental-do-coracao.html\",\"name\":\"Papa: \\\"Amor, atitude fundamental do cora\u00e7\u00e3o\\\" - Not\u00edcias - Franciscanos\",\"isPartOf\":{\"@id\":\"https:\/\/franciscanos.org.br\/noticias\/#website\"},\"primaryImageOfPage\":{\"@id\":\"https:\/\/franciscanos.org.br\/noticias\/regina-coeli-amor-atitude-fundamental-do-coracao.html#primaryimage\"},\"datePublished\":\"2018-05-06T16:16:42+00:00\",\"dateModified\":\"2020-06-07T18:29:03+00:00\",\"author\":{\"@id\":\"https:\/\/franciscanos.org.br\/noticias\/#\/schema\/person\/b38fbf43118f02820bd932f2e4b14ad3\"},\"breadcrumb\":{\"@id\":\"https:\/\/franciscanos.org.br\/noticias\/regina-coeli-amor-atitude-fundamental-do-coracao.html#breadcrumb\"},\"inLanguage\":\"pt-BR\",\"potentialAction\":[{\"@type\":\"ReadAction\",\"target\":[\"https:\/\/franciscanos.org.br\/noticias\/regina-coeli-amor-atitude-fundamental-do-coracao.html\"]}]},{\"@type\":\"BreadcrumbList\",\"@id\":\"https:\/\/franciscanos.org.br\/noticias\/regina-coeli-amor-atitude-fundamental-do-coracao.html#breadcrumb\",\"itemListElement\":[{\"@type\":\"ListItem\",\"position\":1,\"name\":\"Home\",\"item\":\"https:\/\/franciscanos.org.br\/noticias\"},{\"@type\":\"ListItem\",\"position\":2,\"name\":\"Papa: &#8220;Amor, atitude fundamental do cora\u00e7\u00e3o&#8221;\"}]},{\"@type\":\"Person\",\"@id\":\"https:\/\/franciscanos.org.br\/noticias\/#\/schema\/person\/b38fbf43118f02820bd932f2e4b14ad3\",\"name\":\"admin\",\"image\":{\"@type\":\"ImageObject\",\"inLanguage\":\"pt-BR\",\"@id\":\"https:\/\/franciscanos.org.br\/noticias\/#\/schema\/person\/image\/\",\"url\":\"https:\/\/secure.gravatar.com\/avatar\/e8495742d34d0ba6448ea1c628263b3e?s=96&d=mm&r=g\",\"contentUrl\":\"https:\/\/secure.gravatar.com\/avatar\/e8495742d34d0ba6448ea1c628263b3e?s=96&d=mm&r=g\",\"caption\":\"admin\"},\"url\":\"https:\/\/franciscanos.org.br\/noticias\/author\/admin\"}]}<\/script>\n<!-- \/ Yoast SEO plugin. -->","yoast_head_json":{"title":"Papa: \"Amor, atitude fundamental do cora\u00e7\u00e3o\" - Not\u00edcias - Franciscanos","robots":{"index":"index","follow":"follow","max-snippet":"max-snippet:-1","max-image-preview":"max-image-preview:large","max-video-preview":"max-video-preview:-1"},"canonical":"https:\/\/franciscanos.org.br\/noticias\/regina-coeli-amor-atitude-fundamental-do-coracao.html","og_locale":"pt_BR","og_type":"article","og_title":"Papa: \"Amor, atitude fundamental do cora\u00e7\u00e3o\" - Not\u00edcias - Franciscanos","og_description":"Regina Coeli","og_url":"https:\/\/franciscanos.org.br\/noticias\/regina-coeli-amor-atitude-fundamental-do-coracao.html","og_site_name":"Not\u00edcias - Franciscanos","article_published_time":"2018-05-06T16:16:42+00:00","article_modified_time":"2020-06-07T18:29:03+00:00","og_image":[{"width":273,"height":181,"url":"https:\/\/franciscanos.org.br\/noticias\/wp-content\/uploads\/2018\/05\/papa_060518_1.jpg","type":"image\/jpeg"}],"author":"admin","twitter_card":"summary_large_image","twitter_misc":{"Escrito por":"admin","Est. tempo de leitura":"3 minutos"},"schema":{"@context":"https:\/\/schema.org","@graph":[{"@type":"WebSite","@id":"https:\/\/franciscanos.org.br\/noticias\/#website","url":"https:\/\/franciscanos.org.br\/noticias\/","name":"Not\u00edcias - Franciscanos","description":"Prov\u00edncia Franciscana da Imaculada Concei\u00e7\u00e3o do Brasil - Ordem dos Frades Menores - OFM","potentialAction":[{"@type":"SearchAction","target":{"@type":"EntryPoint","urlTemplate":"https:\/\/franciscanos.org.br\/noticias\/?s={search_term_string}"},"query-input":"required name=search_term_string"}],"inLanguage":"pt-BR"},{"@type":"ImageObject","inLanguage":"pt-BR","@id":"https:\/\/franciscanos.org.br\/noticias\/regina-coeli-amor-atitude-fundamental-do-coracao.html#primaryimage","url":"https:\/\/franciscanos.org.br\/noticias\/wp-content\/uploads\/2018\/05\/papa_060518_1.jpg","contentUrl":"https:\/\/franciscanos.org.br\/noticias\/wp-content\/uploads\/2018\/05\/papa_060518_1.jpg","width":273,"height":181},{"@type":"WebPage","@id":"https:\/\/franciscanos.org.br\/noticias\/regina-coeli-amor-atitude-fundamental-do-coracao.html#webpage","url":"https:\/\/franciscanos.org.br\/noticias\/regina-coeli-amor-atitude-fundamental-do-coracao.html","name":"Papa: \"Amor, atitude fundamental do cora\u00e7\u00e3o\" - Not\u00edcias - Franciscanos","isPartOf":{"@id":"https:\/\/franciscanos.org.br\/noticias\/#website"},"primaryImageOfPage":{"@id":"https:\/\/franciscanos.org.br\/noticias\/regina-coeli-amor-atitude-fundamental-do-coracao.html#primaryimage"},"datePublished":"2018-05-06T16:16:42+00:00","dateModified":"2020-06-07T18:29:03+00:00","author":{"@id":"https:\/\/franciscanos.org.br\/noticias\/#\/schema\/person\/b38fbf43118f02820bd932f2e4b14ad3"},"breadcrumb":{"@id":"https:\/\/franciscanos.org.br\/noticias\/regina-coeli-amor-atitude-fundamental-do-coracao.html#breadcrumb"},"inLanguage":"pt-BR","potentialAction":[{"@type":"ReadAction","target":["https:\/\/franciscanos.org.br\/noticias\/regina-coeli-amor-atitude-fundamental-do-coracao.html"]}]},{"@type":"BreadcrumbList","@id":"https:\/\/franciscanos.org.br\/noticias\/regina-coeli-amor-atitude-fundamental-do-coracao.html#breadcrumb","itemListElement":[{"@type":"ListItem","position":1,"name":"Home","item":"https:\/\/franciscanos.org.br\/noticias"},{"@type":"ListItem","position":2,"name":"Papa: &#8220;Amor, atitude fundamental do cora\u00e7\u00e3o&#8221;"}]},{"@type":"Person","@id":"https:\/\/franciscanos.org.br\/noticias\/#\/schema\/person\/b38fbf43118f02820bd932f2e4b14ad3","name":"admin","image":{"@type":"ImageObject","inLanguage":"pt-BR","@id":"https:\/\/franciscanos.org.br\/noticias\/#\/schema\/person\/image\/","url":"https:\/\/secure.gravatar.com\/avatar\/e8495742d34d0ba6448ea1c628263b3e?s=96&d=mm&r=g","contentUrl":"https:\/\/secure.gravatar.com\/avatar\/e8495742d34d0ba6448ea1c628263b3e?s=96&d=mm&r=g","caption":"admin"},"url":"https:\/\/franciscanos.org.br\/noticias\/author\/admin"}]}},"_links":{"self":[{"href":"https:\/\/franciscanos.org.br\/noticias\/wp-json\/wp\/v2\/posts\/158810"}],"collection":[{"href":"https:\/\/franciscanos.org.br\/noticias\/wp-json\/wp\/v2\/posts"}],"about":[{"href":"https:\/\/franciscanos.org.br\/noticias\/wp-json\/wp\/v2\/types\/post"}],"author":[{"embeddable":true,"href":"https:\/\/franciscanos.org.br\/noticias\/wp-json\/wp\/v2\/users\/1"}],"replies":[{"embeddable":true,"href":"https:\/\/franciscanos.org.br\/noticias\/wp-json\/wp\/v2\/comments?post=158810"}],"version-history":[{"count":2,"href":"https:\/\/franciscanos.org.br\/noticias\/wp-json\/wp\/v2\/posts\/158810\/revisions"}],"predecessor-version":[{"id":224982,"href":"https:\/\/franciscanos.org.br\/noticias\/wp-json\/wp\/v2\/posts\/158810\/revisions\/224982"}],"wp:featuredmedia":[{"embeddable":true,"href":"https:\/\/franciscanos.org.br\/noticias\/wp-json\/wp\/v2\/media\/210748"}],"wp:attachment":[{"href":"https:\/\/franciscanos.org.br\/noticias\/wp-json\/wp\/v2\/media?parent=158810"}],"wp:term":[{"taxonomy":"category","embeddable":true,"href":"https:\/\/franciscanos.org.br\/noticias\/wp-json\/wp\/v2\/categories?post=158810"},{"taxonomy":"post_tag","embeddable":true,"href":"https:\/\/franciscanos.org.br\/noticias\/wp-json\/wp\/v2\/tags?post=158810"}],"curies":[{"name":"wp","href":"https:\/\/api.w.org\/{rel}","templated":true}]}}