{"id":158747,"date":"2018-05-04T13:59:47","date_gmt":"2018-05-04T16:59:47","guid":{"rendered":"http:\/\/franciscanos.org.br\/?p=158747"},"modified":"2019-10-30T14:02:12","modified_gmt":"2019-10-30T17:02:12","slug":"lancamento-do-video-da-fae-social","status":"publish","type":"post","link":"https:\/\/franciscanos.org.br\/noticias\/lancamento-do-video-da-fae-social.html","title":{"rendered":"Lan\u00e7amento do v\u00eddeo da FAE Social"},"content":{"rendered":"<p><strong><img loading=\"lazy\" class=\"alignright size-full wp-image-158748\" src=\"http:\/\/franciscanos.org.br\/wp-content\/uploads\/2018\/05\/fae_040518.jpg\" alt=\"fae_040518\" width=\"450\" height=\"334\" \/>Curitiba (PR) &#8211;<\/strong> Educar para a promo\u00e7\u00e3o de uma sociedade justa, sustent\u00e1vel e feliz \u00e9 a miss\u00e3o assumida pela FAE. Eis por que a FAE, como institui\u00e7\u00e3o confessional franciscana, direciona todos os seus esfor\u00e7os na\u00a0forma\u00e7\u00e3o de profissionais imbu\u00eddos de um conjunto de virtudes que conduziram Francisco de Assis \u00e0 elei\u00e7\u00e3o promovida pela revista Time\u00a0como a personalidade mais relevante do \u00faltimo mil\u00eanio.<\/p>\n<p><strong>Quais virtudes?<\/strong><br \/>\nA cortesia, a \u00e9tica, a humildade, o amor \u00e0 vida, o discernimento do que \u00e9 bom e louv\u00e1vel, a generosidade, a alegria, a simplicidade, a fidelidade \u00e0s obriga\u00e7\u00f5es do dia a dia, a prud\u00eancia, a sobriedade, a bondade, a vigil\u00e2ncia, o cuidado do meio ambiente e a solidariedade com os mais necessitados s\u00e3o algumas dessas virtudes. \u00c9 com base nessa identidade franciscana que a FAE busca oportunizar \u00e0 comunidade acad\u00eamica, ao longo do ano letivo, o desenvolvimento de um conjunto de\u00a0a\u00e7\u00f5es em benef\u00edcio dos menos favorecidos da sociedade.<\/p>\n<p>Dessa maneira, a FAE aposta na forma\u00e7\u00e3o de profissionais comprometidos com a promo\u00e7\u00e3o do bem-estar social, privilegiando iniciativas capazes de resgatar a dignidade humana dos mais desvalidos. \u00c9 com esse foco no humanismo franciscano que a FAE norteia os seus esfor\u00e7os nas \u00e1reas do Ensino, da Pesquisa e da Extens\u00e3o.<\/p>\n<p>O resultado desse trabalho pode ser mensurado por meio das milhares de pessoas de baixa ou de nenhuma renda j\u00e1 atendidas por meio de projetos gratuitos ou de baixo custo, como os suportes jur\u00eddicos oferecidos pelo N\u00facleo de Pr\u00e1tica Jur\u00eddica, a consultoria sobre Imposto de Renda do Amansando o Le\u00e3o, os atendimentos psicol\u00f3gicos do Servi\u00e7o-escola PsicoFAE, as a\u00e7\u00f5es volunt\u00e1rias e de ajuda humanit\u00e1ria da Pastoral Universit\u00e1ria, dentre outras dezenas de iniciativas.<\/p>\n<p>A amplia\u00e7\u00e3o de uma cultura universit\u00e1ria voltada para o desenvolvimento do humanismo franciscano \u00e9 uma das melhores defini\u00e7\u00f5es do <strong><a href=\"http:\/\/fae.edu\/sobre-a-fae\/fae-social.vm\" target=\"_blank\" rel=\"noopener noreferrer\">FAE Social<\/a><\/strong>.<br \/>\nVeja abaixo o\u00a0v\u00eddeo manifesto do Programa, produzido pelos alunos de Publicidade e Propaganda da FAE.<\/p>\n<p><strong>Frei Claudino Gilz<\/strong><br \/>\n<strong> Coordenador do FAE Social e professor da FAE Centro Universit\u00e1rio<\/strong><br \/>\n<iframe loading=\"lazy\" src=\"https:\/\/www.youtube.com\/embed\/dJKM6kpfYTw\" width=\"100%\" height=\"315\" frameborder=\"0\" allowfullscreen=\"allowfullscreen\"><\/iframe><\/p>\n","protected":false},"excerpt":{"rendered":"<p>Educa\u00e7\u00e3o Franciscana<\/p>\n","protected":false},"author":5,"featured_media":192276,"comment_status":"open","ping_status":"open","sticky":false,"template":"","format":"standard","meta":[],"categories":[1],"tags":[197,697,548,698],"acf":[],"yoast_head":"<!-- This site is optimized with the Yoast SEO plugin v19.2 - https:\/\/yoast.com\/wordpress\/plugins\/seo\/ -->\n<title>Lan\u00e7amento do v\u00eddeo da FAE Social - Not\u00edcias - Franciscanos<\/title>\n<meta name=\"robots\" content=\"index, follow, max-snippet:-1, max-image-preview:large, max-video-preview:-1\" \/>\n<link rel=\"canonical\" href=\"https:\/\/franciscanos.org.br\/noticias\/lancamento-do-video-da-fae-social.html\" \/>\n<meta property=\"og:locale\" content=\"pt_BR\" \/>\n<meta property=\"og:type\" content=\"article\" \/>\n<meta property=\"og:title\" content=\"Lan\u00e7amento do v\u00eddeo da FAE Social - Not\u00edcias - Franciscanos\" \/>\n<meta property=\"og:description\" content=\"Educa\u00e7\u00e3o Franciscana\" \/>\n<meta property=\"og:url\" content=\"https:\/\/franciscanos.org.br\/noticias\/lancamento-do-video-da-fae-social.html\" \/>\n<meta property=\"og:site_name\" content=\"Not\u00edcias - Franciscanos\" \/>\n<meta property=\"article:published_time\" content=\"2018-05-04T16:59:47+00:00\" \/>\n<meta property=\"article:modified_time\" content=\"2019-10-30T17:02:12+00:00\" \/>\n<meta property=\"og:image\" content=\"https:\/\/franciscanos.org.br\/noticias\/wp-content\/uploads\/2018\/05\/fae_social.jpg\" \/>\n\t<meta property=\"og:image:width\" content=\"330\" \/>\n\t<meta property=\"og:image:height\" content=\"219\" \/>\n\t<meta property=\"og:image:type\" content=\"image\/jpeg\" \/>\n<meta name=\"author\" content=\"freiaugusto\" \/>\n<meta name=\"twitter:card\" content=\"summary_large_image\" \/>\n<meta name=\"twitter:label1\" content=\"Escrito por\" \/>\n\t<meta name=\"twitter:data1\" content=\"freiaugusto\" \/>\n\t<meta name=\"twitter:label2\" content=\"Est. tempo de leitura\" \/>\n\t<meta name=\"twitter:data2\" content=\"2 minutos\" \/>\n<script type=\"application\/ld+json\" class=\"yoast-schema-graph\">{\"@context\":\"https:\/\/schema.org\",\"@graph\":[{\"@type\":\"WebSite\",\"@id\":\"https:\/\/franciscanos.org.br\/noticias\/#website\",\"url\":\"https:\/\/franciscanos.org.br\/noticias\/\",\"name\":\"Not\u00edcias - Franciscanos\",\"description\":\"Prov\u00edncia Franciscana da Imaculada Concei\u00e7\u00e3o do Brasil - Ordem dos Frades Menores - OFM\",\"potentialAction\":[{\"@type\":\"SearchAction\",\"target\":{\"@type\":\"EntryPoint\",\"urlTemplate\":\"https:\/\/franciscanos.org.br\/noticias\/?s={search_term_string}\"},\"query-input\":\"required name=search_term_string\"}],\"inLanguage\":\"pt-BR\"},{\"@type\":\"ImageObject\",\"inLanguage\":\"pt-BR\",\"@id\":\"https:\/\/franciscanos.org.br\/noticias\/lancamento-do-video-da-fae-social.html#primaryimage\",\"url\":\"https:\/\/franciscanos.org.br\/noticias\/wp-content\/uploads\/2018\/05\/fae_social.jpg\",\"contentUrl\":\"https:\/\/franciscanos.org.br\/noticias\/wp-content\/uploads\/2018\/05\/fae_social.jpg\",\"width\":330,\"height\":219},{\"@type\":\"WebPage\",\"@id\":\"https:\/\/franciscanos.org.br\/noticias\/lancamento-do-video-da-fae-social.html#webpage\",\"url\":\"https:\/\/franciscanos.org.br\/noticias\/lancamento-do-video-da-fae-social.html\",\"name\":\"Lan\u00e7amento do v\u00eddeo da FAE Social - Not\u00edcias - Franciscanos\",\"isPartOf\":{\"@id\":\"https:\/\/franciscanos.org.br\/noticias\/#website\"},\"primaryImageOfPage\":{\"@id\":\"https:\/\/franciscanos.org.br\/noticias\/lancamento-do-video-da-fae-social.html#primaryimage\"},\"datePublished\":\"2018-05-04T16:59:47+00:00\",\"dateModified\":\"2019-10-30T17:02:12+00:00\",\"author\":{\"@id\":\"https:\/\/franciscanos.org.br\/noticias\/#\/schema\/person\/37f88f0d111cd5358b12a6556a99eb91\"},\"breadcrumb\":{\"@id\":\"https:\/\/franciscanos.org.br\/noticias\/lancamento-do-video-da-fae-social.html#breadcrumb\"},\"inLanguage\":\"pt-BR\",\"potentialAction\":[{\"@type\":\"ReadAction\",\"target\":[\"https:\/\/franciscanos.org.br\/noticias\/lancamento-do-video-da-fae-social.html\"]}]},{\"@type\":\"BreadcrumbList\",\"@id\":\"https:\/\/franciscanos.org.br\/noticias\/lancamento-do-video-da-fae-social.html#breadcrumb\",\"itemListElement\":[{\"@type\":\"ListItem\",\"position\":1,\"name\":\"Home\",\"item\":\"https:\/\/franciscanos.org.br\/noticias\"},{\"@type\":\"ListItem\",\"position\":2,\"name\":\"Lan\u00e7amento do v\u00eddeo da FAE Social\"}]},{\"@type\":\"Person\",\"@id\":\"https:\/\/franciscanos.org.br\/noticias\/#\/schema\/person\/37f88f0d111cd5358b12a6556a99eb91\",\"name\":\"freiaugusto\",\"image\":{\"@type\":\"ImageObject\",\"inLanguage\":\"pt-BR\",\"@id\":\"https:\/\/franciscanos.org.br\/noticias\/#\/schema\/person\/image\/\",\"url\":\"https:\/\/secure.gravatar.com\/avatar\/9840b940e621801b24f3e6b059efb4b7?s=96&d=mm&r=g\",\"contentUrl\":\"https:\/\/secure.gravatar.com\/avatar\/9840b940e621801b24f3e6b059efb4b7?s=96&d=mm&r=g\",\"caption\":\"freiaugusto\"},\"url\":\"https:\/\/franciscanos.org.br\/noticias\/author\/freiaugusto\"}]}<\/script>\n<!-- \/ Yoast SEO plugin. -->","yoast_head_json":{"title":"Lan\u00e7amento do v\u00eddeo da FAE Social - Not\u00edcias - Franciscanos","robots":{"index":"index","follow":"follow","max-snippet":"max-snippet:-1","max-image-preview":"max-image-preview:large","max-video-preview":"max-video-preview:-1"},"canonical":"https:\/\/franciscanos.org.br\/noticias\/lancamento-do-video-da-fae-social.html","og_locale":"pt_BR","og_type":"article","og_title":"Lan\u00e7amento do v\u00eddeo da FAE Social - Not\u00edcias - Franciscanos","og_description":"Educa\u00e7\u00e3o Franciscana","og_url":"https:\/\/franciscanos.org.br\/noticias\/lancamento-do-video-da-fae-social.html","og_site_name":"Not\u00edcias - Franciscanos","article_published_time":"2018-05-04T16:59:47+00:00","article_modified_time":"2019-10-30T17:02:12+00:00","og_image":[{"width":330,"height":219,"url":"https:\/\/franciscanos.org.br\/noticias\/wp-content\/uploads\/2018\/05\/fae_social.jpg","type":"image\/jpeg"}],"author":"freiaugusto","twitter_card":"summary_large_image","twitter_misc":{"Escrito por":"freiaugusto","Est. tempo de leitura":"2 minutos"},"schema":{"@context":"https:\/\/schema.org","@graph":[{"@type":"WebSite","@id":"https:\/\/franciscanos.org.br\/noticias\/#website","url":"https:\/\/franciscanos.org.br\/noticias\/","name":"Not\u00edcias - Franciscanos","description":"Prov\u00edncia Franciscana da Imaculada Concei\u00e7\u00e3o do Brasil - Ordem dos Frades Menores - OFM","potentialAction":[{"@type":"SearchAction","target":{"@type":"EntryPoint","urlTemplate":"https:\/\/franciscanos.org.br\/noticias\/?s={search_term_string}"},"query-input":"required name=search_term_string"}],"inLanguage":"pt-BR"},{"@type":"ImageObject","inLanguage":"pt-BR","@id":"https:\/\/franciscanos.org.br\/noticias\/lancamento-do-video-da-fae-social.html#primaryimage","url":"https:\/\/franciscanos.org.br\/noticias\/wp-content\/uploads\/2018\/05\/fae_social.jpg","contentUrl":"https:\/\/franciscanos.org.br\/noticias\/wp-content\/uploads\/2018\/05\/fae_social.jpg","width":330,"height":219},{"@type":"WebPage","@id":"https:\/\/franciscanos.org.br\/noticias\/lancamento-do-video-da-fae-social.html#webpage","url":"https:\/\/franciscanos.org.br\/noticias\/lancamento-do-video-da-fae-social.html","name":"Lan\u00e7amento do v\u00eddeo da FAE Social - Not\u00edcias - Franciscanos","isPartOf":{"@id":"https:\/\/franciscanos.org.br\/noticias\/#website"},"primaryImageOfPage":{"@id":"https:\/\/franciscanos.org.br\/noticias\/lancamento-do-video-da-fae-social.html#primaryimage"},"datePublished":"2018-05-04T16:59:47+00:00","dateModified":"2019-10-30T17:02:12+00:00","author":{"@id":"https:\/\/franciscanos.org.br\/noticias\/#\/schema\/person\/37f88f0d111cd5358b12a6556a99eb91"},"breadcrumb":{"@id":"https:\/\/franciscanos.org.br\/noticias\/lancamento-do-video-da-fae-social.html#breadcrumb"},"inLanguage":"pt-BR","potentialAction":[{"@type":"ReadAction","target":["https:\/\/franciscanos.org.br\/noticias\/lancamento-do-video-da-fae-social.html"]}]},{"@type":"BreadcrumbList","@id":"https:\/\/franciscanos.org.br\/noticias\/lancamento-do-video-da-fae-social.html#breadcrumb","itemListElement":[{"@type":"ListItem","position":1,"name":"Home","item":"https:\/\/franciscanos.org.br\/noticias"},{"@type":"ListItem","position":2,"name":"Lan\u00e7amento do v\u00eddeo da FAE Social"}]},{"@type":"Person","@id":"https:\/\/franciscanos.org.br\/noticias\/#\/schema\/person\/37f88f0d111cd5358b12a6556a99eb91","name":"freiaugusto","image":{"@type":"ImageObject","inLanguage":"pt-BR","@id":"https:\/\/franciscanos.org.br\/noticias\/#\/schema\/person\/image\/","url":"https:\/\/secure.gravatar.com\/avatar\/9840b940e621801b24f3e6b059efb4b7?s=96&d=mm&r=g","contentUrl":"https:\/\/secure.gravatar.com\/avatar\/9840b940e621801b24f3e6b059efb4b7?s=96&d=mm&r=g","caption":"freiaugusto"},"url":"https:\/\/franciscanos.org.br\/noticias\/author\/freiaugusto"}]}},"_links":{"self":[{"href":"https:\/\/franciscanos.org.br\/noticias\/wp-json\/wp\/v2\/posts\/158747"}],"collection":[{"href":"https:\/\/franciscanos.org.br\/noticias\/wp-json\/wp\/v2\/posts"}],"about":[{"href":"https:\/\/franciscanos.org.br\/noticias\/wp-json\/wp\/v2\/types\/post"}],"author":[{"embeddable":true,"href":"https:\/\/franciscanos.org.br\/noticias\/wp-json\/wp\/v2\/users\/5"}],"replies":[{"embeddable":true,"href":"https:\/\/franciscanos.org.br\/noticias\/wp-json\/wp\/v2\/comments?post=158747"}],"version-history":[{"count":0,"href":"https:\/\/franciscanos.org.br\/noticias\/wp-json\/wp\/v2\/posts\/158747\/revisions"}],"wp:featuredmedia":[{"embeddable":true,"href":"https:\/\/franciscanos.org.br\/noticias\/wp-json\/wp\/v2\/media\/192276"}],"wp:attachment":[{"href":"https:\/\/franciscanos.org.br\/noticias\/wp-json\/wp\/v2\/media?parent=158747"}],"wp:term":[{"taxonomy":"category","embeddable":true,"href":"https:\/\/franciscanos.org.br\/noticias\/wp-json\/wp\/v2\/categories?post=158747"},{"taxonomy":"post_tag","embeddable":true,"href":"https:\/\/franciscanos.org.br\/noticias\/wp-json\/wp\/v2\/tags?post=158747"}],"curies":[{"name":"wp","href":"https:\/\/api.w.org\/{rel}","templated":true}]}}