{"id":158742,"date":"2018-05-04T09:32:11","date_gmt":"2018-05-04T12:32:11","guid":{"rendered":"http:\/\/franciscanos.org.br\/?p=158742"},"modified":"2020-06-07T15:33:05","modified_gmt":"2020-06-07T18:33:05","slug":"proteger-e-vigiar-a-missao-do-bispo-afirma-o-papa","status":"publish","type":"post","link":"https:\/\/franciscanos.org.br\/noticias\/proteger-e-vigiar-a-missao-do-bispo-afirma-o-papa.html","title":{"rendered":"Proteger e vigiar: a miss\u00e3o do bispo, afirma o Papa"},"content":{"rendered":"<p><img loading=\"lazy\" src=\"http:\/\/franciscanos.org.br\/wp-content\/uploads\/2018\/04\/marta_2404181.jpg\" alt=\"marta_240418\" width=\"830\" height=\"467\" \/><br \/>\n<strong>Cidade do Vaticano<\/strong> &#8211; O bispo e a sua miss\u00e3o: a este tema o Papa dedicou a sua homilia da missa matutina na Casa Santa Marta. Francisco se inspirou na Primeira Leitura extra\u00edda dos Atos dos Ap\u00f3stolos, que descreve um momento dif\u00edcil dentro da comunidade de Antioquia. \u201cFicamos sabendo que alguns dos nossos causaram perturba\u00e7\u00f5es com palavras que transtornaram vosso esp\u00edrito\u201d, escrevem Pedro e os ap\u00f3stolos \u00e0queles crist\u00e3os, dizendo, com o Esp\u00edrito Santo, de reagir para restabelecer a paz.<\/p>\n<p>Portanto, atrav\u00e9s de uma carta, enviam Barnab\u00e9 e Paulo e outros homens de confian\u00e7a at\u00e9 Antioquia. A carta causou alegria aos crist\u00e3os \u201cpelo encorajamento que infundia\u201d, narra ainda a Primeira Leitura.<\/p>\n<p>Os que se apresentaram para defender as pessoas como \u201cortodoxos da verdadeira doutrina\u201d, disse o Papa, \u201cacreditando ser os verdadeiros te\u00f3logos do cristianismo\u201d, tinham desorientado o povo: e os ap\u00f3stolos, os bispos de hoje, o confirmam na f\u00e9.<\/p>\n<p><strong>Sentinela<\/strong><br \/>\n\u201cO bispo \u2013 afirmou Francisco \u2013 \u00e9 aquele que supervisiona, que controla, \u00e9 a sentinela, \u201cque sabe guardar para defender o rebanho dos lobos que se aproximam\u201d. A vida do bispo \u201cest\u00e1 envolvida com a vida do rebanho\u201d.<\/p>\n<p>Mas o bispo faz algo a mais \u2013 prosseguiu Francisco. Assim como o pastor, vigia. \u201cUma bela palavra para descrever a voca\u00e7\u00e3o do bispo\u201d: Fazer a vig\u00edlia significa envolver-se na vida do rebanho: Jesus distingue bem o verdadeiro pastor do empregado, daquele que recebe um sal\u00e1rio e n\u00e3o se importa se o lobo vem e come uma ovelha: ele n\u00e3o se importa. Ao inv\u00e9s, o verdadeiro pastor que vigia, que est\u00e1 envolvido na vida do rebanho, defende n\u00e3o s\u00f3 todas [as ovelhas], defende cada uma, confirma cada uma e se uma vai embora ou se perde, ele vai atr\u00e1s para traz\u00ea-la de volta. Est\u00e1 t\u00e3o envolvido que n\u00e3o deixa que nenhuma se perca.<\/p>\n<p><strong>Proximidade<\/strong><br \/>\nO verdadeiro bispo, portanto, conhece o nome de cada ovelha e isso, afirmou o Papa, nos faz compreender como Jesus concebeu o bispo: pr\u00f3ximo. E o Esp\u00edrito Santo deu ao povo crist\u00e3o o faro, a capacidade de entender onde existe um verdadeiro bispo: Quantas vezes ouvimos: \u201cAh, esse bispo! Sim, \u00e9 bom, mas n\u00e3o cuida muito de n\u00f3s, est\u00e1 sempre atarefado\u201d, ou \u201ceste bispo se mistura nos neg\u00f3cios, \u00e9 um pouco comerciante e isso n\u00e3o \u00e9 bom\u201d, ou \u201ceste bispo se ocupa de coisas que n\u00e3o tem a ver com a sua miss\u00e3o\u201d, ou \u201ceste bispo est\u00e1 sempre com a mala pronta, sempre viajando, em todos os lugares\u201d, ou \u201cviol\u00e3o na m\u00e3o\u201d\u2026 O povo de Deus sabe quando o pastor \u00e9 pastor, quando o pastor \u00e9 pr\u00f3ximo, quando o pastor sabe vigiar e d\u00e1 a pr\u00f3pria vida por eles. A proximidade.<\/p>\n<p><strong>Vig\u00edlia<\/strong><br \/>\nAssim deve ser a vida de um bispo, e assim a sua morte, concluiu o Papa, citando o exemplo de S\u00e3o Tur\u00edbio de Mogrovejo, que morreu num pequeno vilarejo ind\u00edgena circundando pelos seus crist\u00e3os que tocavam a chirim\u00eda (um instrumento musical de sopro) para que morresse em paz: Pe\u00e7amos ao Senhor que nos d\u00ea sempre bons pastores, que n\u00e3o falte \u00e0 Igreja a prote\u00e7\u00e3o dos pastores: n\u00e3o podemos ir avante sem isso. Que sejam homens assim, trabalhadores, de ora\u00e7\u00e3o, pr\u00f3ximos, pr\u00f3ximos ao povo de Deus&#8230; digamos em um s\u00f3 palavra: homens que saibam vigiar.<\/p>\n<hr \/>\n<p><em>Fonte: Vatican News<\/em><\/p>\n","protected":false},"excerpt":{"rendered":"<p>Missa em Santa Marta<\/p>\n","protected":false},"author":1,"featured_media":203519,"comment_status":"open","ping_status":"open","sticky":false,"template":"","format":"standard","meta":[],"categories":[1428],"tags":[1586],"acf":[],"yoast_head":"<!-- This site is optimized with the Yoast SEO plugin v19.2 - https:\/\/yoast.com\/wordpress\/plugins\/seo\/ -->\n<title>Proteger e vigiar: a miss\u00e3o do bispo, afirma o Papa - Not\u00edcias - Franciscanos<\/title>\n<meta name=\"robots\" content=\"index, follow, max-snippet:-1, max-image-preview:large, max-video-preview:-1\" \/>\n<link rel=\"canonical\" href=\"https:\/\/franciscanos.org.br\/noticias\/proteger-e-vigiar-a-missao-do-bispo-afirma-o-papa.html\" \/>\n<meta property=\"og:locale\" content=\"pt_BR\" \/>\n<meta property=\"og:type\" content=\"article\" \/>\n<meta property=\"og:title\" content=\"Proteger e vigiar: a miss\u00e3o do bispo, afirma o Papa - Not\u00edcias - Franciscanos\" \/>\n<meta property=\"og:description\" content=\"Missa em Santa Marta\" \/>\n<meta property=\"og:url\" content=\"https:\/\/franciscanos.org.br\/noticias\/proteger-e-vigiar-a-missao-do-bispo-afirma-o-papa.html\" \/>\n<meta property=\"og:site_name\" content=\"Not\u00edcias - Franciscanos\" \/>\n<meta property=\"article:published_time\" content=\"2018-05-04T12:32:11+00:00\" \/>\n<meta property=\"article:modified_time\" content=\"2020-06-07T18:33:05+00:00\" \/>\n<meta property=\"og:image\" content=\"https:\/\/franciscanos.org.br\/noticias\/wp-content\/uploads\/2018\/05\/marta_2404181.jpg\" \/>\n\t<meta property=\"og:image:width\" content=\"273\" \/>\n\t<meta property=\"og:image:height\" content=\"181\" \/>\n\t<meta property=\"og:image:type\" content=\"image\/jpeg\" \/>\n<meta name=\"author\" content=\"admin\" \/>\n<meta name=\"twitter:card\" content=\"summary_large_image\" \/>\n<meta name=\"twitter:label1\" content=\"Escrito por\" \/>\n\t<meta name=\"twitter:data1\" content=\"admin\" \/>\n\t<meta name=\"twitter:label2\" content=\"Est. tempo de leitura\" \/>\n\t<meta name=\"twitter:data2\" content=\"3 minutos\" \/>\n<script type=\"application\/ld+json\" class=\"yoast-schema-graph\">{\"@context\":\"https:\/\/schema.org\",\"@graph\":[{\"@type\":\"WebSite\",\"@id\":\"https:\/\/franciscanos.org.br\/noticias\/#website\",\"url\":\"https:\/\/franciscanos.org.br\/noticias\/\",\"name\":\"Not\u00edcias - Franciscanos\",\"description\":\"Prov\u00edncia Franciscana da Imaculada Concei\u00e7\u00e3o do Brasil - Ordem dos Frades Menores - OFM\",\"potentialAction\":[{\"@type\":\"SearchAction\",\"target\":{\"@type\":\"EntryPoint\",\"urlTemplate\":\"https:\/\/franciscanos.org.br\/noticias\/?s={search_term_string}\"},\"query-input\":\"required name=search_term_string\"}],\"inLanguage\":\"pt-BR\"},{\"@type\":\"ImageObject\",\"inLanguage\":\"pt-BR\",\"@id\":\"https:\/\/franciscanos.org.br\/noticias\/proteger-e-vigiar-a-missao-do-bispo-afirma-o-papa.html#primaryimage\",\"url\":\"https:\/\/franciscanos.org.br\/noticias\/wp-content\/uploads\/2018\/05\/marta_2404181.jpg\",\"contentUrl\":\"https:\/\/franciscanos.org.br\/noticias\/wp-content\/uploads\/2018\/05\/marta_2404181.jpg\",\"width\":273,\"height\":181},{\"@type\":\"WebPage\",\"@id\":\"https:\/\/franciscanos.org.br\/noticias\/proteger-e-vigiar-a-missao-do-bispo-afirma-o-papa.html#webpage\",\"url\":\"https:\/\/franciscanos.org.br\/noticias\/proteger-e-vigiar-a-missao-do-bispo-afirma-o-papa.html\",\"name\":\"Proteger e vigiar: a miss\u00e3o do bispo, afirma o Papa - Not\u00edcias - Franciscanos\",\"isPartOf\":{\"@id\":\"https:\/\/franciscanos.org.br\/noticias\/#website\"},\"primaryImageOfPage\":{\"@id\":\"https:\/\/franciscanos.org.br\/noticias\/proteger-e-vigiar-a-missao-do-bispo-afirma-o-papa.html#primaryimage\"},\"datePublished\":\"2018-05-04T12:32:11+00:00\",\"dateModified\":\"2020-06-07T18:33:05+00:00\",\"author\":{\"@id\":\"https:\/\/franciscanos.org.br\/noticias\/#\/schema\/person\/b38fbf43118f02820bd932f2e4b14ad3\"},\"breadcrumb\":{\"@id\":\"https:\/\/franciscanos.org.br\/noticias\/proteger-e-vigiar-a-missao-do-bispo-afirma-o-papa.html#breadcrumb\"},\"inLanguage\":\"pt-BR\",\"potentialAction\":[{\"@type\":\"ReadAction\",\"target\":[\"https:\/\/franciscanos.org.br\/noticias\/proteger-e-vigiar-a-missao-do-bispo-afirma-o-papa.html\"]}]},{\"@type\":\"BreadcrumbList\",\"@id\":\"https:\/\/franciscanos.org.br\/noticias\/proteger-e-vigiar-a-missao-do-bispo-afirma-o-papa.html#breadcrumb\",\"itemListElement\":[{\"@type\":\"ListItem\",\"position\":1,\"name\":\"Home\",\"item\":\"https:\/\/franciscanos.org.br\/noticias\"},{\"@type\":\"ListItem\",\"position\":2,\"name\":\"Proteger e vigiar: a miss\u00e3o do bispo, afirma o Papa\"}]},{\"@type\":\"Person\",\"@id\":\"https:\/\/franciscanos.org.br\/noticias\/#\/schema\/person\/b38fbf43118f02820bd932f2e4b14ad3\",\"name\":\"admin\",\"image\":{\"@type\":\"ImageObject\",\"inLanguage\":\"pt-BR\",\"@id\":\"https:\/\/franciscanos.org.br\/noticias\/#\/schema\/person\/image\/\",\"url\":\"https:\/\/secure.gravatar.com\/avatar\/e8495742d34d0ba6448ea1c628263b3e?s=96&d=mm&r=g\",\"contentUrl\":\"https:\/\/secure.gravatar.com\/avatar\/e8495742d34d0ba6448ea1c628263b3e?s=96&d=mm&r=g\",\"caption\":\"admin\"},\"url\":\"https:\/\/franciscanos.org.br\/noticias\/author\/admin\"}]}<\/script>\n<!-- \/ Yoast SEO plugin. -->","yoast_head_json":{"title":"Proteger e vigiar: a miss\u00e3o do bispo, afirma o Papa - Not\u00edcias - Franciscanos","robots":{"index":"index","follow":"follow","max-snippet":"max-snippet:-1","max-image-preview":"max-image-preview:large","max-video-preview":"max-video-preview:-1"},"canonical":"https:\/\/franciscanos.org.br\/noticias\/proteger-e-vigiar-a-missao-do-bispo-afirma-o-papa.html","og_locale":"pt_BR","og_type":"article","og_title":"Proteger e vigiar: a miss\u00e3o do bispo, afirma o Papa - Not\u00edcias - Franciscanos","og_description":"Missa em Santa Marta","og_url":"https:\/\/franciscanos.org.br\/noticias\/proteger-e-vigiar-a-missao-do-bispo-afirma-o-papa.html","og_site_name":"Not\u00edcias - Franciscanos","article_published_time":"2018-05-04T12:32:11+00:00","article_modified_time":"2020-06-07T18:33:05+00:00","og_image":[{"width":273,"height":181,"url":"https:\/\/franciscanos.org.br\/noticias\/wp-content\/uploads\/2018\/05\/marta_2404181.jpg","type":"image\/jpeg"}],"author":"admin","twitter_card":"summary_large_image","twitter_misc":{"Escrito por":"admin","Est. tempo de leitura":"3 minutos"},"schema":{"@context":"https:\/\/schema.org","@graph":[{"@type":"WebSite","@id":"https:\/\/franciscanos.org.br\/noticias\/#website","url":"https:\/\/franciscanos.org.br\/noticias\/","name":"Not\u00edcias - Franciscanos","description":"Prov\u00edncia Franciscana da Imaculada Concei\u00e7\u00e3o do Brasil - Ordem dos Frades Menores - OFM","potentialAction":[{"@type":"SearchAction","target":{"@type":"EntryPoint","urlTemplate":"https:\/\/franciscanos.org.br\/noticias\/?s={search_term_string}"},"query-input":"required name=search_term_string"}],"inLanguage":"pt-BR"},{"@type":"ImageObject","inLanguage":"pt-BR","@id":"https:\/\/franciscanos.org.br\/noticias\/proteger-e-vigiar-a-missao-do-bispo-afirma-o-papa.html#primaryimage","url":"https:\/\/franciscanos.org.br\/noticias\/wp-content\/uploads\/2018\/05\/marta_2404181.jpg","contentUrl":"https:\/\/franciscanos.org.br\/noticias\/wp-content\/uploads\/2018\/05\/marta_2404181.jpg","width":273,"height":181},{"@type":"WebPage","@id":"https:\/\/franciscanos.org.br\/noticias\/proteger-e-vigiar-a-missao-do-bispo-afirma-o-papa.html#webpage","url":"https:\/\/franciscanos.org.br\/noticias\/proteger-e-vigiar-a-missao-do-bispo-afirma-o-papa.html","name":"Proteger e vigiar: a miss\u00e3o do bispo, afirma o Papa - Not\u00edcias - Franciscanos","isPartOf":{"@id":"https:\/\/franciscanos.org.br\/noticias\/#website"},"primaryImageOfPage":{"@id":"https:\/\/franciscanos.org.br\/noticias\/proteger-e-vigiar-a-missao-do-bispo-afirma-o-papa.html#primaryimage"},"datePublished":"2018-05-04T12:32:11+00:00","dateModified":"2020-06-07T18:33:05+00:00","author":{"@id":"https:\/\/franciscanos.org.br\/noticias\/#\/schema\/person\/b38fbf43118f02820bd932f2e4b14ad3"},"breadcrumb":{"@id":"https:\/\/franciscanos.org.br\/noticias\/proteger-e-vigiar-a-missao-do-bispo-afirma-o-papa.html#breadcrumb"},"inLanguage":"pt-BR","potentialAction":[{"@type":"ReadAction","target":["https:\/\/franciscanos.org.br\/noticias\/proteger-e-vigiar-a-missao-do-bispo-afirma-o-papa.html"]}]},{"@type":"BreadcrumbList","@id":"https:\/\/franciscanos.org.br\/noticias\/proteger-e-vigiar-a-missao-do-bispo-afirma-o-papa.html#breadcrumb","itemListElement":[{"@type":"ListItem","position":1,"name":"Home","item":"https:\/\/franciscanos.org.br\/noticias"},{"@type":"ListItem","position":2,"name":"Proteger e vigiar: a miss\u00e3o do bispo, afirma o Papa"}]},{"@type":"Person","@id":"https:\/\/franciscanos.org.br\/noticias\/#\/schema\/person\/b38fbf43118f02820bd932f2e4b14ad3","name":"admin","image":{"@type":"ImageObject","inLanguage":"pt-BR","@id":"https:\/\/franciscanos.org.br\/noticias\/#\/schema\/person\/image\/","url":"https:\/\/secure.gravatar.com\/avatar\/e8495742d34d0ba6448ea1c628263b3e?s=96&d=mm&r=g","contentUrl":"https:\/\/secure.gravatar.com\/avatar\/e8495742d34d0ba6448ea1c628263b3e?s=96&d=mm&r=g","caption":"admin"},"url":"https:\/\/franciscanos.org.br\/noticias\/author\/admin"}]}},"_links":{"self":[{"href":"https:\/\/franciscanos.org.br\/noticias\/wp-json\/wp\/v2\/posts\/158742"}],"collection":[{"href":"https:\/\/franciscanos.org.br\/noticias\/wp-json\/wp\/v2\/posts"}],"about":[{"href":"https:\/\/franciscanos.org.br\/noticias\/wp-json\/wp\/v2\/types\/post"}],"author":[{"embeddable":true,"href":"https:\/\/franciscanos.org.br\/noticias\/wp-json\/wp\/v2\/users\/1"}],"replies":[{"embeddable":true,"href":"https:\/\/franciscanos.org.br\/noticias\/wp-json\/wp\/v2\/comments?post=158742"}],"version-history":[{"count":2,"href":"https:\/\/franciscanos.org.br\/noticias\/wp-json\/wp\/v2\/posts\/158742\/revisions"}],"predecessor-version":[{"id":224985,"href":"https:\/\/franciscanos.org.br\/noticias\/wp-json\/wp\/v2\/posts\/158742\/revisions\/224985"}],"wp:featuredmedia":[{"embeddable":true,"href":"https:\/\/franciscanos.org.br\/noticias\/wp-json\/wp\/v2\/media\/203519"}],"wp:attachment":[{"href":"https:\/\/franciscanos.org.br\/noticias\/wp-json\/wp\/v2\/media?parent=158742"}],"wp:term":[{"taxonomy":"category","embeddable":true,"href":"https:\/\/franciscanos.org.br\/noticias\/wp-json\/wp\/v2\/categories?post=158742"},{"taxonomy":"post_tag","embeddable":true,"href":"https:\/\/franciscanos.org.br\/noticias\/wp-json\/wp\/v2\/tags?post=158742"}],"curies":[{"name":"wp","href":"https:\/\/api.w.org\/{rel}","templated":true}]}}