{"id":158661,"date":"2018-05-03T16:20:55","date_gmt":"2018-05-03T19:20:55","guid":{"rendered":"http:\/\/franciscanos.org.br\/?p=158661"},"modified":"2019-10-30T09:14:27","modified_gmt":"2019-10-30T12:14:27","slug":"igreja-da-rocinha-80-anos-da-primeira-missa","status":"publish","type":"post","link":"https:\/\/franciscanos.org.br\/noticias\/igreja-da-rocinha-80-anos-da-primeira-missa.html","title":{"rendered":"Igreja da Rocinha: 80 anos da primeira missa"},"content":{"rendered":"<p><img loading=\"lazy\" src=\"http:\/\/franciscanos.org.br\/wp-content\/uploads\/2018\/05\/rocinha_030518G2.jpg\" alt=\"rocinha_030518G2\" width=\"830\" height=\"400\" \/><br \/>\n<em><strong>Frei Sandro Roberto da Costa*<\/strong><\/em><\/p>\n<p><strong>H\u00e1 80 anos atr\u00e1s&#8230;<\/strong><\/p>\n<p>No dia 1\u00ba. de maio de 1938, um domingo, moradores da Rocinha, frades franciscanos, benfeitores e autoridades se reuniam para a celebra\u00e7\u00e3o da missa que marcaria a inaugura\u00e7\u00e3o da igreja Cat\u00f3lica da comunidade. A obra foi toda conduzida pelos frades franciscanos da Prov\u00edncia da Imaculada Concei\u00e7\u00e3o do Brasil, que desde 1922 dirigiam a Par\u00f3quia de Nossa Senhora da Paz, no bairro de Ipanema.<\/p>\n<p>A Rocinha surgiu do loteamento das terras da fazenda Quebra Cangalha, no final dos anos 1920, e era ent\u00e3o, uma verdadeira \u201cro\u00e7a\u201d, com moradores vivendo basicamente do cultivo de hortali\u00e7as e frutas, que plantavam e colhiam nos morros que ficavam entre o mar e o maci\u00e7o da floresta da Tijuca. Com a venda dos lotes, a comunidade come\u00e7ou a se desenvolver, com a vinda de imigrantes portugueses, italianos, nordestinos, mineiros. Os frades vinham uma vez por m\u00eas celebrar a missa, atender confiss\u00f5es, batizar e atender os doentes. A missa era celebrada em cima de um caminh\u00e3o.<\/p>\n<p>Sobre a constru\u00e7\u00e3o da igreja, temos alguns relatos dos dois frades mais diretamente envolvidos em todo o processo, Frei Edgar Loers, ent\u00e3o P\u00e1roco da Par\u00f3quia Nossa Senhora da Paz, em Ipanema, e de Frei Pedro Sinzig, da mesma fraternidade.<\/p>\n<p>Em carta de 13 de dezembro de 1937, Frei Edgar assim se dirigia ao Monsenhor Costa R\u00eago, respons\u00e1vel pelas constru\u00e7\u00f5es da Diocese: \u201cO abaixo assinado, Vig\u00e1rio da Par\u00f3quia Nossa Senhora da Paz, pede humildemente \u00e0 Vossa Emin\u00eancia licen\u00e7a para construir uma Igreja \u2013 escola paroquial \u2013 no lugar denominado Rocinha, Estrada da G\u00e1vea, e benzer e colocar a primeira pedra, no pr\u00f3ximo domingo, dia 19 de dezembro\u201d. Sobre a planta da igreja, projetada por Frei Edgar, Frei Pedro Sinzig comentava, no dia 2 de dezembro do mesmo ano: \u201cAs condi\u00e7\u00f5es muito especiais desta constru\u00e7\u00e3o que ter\u00e1 que servir para escola e capela, exigiram linhas, divis\u00f5es, instala\u00e7\u00f5es e provid\u00eancias de solu\u00e7\u00e3o n\u00e3o muito f\u00e1cil\u201d. Mas acrescentava: \u201c\u00c9 preciso, por\u00e9m, confessar, que o autor do projeto soube ligar&#8230; as exig\u00eancias da utilidade pr\u00e1tica e da extrema economia imposta pelas circunst\u00e2ncias, com a dignidade reclamada pela Casa de Deus, e com um bom gosto not\u00e1vel\u201d.<\/p>\n<p>Apesar da citada \u201cextrema economia imposta pelas circunst\u00e2ncias\u201d a obra seguiu em frente, com doa\u00e7\u00f5es, o trabalho dedicado dos moradores e volunt\u00e1rios, e a supervis\u00e3o dos frades. Foram formadas tr\u00eas Comiss\u00f5es com moradores da comunidade. No dia 19 de dezembro era colocada a Pedra Fundamental, tendo sido Paraninfos Dona Agostinha da Silva e Sr. Alfredo Ferreira Chaves. Nem tudo saiu como previsto. Segundo Frei Edgar: \u201cA chuva n\u00e3o permitiu maior movimento. Preju\u00edzo material\u201d. Mas a m\u00e3o da Provid\u00eancia tamb\u00e9m n\u00e3o faltou, como testemunha tamb\u00e9m frei Edgar: \u201cTendo um generoso benfeitor ofertado 5 contos de r\u00e9is, come\u00e7amos o levantamento das paredes, e, em princ\u00edpios de fevereiro, dia 6, j\u00e1 com as paredes em regular altura, fizemos uma segunda festa, desta vez com mais sorte e renda regular. A concorr\u00eancia do povo s\u00f3 n\u00e3o foi maior devido \u00e0 amea\u00e7a de chuva. Resultado: entrada: Um conto, 517 mil e 700 r\u00e9is (1$517.700).<\/p>\n<p>Despesa: 975 mil r\u00e9is; lucro: 542.700 r\u00e9is. Em 9 de fevereiro encomendei a madeira do telhado. Em 9 de mar\u00e7o encomendei 4 mil telhas&#8230; uma vez coberto o edif\u00edcio, iniciou-se o revestimento interno da sacristia, quarto e corpo da Igreja para iniciarmos o mais breve poss\u00edvel as aulas. Comprei uma barata (um tipo de carro de dois lugares, chamado Ford Baratinha, lan\u00e7ado em 1927), para condu\u00e7\u00e3o das duas professoras (1 conto e 300 mil r\u00e9is). Fiz um pedido de carteiras ao Departamento de Educa\u00e7\u00e3o. At\u00e9 hoje sem resultado\u201d. O esfor\u00e7o de todos fez a obra seguir em frente. Os moradores ajudavam como podiam, fazendo massa, carregando telhas e tijolos, trazendo baldes de \u00e1gua de longe. Com todo o empenho dos fi\u00e9is e dos frades, a parte principal da constru\u00e7\u00e3o foi conclu\u00edda em fins de abril de 1938.<\/p>\n<p>Na edi\u00e7\u00e3o do dia 29 de abril de 1938 o Jornal do Brasil noticiava: \u201cAp\u00f3s longos meses de lutas incessantes, bem compensadas, ser\u00e1 inaugurada, amanh\u00e3, dia 1\u00ba., a capela do lugar denominado Rocinha, nas montanhas da G\u00e1vea. Foi necess\u00e1rio, para tanto, um longo e penoso trabalho, mas, com alegria espiritual de todos, a obra atingiu o seu termo e j\u00e1 agora, de amanh\u00e3 em diante o povo do local ter\u00e1 onde render gra\u00e7as ao criador pelos benef\u00edcios recebidos. A dire\u00e7\u00e3o dos servi\u00e7os esteve a cargo de Frei Edgar Loers, da Ordem de S\u00e3o Francisco, que nunca poupou esfor\u00e7os para o elevado fim. Frei Edgar, seja dito, sempre teve a seu lado, como colaborador decidido e infatig\u00e1vel, o Sr. Ant\u00f4nio Evangelista de Menezes, oper\u00e1rio da Legi\u00e3o dos Crentes em Jesus e que de alma e de cora\u00e7\u00e3o sempre se consagrou a Deus. A capela ter\u00e1 como sua Padroeira Nossa Senhora da Boa Viagem.<\/p>\n<p>A inaugura\u00e7\u00e3o do templo, com a cerim\u00f4nia inicial de ben\u00e7\u00e3o, ser\u00e1 amanh\u00e3, domingo, \u00e0s 8 horas. A imagem ser\u00e1 transportada para o alto da G\u00e1vea e dali, em prociss\u00e3o, at\u00e9 a capela, que se ergue \u00e0 estrada da G\u00e1vea n. 350. Em seguida \u00e0 ben\u00e7\u00e3o haver\u00e1 missa e comunh\u00e3o geral. Durante todo o dia haver\u00e1 uma grande quermesse, tocando uma banda de m\u00fasica. Junto \u00e0 capela, funcionar\u00e1 uma escola, com cursos diurno e noturno\u201d.<\/p>\n<p><img loading=\"lazy\" src=\"http:\/\/franciscanos.org.br\/wp-content\/uploads\/2018\/05\/rocinha3.jpg\" alt=\"rocinha3\" width=\"830\" height=\"400\" \/><br \/>\n<img loading=\"lazy\" src=\"http:\/\/franciscanos.org.br\/wp-content\/uploads\/2018\/05\/rocinha_frente.jpg\" alt=\"rocinha_frente\" width=\"830\" height=\"400\" \/><br \/>\n<small>Imagens da constru\u00e7\u00e3o da capela &#8211; janeiro de 1938 (Arquivo da Prov\u00edncia Franciscana)<\/small><\/p>\n<p><strong>No dia 1\u00ba. de maio de 2018, 80 anos depois&#8230;<\/strong><\/p>\n<p>Os moradores da Rocinha se reuniram para a celebra\u00e7\u00e3o e mem\u00f3ria dos acontecimentos acima relatados. O dia amanheceu tenso. Se a preocupa\u00e7\u00e3o de Frei Edgar naquele tempo era a chuva, nossa preocupa\u00e7\u00e3o eram os tiros e bombas que estouraram por toda a comunidade, durante o dia inteiro. A energia el\u00e9trica foi cortada logo cedo, e s\u00f3 retornou \u00e0 tarde. Mesmo assim, os preparativos foram em frente. Com o anoitecer, veio um pouco de paz e as pessoas, mesmo receosas, puderam sair de suas casas para a celebra\u00e7\u00e3o. O Cardeal D. Orani foi convidado para presidir a celebra\u00e7\u00e3o. Foram convidados todos os sacerdotes, religiosos e religiosas que por aqui passaram nestes 80 anos. V\u00e1rios j\u00e1 faleceram, alguns est\u00e3o debilitados, outros moram longe. Mesmo assim alguns compareceram, e foram muito aplaudidos quando dirigiram uma breve palavra aos fi\u00e9is que um dia pastorearam. V\u00e1rios frades estudantes de Petr\u00f3polis tamb\u00e9m se fizeram presentes. Na abertura da celebra\u00e7\u00e3o, entrou D. Josefa que, com seus 82 anos, lembra-se de ter participado da primeira missa. Entrou levando a imagem da padroeira, e foi aplaudida de p\u00e9. No final da missa, os anjinhos fizeram a coroa\u00e7\u00e3o de Nossa Senhora da Boa Viagem. Um grande bolo, oferecido pelos benfeitores, salgados e refrigerantes ajudaram a animar a noite. Um brilho todo especial foi dado pela Orquestra da Escola de M\u00fasica da Rocinha, composta por crian\u00e7as e adolescentes da comunidade, que funciona nas depend\u00eancias da Par\u00f3quia.<\/p>\n<p>A igreja de pedra da Rocinha surgiu porque, no local, j\u00e1 havia a Igreja Povo de Deus. Antes de qualquer constru\u00e7\u00e3o, homens e mulheres de f\u00e9 se reuniam aqui para celebrar a vida, e encontravam, nos Evangelhos e nos sacramentos, a for\u00e7a e a inspira\u00e7\u00e3o que davam sentido \u00e0 pr\u00f3pria exist\u00eancia. A constru\u00e7\u00e3o foi sonhada para servir \u00e0 dupla finalidade de ser templo e escola. Sonho e projeto de pessoas de f\u00e9, mas tamb\u00e9m preocupados com a forma\u00e7\u00e3o humana dos moradores desta \u00e1rea da cidade, j\u00e1 desde aquele tempo abandonada pelo poder p\u00fablico. \u00c0 celebra\u00e7\u00e3o da f\u00e9, dos sacramentos e da Vida, unia-se a instru\u00e7\u00e3o de tantas crian\u00e7as que tinham, na escola da \u201cfunda\u00e7\u00e3o\u201d, a \u00fanica possibilidade de aprender as primeiras letras. Hoje a Rocinha passa por momentos dif\u00edceis. Mas a celebra\u00e7\u00e3o destes 80 anos nos mostra que a vida \u00e9 muito mais do que medo e viol\u00eancia. Nestas oito d\u00e9cadas a Rocinha sobreviveu a tantos acontecimentos, e muita coisa bonita foi feita. Nesta celebra\u00e7\u00e3o reafirmamos a certeza de que esta situa\u00e7\u00e3o n\u00e3o vai durar para sempre. Renovamos nossa esperan\u00e7a de que um novo tempo vai surgir, onde a paz e a justi\u00e7a reinar\u00e3o para todos. E n\u00f3s, Igreja e Povo de Deus da Par\u00f3quia Nossa Senhora da Boa Viagem da Rocinha, queremos continuar fazendo parte desta hist\u00f3ria.<\/p>\n<p><em><strong>*P\u00e1roco da Par\u00f3quia Nossa Senhora da Boa Viagem, Rocinha (RJ).<\/strong><\/em><\/p>\n<p>Veja mais: <a href=\"https:\/\/www.youtube.com\/watch?v=-u2DCNf9JFk\" target=\"_blank\" rel=\"noopener noreferrer\">Confira o v\u00eddeo da TV Franciscanos<\/a><\/p>\n","protected":false},"excerpt":{"rendered":"<p>Rio de Janeiro<\/p>\n","protected":false},"author":1,"featured_media":212879,"comment_status":"open","ping_status":"open","sticky":false,"template":"","format":"standard","meta":[],"categories":[1],"tags":[696],"acf":[],"yoast_head":"<!-- This site is optimized with the Yoast SEO plugin v19.2 - https:\/\/yoast.com\/wordpress\/plugins\/seo\/ -->\n<title>Igreja da Rocinha: 80 anos da primeira missa - Not\u00edcias - Franciscanos<\/title>\n<meta name=\"robots\" content=\"index, follow, max-snippet:-1, max-image-preview:large, max-video-preview:-1\" \/>\n<link rel=\"canonical\" href=\"https:\/\/franciscanos.org.br\/noticias\/igreja-da-rocinha-80-anos-da-primeira-missa.html\" \/>\n<meta property=\"og:locale\" content=\"pt_BR\" \/>\n<meta property=\"og:type\" content=\"article\" \/>\n<meta property=\"og:title\" content=\"Igreja da Rocinha: 80 anos da primeira missa - Not\u00edcias - Franciscanos\" \/>\n<meta property=\"og:description\" content=\"Rio de Janeiro\" \/>\n<meta property=\"og:url\" content=\"https:\/\/franciscanos.org.br\/noticias\/igreja-da-rocinha-80-anos-da-primeira-missa.html\" \/>\n<meta property=\"og:site_name\" content=\"Not\u00edcias - Franciscanos\" \/>\n<meta property=\"article:published_time\" content=\"2018-05-03T19:20:55+00:00\" \/>\n<meta property=\"article:modified_time\" content=\"2019-10-30T12:14:27+00:00\" \/>\n<meta property=\"og:image\" content=\"https:\/\/franciscanos.org.br\/noticias\/wp-content\/uploads\/2018\/05\/rocinha_030518G2.jpg\" \/>\n\t<meta property=\"og:image:width\" content=\"273\" \/>\n\t<meta property=\"og:image:height\" content=\"181\" \/>\n\t<meta property=\"og:image:type\" content=\"image\/jpeg\" \/>\n<meta name=\"author\" content=\"admin\" \/>\n<meta name=\"twitter:card\" content=\"summary_large_image\" \/>\n<meta name=\"twitter:label1\" content=\"Escrito por\" \/>\n\t<meta name=\"twitter:data1\" content=\"admin\" \/>\n\t<meta name=\"twitter:label2\" content=\"Est. tempo de leitura\" \/>\n\t<meta name=\"twitter:data2\" content=\"7 minutos\" \/>\n<script type=\"application\/ld+json\" class=\"yoast-schema-graph\">{\"@context\":\"https:\/\/schema.org\",\"@graph\":[{\"@type\":\"WebSite\",\"@id\":\"https:\/\/franciscanos.org.br\/noticias\/#website\",\"url\":\"https:\/\/franciscanos.org.br\/noticias\/\",\"name\":\"Not\u00edcias - Franciscanos\",\"description\":\"Prov\u00edncia Franciscana da Imaculada Concei\u00e7\u00e3o do Brasil - Ordem dos Frades Menores - OFM\",\"potentialAction\":[{\"@type\":\"SearchAction\",\"target\":{\"@type\":\"EntryPoint\",\"urlTemplate\":\"https:\/\/franciscanos.org.br\/noticias\/?s={search_term_string}\"},\"query-input\":\"required name=search_term_string\"}],\"inLanguage\":\"pt-BR\"},{\"@type\":\"ImageObject\",\"inLanguage\":\"pt-BR\",\"@id\":\"https:\/\/franciscanos.org.br\/noticias\/igreja-da-rocinha-80-anos-da-primeira-missa.html#primaryimage\",\"url\":\"https:\/\/franciscanos.org.br\/noticias\/wp-content\/uploads\/2018\/05\/rocinha_030518G2.jpg\",\"contentUrl\":\"https:\/\/franciscanos.org.br\/noticias\/wp-content\/uploads\/2018\/05\/rocinha_030518G2.jpg\",\"width\":273,\"height\":181},{\"@type\":\"WebPage\",\"@id\":\"https:\/\/franciscanos.org.br\/noticias\/igreja-da-rocinha-80-anos-da-primeira-missa.html#webpage\",\"url\":\"https:\/\/franciscanos.org.br\/noticias\/igreja-da-rocinha-80-anos-da-primeira-missa.html\",\"name\":\"Igreja da Rocinha: 80 anos da primeira missa - Not\u00edcias - Franciscanos\",\"isPartOf\":{\"@id\":\"https:\/\/franciscanos.org.br\/noticias\/#website\"},\"primaryImageOfPage\":{\"@id\":\"https:\/\/franciscanos.org.br\/noticias\/igreja-da-rocinha-80-anos-da-primeira-missa.html#primaryimage\"},\"datePublished\":\"2018-05-03T19:20:55+00:00\",\"dateModified\":\"2019-10-30T12:14:27+00:00\",\"author\":{\"@id\":\"https:\/\/franciscanos.org.br\/noticias\/#\/schema\/person\/b38fbf43118f02820bd932f2e4b14ad3\"},\"breadcrumb\":{\"@id\":\"https:\/\/franciscanos.org.br\/noticias\/igreja-da-rocinha-80-anos-da-primeira-missa.html#breadcrumb\"},\"inLanguage\":\"pt-BR\",\"potentialAction\":[{\"@type\":\"ReadAction\",\"target\":[\"https:\/\/franciscanos.org.br\/noticias\/igreja-da-rocinha-80-anos-da-primeira-missa.html\"]}]},{\"@type\":\"BreadcrumbList\",\"@id\":\"https:\/\/franciscanos.org.br\/noticias\/igreja-da-rocinha-80-anos-da-primeira-missa.html#breadcrumb\",\"itemListElement\":[{\"@type\":\"ListItem\",\"position\":1,\"name\":\"Home\",\"item\":\"https:\/\/franciscanos.org.br\/noticias\"},{\"@type\":\"ListItem\",\"position\":2,\"name\":\"Igreja da Rocinha: 80 anos da primeira missa\"}]},{\"@type\":\"Person\",\"@id\":\"https:\/\/franciscanos.org.br\/noticias\/#\/schema\/person\/b38fbf43118f02820bd932f2e4b14ad3\",\"name\":\"admin\",\"image\":{\"@type\":\"ImageObject\",\"inLanguage\":\"pt-BR\",\"@id\":\"https:\/\/franciscanos.org.br\/noticias\/#\/schema\/person\/image\/\",\"url\":\"https:\/\/secure.gravatar.com\/avatar\/e8495742d34d0ba6448ea1c628263b3e?s=96&d=mm&r=g\",\"contentUrl\":\"https:\/\/secure.gravatar.com\/avatar\/e8495742d34d0ba6448ea1c628263b3e?s=96&d=mm&r=g\",\"caption\":\"admin\"},\"url\":\"https:\/\/franciscanos.org.br\/noticias\/author\/admin\"}]}<\/script>\n<!-- \/ Yoast SEO plugin. -->","yoast_head_json":{"title":"Igreja da Rocinha: 80 anos da primeira missa - Not\u00edcias - Franciscanos","robots":{"index":"index","follow":"follow","max-snippet":"max-snippet:-1","max-image-preview":"max-image-preview:large","max-video-preview":"max-video-preview:-1"},"canonical":"https:\/\/franciscanos.org.br\/noticias\/igreja-da-rocinha-80-anos-da-primeira-missa.html","og_locale":"pt_BR","og_type":"article","og_title":"Igreja da Rocinha: 80 anos da primeira missa - Not\u00edcias - Franciscanos","og_description":"Rio de Janeiro","og_url":"https:\/\/franciscanos.org.br\/noticias\/igreja-da-rocinha-80-anos-da-primeira-missa.html","og_site_name":"Not\u00edcias - Franciscanos","article_published_time":"2018-05-03T19:20:55+00:00","article_modified_time":"2019-10-30T12:14:27+00:00","og_image":[{"width":273,"height":181,"url":"https:\/\/franciscanos.org.br\/noticias\/wp-content\/uploads\/2018\/05\/rocinha_030518G2.jpg","type":"image\/jpeg"}],"author":"admin","twitter_card":"summary_large_image","twitter_misc":{"Escrito por":"admin","Est. tempo de leitura":"7 minutos"},"schema":{"@context":"https:\/\/schema.org","@graph":[{"@type":"WebSite","@id":"https:\/\/franciscanos.org.br\/noticias\/#website","url":"https:\/\/franciscanos.org.br\/noticias\/","name":"Not\u00edcias - Franciscanos","description":"Prov\u00edncia Franciscana da Imaculada Concei\u00e7\u00e3o do Brasil - Ordem dos Frades Menores - OFM","potentialAction":[{"@type":"SearchAction","target":{"@type":"EntryPoint","urlTemplate":"https:\/\/franciscanos.org.br\/noticias\/?s={search_term_string}"},"query-input":"required name=search_term_string"}],"inLanguage":"pt-BR"},{"@type":"ImageObject","inLanguage":"pt-BR","@id":"https:\/\/franciscanos.org.br\/noticias\/igreja-da-rocinha-80-anos-da-primeira-missa.html#primaryimage","url":"https:\/\/franciscanos.org.br\/noticias\/wp-content\/uploads\/2018\/05\/rocinha_030518G2.jpg","contentUrl":"https:\/\/franciscanos.org.br\/noticias\/wp-content\/uploads\/2018\/05\/rocinha_030518G2.jpg","width":273,"height":181},{"@type":"WebPage","@id":"https:\/\/franciscanos.org.br\/noticias\/igreja-da-rocinha-80-anos-da-primeira-missa.html#webpage","url":"https:\/\/franciscanos.org.br\/noticias\/igreja-da-rocinha-80-anos-da-primeira-missa.html","name":"Igreja da Rocinha: 80 anos da primeira missa - Not\u00edcias - Franciscanos","isPartOf":{"@id":"https:\/\/franciscanos.org.br\/noticias\/#website"},"primaryImageOfPage":{"@id":"https:\/\/franciscanos.org.br\/noticias\/igreja-da-rocinha-80-anos-da-primeira-missa.html#primaryimage"},"datePublished":"2018-05-03T19:20:55+00:00","dateModified":"2019-10-30T12:14:27+00:00","author":{"@id":"https:\/\/franciscanos.org.br\/noticias\/#\/schema\/person\/b38fbf43118f02820bd932f2e4b14ad3"},"breadcrumb":{"@id":"https:\/\/franciscanos.org.br\/noticias\/igreja-da-rocinha-80-anos-da-primeira-missa.html#breadcrumb"},"inLanguage":"pt-BR","potentialAction":[{"@type":"ReadAction","target":["https:\/\/franciscanos.org.br\/noticias\/igreja-da-rocinha-80-anos-da-primeira-missa.html"]}]},{"@type":"BreadcrumbList","@id":"https:\/\/franciscanos.org.br\/noticias\/igreja-da-rocinha-80-anos-da-primeira-missa.html#breadcrumb","itemListElement":[{"@type":"ListItem","position":1,"name":"Home","item":"https:\/\/franciscanos.org.br\/noticias"},{"@type":"ListItem","position":2,"name":"Igreja da Rocinha: 80 anos da primeira missa"}]},{"@type":"Person","@id":"https:\/\/franciscanos.org.br\/noticias\/#\/schema\/person\/b38fbf43118f02820bd932f2e4b14ad3","name":"admin","image":{"@type":"ImageObject","inLanguage":"pt-BR","@id":"https:\/\/franciscanos.org.br\/noticias\/#\/schema\/person\/image\/","url":"https:\/\/secure.gravatar.com\/avatar\/e8495742d34d0ba6448ea1c628263b3e?s=96&d=mm&r=g","contentUrl":"https:\/\/secure.gravatar.com\/avatar\/e8495742d34d0ba6448ea1c628263b3e?s=96&d=mm&r=g","caption":"admin"},"url":"https:\/\/franciscanos.org.br\/noticias\/author\/admin"}]}},"_links":{"self":[{"href":"https:\/\/franciscanos.org.br\/noticias\/wp-json\/wp\/v2\/posts\/158661"}],"collection":[{"href":"https:\/\/franciscanos.org.br\/noticias\/wp-json\/wp\/v2\/posts"}],"about":[{"href":"https:\/\/franciscanos.org.br\/noticias\/wp-json\/wp\/v2\/types\/post"}],"author":[{"embeddable":true,"href":"https:\/\/franciscanos.org.br\/noticias\/wp-json\/wp\/v2\/users\/1"}],"replies":[{"embeddable":true,"href":"https:\/\/franciscanos.org.br\/noticias\/wp-json\/wp\/v2\/comments?post=158661"}],"version-history":[{"count":0,"href":"https:\/\/franciscanos.org.br\/noticias\/wp-json\/wp\/v2\/posts\/158661\/revisions"}],"wp:featuredmedia":[{"embeddable":true,"href":"https:\/\/franciscanos.org.br\/noticias\/wp-json\/wp\/v2\/media\/212879"}],"wp:attachment":[{"href":"https:\/\/franciscanos.org.br\/noticias\/wp-json\/wp\/v2\/media?parent=158661"}],"wp:term":[{"taxonomy":"category","embeddable":true,"href":"https:\/\/franciscanos.org.br\/noticias\/wp-json\/wp\/v2\/categories?post=158661"},{"taxonomy":"post_tag","embeddable":true,"href":"https:\/\/franciscanos.org.br\/noticias\/wp-json\/wp\/v2\/tags?post=158661"}],"curies":[{"name":"wp","href":"https:\/\/api.w.org\/{rel}","templated":true}]}}