{"id":158657,"date":"2018-05-03T14:42:52","date_gmt":"2018-05-03T17:42:52","guid":{"rendered":"http:\/\/franciscanos.org.br\/?p=158657"},"modified":"2019-08-13T10:58:14","modified_gmt":"2019-08-13T13:58:14","slug":"prefeitura-admite-que-mandou-pintar-a-fachada-do-convento-sao-francisco","status":"publish","type":"post","link":"https:\/\/franciscanos.org.br\/noticias\/prefeitura-admite-que-mandou-pintar-a-fachada-do-convento-sao-francisco.html","title":{"rendered":"Prefeitura admite que mandou pintar a fachada do Convento"},"content":{"rendered":"<p><img loading=\"lazy\" src=\"http:\/\/franciscanos.org.br\/wp-content\/uploads\/2018\/04\/convento_250418.jpg\" alt=\"convento_250418\" width=\"830\" height=\"400\" \/><\/p>\n<p><strong>Frei Augusto Luiz Gabriel<\/strong><\/p>\n<p><strong>S\u00e3o Paulo &#8211;<\/strong> A Prefeitura de S\u00e3o Paulo informou nesta quinta-feira, dia 3 de maio, que identificou o respons\u00e1vel pela pintura na fachada do Convento e Santu\u00e1rio S\u00e3o Francisco, no centro da cidade de S\u00e3o Paulo (SP). Trata-se de um funcion\u00e1rio que solicitou o servi\u00e7o \u201cmesmo sem ordens superiores\u201d. Ele j\u00e1 foi desligado do cargo.<\/p>\n<p>O hist\u00f3rico e centen\u00e1rio edif\u00edcio do Convento,<strong><a href=\"http:\/\/franciscanos.org.br\/?p=157731\"> amanheceu \u201cpintado\u201d na manh\u00e3 do dia 25 de abril<\/a><\/strong>. At\u00e9 a\u00ed, nenhuma novidade. O problema \u00e9 que esta pintura n\u00e3o estava nos planos dos Frades Franciscanos que residem no Convento e foram pegos de surpresa com a \u201cnova fachada\u201d, que desde o dia\u00a019 de abril de 1982 \u00e9 tombada pelo patrim\u00f4nio municipal e estadual.<\/p>\n<p>O funcion\u00e1rio atuava como assessor t\u00e9cnico da Secretaria Municipal de Prefeituras Regionais, e \u201cpediu indevidamente a pintura do local\u201d. A Prefeitura disse que a empresa respons\u00e1vel pela execu\u00e7\u00e3o da pintura ser\u00e1 multada por agir sem ter recebido ordem de servi\u00e7o. Haver\u00e1, ainda, um trabalho coordenado pelo Departamento de Patrim\u00f4nio Hist\u00f3rico para a restaura\u00e7\u00e3o. &#8220;A tinta \u00e9 \u00e0 base de cal e \u00e1gua e, portanto, \u00e9 f\u00e1cil de ser retirada&#8221;, informou a Prefeitura.<\/p>\n<p>A gerente jur\u00eddica da Prov\u00edncia Franciscana da Imaculada Concei\u00e7\u00e3o do Brasil, Luana Giosa, disse que ainda n\u00e3o foi informada sobre o assunto e que aguardava a apura\u00e7\u00e3o do boletim de ocorr\u00eancia feito em abril. Ela afirmou ainda que a Prefeitura ter\u00e1 de reconhecer o fato junto ao Conselho de Defesa do Patrim\u00f4nio Hist\u00f3rico (Condephaat) e ao Conselho Municipal de Preserva\u00e7\u00e3o do Patrim\u00f4nio Hist\u00f3rico, Cultural e Ambiental da Cidade de S\u00e3o Paulo (Conpresp). &#8220;Espero que tomem as medidas necess\u00e1rias&#8221;, ressaltou.<\/p>\n<p>A tinta foi passada por cima das janelas e portas de madeiras e das placas de numera\u00e7\u00e3o. O Convento de S\u00e3o Francisco buscava os \u00f3rg\u00e3os respons\u00e1veis pelo patrim\u00f4nio hist\u00f3rico para identificar os autores da a\u00e7\u00e3o.<\/p>\n<p><em>Com informa\u00e7\u00f5es do site Estad\u00e3o e G1.<\/em><\/p>\n","protected":false},"excerpt":{"rendered":"<p>Patrim\u00f4nio<\/p>\n","protected":false},"author":5,"featured_media":205310,"comment_status":"open","ping_status":"open","sticky":false,"template":"","format":"standard","meta":[],"categories":[1],"tags":[415,312,306],"acf":[],"yoast_head":"<!-- This site is optimized with the Yoast SEO plugin v19.2 - https:\/\/yoast.com\/wordpress\/plugins\/seo\/ -->\n<title>Prefeitura admite que mandou pintar a fachada do Convento - Not\u00edcias - Franciscanos<\/title>\n<meta name=\"robots\" content=\"index, follow, max-snippet:-1, max-image-preview:large, max-video-preview:-1\" \/>\n<link rel=\"canonical\" href=\"https:\/\/franciscanos.org.br\/noticias\/prefeitura-admite-que-mandou-pintar-a-fachada-do-convento-sao-francisco.html\" \/>\n<meta property=\"og:locale\" content=\"pt_BR\" \/>\n<meta property=\"og:type\" content=\"article\" \/>\n<meta property=\"og:title\" content=\"Prefeitura admite que mandou pintar a fachada do Convento - Not\u00edcias - Franciscanos\" \/>\n<meta property=\"og:description\" content=\"Patrim\u00f4nio\" \/>\n<meta property=\"og:url\" content=\"https:\/\/franciscanos.org.br\/noticias\/prefeitura-admite-que-mandou-pintar-a-fachada-do-convento-sao-francisco.html\" \/>\n<meta property=\"og:site_name\" content=\"Not\u00edcias - Franciscanos\" \/>\n<meta property=\"article:published_time\" content=\"2018-05-03T17:42:52+00:00\" \/>\n<meta property=\"article:modified_time\" content=\"2019-08-13T13:58:14+00:00\" \/>\n<meta property=\"og:image\" content=\"https:\/\/franciscanos.org.br\/noticias\/wp-content\/uploads\/2018\/05\/convento_250418_2.jpg\" \/>\n\t<meta property=\"og:image:width\" content=\"273\" \/>\n\t<meta property=\"og:image:height\" content=\"181\" \/>\n\t<meta property=\"og:image:type\" content=\"image\/jpeg\" \/>\n<meta name=\"author\" content=\"freiaugusto\" \/>\n<meta name=\"twitter:card\" content=\"summary_large_image\" \/>\n<meta name=\"twitter:label1\" content=\"Escrito por\" \/>\n\t<meta name=\"twitter:data1\" content=\"freiaugusto\" \/>\n\t<meta name=\"twitter:label2\" content=\"Est. tempo de leitura\" \/>\n\t<meta name=\"twitter:data2\" content=\"2 minutos\" \/>\n<script type=\"application\/ld+json\" class=\"yoast-schema-graph\">{\"@context\":\"https:\/\/schema.org\",\"@graph\":[{\"@type\":\"WebSite\",\"@id\":\"https:\/\/franciscanos.org.br\/noticias\/#website\",\"url\":\"https:\/\/franciscanos.org.br\/noticias\/\",\"name\":\"Not\u00edcias - Franciscanos\",\"description\":\"Prov\u00edncia Franciscana da Imaculada Concei\u00e7\u00e3o do Brasil - Ordem dos Frades Menores - OFM\",\"potentialAction\":[{\"@type\":\"SearchAction\",\"target\":{\"@type\":\"EntryPoint\",\"urlTemplate\":\"https:\/\/franciscanos.org.br\/noticias\/?s={search_term_string}\"},\"query-input\":\"required name=search_term_string\"}],\"inLanguage\":\"pt-BR\"},{\"@type\":\"ImageObject\",\"inLanguage\":\"pt-BR\",\"@id\":\"https:\/\/franciscanos.org.br\/noticias\/prefeitura-admite-que-mandou-pintar-a-fachada-do-convento-sao-francisco.html#primaryimage\",\"url\":\"https:\/\/franciscanos.org.br\/noticias\/wp-content\/uploads\/2018\/05\/convento_250418_2.jpg\",\"contentUrl\":\"https:\/\/franciscanos.org.br\/noticias\/wp-content\/uploads\/2018\/05\/convento_250418_2.jpg\",\"width\":273,\"height\":181},{\"@type\":\"WebPage\",\"@id\":\"https:\/\/franciscanos.org.br\/noticias\/prefeitura-admite-que-mandou-pintar-a-fachada-do-convento-sao-francisco.html#webpage\",\"url\":\"https:\/\/franciscanos.org.br\/noticias\/prefeitura-admite-que-mandou-pintar-a-fachada-do-convento-sao-francisco.html\",\"name\":\"Prefeitura admite que mandou pintar a fachada do Convento - Not\u00edcias - Franciscanos\",\"isPartOf\":{\"@id\":\"https:\/\/franciscanos.org.br\/noticias\/#website\"},\"primaryImageOfPage\":{\"@id\":\"https:\/\/franciscanos.org.br\/noticias\/prefeitura-admite-que-mandou-pintar-a-fachada-do-convento-sao-francisco.html#primaryimage\"},\"datePublished\":\"2018-05-03T17:42:52+00:00\",\"dateModified\":\"2019-08-13T13:58:14+00:00\",\"author\":{\"@id\":\"https:\/\/franciscanos.org.br\/noticias\/#\/schema\/person\/37f88f0d111cd5358b12a6556a99eb91\"},\"breadcrumb\":{\"@id\":\"https:\/\/franciscanos.org.br\/noticias\/prefeitura-admite-que-mandou-pintar-a-fachada-do-convento-sao-francisco.html#breadcrumb\"},\"inLanguage\":\"pt-BR\",\"potentialAction\":[{\"@type\":\"ReadAction\",\"target\":[\"https:\/\/franciscanos.org.br\/noticias\/prefeitura-admite-que-mandou-pintar-a-fachada-do-convento-sao-francisco.html\"]}]},{\"@type\":\"BreadcrumbList\",\"@id\":\"https:\/\/franciscanos.org.br\/noticias\/prefeitura-admite-que-mandou-pintar-a-fachada-do-convento-sao-francisco.html#breadcrumb\",\"itemListElement\":[{\"@type\":\"ListItem\",\"position\":1,\"name\":\"Home\",\"item\":\"https:\/\/franciscanos.org.br\/noticias\"},{\"@type\":\"ListItem\",\"position\":2,\"name\":\"Prefeitura admite que mandou pintar a fachada do Convento\"}]},{\"@type\":\"Person\",\"@id\":\"https:\/\/franciscanos.org.br\/noticias\/#\/schema\/person\/37f88f0d111cd5358b12a6556a99eb91\",\"name\":\"freiaugusto\",\"image\":{\"@type\":\"ImageObject\",\"inLanguage\":\"pt-BR\",\"@id\":\"https:\/\/franciscanos.org.br\/noticias\/#\/schema\/person\/image\/\",\"url\":\"https:\/\/secure.gravatar.com\/avatar\/9840b940e621801b24f3e6b059efb4b7?s=96&d=mm&r=g\",\"contentUrl\":\"https:\/\/secure.gravatar.com\/avatar\/9840b940e621801b24f3e6b059efb4b7?s=96&d=mm&r=g\",\"caption\":\"freiaugusto\"},\"url\":\"https:\/\/franciscanos.org.br\/noticias\/author\/freiaugusto\"}]}<\/script>\n<!-- \/ Yoast SEO plugin. -->","yoast_head_json":{"title":"Prefeitura admite que mandou pintar a fachada do Convento - Not\u00edcias - Franciscanos","robots":{"index":"index","follow":"follow","max-snippet":"max-snippet:-1","max-image-preview":"max-image-preview:large","max-video-preview":"max-video-preview:-1"},"canonical":"https:\/\/franciscanos.org.br\/noticias\/prefeitura-admite-que-mandou-pintar-a-fachada-do-convento-sao-francisco.html","og_locale":"pt_BR","og_type":"article","og_title":"Prefeitura admite que mandou pintar a fachada do Convento - Not\u00edcias - Franciscanos","og_description":"Patrim\u00f4nio","og_url":"https:\/\/franciscanos.org.br\/noticias\/prefeitura-admite-que-mandou-pintar-a-fachada-do-convento-sao-francisco.html","og_site_name":"Not\u00edcias - Franciscanos","article_published_time":"2018-05-03T17:42:52+00:00","article_modified_time":"2019-08-13T13:58:14+00:00","og_image":[{"width":273,"height":181,"url":"https:\/\/franciscanos.org.br\/noticias\/wp-content\/uploads\/2018\/05\/convento_250418_2.jpg","type":"image\/jpeg"}],"author":"freiaugusto","twitter_card":"summary_large_image","twitter_misc":{"Escrito por":"freiaugusto","Est. tempo de leitura":"2 minutos"},"schema":{"@context":"https:\/\/schema.org","@graph":[{"@type":"WebSite","@id":"https:\/\/franciscanos.org.br\/noticias\/#website","url":"https:\/\/franciscanos.org.br\/noticias\/","name":"Not\u00edcias - Franciscanos","description":"Prov\u00edncia Franciscana da Imaculada Concei\u00e7\u00e3o do Brasil - Ordem dos Frades Menores - OFM","potentialAction":[{"@type":"SearchAction","target":{"@type":"EntryPoint","urlTemplate":"https:\/\/franciscanos.org.br\/noticias\/?s={search_term_string}"},"query-input":"required name=search_term_string"}],"inLanguage":"pt-BR"},{"@type":"ImageObject","inLanguage":"pt-BR","@id":"https:\/\/franciscanos.org.br\/noticias\/prefeitura-admite-que-mandou-pintar-a-fachada-do-convento-sao-francisco.html#primaryimage","url":"https:\/\/franciscanos.org.br\/noticias\/wp-content\/uploads\/2018\/05\/convento_250418_2.jpg","contentUrl":"https:\/\/franciscanos.org.br\/noticias\/wp-content\/uploads\/2018\/05\/convento_250418_2.jpg","width":273,"height":181},{"@type":"WebPage","@id":"https:\/\/franciscanos.org.br\/noticias\/prefeitura-admite-que-mandou-pintar-a-fachada-do-convento-sao-francisco.html#webpage","url":"https:\/\/franciscanos.org.br\/noticias\/prefeitura-admite-que-mandou-pintar-a-fachada-do-convento-sao-francisco.html","name":"Prefeitura admite que mandou pintar a fachada do Convento - Not\u00edcias - Franciscanos","isPartOf":{"@id":"https:\/\/franciscanos.org.br\/noticias\/#website"},"primaryImageOfPage":{"@id":"https:\/\/franciscanos.org.br\/noticias\/prefeitura-admite-que-mandou-pintar-a-fachada-do-convento-sao-francisco.html#primaryimage"},"datePublished":"2018-05-03T17:42:52+00:00","dateModified":"2019-08-13T13:58:14+00:00","author":{"@id":"https:\/\/franciscanos.org.br\/noticias\/#\/schema\/person\/37f88f0d111cd5358b12a6556a99eb91"},"breadcrumb":{"@id":"https:\/\/franciscanos.org.br\/noticias\/prefeitura-admite-que-mandou-pintar-a-fachada-do-convento-sao-francisco.html#breadcrumb"},"inLanguage":"pt-BR","potentialAction":[{"@type":"ReadAction","target":["https:\/\/franciscanos.org.br\/noticias\/prefeitura-admite-que-mandou-pintar-a-fachada-do-convento-sao-francisco.html"]}]},{"@type":"BreadcrumbList","@id":"https:\/\/franciscanos.org.br\/noticias\/prefeitura-admite-que-mandou-pintar-a-fachada-do-convento-sao-francisco.html#breadcrumb","itemListElement":[{"@type":"ListItem","position":1,"name":"Home","item":"https:\/\/franciscanos.org.br\/noticias"},{"@type":"ListItem","position":2,"name":"Prefeitura admite que mandou pintar a fachada do Convento"}]},{"@type":"Person","@id":"https:\/\/franciscanos.org.br\/noticias\/#\/schema\/person\/37f88f0d111cd5358b12a6556a99eb91","name":"freiaugusto","image":{"@type":"ImageObject","inLanguage":"pt-BR","@id":"https:\/\/franciscanos.org.br\/noticias\/#\/schema\/person\/image\/","url":"https:\/\/secure.gravatar.com\/avatar\/9840b940e621801b24f3e6b059efb4b7?s=96&d=mm&r=g","contentUrl":"https:\/\/secure.gravatar.com\/avatar\/9840b940e621801b24f3e6b059efb4b7?s=96&d=mm&r=g","caption":"freiaugusto"},"url":"https:\/\/franciscanos.org.br\/noticias\/author\/freiaugusto"}]}},"_links":{"self":[{"href":"https:\/\/franciscanos.org.br\/noticias\/wp-json\/wp\/v2\/posts\/158657"}],"collection":[{"href":"https:\/\/franciscanos.org.br\/noticias\/wp-json\/wp\/v2\/posts"}],"about":[{"href":"https:\/\/franciscanos.org.br\/noticias\/wp-json\/wp\/v2\/types\/post"}],"author":[{"embeddable":true,"href":"https:\/\/franciscanos.org.br\/noticias\/wp-json\/wp\/v2\/users\/5"}],"replies":[{"embeddable":true,"href":"https:\/\/franciscanos.org.br\/noticias\/wp-json\/wp\/v2\/comments?post=158657"}],"version-history":[{"count":0,"href":"https:\/\/franciscanos.org.br\/noticias\/wp-json\/wp\/v2\/posts\/158657\/revisions"}],"wp:featuredmedia":[{"embeddable":true,"href":"https:\/\/franciscanos.org.br\/noticias\/wp-json\/wp\/v2\/media\/205310"}],"wp:attachment":[{"href":"https:\/\/franciscanos.org.br\/noticias\/wp-json\/wp\/v2\/media?parent=158657"}],"wp:term":[{"taxonomy":"category","embeddable":true,"href":"https:\/\/franciscanos.org.br\/noticias\/wp-json\/wp\/v2\/categories?post=158657"},{"taxonomy":"post_tag","embeddable":true,"href":"https:\/\/franciscanos.org.br\/noticias\/wp-json\/wp\/v2\/tags?post=158657"}],"curies":[{"name":"wp","href":"https:\/\/api.w.org\/{rel}","templated":true}]}}