{"id":158584,"date":"2018-05-03T08:30:05","date_gmt":"2018-05-03T11:30:05","guid":{"rendered":"http:\/\/franciscanos.org.br\/?p=158584"},"modified":"2020-06-07T15:37:43","modified_gmt":"2020-06-07T18:37:43","slug":"a-fe-se-transmite-com-amor-e-testemunho","status":"publish","type":"post","link":"https:\/\/franciscanos.org.br\/noticias\/a-fe-se-transmite-com-amor-e-testemunho.html","title":{"rendered":"&#8220;A f\u00e9 se transmite com amor e testemunho&#8221;"},"content":{"rendered":"<p><img loading=\"lazy\" src=\"http:\/\/franciscanos.org.br\/wp-content\/uploads\/2018\/05\/marta_030518G.jpg\" alt=\"marta_030518G\" width=\"830\" height=\"401\" \/><br \/>\n\u201cTransmitir a f\u00e9\u201d n\u00e3o quer dizer \u201cfazer proselitismo\u201d, \u201cbuscar pessoas que tor\u00e7am por um time de futebol\u201d ou um \u201ccentro cultural\u201d, mas testemunhar com amor. Foi o que disse o Papa na homilia da Missa celebrada na Casa Santa Marta.<\/p>\n<p>Partindo de um trecho da Carta de S\u00e3o Paulo aos Cor\u00edntios, o Pont\u00edfice afirmou que ser crist\u00e3o n\u00e3o \u00e9 aprender mecanicamente um livreto ou algumas no\u00e7\u00f5es, mas significa ser \u201cfecundo na transmiss\u00e3o da f\u00e9\u201d, assim como a Igreja, que \u00e9 \u201cm\u00e3e\u201d e d\u00e1 \u00e0 luz \u201cfilhos na f\u00e9\u201d.<\/p>\n<p>\u201cTransmitir a f\u00e9 n\u00e3o \u00e9 dar informa\u00e7\u00f5es, mas fundar um cora\u00e7\u00e3o, fundar um cora\u00e7\u00e3o na f\u00e9 em Jesus Cristo. N\u00e3o se pode transmitir a f\u00e9 mecanicamente: \u2018Mas pegue este livreto, estude e depois o batizo\u2019. N\u00e3o. O caminho para transmitir a f\u00e9 \u00e9 outro: transmitir aquilo que n\u00f3s recebemos. E este \u00e9 o desafio de um crist\u00e3o: ser fecundo na transmiss\u00e3o da f\u00e9. E tamb\u00e9m \u00e9 o desafio da Igreja: ser m\u00e3e fecunda, dar \u00e0 luz filhos na f\u00e9\u201d.<\/p>\n<p><strong>Transmitir a f\u00e9 com carinho<\/strong><br \/>\nO Pont\u00edfice insistiu na transmiss\u00e3o da f\u00e9 que atravessa gera\u00e7\u00f5es, da av\u00f3 \u00e0 m\u00e3e, numa atmosfera que perfuma de amor. O pr\u00f3prio credo \u00e8 feito n\u00e3o s\u00f3 de palavras, mas de \u201ccar\u00edcias\u201d, com a \u201cternura\u201d, at\u00e9 mesmo \u201cem dialeto\u201d. O Papa citou as bab\u00e1s, que s\u00e3o quase uma segunda m\u00e3e. S\u00e3o sempre mais comuns os casos em que s\u00e3o elas a transmitir a f\u00e9 com aten\u00e7\u00e3o, ajudando a crescer.<\/p>\n<p><strong>A Igreja cresce por atra\u00e7\u00e3o<\/strong><br \/>\nPortanto, a primeira atitude na transmiss\u00e3o da f\u00e9 \u00e9 certamente o amor; enquanto a segunda \u00e9 o testemunho. \u201cTransmitir a f\u00e9 n\u00e3o \u00e9 fazer proselitismo, \u00e9 outra coisa, \u00e9 ainda maior. N\u00e3o \u00e9 buscar pessoas que tor\u00e7am por um time de futebol, um clube, um centro cultural; isso pode ser, mas a f\u00e9 n\u00e3o se propaga com proselitismo. Bento XVI disse bem: \u2018A Igreja n\u00e3o cresce por proselitismo, mas por atra\u00e7\u00e3o\u2019. A f\u00e9 se transmite, mas por atra\u00e7\u00e3o, isto \u00e9, por testemunho\u201d.<\/p>\n<p><strong>O testemunho gera curiosidade<\/strong><br \/>\nTestemunhar na vida de todos os dias aquilo em que se acredita nos torna justos \u201caos olhos de Deus\u201d, suscitando curiosidade em quem nos circunda. \u201cE o testemunho provoca curiosidade no cora\u00e7\u00e3o do outro e aquela curiosidade o Esp\u00edrito Santo a pega e trabalha a partir de dentro. A Igreja cresce por atra\u00e7\u00e3o, atra\u00e7\u00e3o. E a transmiss\u00e3o da f\u00e9 se d\u00e1 com o testemunho, at\u00e9 o mart\u00edrio. Quando se v\u00ea esta coer\u00eancia de vida com aquilo que n\u00f3s dizemos, sempre vem a curiosidade: \u2018Mas por que esta pessoa vive assim? Por que leva uma vida de servi\u00e7o aos outros?\u2019. E aquela curiosidade \u00e9 a semente que pega o Esp\u00edrito Santo e a leva avante. E a transmiss\u00e3o da f\u00e9 nos faz justos, nos justifica. A f\u00e9 nos justifica e na transmiss\u00e3o n\u00f3s damos a verdadeira justi\u00e7a aos outros\u201d.<\/p>\n<hr \/>\n<p><em>Fonte: Vatican News<\/em><\/p>\n","protected":false},"excerpt":{"rendered":"<p>Missa em Santa Marta<\/p>\n","protected":false},"author":1,"featured_media":211547,"comment_status":"open","ping_status":"open","sticky":false,"template":"","format":"standard","meta":[],"categories":[1428],"tags":[1586],"acf":[],"yoast_head":"<!-- This site is optimized with the Yoast SEO plugin v19.2 - https:\/\/yoast.com\/wordpress\/plugins\/seo\/ -->\n<title>&quot;A f\u00e9 se transmite com amor e testemunho&quot; - Not\u00edcias - Franciscanos<\/title>\n<meta name=\"robots\" content=\"index, follow, max-snippet:-1, max-image-preview:large, max-video-preview:-1\" \/>\n<link rel=\"canonical\" href=\"https:\/\/franciscanos.org.br\/noticias\/a-fe-se-transmite-com-amor-e-testemunho.html\" \/>\n<meta property=\"og:locale\" content=\"pt_BR\" \/>\n<meta property=\"og:type\" content=\"article\" \/>\n<meta property=\"og:title\" content=\"&quot;A f\u00e9 se transmite com amor e testemunho&quot; - Not\u00edcias - Franciscanos\" \/>\n<meta property=\"og:description\" content=\"Missa em Santa Marta\" \/>\n<meta property=\"og:url\" content=\"https:\/\/franciscanos.org.br\/noticias\/a-fe-se-transmite-com-amor-e-testemunho.html\" \/>\n<meta property=\"og:site_name\" content=\"Not\u00edcias - Franciscanos\" \/>\n<meta property=\"article:published_time\" content=\"2018-05-03T11:30:05+00:00\" \/>\n<meta property=\"article:modified_time\" content=\"2020-06-07T18:37:43+00:00\" \/>\n<meta property=\"og:image\" content=\"https:\/\/franciscanos.org.br\/noticias\/wp-content\/uploads\/2018\/05\/marta_030518G.jpg\" \/>\n\t<meta property=\"og:image:width\" content=\"273\" \/>\n\t<meta property=\"og:image:height\" content=\"181\" \/>\n\t<meta property=\"og:image:type\" content=\"image\/jpeg\" \/>\n<meta name=\"author\" content=\"admin\" \/>\n<meta name=\"twitter:card\" content=\"summary_large_image\" \/>\n<meta name=\"twitter:label1\" content=\"Escrito por\" \/>\n\t<meta name=\"twitter:data1\" content=\"admin\" \/>\n\t<meta name=\"twitter:label2\" content=\"Est. tempo de leitura\" \/>\n\t<meta name=\"twitter:data2\" content=\"3 minutos\" \/>\n<script type=\"application\/ld+json\" class=\"yoast-schema-graph\">{\"@context\":\"https:\/\/schema.org\",\"@graph\":[{\"@type\":\"WebSite\",\"@id\":\"https:\/\/franciscanos.org.br\/noticias\/#website\",\"url\":\"https:\/\/franciscanos.org.br\/noticias\/\",\"name\":\"Not\u00edcias - Franciscanos\",\"description\":\"Prov\u00edncia Franciscana da Imaculada Concei\u00e7\u00e3o do Brasil - Ordem dos Frades Menores - OFM\",\"potentialAction\":[{\"@type\":\"SearchAction\",\"target\":{\"@type\":\"EntryPoint\",\"urlTemplate\":\"https:\/\/franciscanos.org.br\/noticias\/?s={search_term_string}\"},\"query-input\":\"required name=search_term_string\"}],\"inLanguage\":\"pt-BR\"},{\"@type\":\"ImageObject\",\"inLanguage\":\"pt-BR\",\"@id\":\"https:\/\/franciscanos.org.br\/noticias\/a-fe-se-transmite-com-amor-e-testemunho.html#primaryimage\",\"url\":\"https:\/\/franciscanos.org.br\/noticias\/wp-content\/uploads\/2018\/05\/marta_030518G.jpg\",\"contentUrl\":\"https:\/\/franciscanos.org.br\/noticias\/wp-content\/uploads\/2018\/05\/marta_030518G.jpg\",\"width\":273,\"height\":181},{\"@type\":\"WebPage\",\"@id\":\"https:\/\/franciscanos.org.br\/noticias\/a-fe-se-transmite-com-amor-e-testemunho.html#webpage\",\"url\":\"https:\/\/franciscanos.org.br\/noticias\/a-fe-se-transmite-com-amor-e-testemunho.html\",\"name\":\"\\\"A f\u00e9 se transmite com amor e testemunho\\\" - Not\u00edcias - Franciscanos\",\"isPartOf\":{\"@id\":\"https:\/\/franciscanos.org.br\/noticias\/#website\"},\"primaryImageOfPage\":{\"@id\":\"https:\/\/franciscanos.org.br\/noticias\/a-fe-se-transmite-com-amor-e-testemunho.html#primaryimage\"},\"datePublished\":\"2018-05-03T11:30:05+00:00\",\"dateModified\":\"2020-06-07T18:37:43+00:00\",\"author\":{\"@id\":\"https:\/\/franciscanos.org.br\/noticias\/#\/schema\/person\/b38fbf43118f02820bd932f2e4b14ad3\"},\"breadcrumb\":{\"@id\":\"https:\/\/franciscanos.org.br\/noticias\/a-fe-se-transmite-com-amor-e-testemunho.html#breadcrumb\"},\"inLanguage\":\"pt-BR\",\"potentialAction\":[{\"@type\":\"ReadAction\",\"target\":[\"https:\/\/franciscanos.org.br\/noticias\/a-fe-se-transmite-com-amor-e-testemunho.html\"]}]},{\"@type\":\"BreadcrumbList\",\"@id\":\"https:\/\/franciscanos.org.br\/noticias\/a-fe-se-transmite-com-amor-e-testemunho.html#breadcrumb\",\"itemListElement\":[{\"@type\":\"ListItem\",\"position\":1,\"name\":\"Home\",\"item\":\"https:\/\/franciscanos.org.br\/noticias\"},{\"@type\":\"ListItem\",\"position\":2,\"name\":\"&#8220;A f\u00e9 se transmite com amor e testemunho&#8221;\"}]},{\"@type\":\"Person\",\"@id\":\"https:\/\/franciscanos.org.br\/noticias\/#\/schema\/person\/b38fbf43118f02820bd932f2e4b14ad3\",\"name\":\"admin\",\"image\":{\"@type\":\"ImageObject\",\"inLanguage\":\"pt-BR\",\"@id\":\"https:\/\/franciscanos.org.br\/noticias\/#\/schema\/person\/image\/\",\"url\":\"https:\/\/secure.gravatar.com\/avatar\/e8495742d34d0ba6448ea1c628263b3e?s=96&d=mm&r=g\",\"contentUrl\":\"https:\/\/secure.gravatar.com\/avatar\/e8495742d34d0ba6448ea1c628263b3e?s=96&d=mm&r=g\",\"caption\":\"admin\"},\"url\":\"https:\/\/franciscanos.org.br\/noticias\/author\/admin\"}]}<\/script>\n<!-- \/ Yoast SEO plugin. -->","yoast_head_json":{"title":"\"A f\u00e9 se transmite com amor e testemunho\" - Not\u00edcias - Franciscanos","robots":{"index":"index","follow":"follow","max-snippet":"max-snippet:-1","max-image-preview":"max-image-preview:large","max-video-preview":"max-video-preview:-1"},"canonical":"https:\/\/franciscanos.org.br\/noticias\/a-fe-se-transmite-com-amor-e-testemunho.html","og_locale":"pt_BR","og_type":"article","og_title":"\"A f\u00e9 se transmite com amor e testemunho\" - Not\u00edcias - Franciscanos","og_description":"Missa em Santa Marta","og_url":"https:\/\/franciscanos.org.br\/noticias\/a-fe-se-transmite-com-amor-e-testemunho.html","og_site_name":"Not\u00edcias - Franciscanos","article_published_time":"2018-05-03T11:30:05+00:00","article_modified_time":"2020-06-07T18:37:43+00:00","og_image":[{"width":273,"height":181,"url":"https:\/\/franciscanos.org.br\/noticias\/wp-content\/uploads\/2018\/05\/marta_030518G.jpg","type":"image\/jpeg"}],"author":"admin","twitter_card":"summary_large_image","twitter_misc":{"Escrito por":"admin","Est. tempo de leitura":"3 minutos"},"schema":{"@context":"https:\/\/schema.org","@graph":[{"@type":"WebSite","@id":"https:\/\/franciscanos.org.br\/noticias\/#website","url":"https:\/\/franciscanos.org.br\/noticias\/","name":"Not\u00edcias - Franciscanos","description":"Prov\u00edncia Franciscana da Imaculada Concei\u00e7\u00e3o do Brasil - Ordem dos Frades Menores - OFM","potentialAction":[{"@type":"SearchAction","target":{"@type":"EntryPoint","urlTemplate":"https:\/\/franciscanos.org.br\/noticias\/?s={search_term_string}"},"query-input":"required name=search_term_string"}],"inLanguage":"pt-BR"},{"@type":"ImageObject","inLanguage":"pt-BR","@id":"https:\/\/franciscanos.org.br\/noticias\/a-fe-se-transmite-com-amor-e-testemunho.html#primaryimage","url":"https:\/\/franciscanos.org.br\/noticias\/wp-content\/uploads\/2018\/05\/marta_030518G.jpg","contentUrl":"https:\/\/franciscanos.org.br\/noticias\/wp-content\/uploads\/2018\/05\/marta_030518G.jpg","width":273,"height":181},{"@type":"WebPage","@id":"https:\/\/franciscanos.org.br\/noticias\/a-fe-se-transmite-com-amor-e-testemunho.html#webpage","url":"https:\/\/franciscanos.org.br\/noticias\/a-fe-se-transmite-com-amor-e-testemunho.html","name":"\"A f\u00e9 se transmite com amor e testemunho\" - Not\u00edcias - Franciscanos","isPartOf":{"@id":"https:\/\/franciscanos.org.br\/noticias\/#website"},"primaryImageOfPage":{"@id":"https:\/\/franciscanos.org.br\/noticias\/a-fe-se-transmite-com-amor-e-testemunho.html#primaryimage"},"datePublished":"2018-05-03T11:30:05+00:00","dateModified":"2020-06-07T18:37:43+00:00","author":{"@id":"https:\/\/franciscanos.org.br\/noticias\/#\/schema\/person\/b38fbf43118f02820bd932f2e4b14ad3"},"breadcrumb":{"@id":"https:\/\/franciscanos.org.br\/noticias\/a-fe-se-transmite-com-amor-e-testemunho.html#breadcrumb"},"inLanguage":"pt-BR","potentialAction":[{"@type":"ReadAction","target":["https:\/\/franciscanos.org.br\/noticias\/a-fe-se-transmite-com-amor-e-testemunho.html"]}]},{"@type":"BreadcrumbList","@id":"https:\/\/franciscanos.org.br\/noticias\/a-fe-se-transmite-com-amor-e-testemunho.html#breadcrumb","itemListElement":[{"@type":"ListItem","position":1,"name":"Home","item":"https:\/\/franciscanos.org.br\/noticias"},{"@type":"ListItem","position":2,"name":"&#8220;A f\u00e9 se transmite com amor e testemunho&#8221;"}]},{"@type":"Person","@id":"https:\/\/franciscanos.org.br\/noticias\/#\/schema\/person\/b38fbf43118f02820bd932f2e4b14ad3","name":"admin","image":{"@type":"ImageObject","inLanguage":"pt-BR","@id":"https:\/\/franciscanos.org.br\/noticias\/#\/schema\/person\/image\/","url":"https:\/\/secure.gravatar.com\/avatar\/e8495742d34d0ba6448ea1c628263b3e?s=96&d=mm&r=g","contentUrl":"https:\/\/secure.gravatar.com\/avatar\/e8495742d34d0ba6448ea1c628263b3e?s=96&d=mm&r=g","caption":"admin"},"url":"https:\/\/franciscanos.org.br\/noticias\/author\/admin"}]}},"_links":{"self":[{"href":"https:\/\/franciscanos.org.br\/noticias\/wp-json\/wp\/v2\/posts\/158584"}],"collection":[{"href":"https:\/\/franciscanos.org.br\/noticias\/wp-json\/wp\/v2\/posts"}],"about":[{"href":"https:\/\/franciscanos.org.br\/noticias\/wp-json\/wp\/v2\/types\/post"}],"author":[{"embeddable":true,"href":"https:\/\/franciscanos.org.br\/noticias\/wp-json\/wp\/v2\/users\/1"}],"replies":[{"embeddable":true,"href":"https:\/\/franciscanos.org.br\/noticias\/wp-json\/wp\/v2\/comments?post=158584"}],"version-history":[{"count":2,"href":"https:\/\/franciscanos.org.br\/noticias\/wp-json\/wp\/v2\/posts\/158584\/revisions"}],"predecessor-version":[{"id":224989,"href":"https:\/\/franciscanos.org.br\/noticias\/wp-json\/wp\/v2\/posts\/158584\/revisions\/224989"}],"wp:featuredmedia":[{"embeddable":true,"href":"https:\/\/franciscanos.org.br\/noticias\/wp-json\/wp\/v2\/media\/211547"}],"wp:attachment":[{"href":"https:\/\/franciscanos.org.br\/noticias\/wp-json\/wp\/v2\/media?parent=158584"}],"wp:term":[{"taxonomy":"category","embeddable":true,"href":"https:\/\/franciscanos.org.br\/noticias\/wp-json\/wp\/v2\/categories?post=158584"},{"taxonomy":"post_tag","embeddable":true,"href":"https:\/\/franciscanos.org.br\/noticias\/wp-json\/wp\/v2\/tags?post=158584"}],"curies":[{"name":"wp","href":"https:\/\/api.w.org\/{rel}","templated":true}]}}