{"id":158482,"date":"2018-05-01T23:30:09","date_gmt":"2018-05-02T02:30:09","guid":{"rendered":"http:\/\/franciscanos.org.br\/?p=158482"},"modified":"2021-01-20T13:27:58","modified_gmt":"2021-01-20T16:27:58","slug":"a-dor-dos-que-perdem-tudo-sem-terem-nada","status":"publish","type":"post","link":"https:\/\/franciscanos.org.br\/noticias\/a-dor-dos-que-perdem-tudo-sem-terem-nada.html","title":{"rendered":"Nota: A dor dos que perdem tudo sem terem nada"},"content":{"rendered":"<p style=\"text-align: center;\">\n<p><img loading=\"lazy\" class=\"alignnone wp-image-230514 size-full\" src=\"https:\/\/franciscanos.org.br\/noticias\/wp-content\/uploads\/2018\/05\/fidencio_01.jpg\" alt=\"\" width=\"1280\" height=\"640\" srcset=\"https:\/\/franciscanos.org.br\/noticias\/wp-content\/uploads\/2018\/05\/fidencio_01.jpg 1280w, https:\/\/franciscanos.org.br\/noticias\/wp-content\/uploads\/2018\/05\/fidencio_01-450x225.jpg 450w, https:\/\/franciscanos.org.br\/noticias\/wp-content\/uploads\/2018\/05\/fidencio_01-1024x512.jpg 1024w, https:\/\/franciscanos.org.br\/noticias\/wp-content\/uploads\/2018\/05\/fidencio_01-768x384.jpg 768w, https:\/\/franciscanos.org.br\/noticias\/wp-content\/uploads\/2018\/05\/fidencio_01-150x75.jpg 150w\" sizes=\"(max-width: 1280px) 100vw, 1280px\" \/><\/p>\n<p style=\"text-align: center;\"><em><strong>&#8220;O que vos digo \u00e0s escuras, dizei-o \u00e0 luz do dia: o que vos \u00e9 dito aos ouvidos, proclamai-o sobre os telhados&#8221;\u00a0<\/strong><strong>(Mt 10,27)<\/strong><\/em><\/p>\n<p>Na madrugada deste dia 01 de maio de 2018, de antem\u00e3o marcado pelos piores \u00edndices dos \u00faltimos tempos em termos de trabalho e emprego, pelo crescimento galopante dos n\u00fameros relativos \u00e0 mis\u00e9ria em nosso pa\u00eds e por amea\u00e7as nunca antes vistas \u00e0 democracia e aos direitos dos trabalhadores, os moradores do centro de S\u00e3o Paulo ouviam, sobre seus telhados, o girar fren\u00e9tico das h\u00e9lices dos helic\u00f3pteros a anunciar grande trag\u00e9dia que reca\u00eda sobre um grupo daqueles que n\u00e3o possuem um telhado. Era o inc\u00eandio de um pr\u00e9dio abandonado de 26 andares, no Largo Paissand\u00fa \u2013 de propriedade do Governo Federal e ocupado por 150 fam\u00edlias \u2013 que vinha abaixo por inteiro depois de iniciado um inc\u00eandio poucas horas antes.<\/p>\n<p>Ainda n\u00e3o se sabe com exatid\u00e3o o n\u00famero de mortos e feridos. Todos os que ali estavam eram pobres, sem teto, an\u00f4nimos, sujeitos ao abandono e \u00e0 indiferen\u00e7a do poder p\u00fablico e \u00e0 terr\u00edvel explora\u00e7\u00e3o daqueles que se locupletam a partir da mis\u00e9ria alheia em todos os n\u00edveis. Crian\u00e7a, jovens, idosos, m\u00e3es, trabalhadores informais e subempregados experimentando mais uma vez a dura dor de perderem tudo mesmo sem terem nada.<\/p>\n<p>Em nome dos franciscanos de nossa Prov\u00edncia, comprometo-me, em primeiro lugar, a incluir em minhas ora\u00e7\u00f5es as v\u00edtimas desta terr\u00edvel trag\u00e9dia, assim como aqueles que tiveram de deixar suas casas. Oro tamb\u00e9m por todos que se mobilizaram no socorro dos atingidos. Manifesto ainda meu apoio incondicional a todos os Movimentos Sociais que lutam com firmeza e honestidade pela garantia do direito a moradia digna e segura para todos. Fa\u00e7o um apelo aos confrades e trabalhadores de nosso Servi\u00e7o Franciscano de Solidariedade (Sefras) que mantenham-se em comunh\u00e3o com todos os envolvidos nesta causa e se coloquem a servi\u00e7o para auxiliar no socorro das necessidades mais imediatas e mantenham-se firmes no apoio a esta luta por moradia.<\/p>\n<p>Desejo tamb\u00e9m colocar-me em solidariedade com a Comunidade da Igreja Evang\u00e9lica de Confiss\u00e3o Luterana de S\u00e3o Paulo, que teve seu templo hist\u00f3rico praticamente destru\u00eddo neste inc\u00eandio. Abra\u00e7o a todos na pessoa do Pastor Carlos Ludwig e pe\u00e7o a nossas par\u00f3quias franciscanas de S\u00e3o Paulo que se articulem em a\u00e7\u00f5es de ajuda concreta \u00e0quela comunidade.<\/p>\n<p>Encerro esta mensagem conclamando todos \u00e0 esperan\u00e7a para, juntos, prosseguirmos na luta pela constru\u00e7\u00e3o de um mundo mais conforme aos sonhos de Deus, com \u201cnenhuma fam\u00edlia sem casa, nenhum campon\u00eas sem terra, nenhum trabalhador sem direitos\u201d (cf. Papa Francisco, Encontro Mundial de Movimentos Populares, Bol\u00edvia, 2014). Que das cinzas e dos escombros possa nascer uma nova consci\u00eancia de solidariedade, fraternidade e paz.<\/p>\n<blockquote><p>Com estima fraterna,<\/p>\n<p><strong>Frei Fid\u00eancio Vanboemmel, ofm<\/strong><br \/>\n<strong> Ministro Provincial<\/strong><\/p><\/blockquote>\n","protected":false},"excerpt":{"rendered":"<p>Desabamento <\/p>\n","protected":false},"author":5,"featured_media":230515,"comment_status":"open","ping_status":"open","sticky":false,"template":"","format":"standard","meta":[],"categories":[1],"tags":[52,366],"acf":[],"yoast_head":"<!-- This site is optimized with the Yoast SEO plugin v19.2 - https:\/\/yoast.com\/wordpress\/plugins\/seo\/ -->\n<title>Nota: A dor dos que perdem tudo sem terem nada - Not\u00edcias - Franciscanos<\/title>\n<meta name=\"robots\" content=\"index, follow, max-snippet:-1, max-image-preview:large, max-video-preview:-1\" \/>\n<link rel=\"canonical\" href=\"https:\/\/franciscanos.org.br\/noticias\/a-dor-dos-que-perdem-tudo-sem-terem-nada.html\" \/>\n<meta property=\"og:locale\" content=\"pt_BR\" \/>\n<meta property=\"og:type\" content=\"article\" \/>\n<meta property=\"og:title\" content=\"Nota: A dor dos que perdem tudo sem terem nada - Not\u00edcias - Franciscanos\" \/>\n<meta property=\"og:description\" content=\"Desabamento\" \/>\n<meta property=\"og:url\" content=\"https:\/\/franciscanos.org.br\/noticias\/a-dor-dos-que-perdem-tudo-sem-terem-nada.html\" \/>\n<meta property=\"og:site_name\" content=\"Not\u00edcias - Franciscanos\" \/>\n<meta property=\"article:published_time\" content=\"2018-05-02T02:30:09+00:00\" \/>\n<meta property=\"article:modified_time\" content=\"2021-01-20T16:27:58+00:00\" \/>\n<meta property=\"og:image\" content=\"https:\/\/franciscanos.org.br\/noticias\/wp-content\/uploads\/2018\/05\/fidencio_d.jpg\" \/>\n\t<meta property=\"og:image:width\" content=\"800\" \/>\n\t<meta property=\"og:image:height\" content=\"600\" \/>\n\t<meta property=\"og:image:type\" content=\"image\/jpeg\" \/>\n<meta name=\"author\" content=\"freiaugusto\" \/>\n<meta name=\"twitter:card\" content=\"summary_large_image\" \/>\n<meta name=\"twitter:label1\" content=\"Escrito por\" \/>\n\t<meta name=\"twitter:data1\" content=\"freiaugusto\" \/>\n\t<meta name=\"twitter:label2\" content=\"Est. tempo de leitura\" \/>\n\t<meta name=\"twitter:data2\" content=\"2 minutos\" \/>\n<script type=\"application\/ld+json\" class=\"yoast-schema-graph\">{\"@context\":\"https:\/\/schema.org\",\"@graph\":[{\"@type\":\"WebSite\",\"@id\":\"https:\/\/franciscanos.org.br\/noticias\/#website\",\"url\":\"https:\/\/franciscanos.org.br\/noticias\/\",\"name\":\"Not\u00edcias - Franciscanos\",\"description\":\"Prov\u00edncia Franciscana da Imaculada Concei\u00e7\u00e3o do Brasil - Ordem dos Frades Menores - OFM\",\"potentialAction\":[{\"@type\":\"SearchAction\",\"target\":{\"@type\":\"EntryPoint\",\"urlTemplate\":\"https:\/\/franciscanos.org.br\/noticias\/?s={search_term_string}\"},\"query-input\":\"required name=search_term_string\"}],\"inLanguage\":\"pt-BR\"},{\"@type\":\"ImageObject\",\"inLanguage\":\"pt-BR\",\"@id\":\"https:\/\/franciscanos.org.br\/noticias\/a-dor-dos-que-perdem-tudo-sem-terem-nada.html#primaryimage\",\"url\":\"https:\/\/franciscanos.org.br\/noticias\/wp-content\/uploads\/2018\/05\/fidencio_d.jpg\",\"contentUrl\":\"https:\/\/franciscanos.org.br\/noticias\/wp-content\/uploads\/2018\/05\/fidencio_d.jpg\",\"width\":800,\"height\":600},{\"@type\":\"WebPage\",\"@id\":\"https:\/\/franciscanos.org.br\/noticias\/a-dor-dos-que-perdem-tudo-sem-terem-nada.html#webpage\",\"url\":\"https:\/\/franciscanos.org.br\/noticias\/a-dor-dos-que-perdem-tudo-sem-terem-nada.html\",\"name\":\"Nota: A dor dos que perdem tudo sem terem nada - Not\u00edcias - Franciscanos\",\"isPartOf\":{\"@id\":\"https:\/\/franciscanos.org.br\/noticias\/#website\"},\"primaryImageOfPage\":{\"@id\":\"https:\/\/franciscanos.org.br\/noticias\/a-dor-dos-que-perdem-tudo-sem-terem-nada.html#primaryimage\"},\"datePublished\":\"2018-05-02T02:30:09+00:00\",\"dateModified\":\"2021-01-20T16:27:58+00:00\",\"author\":{\"@id\":\"https:\/\/franciscanos.org.br\/noticias\/#\/schema\/person\/37f88f0d111cd5358b12a6556a99eb91\"},\"breadcrumb\":{\"@id\":\"https:\/\/franciscanos.org.br\/noticias\/a-dor-dos-que-perdem-tudo-sem-terem-nada.html#breadcrumb\"},\"inLanguage\":\"pt-BR\",\"potentialAction\":[{\"@type\":\"ReadAction\",\"target\":[\"https:\/\/franciscanos.org.br\/noticias\/a-dor-dos-que-perdem-tudo-sem-terem-nada.html\"]}]},{\"@type\":\"BreadcrumbList\",\"@id\":\"https:\/\/franciscanos.org.br\/noticias\/a-dor-dos-que-perdem-tudo-sem-terem-nada.html#breadcrumb\",\"itemListElement\":[{\"@type\":\"ListItem\",\"position\":1,\"name\":\"Home\",\"item\":\"https:\/\/franciscanos.org.br\/noticias\"},{\"@type\":\"ListItem\",\"position\":2,\"name\":\"Nota: A dor dos que perdem tudo sem terem nada\"}]},{\"@type\":\"Person\",\"@id\":\"https:\/\/franciscanos.org.br\/noticias\/#\/schema\/person\/37f88f0d111cd5358b12a6556a99eb91\",\"name\":\"freiaugusto\",\"image\":{\"@type\":\"ImageObject\",\"inLanguage\":\"pt-BR\",\"@id\":\"https:\/\/franciscanos.org.br\/noticias\/#\/schema\/person\/image\/\",\"url\":\"https:\/\/secure.gravatar.com\/avatar\/9840b940e621801b24f3e6b059efb4b7?s=96&d=mm&r=g\",\"contentUrl\":\"https:\/\/secure.gravatar.com\/avatar\/9840b940e621801b24f3e6b059efb4b7?s=96&d=mm&r=g\",\"caption\":\"freiaugusto\"},\"url\":\"https:\/\/franciscanos.org.br\/noticias\/author\/freiaugusto\"}]}<\/script>\n<!-- \/ Yoast SEO plugin. -->","yoast_head_json":{"title":"Nota: A dor dos que perdem tudo sem terem nada - Not\u00edcias - Franciscanos","robots":{"index":"index","follow":"follow","max-snippet":"max-snippet:-1","max-image-preview":"max-image-preview:large","max-video-preview":"max-video-preview:-1"},"canonical":"https:\/\/franciscanos.org.br\/noticias\/a-dor-dos-que-perdem-tudo-sem-terem-nada.html","og_locale":"pt_BR","og_type":"article","og_title":"Nota: A dor dos que perdem tudo sem terem nada - Not\u00edcias - Franciscanos","og_description":"Desabamento","og_url":"https:\/\/franciscanos.org.br\/noticias\/a-dor-dos-que-perdem-tudo-sem-terem-nada.html","og_site_name":"Not\u00edcias - Franciscanos","article_published_time":"2018-05-02T02:30:09+00:00","article_modified_time":"2021-01-20T16:27:58+00:00","og_image":[{"width":800,"height":600,"url":"https:\/\/franciscanos.org.br\/noticias\/wp-content\/uploads\/2018\/05\/fidencio_d.jpg","type":"image\/jpeg"}],"author":"freiaugusto","twitter_card":"summary_large_image","twitter_misc":{"Escrito por":"freiaugusto","Est. tempo de leitura":"2 minutos"},"schema":{"@context":"https:\/\/schema.org","@graph":[{"@type":"WebSite","@id":"https:\/\/franciscanos.org.br\/noticias\/#website","url":"https:\/\/franciscanos.org.br\/noticias\/","name":"Not\u00edcias - Franciscanos","description":"Prov\u00edncia Franciscana da Imaculada Concei\u00e7\u00e3o do Brasil - Ordem dos Frades Menores - OFM","potentialAction":[{"@type":"SearchAction","target":{"@type":"EntryPoint","urlTemplate":"https:\/\/franciscanos.org.br\/noticias\/?s={search_term_string}"},"query-input":"required name=search_term_string"}],"inLanguage":"pt-BR"},{"@type":"ImageObject","inLanguage":"pt-BR","@id":"https:\/\/franciscanos.org.br\/noticias\/a-dor-dos-que-perdem-tudo-sem-terem-nada.html#primaryimage","url":"https:\/\/franciscanos.org.br\/noticias\/wp-content\/uploads\/2018\/05\/fidencio_d.jpg","contentUrl":"https:\/\/franciscanos.org.br\/noticias\/wp-content\/uploads\/2018\/05\/fidencio_d.jpg","width":800,"height":600},{"@type":"WebPage","@id":"https:\/\/franciscanos.org.br\/noticias\/a-dor-dos-que-perdem-tudo-sem-terem-nada.html#webpage","url":"https:\/\/franciscanos.org.br\/noticias\/a-dor-dos-que-perdem-tudo-sem-terem-nada.html","name":"Nota: A dor dos que perdem tudo sem terem nada - Not\u00edcias - Franciscanos","isPartOf":{"@id":"https:\/\/franciscanos.org.br\/noticias\/#website"},"primaryImageOfPage":{"@id":"https:\/\/franciscanos.org.br\/noticias\/a-dor-dos-que-perdem-tudo-sem-terem-nada.html#primaryimage"},"datePublished":"2018-05-02T02:30:09+00:00","dateModified":"2021-01-20T16:27:58+00:00","author":{"@id":"https:\/\/franciscanos.org.br\/noticias\/#\/schema\/person\/37f88f0d111cd5358b12a6556a99eb91"},"breadcrumb":{"@id":"https:\/\/franciscanos.org.br\/noticias\/a-dor-dos-que-perdem-tudo-sem-terem-nada.html#breadcrumb"},"inLanguage":"pt-BR","potentialAction":[{"@type":"ReadAction","target":["https:\/\/franciscanos.org.br\/noticias\/a-dor-dos-que-perdem-tudo-sem-terem-nada.html"]}]},{"@type":"BreadcrumbList","@id":"https:\/\/franciscanos.org.br\/noticias\/a-dor-dos-que-perdem-tudo-sem-terem-nada.html#breadcrumb","itemListElement":[{"@type":"ListItem","position":1,"name":"Home","item":"https:\/\/franciscanos.org.br\/noticias"},{"@type":"ListItem","position":2,"name":"Nota: A dor dos que perdem tudo sem terem nada"}]},{"@type":"Person","@id":"https:\/\/franciscanos.org.br\/noticias\/#\/schema\/person\/37f88f0d111cd5358b12a6556a99eb91","name":"freiaugusto","image":{"@type":"ImageObject","inLanguage":"pt-BR","@id":"https:\/\/franciscanos.org.br\/noticias\/#\/schema\/person\/image\/","url":"https:\/\/secure.gravatar.com\/avatar\/9840b940e621801b24f3e6b059efb4b7?s=96&d=mm&r=g","contentUrl":"https:\/\/secure.gravatar.com\/avatar\/9840b940e621801b24f3e6b059efb4b7?s=96&d=mm&r=g","caption":"freiaugusto"},"url":"https:\/\/franciscanos.org.br\/noticias\/author\/freiaugusto"}]}},"_links":{"self":[{"href":"https:\/\/franciscanos.org.br\/noticias\/wp-json\/wp\/v2\/posts\/158482"}],"collection":[{"href":"https:\/\/franciscanos.org.br\/noticias\/wp-json\/wp\/v2\/posts"}],"about":[{"href":"https:\/\/franciscanos.org.br\/noticias\/wp-json\/wp\/v2\/types\/post"}],"author":[{"embeddable":true,"href":"https:\/\/franciscanos.org.br\/noticias\/wp-json\/wp\/v2\/users\/5"}],"replies":[{"embeddable":true,"href":"https:\/\/franciscanos.org.br\/noticias\/wp-json\/wp\/v2\/comments?post=158482"}],"version-history":[{"count":2,"href":"https:\/\/franciscanos.org.br\/noticias\/wp-json\/wp\/v2\/posts\/158482\/revisions"}],"predecessor-version":[{"id":230516,"href":"https:\/\/franciscanos.org.br\/noticias\/wp-json\/wp\/v2\/posts\/158482\/revisions\/230516"}],"wp:featuredmedia":[{"embeddable":true,"href":"https:\/\/franciscanos.org.br\/noticias\/wp-json\/wp\/v2\/media\/230515"}],"wp:attachment":[{"href":"https:\/\/franciscanos.org.br\/noticias\/wp-json\/wp\/v2\/media?parent=158482"}],"wp:term":[{"taxonomy":"category","embeddable":true,"href":"https:\/\/franciscanos.org.br\/noticias\/wp-json\/wp\/v2\/categories?post=158482"},{"taxonomy":"post_tag","embeddable":true,"href":"https:\/\/franciscanos.org.br\/noticias\/wp-json\/wp\/v2\/tags?post=158482"}],"curies":[{"name":"wp","href":"https:\/\/api.w.org\/{rel}","templated":true}]}}