{"id":158387,"date":"2018-04-30T22:17:51","date_gmt":"2018-05-01T01:17:51","guid":{"rendered":"http:\/\/franciscanos.org.br\/?p=158387"},"modified":"2020-08-10T15:38:18","modified_gmt":"2020-08-10T18:38:18","slug":"em-clima-fraterno-benfeitores-concluem-retiro-anual","status":"publish","type":"post","link":"https:\/\/franciscanos.org.br\/noticias\/em-clima-fraterno-benfeitores-concluem-retiro-anual.html","title":{"rendered":"Em clima fraterno, benfeitores concluem retiro"},"content":{"rendered":"<p><img loading=\"lazy\" class=\"alignnone size-full wp-image-213108\" src=\"https:\/\/franciscanos.org.br\/noticias\/wp-content\/uploads\/2018\/04\/benfeitores_300418G.jpg\" alt=\"\" width=\"830\" height=\"400\" srcset=\"https:\/\/franciscanos.org.br\/noticias\/wp-content\/uploads\/2018\/04\/benfeitores_300418G.jpg 830w, https:\/\/franciscanos.org.br\/noticias\/wp-content\/uploads\/2018\/04\/benfeitores_300418G-450x217.jpg 450w, https:\/\/franciscanos.org.br\/noticias\/wp-content\/uploads\/2018\/04\/benfeitores_300418G-768x370.jpg 768w, https:\/\/franciscanos.org.br\/noticias\/wp-content\/uploads\/2018\/04\/benfeitores_300418G-150x72.jpg 150w\" sizes=\"(max-width: 830px) 100vw, 830px\" \/><\/p>\n<p><strong>Agudos (SP) &#8211;<\/strong> Reunidos na igreja do Semin\u00e1rio Santo Ant\u00f4nio, em Agudos (SP), os quase 100 benfeitores franciscanos conclu\u00edram o seu retiro anual nesta segunda-feira (30\/04), \u00e0s 18h, com a Celebra\u00e7\u00e3o Eucar\u00edstica presidida por Frei Fid\u00eancio Vanboemmel, Ministro Provincial, e concelebrada por Frei Alvaci Mendes da Luz, coordenador do Pr\u00f3-Voca\u00e7\u00f5es e Miss\u00f5es Franciscanas (PVF).<br \/>\nNa primeira leitura, os participantes acompanharam a leitura do cap\u00edtulo 57 do Espelho de Perfei\u00e7\u00e3o, sobre a vida de S\u00e3o Francisco de Assis. Na passagem, um campon\u00eas chamado Jo\u00e3o, ao ver S\u00e3o Francisco varrendo uma igreja, manifesta o desejo de servir a Deus. \u201cIrm\u00e3o, j\u00e1 faz tempo que tenho vontade de servir a Deus, especialmente depois que ouvi falar de ti e dos teus frades, mas n\u00e3o sabia como chegar a ti. Por isso, agora que agradou ao Senhor que eu te visse, quero fazer o que te agradar\u201d, conta a passagem. O jovem, muito pobre, sente a tristeza da fam\u00edlia com a sua decis\u00e3o. Francisco prop\u00f5e ent\u00e3o um encontro com os familiares do campon\u00eas. Ao ouvir S\u00e3o Francisco, eles ficam consolados com a decis\u00e3o de Jo\u00e3o.<\/p>\n<p>Em sua homilia, Frei Fid\u00eancio destacou que assim como o campon\u00eas, ainda hoje muitos jovens t\u00eam o desejo de servir a Deus, mas que assim como aquele rapaz em Assis, eles hoje encontram dificuldades para dar o seu sim. \u201cVoc\u00eas participam da hist\u00f3ria vocacional de tantos &#8220;Jo\u00e3os&#8221;. Esta presen\u00e7a silenciosa, misteriosa, divina, faz com que tamb\u00e9m muitos jovens possam se colocar de cora\u00e7\u00e3o inteiro no seguimento de Nosso Senhor Jesus Cristo\u201d, manifestou.<\/p>\n<p>O Ministro Provincial tamb\u00e9m animou os participantes a viverem plenamente a sua miss\u00e3o. \u201cJesus fala para todos n\u00f3s: a messe \u00e9 grande, mas os trabalhadores s\u00e3o poucos\u201d. E destacou que os dias vividos aqui certamente tiveram um significado \u00fanico para cada um, mas que o pedido \u00e9 semelhante: ser Igreja em sa\u00edda. \u201cQue cada um de n\u00f3s\u00a0se sinta enviado pelo Pai. Ide para este mundo p\u00f3s-moderno, como ovelhas no meio de tantos lobos. Como ovelhas, somos mensageiros da paz, da mansid\u00e3o, da conc\u00f3rdia, do amor\u201d, afirmou o frade. E acrescentou que o local de miss\u00e3o pode ser dentro das pr\u00f3prias fam\u00edlias, o local de trabalho, a sociedade de modo geral, como mensageiros e anunciadores da Paz e do Bem. \u201cN\u00e3o existe nada mais bonito que deixar na casa de algu\u00e9m o desejo de Paz e Bem\u201d, concluiu.<\/p>\n<p>Ao final da celebra\u00e7\u00e3o, Frei Alvaci agradeceu pelos mais de 12 mil benfeitores que ajudam a Prov\u00edncia Franciscana e a Funda\u00e7\u00e3o Imaculada M\u00e3e de Deus de Angola (FIMDA) a \u201cvarrerem\u201d as igrejas. Ele recordou que o PVF existe h\u00e1 32 anos gra\u00e7as a disponibilidade e a entrega silenciosa de tantos benfeitores, que contribuem financeiramente e espiritualmente, com as ora\u00e7\u00f5es pelas voca\u00e7\u00f5es.<\/p>\n<p><img loading=\"lazy\" class=\"alignnone wp-image-213110\" src=\"https:\/\/franciscanos.org.br\/noticias\/wp-content\/uploads\/2018\/04\/benfeitores_300418-38.jpg\" alt=\"\" width=\"966\" height=\"644\" srcset=\"https:\/\/franciscanos.org.br\/noticias\/wp-content\/uploads\/2018\/04\/benfeitores_300418-38.jpg 1000w, https:\/\/franciscanos.org.br\/noticias\/wp-content\/uploads\/2018\/04\/benfeitores_300418-38-450x300.jpg 450w, https:\/\/franciscanos.org.br\/noticias\/wp-content\/uploads\/2018\/04\/benfeitores_300418-38-768x512.jpg 768w, https:\/\/franciscanos.org.br\/noticias\/wp-content\/uploads\/2018\/04\/benfeitores_300418-38-150x100.jpg 150w\" sizes=\"(max-width: 966px) 100vw, 966px\" \/><\/p>\n<p><big><strong>\u201cLeigo n\u00e3o \u00e9 predicado, leigo \u00e9 sujeito\u201d, afirma Frei Fid\u00eancio<\/strong><\/big><br \/>\n<img loading=\"lazy\" class=\"alignright size-full wp-image-158389\" src=\"http:\/\/franciscanos.org.br\/wp-content\/uploads\/2018\/04\/benfeitores_300418_2.jpg\" alt=\"benfeitores_300418_2\" width=\"400\" height=\"600\" \/>Neste terceiro dia de encontro, os participantes foram convidados a refletir sobre o \u201cAno do Laicato\u201d, institu\u00eddo para 2018 na Igreja do Brasil. Na parte da manh\u00e3, Frei Fid\u00eancio introduziu o tema, explicando as motiva\u00e7\u00f5es da Confer\u00eancia Nacional dos Bispos do Brasil (CNBB) para este tempo. Ele usou como base o documento 105 da CNBB, &#8220;Crist\u00e3os leigos e leigas na Igreja e na sociedade&#8221;. Ele destacou a import\u00e2ncia de\u00a0recuperar o aspecto da Igreja como povo de Deus, como afirma o objetivo geral do Ano do Laicato. \u201cN\u00f3s somos hoje esta Igreja povo de Deus. Dentro desta Igreja cabemos todos n\u00f3s: est\u00e3o os leigos, religiosos, sacerdotes, bispos e Papa. N\u00f3s, juntos, formamos esta Igreja povo de Deus, onde ningu\u00e9m \u00e9 mais ou menos, somos todos irm\u00e3os. Isto est\u00e1 no Evangelho\u201d, afirmou.<\/p>\n<p>Recordando o Documento de Aparecida, o frade destacou que os leigos s\u00e3o sujeitos da Igreja e n\u00e3o predicados. \u201cEstimular a presen\u00e7a e a atua\u00e7\u00e3o dos crist\u00e3os leigos e leigas, \u2018verdadeiros sujeitos eclesiais\u2019 (DAp, n. 497a), como sal, luz e fermento na Igreja e na Sociedade\u201d, aponta um dos objetivos espec\u00edficos do Ano do Laicato.<\/p>\n<p>Frei Fid\u00eancio destacou que o laicato n\u00e3o \u00e9 apenas da Igreja para dentro, mas da Igreja para fora. \u201cComo \u00e9 que, por exemplo, n\u00f3s, num ano de elei\u00e7\u00f5es, onde os \u00e2nimos est\u00e3o acirrados, onde a gente n\u00e3o sabe em que \u201cp\u00ea\u201d colocar o p\u00e9, como n\u00f3s podemos hoje ser esta presen\u00e7a com os diferentes sujeitos da sociedade?\u201d, questionou. Ele conclamou os presentes a promoverem a cultura do encontro, num mundo que promove a cultura do desencontro. \u201cVivemos hoje a cultura da difama\u00e7\u00e3o, a cultura da bala, da l\u00edngua afiada, do denegrir, do destruir para ver se sobra alguma coisa, a cultura da arma e da viol\u00eancia\u201d, destacou.<\/p>\n<p>O Ministro Provincial abordou o laicato sob a perspectiva de dois \u201cFranciscos\u201d: o de Assis e o de Roma, o Papa Francisco. No contexto medieval, o frade destacou a separa\u00e7\u00e3o entre o sacro e profano, uma realidade enfrentada por S\u00e3o Francisco de Assis. \u201cQuando a Igreja se fecha, n\u00f3s percebemos tamb\u00e9m ao longo da hist\u00f3ria que os pr\u00f3prios leigos come\u00e7am a se organizar, os pr\u00f3prios leigos come\u00e7am a viver seu profetismo\u201d, afirmou, ressaltando que na Idade M\u00e9dia nasceram muitos movimentos penitenciais de leigos, que buscavam viver radicalmente o Evangelho. E explicou a origem e os primeiros companheiros de S\u00e3o Francisco de Assis e de Santa Clara.<br \/>\nEle destacou ainda que S\u00e3o Francisco, para viver sua voca\u00e7\u00e3o, escutou, discerniu e viveu o chamado do Senhor, ressaltando que s\u00e3o os tr\u00eas verbos que o Papa Francisco dirige aos jovens neste ano, em que a Igreja se re\u00fane no S\u00ednodo dos Bispos para falar a respeito da realidade juvenil.<\/p>\n<p>\u201cA resposta de Francisco ao Evangelho \u00e9 o despontar de uma nova luz, um novo horizonte aos leigos daquela \u00e9poca. Francisco descobre algo novo, que era poss\u00edvel viver o Evangelho sem brigar com a Igreja\u201d, assinalou. Frei Fid\u00eancio falou ainda da Ordem Franciscana Secular, que Francisco deixou para aqueles que desejavam viver esta radicalidade, sem abandonar seu papel na fam\u00edlia e na sociedade.<\/p>\n<p>\u201cFrancisco foi o mendicante maior, n\u00e3o por ser uma Ordem mendicante, mas a mendic\u00e2ncia em Francisco tem uma dimens\u00e3o muito bonita. Uma mendic\u00e2ncia de sentido, de valores, de \u00e9tica, de justi\u00e7a, de verdade. Das virtudes que formam e qualificam o ser humano\u201d, concluiu, destacando que Francisco de Assis nunca buscou o sacerd\u00f3cio, mas foi leigo, como muitos que est\u00e3o na Igreja.<br \/>\nNa parte da tarde, Frei Fid\u00eancio continuou sua fala,\u00a0abordando sobretudo o destaque dado aos leigos pelo Papa Francisco em suas homilias e documentos. Os participantes do retiro tamb\u00e9m puderam partilhar suas d\u00favidas e suas experi\u00eancias.<\/p>\n<p><img loading=\"lazy\" class=\"alignnone size-full wp-image-213109\" src=\"https:\/\/franciscanos.org.br\/noticias\/wp-content\/uploads\/2018\/04\/benfeitores_3010.jpg\" alt=\"\" width=\"890\" height=\"465\" srcset=\"https:\/\/franciscanos.org.br\/noticias\/wp-content\/uploads\/2018\/04\/benfeitores_3010.jpg 890w, https:\/\/franciscanos.org.br\/noticias\/wp-content\/uploads\/2018\/04\/benfeitores_3010-450x235.jpg 450w, https:\/\/franciscanos.org.br\/noticias\/wp-content\/uploads\/2018\/04\/benfeitores_3010-768x401.jpg 768w, https:\/\/franciscanos.org.br\/noticias\/wp-content\/uploads\/2018\/04\/benfeitores_3010-150x78.jpg 150w\" sizes=\"(max-width: 890px) 100vw, 890px\" \/><\/p>\n<hr \/>\n<p><em>\u00c9rika Augusto<\/em><\/p>\n","protected":false},"excerpt":{"rendered":"<p>Retiro dos Benfeitores do Pr\u00f3-Voca\u00e7\u00f5es<\/p>\n","protected":false},"author":1,"featured_media":193873,"comment_status":"open","ping_status":"open","sticky":false,"template":"","format":"standard","meta":[],"categories":[1],"tags":[254],"acf":[],"yoast_head":"<!-- This site is optimized with the Yoast SEO plugin v19.2 - https:\/\/yoast.com\/wordpress\/plugins\/seo\/ -->\n<title>Em clima fraterno, benfeitores concluem retiro - Not\u00edcias - Franciscanos<\/title>\n<meta name=\"robots\" content=\"index, follow, max-snippet:-1, max-image-preview:large, max-video-preview:-1\" \/>\n<link rel=\"canonical\" href=\"https:\/\/franciscanos.org.br\/noticias\/em-clima-fraterno-benfeitores-concluem-retiro-anual.html\" \/>\n<meta property=\"og:locale\" content=\"pt_BR\" \/>\n<meta property=\"og:type\" content=\"article\" \/>\n<meta property=\"og:title\" content=\"Em clima fraterno, benfeitores concluem retiro - Not\u00edcias - Franciscanos\" \/>\n<meta property=\"og:description\" content=\"Retiro dos Benfeitores do Pr\u00f3-Voca\u00e7\u00f5es\" \/>\n<meta property=\"og:url\" content=\"https:\/\/franciscanos.org.br\/noticias\/em-clima-fraterno-benfeitores-concluem-retiro-anual.html\" \/>\n<meta property=\"og:site_name\" content=\"Not\u00edcias - Franciscanos\" \/>\n<meta property=\"article:published_time\" content=\"2018-05-01T01:17:51+00:00\" \/>\n<meta property=\"article:modified_time\" content=\"2020-08-10T18:38:18+00:00\" \/>\n<meta property=\"og:image\" content=\"https:\/\/franciscanos.org.br\/noticias\/wp-content\/uploads\/2018\/04\/benfeitores_300418d.jpg\" \/>\n\t<meta property=\"og:image:width\" content=\"273\" \/>\n\t<meta property=\"og:image:height\" content=\"181\" \/>\n\t<meta property=\"og:image:type\" content=\"image\/jpeg\" \/>\n<meta name=\"author\" content=\"admin\" \/>\n<meta name=\"twitter:card\" content=\"summary_large_image\" \/>\n<meta name=\"twitter:label1\" content=\"Escrito por\" \/>\n\t<meta name=\"twitter:data1\" content=\"admin\" \/>\n\t<meta name=\"twitter:label2\" content=\"Est. tempo de leitura\" \/>\n\t<meta name=\"twitter:data2\" content=\"6 minutos\" \/>\n<script type=\"application\/ld+json\" class=\"yoast-schema-graph\">{\"@context\":\"https:\/\/schema.org\",\"@graph\":[{\"@type\":\"WebSite\",\"@id\":\"https:\/\/franciscanos.org.br\/noticias\/#website\",\"url\":\"https:\/\/franciscanos.org.br\/noticias\/\",\"name\":\"Not\u00edcias - Franciscanos\",\"description\":\"Prov\u00edncia Franciscana da Imaculada Concei\u00e7\u00e3o do Brasil - Ordem dos Frades Menores - OFM\",\"potentialAction\":[{\"@type\":\"SearchAction\",\"target\":{\"@type\":\"EntryPoint\",\"urlTemplate\":\"https:\/\/franciscanos.org.br\/noticias\/?s={search_term_string}\"},\"query-input\":\"required name=search_term_string\"}],\"inLanguage\":\"pt-BR\"},{\"@type\":\"ImageObject\",\"inLanguage\":\"pt-BR\",\"@id\":\"https:\/\/franciscanos.org.br\/noticias\/em-clima-fraterno-benfeitores-concluem-retiro-anual.html#primaryimage\",\"url\":\"https:\/\/franciscanos.org.br\/noticias\/wp-content\/uploads\/2018\/04\/benfeitores_300418d.jpg\",\"contentUrl\":\"https:\/\/franciscanos.org.br\/noticias\/wp-content\/uploads\/2018\/04\/benfeitores_300418d.jpg\",\"width\":273,\"height\":181},{\"@type\":\"WebPage\",\"@id\":\"https:\/\/franciscanos.org.br\/noticias\/em-clima-fraterno-benfeitores-concluem-retiro-anual.html#webpage\",\"url\":\"https:\/\/franciscanos.org.br\/noticias\/em-clima-fraterno-benfeitores-concluem-retiro-anual.html\",\"name\":\"Em clima fraterno, benfeitores concluem retiro - Not\u00edcias - Franciscanos\",\"isPartOf\":{\"@id\":\"https:\/\/franciscanos.org.br\/noticias\/#website\"},\"primaryImageOfPage\":{\"@id\":\"https:\/\/franciscanos.org.br\/noticias\/em-clima-fraterno-benfeitores-concluem-retiro-anual.html#primaryimage\"},\"datePublished\":\"2018-05-01T01:17:51+00:00\",\"dateModified\":\"2020-08-10T18:38:18+00:00\",\"author\":{\"@id\":\"https:\/\/franciscanos.org.br\/noticias\/#\/schema\/person\/b38fbf43118f02820bd932f2e4b14ad3\"},\"breadcrumb\":{\"@id\":\"https:\/\/franciscanos.org.br\/noticias\/em-clima-fraterno-benfeitores-concluem-retiro-anual.html#breadcrumb\"},\"inLanguage\":\"pt-BR\",\"potentialAction\":[{\"@type\":\"ReadAction\",\"target\":[\"https:\/\/franciscanos.org.br\/noticias\/em-clima-fraterno-benfeitores-concluem-retiro-anual.html\"]}]},{\"@type\":\"BreadcrumbList\",\"@id\":\"https:\/\/franciscanos.org.br\/noticias\/em-clima-fraterno-benfeitores-concluem-retiro-anual.html#breadcrumb\",\"itemListElement\":[{\"@type\":\"ListItem\",\"position\":1,\"name\":\"Home\",\"item\":\"https:\/\/franciscanos.org.br\/noticias\"},{\"@type\":\"ListItem\",\"position\":2,\"name\":\"Em clima fraterno, benfeitores concluem retiro\"}]},{\"@type\":\"Person\",\"@id\":\"https:\/\/franciscanos.org.br\/noticias\/#\/schema\/person\/b38fbf43118f02820bd932f2e4b14ad3\",\"name\":\"admin\",\"image\":{\"@type\":\"ImageObject\",\"inLanguage\":\"pt-BR\",\"@id\":\"https:\/\/franciscanos.org.br\/noticias\/#\/schema\/person\/image\/\",\"url\":\"https:\/\/secure.gravatar.com\/avatar\/e8495742d34d0ba6448ea1c628263b3e?s=96&d=mm&r=g\",\"contentUrl\":\"https:\/\/secure.gravatar.com\/avatar\/e8495742d34d0ba6448ea1c628263b3e?s=96&d=mm&r=g\",\"caption\":\"admin\"},\"url\":\"https:\/\/franciscanos.org.br\/noticias\/author\/admin\"}]}<\/script>\n<!-- \/ Yoast SEO plugin. -->","yoast_head_json":{"title":"Em clima fraterno, benfeitores concluem retiro - Not\u00edcias - Franciscanos","robots":{"index":"index","follow":"follow","max-snippet":"max-snippet:-1","max-image-preview":"max-image-preview:large","max-video-preview":"max-video-preview:-1"},"canonical":"https:\/\/franciscanos.org.br\/noticias\/em-clima-fraterno-benfeitores-concluem-retiro-anual.html","og_locale":"pt_BR","og_type":"article","og_title":"Em clima fraterno, benfeitores concluem retiro - Not\u00edcias - Franciscanos","og_description":"Retiro dos Benfeitores do Pr\u00f3-Voca\u00e7\u00f5es","og_url":"https:\/\/franciscanos.org.br\/noticias\/em-clima-fraterno-benfeitores-concluem-retiro-anual.html","og_site_name":"Not\u00edcias - Franciscanos","article_published_time":"2018-05-01T01:17:51+00:00","article_modified_time":"2020-08-10T18:38:18+00:00","og_image":[{"width":273,"height":181,"url":"https:\/\/franciscanos.org.br\/noticias\/wp-content\/uploads\/2018\/04\/benfeitores_300418d.jpg","type":"image\/jpeg"}],"author":"admin","twitter_card":"summary_large_image","twitter_misc":{"Escrito por":"admin","Est. tempo de leitura":"6 minutos"},"schema":{"@context":"https:\/\/schema.org","@graph":[{"@type":"WebSite","@id":"https:\/\/franciscanos.org.br\/noticias\/#website","url":"https:\/\/franciscanos.org.br\/noticias\/","name":"Not\u00edcias - Franciscanos","description":"Prov\u00edncia Franciscana da Imaculada Concei\u00e7\u00e3o do Brasil - Ordem dos Frades Menores - OFM","potentialAction":[{"@type":"SearchAction","target":{"@type":"EntryPoint","urlTemplate":"https:\/\/franciscanos.org.br\/noticias\/?s={search_term_string}"},"query-input":"required name=search_term_string"}],"inLanguage":"pt-BR"},{"@type":"ImageObject","inLanguage":"pt-BR","@id":"https:\/\/franciscanos.org.br\/noticias\/em-clima-fraterno-benfeitores-concluem-retiro-anual.html#primaryimage","url":"https:\/\/franciscanos.org.br\/noticias\/wp-content\/uploads\/2018\/04\/benfeitores_300418d.jpg","contentUrl":"https:\/\/franciscanos.org.br\/noticias\/wp-content\/uploads\/2018\/04\/benfeitores_300418d.jpg","width":273,"height":181},{"@type":"WebPage","@id":"https:\/\/franciscanos.org.br\/noticias\/em-clima-fraterno-benfeitores-concluem-retiro-anual.html#webpage","url":"https:\/\/franciscanos.org.br\/noticias\/em-clima-fraterno-benfeitores-concluem-retiro-anual.html","name":"Em clima fraterno, benfeitores concluem retiro - Not\u00edcias - Franciscanos","isPartOf":{"@id":"https:\/\/franciscanos.org.br\/noticias\/#website"},"primaryImageOfPage":{"@id":"https:\/\/franciscanos.org.br\/noticias\/em-clima-fraterno-benfeitores-concluem-retiro-anual.html#primaryimage"},"datePublished":"2018-05-01T01:17:51+00:00","dateModified":"2020-08-10T18:38:18+00:00","author":{"@id":"https:\/\/franciscanos.org.br\/noticias\/#\/schema\/person\/b38fbf43118f02820bd932f2e4b14ad3"},"breadcrumb":{"@id":"https:\/\/franciscanos.org.br\/noticias\/em-clima-fraterno-benfeitores-concluem-retiro-anual.html#breadcrumb"},"inLanguage":"pt-BR","potentialAction":[{"@type":"ReadAction","target":["https:\/\/franciscanos.org.br\/noticias\/em-clima-fraterno-benfeitores-concluem-retiro-anual.html"]}]},{"@type":"BreadcrumbList","@id":"https:\/\/franciscanos.org.br\/noticias\/em-clima-fraterno-benfeitores-concluem-retiro-anual.html#breadcrumb","itemListElement":[{"@type":"ListItem","position":1,"name":"Home","item":"https:\/\/franciscanos.org.br\/noticias"},{"@type":"ListItem","position":2,"name":"Em clima fraterno, benfeitores concluem retiro"}]},{"@type":"Person","@id":"https:\/\/franciscanos.org.br\/noticias\/#\/schema\/person\/b38fbf43118f02820bd932f2e4b14ad3","name":"admin","image":{"@type":"ImageObject","inLanguage":"pt-BR","@id":"https:\/\/franciscanos.org.br\/noticias\/#\/schema\/person\/image\/","url":"https:\/\/secure.gravatar.com\/avatar\/e8495742d34d0ba6448ea1c628263b3e?s=96&d=mm&r=g","contentUrl":"https:\/\/secure.gravatar.com\/avatar\/e8495742d34d0ba6448ea1c628263b3e?s=96&d=mm&r=g","caption":"admin"},"url":"https:\/\/franciscanos.org.br\/noticias\/author\/admin"}]}},"_links":{"self":[{"href":"https:\/\/franciscanos.org.br\/noticias\/wp-json\/wp\/v2\/posts\/158387"}],"collection":[{"href":"https:\/\/franciscanos.org.br\/noticias\/wp-json\/wp\/v2\/posts"}],"about":[{"href":"https:\/\/franciscanos.org.br\/noticias\/wp-json\/wp\/v2\/types\/post"}],"author":[{"embeddable":true,"href":"https:\/\/franciscanos.org.br\/noticias\/wp-json\/wp\/v2\/users\/1"}],"replies":[{"embeddable":true,"href":"https:\/\/franciscanos.org.br\/noticias\/wp-json\/wp\/v2\/comments?post=158387"}],"version-history":[{"count":1,"href":"https:\/\/franciscanos.org.br\/noticias\/wp-json\/wp\/v2\/posts\/158387\/revisions"}],"predecessor-version":[{"id":227749,"href":"https:\/\/franciscanos.org.br\/noticias\/wp-json\/wp\/v2\/posts\/158387\/revisions\/227749"}],"wp:featuredmedia":[{"embeddable":true,"href":"https:\/\/franciscanos.org.br\/noticias\/wp-json\/wp\/v2\/media\/193873"}],"wp:attachment":[{"href":"https:\/\/franciscanos.org.br\/noticias\/wp-json\/wp\/v2\/media?parent=158387"}],"wp:term":[{"taxonomy":"category","embeddable":true,"href":"https:\/\/franciscanos.org.br\/noticias\/wp-json\/wp\/v2\/categories?post=158387"},{"taxonomy":"post_tag","embeddable":true,"href":"https:\/\/franciscanos.org.br\/noticias\/wp-json\/wp\/v2\/tags?post=158387"}],"curies":[{"name":"wp","href":"https:\/\/api.w.org\/{rel}","templated":true}]}}