{"id":158366,"date":"2018-04-30T09:26:53","date_gmt":"2018-04-30T12:26:53","guid":{"rendered":"http:\/\/franciscanos.org.br\/?p=158366"},"modified":"2020-06-07T15:43:12","modified_gmt":"2020-06-07T18:43:12","slug":"atencao-as-curiosidades-no-mundo-virtual","status":"publish","type":"post","link":"https:\/\/franciscanos.org.br\/noticias\/atencao-as-curiosidades-no-mundo-virtual.html","title":{"rendered":"&#8220;Aten\u00e7\u00e3o \u00e0s curiosidades no mundo virtual&#8221;"},"content":{"rendered":"<p><img loading=\"lazy\" src=\"http:\/\/franciscanos.org.br\/wp-content\/uploads\/2018\/04\/papa_300418.jpg\" alt=\"papa_300418\" width=\"830\" height=\"450\" \/><\/p>\n<p><b>Cidade do Vaticano &#8211;\u00a0<\/b>Saber discernir entre as curiosidades boas e as curiosidades m\u00e1s e abrir o cora\u00e7\u00e3o ao Esp\u00edrito Santo que d\u00e1 certeza. Estas s\u00e3o as duas exorta\u00e7\u00f5es que o Papa Francisco abordou na homilia da missa na Casa Santa Marta nesta segunda-feira (30\/04), a partir do Evangelho de hoje (Jo 14, 21-26). De fato, no Evangelho h\u00e1 um di\u00e1logo entre Jesus e os disc\u00edpulos, que o Papa define como &#8220;di\u00e1logo entre as curiosidades e a certeza&#8221;.<\/p>\n<p>Na homilia o Papa explica a diferen\u00e7a entre as curiosidades boas e as m\u00e1s, porque &#8220;a nossa vida est\u00e1 cheia de curiosidades&#8221;. Como exemplo de curiosidade boa, refere-se \u00e0s crian\u00e7as quando est\u00e3o na chamada &#8220;idade do por qu\u00ea&#8221;. Elas perguntam, por qu\u00ea, quando est\u00e3o crescendo, percebem coisas que n\u00e3o entendem, est\u00e3o procurando uma explica\u00e7\u00e3o. Essa \u00e9 uma boa curiosidade, porque serve para crescer e &#8220;ter mais autonomia&#8221; e \u00e9 tamb\u00e9m uma &#8220;curiosidade contemplativa&#8221;, porque &#8220;as crian\u00e7as v\u00eaem, contemplam, n\u00e3o entendem e perguntam&#8221;.<\/p>\n<p>&#8220;As fofocas&#8221; s\u00e3o, ao inv\u00e9s, uma curiosidade n\u00e3o boa, &#8220;patrim\u00f4nio de mulheres e homens&#8221;, mesmo que algu\u00e9m afirme que os homens s\u00e3o &#8220;mais fofoqueiros do que as mulheres&#8221;. A curiosidade m\u00e1 consiste em querer &#8220;cheirar a vida dos outros&#8221; &#8211; explica o papa &#8211; em &#8220;tentar ir a lugares que acabam sujando outras pessoas&#8221;, em fazer entender coisas que voc\u00ea n\u00e3o tem o direito de conhecer. Este tipo de curiosidade m\u00e1 &#8220;nos acompanha por toda a vida: \u00e9 uma tenta\u00e7\u00e3o que sempre teremos&#8221;: \u00e9 a advert\u00eancia do Papa.<i><\/i><\/p>\n<p>N\u00e3o ter medo, mas ter cuidado: &#8220;isso eu n\u00e3o pergunto, isso eu n\u00e3o olho, isso eu n\u00e3o quero&#8221;. E tantas curiosidades, por exemplo, no mundo virtual, com os celulares e coisas do g\u00eanero &#8230; As crian\u00e7as v\u00e3o ali e ficam curiosas para ver; e encontram ali muitas coisas ruins. N\u00e3o h\u00e1 disciplina nessa curiosidade. Devemos ajudar as crian\u00e7as a viver neste mundo, para que o desejo de conhecer n\u00e3o seja o desejo de ser curiosa, e acabem prisioneiras dessa curiosidade.<\/p>\n<p>A curiosidade dos Ap\u00f3stolos no Evangelho, por\u00e9m, \u00e9 boa: eles querem saber o que acorrer\u00e1, e Jesus responde dando certezas, &#8220;nunca engana&#8221;, prometendo a eles o Esp\u00edrito Santo que &#8211; afirma &#8211; &#8220;ensinar\u00e1 tudo a voc\u00eas e recordar\u00e1 tudo o que eu lhes disse&#8221;.<\/p>\n<p>A certeza nos dar\u00e1 o Esp\u00edrito Santo na vida. O Esp\u00edrito Santo n\u00e3o vem com um pacote de certezas e voc\u00ea aceita. N\u00e3o. Na medida em que caminhamos na vida e pedimos ao Esp\u00edrito Santo, abrindo o cora\u00e7\u00e3o, ele nos d\u00e1 a certeza para aquele momento, a resposta para aquele momento. O Esp\u00edrito Santo \u00e9 o companheiro, companheiro de caminho do crist\u00e3o.<\/p>\n<p>De fato, o Esp\u00edrito Santo &#8220;recorda as palavras do Senhor iluminando-as&#8221; e este di\u00e1logo \u00e0 mesa com os Ap\u00f3stolos, que \u00e9 &#8220;um di\u00e1logo entre curiosidade humana e certezas&#8221;, termina precisamente com esta refer\u00eancia ao Esp\u00edrito Santo, &#8220;companheiro da mem\u00f3ria&#8221;, que &#8220;conduz aonde h\u00e1 a felicidade fixa, que n\u00e3o se move&#8221;. Francisco exorta, portanto, a ir aonde h\u00e1 a verdadeira alegria com o Esp\u00edrito Santo, que ajuda a n\u00e3o cometer erros:<i><\/i><\/p>\n<p>Pe\u00e7amos ao Senhor duas coisas hoje: primeiro, de nos purificar ao aceitar as curiosidades \u2013 h\u00e1 curiosidades boas e n\u00e3o t\u00e3o boas &#8211; e saber discernir: n\u00e3o, isso eu n\u00e3o devo ver, isso eu n\u00e3o devo ver, isso n\u00e3o devo perguntar. E segunda gra\u00e7a: abrir o cora\u00e7\u00e3o ao Esp\u00edrito Santo, porque ele \u00e9 a certeza, nos d\u00e1 a certeza, como companheiro de caminho, das coisas que Jesus nos ensinou, e nos faz recordar tudo.<\/p>\n<hr \/>\n<p><em>Fonte: Vatican News<\/em><\/p>\n","protected":false},"excerpt":{"rendered":"<p>Missa em Santa Marta<\/p>\n","protected":false},"author":1,"featured_media":187352,"comment_status":"open","ping_status":"open","sticky":false,"template":"","format":"standard","meta":[],"categories":[1428],"tags":[1586],"acf":[],"yoast_head":"<!-- This site is optimized with the Yoast SEO plugin v19.2 - https:\/\/yoast.com\/wordpress\/plugins\/seo\/ -->\n<title>&quot;Aten\u00e7\u00e3o \u00e0s curiosidades no mundo virtual&quot; - Not\u00edcias - Franciscanos<\/title>\n<meta name=\"robots\" content=\"index, follow, max-snippet:-1, max-image-preview:large, max-video-preview:-1\" \/>\n<link rel=\"canonical\" href=\"https:\/\/franciscanos.org.br\/noticias\/atencao-as-curiosidades-no-mundo-virtual.html\" \/>\n<meta property=\"og:locale\" content=\"pt_BR\" \/>\n<meta property=\"og:type\" content=\"article\" \/>\n<meta property=\"og:title\" content=\"&quot;Aten\u00e7\u00e3o \u00e0s curiosidades no mundo virtual&quot; - Not\u00edcias - Franciscanos\" \/>\n<meta property=\"og:description\" content=\"Missa em Santa Marta\" \/>\n<meta property=\"og:url\" content=\"https:\/\/franciscanos.org.br\/noticias\/atencao-as-curiosidades-no-mundo-virtual.html\" \/>\n<meta property=\"og:site_name\" content=\"Not\u00edcias - Franciscanos\" \/>\n<meta property=\"article:published_time\" content=\"2018-04-30T12:26:53+00:00\" \/>\n<meta property=\"article:modified_time\" content=\"2020-06-07T18:43:12+00:00\" \/>\n<meta property=\"og:image\" content=\"https:\/\/franciscanos.org.br\/noticias\/wp-content\/uploads\/2018\/11\/papa_300418-2.jpg\" \/>\n\t<meta property=\"og:image:width\" content=\"830\" \/>\n\t<meta property=\"og:image:height\" content=\"450\" \/>\n\t<meta property=\"og:image:type\" content=\"image\/jpeg\" \/>\n<meta name=\"author\" content=\"admin\" \/>\n<meta name=\"twitter:card\" content=\"summary_large_image\" \/>\n<meta name=\"twitter:label1\" content=\"Escrito por\" \/>\n\t<meta name=\"twitter:data1\" content=\"admin\" \/>\n\t<meta name=\"twitter:label2\" content=\"Est. tempo de leitura\" \/>\n\t<meta name=\"twitter:data2\" content=\"3 minutos\" \/>\n<script type=\"application\/ld+json\" class=\"yoast-schema-graph\">{\"@context\":\"https:\/\/schema.org\",\"@graph\":[{\"@type\":\"WebSite\",\"@id\":\"https:\/\/franciscanos.org.br\/noticias\/#website\",\"url\":\"https:\/\/franciscanos.org.br\/noticias\/\",\"name\":\"Not\u00edcias - Franciscanos\",\"description\":\"Prov\u00edncia Franciscana da Imaculada Concei\u00e7\u00e3o do Brasil - Ordem dos Frades Menores - OFM\",\"potentialAction\":[{\"@type\":\"SearchAction\",\"target\":{\"@type\":\"EntryPoint\",\"urlTemplate\":\"https:\/\/franciscanos.org.br\/noticias\/?s={search_term_string}\"},\"query-input\":\"required name=search_term_string\"}],\"inLanguage\":\"pt-BR\"},{\"@type\":\"ImageObject\",\"inLanguage\":\"pt-BR\",\"@id\":\"https:\/\/franciscanos.org.br\/noticias\/atencao-as-curiosidades-no-mundo-virtual.html#primaryimage\",\"url\":\"https:\/\/franciscanos.org.br\/noticias\/wp-content\/uploads\/2018\/11\/papa_300418-2.jpg\",\"contentUrl\":\"https:\/\/franciscanos.org.br\/noticias\/wp-content\/uploads\/2018\/11\/papa_300418-2.jpg\",\"width\":830,\"height\":450},{\"@type\":\"WebPage\",\"@id\":\"https:\/\/franciscanos.org.br\/noticias\/atencao-as-curiosidades-no-mundo-virtual.html#webpage\",\"url\":\"https:\/\/franciscanos.org.br\/noticias\/atencao-as-curiosidades-no-mundo-virtual.html\",\"name\":\"\\\"Aten\u00e7\u00e3o \u00e0s curiosidades no mundo virtual\\\" - Not\u00edcias - Franciscanos\",\"isPartOf\":{\"@id\":\"https:\/\/franciscanos.org.br\/noticias\/#website\"},\"primaryImageOfPage\":{\"@id\":\"https:\/\/franciscanos.org.br\/noticias\/atencao-as-curiosidades-no-mundo-virtual.html#primaryimage\"},\"datePublished\":\"2018-04-30T12:26:53+00:00\",\"dateModified\":\"2020-06-07T18:43:12+00:00\",\"author\":{\"@id\":\"https:\/\/franciscanos.org.br\/noticias\/#\/schema\/person\/b38fbf43118f02820bd932f2e4b14ad3\"},\"breadcrumb\":{\"@id\":\"https:\/\/franciscanos.org.br\/noticias\/atencao-as-curiosidades-no-mundo-virtual.html#breadcrumb\"},\"inLanguage\":\"pt-BR\",\"potentialAction\":[{\"@type\":\"ReadAction\",\"target\":[\"https:\/\/franciscanos.org.br\/noticias\/atencao-as-curiosidades-no-mundo-virtual.html\"]}]},{\"@type\":\"BreadcrumbList\",\"@id\":\"https:\/\/franciscanos.org.br\/noticias\/atencao-as-curiosidades-no-mundo-virtual.html#breadcrumb\",\"itemListElement\":[{\"@type\":\"ListItem\",\"position\":1,\"name\":\"Home\",\"item\":\"https:\/\/franciscanos.org.br\/noticias\"},{\"@type\":\"ListItem\",\"position\":2,\"name\":\"&#8220;Aten\u00e7\u00e3o \u00e0s curiosidades no mundo virtual&#8221;\"}]},{\"@type\":\"Person\",\"@id\":\"https:\/\/franciscanos.org.br\/noticias\/#\/schema\/person\/b38fbf43118f02820bd932f2e4b14ad3\",\"name\":\"admin\",\"image\":{\"@type\":\"ImageObject\",\"inLanguage\":\"pt-BR\",\"@id\":\"https:\/\/franciscanos.org.br\/noticias\/#\/schema\/person\/image\/\",\"url\":\"https:\/\/secure.gravatar.com\/avatar\/e8495742d34d0ba6448ea1c628263b3e?s=96&d=mm&r=g\",\"contentUrl\":\"https:\/\/secure.gravatar.com\/avatar\/e8495742d34d0ba6448ea1c628263b3e?s=96&d=mm&r=g\",\"caption\":\"admin\"},\"url\":\"https:\/\/franciscanos.org.br\/noticias\/author\/admin\"}]}<\/script>\n<!-- \/ Yoast SEO plugin. -->","yoast_head_json":{"title":"\"Aten\u00e7\u00e3o \u00e0s curiosidades no mundo virtual\" - Not\u00edcias - Franciscanos","robots":{"index":"index","follow":"follow","max-snippet":"max-snippet:-1","max-image-preview":"max-image-preview:large","max-video-preview":"max-video-preview:-1"},"canonical":"https:\/\/franciscanos.org.br\/noticias\/atencao-as-curiosidades-no-mundo-virtual.html","og_locale":"pt_BR","og_type":"article","og_title":"\"Aten\u00e7\u00e3o \u00e0s curiosidades no mundo virtual\" - Not\u00edcias - Franciscanos","og_description":"Missa em Santa Marta","og_url":"https:\/\/franciscanos.org.br\/noticias\/atencao-as-curiosidades-no-mundo-virtual.html","og_site_name":"Not\u00edcias - Franciscanos","article_published_time":"2018-04-30T12:26:53+00:00","article_modified_time":"2020-06-07T18:43:12+00:00","og_image":[{"width":830,"height":450,"url":"https:\/\/franciscanos.org.br\/noticias\/wp-content\/uploads\/2018\/11\/papa_300418-2.jpg","type":"image\/jpeg"}],"author":"admin","twitter_card":"summary_large_image","twitter_misc":{"Escrito por":"admin","Est. tempo de leitura":"3 minutos"},"schema":{"@context":"https:\/\/schema.org","@graph":[{"@type":"WebSite","@id":"https:\/\/franciscanos.org.br\/noticias\/#website","url":"https:\/\/franciscanos.org.br\/noticias\/","name":"Not\u00edcias - Franciscanos","description":"Prov\u00edncia Franciscana da Imaculada Concei\u00e7\u00e3o do Brasil - Ordem dos Frades Menores - OFM","potentialAction":[{"@type":"SearchAction","target":{"@type":"EntryPoint","urlTemplate":"https:\/\/franciscanos.org.br\/noticias\/?s={search_term_string}"},"query-input":"required name=search_term_string"}],"inLanguage":"pt-BR"},{"@type":"ImageObject","inLanguage":"pt-BR","@id":"https:\/\/franciscanos.org.br\/noticias\/atencao-as-curiosidades-no-mundo-virtual.html#primaryimage","url":"https:\/\/franciscanos.org.br\/noticias\/wp-content\/uploads\/2018\/11\/papa_300418-2.jpg","contentUrl":"https:\/\/franciscanos.org.br\/noticias\/wp-content\/uploads\/2018\/11\/papa_300418-2.jpg","width":830,"height":450},{"@type":"WebPage","@id":"https:\/\/franciscanos.org.br\/noticias\/atencao-as-curiosidades-no-mundo-virtual.html#webpage","url":"https:\/\/franciscanos.org.br\/noticias\/atencao-as-curiosidades-no-mundo-virtual.html","name":"\"Aten\u00e7\u00e3o \u00e0s curiosidades no mundo virtual\" - Not\u00edcias - Franciscanos","isPartOf":{"@id":"https:\/\/franciscanos.org.br\/noticias\/#website"},"primaryImageOfPage":{"@id":"https:\/\/franciscanos.org.br\/noticias\/atencao-as-curiosidades-no-mundo-virtual.html#primaryimage"},"datePublished":"2018-04-30T12:26:53+00:00","dateModified":"2020-06-07T18:43:12+00:00","author":{"@id":"https:\/\/franciscanos.org.br\/noticias\/#\/schema\/person\/b38fbf43118f02820bd932f2e4b14ad3"},"breadcrumb":{"@id":"https:\/\/franciscanos.org.br\/noticias\/atencao-as-curiosidades-no-mundo-virtual.html#breadcrumb"},"inLanguage":"pt-BR","potentialAction":[{"@type":"ReadAction","target":["https:\/\/franciscanos.org.br\/noticias\/atencao-as-curiosidades-no-mundo-virtual.html"]}]},{"@type":"BreadcrumbList","@id":"https:\/\/franciscanos.org.br\/noticias\/atencao-as-curiosidades-no-mundo-virtual.html#breadcrumb","itemListElement":[{"@type":"ListItem","position":1,"name":"Home","item":"https:\/\/franciscanos.org.br\/noticias"},{"@type":"ListItem","position":2,"name":"&#8220;Aten\u00e7\u00e3o \u00e0s curiosidades no mundo virtual&#8221;"}]},{"@type":"Person","@id":"https:\/\/franciscanos.org.br\/noticias\/#\/schema\/person\/b38fbf43118f02820bd932f2e4b14ad3","name":"admin","image":{"@type":"ImageObject","inLanguage":"pt-BR","@id":"https:\/\/franciscanos.org.br\/noticias\/#\/schema\/person\/image\/","url":"https:\/\/secure.gravatar.com\/avatar\/e8495742d34d0ba6448ea1c628263b3e?s=96&d=mm&r=g","contentUrl":"https:\/\/secure.gravatar.com\/avatar\/e8495742d34d0ba6448ea1c628263b3e?s=96&d=mm&r=g","caption":"admin"},"url":"https:\/\/franciscanos.org.br\/noticias\/author\/admin"}]}},"_links":{"self":[{"href":"https:\/\/franciscanos.org.br\/noticias\/wp-json\/wp\/v2\/posts\/158366"}],"collection":[{"href":"https:\/\/franciscanos.org.br\/noticias\/wp-json\/wp\/v2\/posts"}],"about":[{"href":"https:\/\/franciscanos.org.br\/noticias\/wp-json\/wp\/v2\/types\/post"}],"author":[{"embeddable":true,"href":"https:\/\/franciscanos.org.br\/noticias\/wp-json\/wp\/v2\/users\/1"}],"replies":[{"embeddable":true,"href":"https:\/\/franciscanos.org.br\/noticias\/wp-json\/wp\/v2\/comments?post=158366"}],"version-history":[{"count":1,"href":"https:\/\/franciscanos.org.br\/noticias\/wp-json\/wp\/v2\/posts\/158366\/revisions"}],"predecessor-version":[{"id":224992,"href":"https:\/\/franciscanos.org.br\/noticias\/wp-json\/wp\/v2\/posts\/158366\/revisions\/224992"}],"wp:featuredmedia":[{"embeddable":true,"href":"https:\/\/franciscanos.org.br\/noticias\/wp-json\/wp\/v2\/media\/187352"}],"wp:attachment":[{"href":"https:\/\/franciscanos.org.br\/noticias\/wp-json\/wp\/v2\/media?parent=158366"}],"wp:term":[{"taxonomy":"category","embeddable":true,"href":"https:\/\/franciscanos.org.br\/noticias\/wp-json\/wp\/v2\/categories?post=158366"},{"taxonomy":"post_tag","embeddable":true,"href":"https:\/\/franciscanos.org.br\/noticias\/wp-json\/wp\/v2\/tags?post=158366"}],"curies":[{"name":"wp","href":"https:\/\/api.w.org\/{rel}","templated":true}]}}