{"id":158201,"date":"2018-04-29T21:17:53","date_gmt":"2018-04-30T00:17:53","guid":{"rendered":"http:\/\/franciscanos.org.br\/?p=158201"},"modified":"2020-08-10T15:38:41","modified_gmt":"2020-08-10T18:38:41","slug":"benfeitores-franciscanos-se-reunem-em-retiro-anual","status":"publish","type":"post","link":"https:\/\/franciscanos.org.br\/noticias\/benfeitores-franciscanos-se-reunem-em-retiro-anual.html","title":{"rendered":"Benfeitores se encontram em Agudos para retiro anual"},"content":{"rendered":"<p><img loading=\"lazy\" class=\"alignnone size-full wp-image-207134\" src=\"https:\/\/franciscanos.org.br\/noticias\/wp-content\/uploads\/2018\/04\/pvf_02.jpg\" alt=\"\" width=\"890\" height=\"593\" srcset=\"https:\/\/franciscanos.org.br\/noticias\/wp-content\/uploads\/2018\/04\/pvf_02.jpg 890w, https:\/\/franciscanos.org.br\/noticias\/wp-content\/uploads\/2018\/04\/pvf_02-450x300.jpg 450w, https:\/\/franciscanos.org.br\/noticias\/wp-content\/uploads\/2018\/04\/pvf_02-768x512.jpg 768w, https:\/\/franciscanos.org.br\/noticias\/wp-content\/uploads\/2018\/04\/pvf_02-150x100.jpg 150w\" sizes=\"(max-width: 890px) 100vw, 890px\" \/><\/p>\n<p><strong>Agudos (SP) &#8211;<\/strong> Entre os dias 28 de abril e 1\u00ba de maio, os benfeitores do Pr\u00f3-Voca\u00e7\u00f5es e Miss\u00f5es Franciscanas (PVF) se re\u00fanem para a edi\u00e7\u00e3o anual do Retiro dos Benfeitores. S\u00e3o quase 100 participantes, vindos dos cinco estados da Prov\u00edncia da Imaculada Concei\u00e7\u00e3o, S\u00e3o Paulo, Rio de Janeiro, Esp\u00edrito Santo, Paran\u00e1 e Santa Catarina, al\u00e9m de participantes de Minas Gerais, Mato Grosso e Amazonas. O Semin\u00e1rio Santo Ant\u00f4nio, em Agudos (SP), acolhe o encontro.<\/p>\n<p>Na noite de s\u00e1bado, 28, os benfeitores participaram de um bonito momento de adora\u00e7\u00e3o ao Sant\u00edssimo Sacramento, animado por Frei Alvaci Mendes da Luz, coordenador do PVF e Frei Alexandre Rohling, Frei Xand\u00e3o, tamb\u00e9m da equipe do PVF. Na conclus\u00e3o da ora\u00e7\u00e3o, os frades fizeram a un\u00e7\u00e3o das m\u00e3os dos participantes, com um \u00f3leo trazido da Terra Santa, conforme ressaltou Frei Xand\u00e3o.<\/p>\n<p>Na manh\u00e3 de domingo, 29, os benfeitores se uniram \u00e0 comunidade local e aos membros da Ordem Franciscana Secular (OFS) de Agudos para juntos celebrarem a Eucaristia. Frei Alvaci presidiu a celebra\u00e7\u00e3o. Em sua homilia, o frade destacou a import\u00e2ncia de estar unido \u00e0 vinha verdadeira, Jesus Cristo. \u201cHoje, em nossas comunidades, em nossas igrejas, \u00e9 muito dif\u00edcil ficar unido \u00e0 vinha verdadeira. Os ramos, ao inv\u00e9s de produzir coisas boas, muitas vezes ficam falando uns dos outros. Por inveja, ci\u00fame, gan\u00e2ncia, n\u00e3o produzem coisas boas\u201d, lamentou.<\/p>\n<p><img loading=\"lazy\" class=\"alignnone size-full wp-image-207136\" src=\"https:\/\/franciscanos.org.br\/noticias\/wp-content\/uploads\/2018\/04\/retiro_02.jpg\" alt=\"\" width=\"890\" height=\"593\" srcset=\"https:\/\/franciscanos.org.br\/noticias\/wp-content\/uploads\/2018\/04\/retiro_02.jpg 890w, https:\/\/franciscanos.org.br\/noticias\/wp-content\/uploads\/2018\/04\/retiro_02-450x300.jpg 450w, https:\/\/franciscanos.org.br\/noticias\/wp-content\/uploads\/2018\/04\/retiro_02-768x512.jpg 768w, https:\/\/franciscanos.org.br\/noticias\/wp-content\/uploads\/2018\/04\/retiro_02-150x100.jpg 150w\" sizes=\"(max-width: 890px) 100vw, 890px\" \/><\/p>\n<p>Frei Alvaci usou o exemplo de S\u00e3o Paulo, retratado na primeira leitura deste 5\u00ba domingo do Tempo da P\u00e1scoa. \u201cPaulo \u00e9 desacreditado dentro da pr\u00f3pria comunidade que cr\u00ea no Ressuscitado, \u00e9 perseguido pelos de fora e os de dentro. Paulo ficou firme, permaneceu unido \u00e0 videira. Ele tinha tudo para \u2018chutar o balde\u2019, mas decidiu ficar unido \u00e0quilo que era mais importante: Jesus Cristo\u201d, ressaltou.<\/p>\n<p>O frade animou os presentes a estarem sempre unidos ao tronco, Jesus Cristo, assim como S\u00e3o Paulo. \u201cO mais importante \u00e9 o tronco, n\u00e3o os ramos. N\u00e3o desista de Jesus, sem Ele a gente n\u00e3o pode fazer nada\u201d, concluiu Frei Alvaci.<\/p>\n<p>Em seguida, Frei Xand\u00e3o conduziu um momento orante com os benfeitores, onde cada um, com um palito e um peda\u00e7o de barbante, confeccionou uma pequena cruz. Durante a din\u00e2mica, os presentes rezaram por suas inten\u00e7\u00f5es e suas \u201ccruzes\u201d pessoais e comunit\u00e1rias. Durante a tarde os benfeitores tiveram um tempo de reflex\u00e3o e descanso.<\/p>\n<p><img loading=\"lazy\" src=\"http:\/\/franciscanos.org.br\/wp-content\/uploads\/2018\/04\/benfeitores_290418_2.jpg\" alt=\"benfeitores_290418_2\" width=\"830\" height=\"400\" \/><br \/>\nNo final do dia, todos participaram de um momento mariano, a ora\u00e7\u00e3o do ter\u00e7o no meio da natureza, passando pelo cemit\u00e9rio do Semin\u00e1rio e terminando na gruta. Durante a ora\u00e7\u00e3o, os benfeitores e frades recordaram as diversas inten\u00e7\u00f5es trazidas. Os benfeitores e frades falecidos tamb\u00e9m foram relembrados.<\/p>\n<p>O encontro continua na manh\u00e3 de segunda-feira, com o tema \u201cO ano do laicato\u201d. As palestras do dia ser\u00e3o conduzidas por Frei Fid\u00eancio Vanboemmel, Ministro Provincial.<\/p>\n","protected":false},"excerpt":{"rendered":"<p>Pr\u00f3-Voca\u00e7\u00f5es e Miss\u00f5es Franciscanas<\/p>\n","protected":false},"author":1,"featured_media":207138,"comment_status":"open","ping_status":"open","sticky":false,"template":"","format":"standard","meta":[],"categories":[1],"tags":[1476,254],"acf":[],"yoast_head":"<!-- This site is optimized with the Yoast SEO plugin v19.2 - https:\/\/yoast.com\/wordpress\/plugins\/seo\/ -->\n<title>Benfeitores se encontram em Agudos para retiro anual - Not\u00edcias - Franciscanos<\/title>\n<meta name=\"robots\" content=\"index, follow, max-snippet:-1, max-image-preview:large, max-video-preview:-1\" \/>\n<link rel=\"canonical\" href=\"https:\/\/franciscanos.org.br\/noticias\/benfeitores-franciscanos-se-reunem-em-retiro-anual.html\" \/>\n<meta property=\"og:locale\" content=\"pt_BR\" \/>\n<meta property=\"og:type\" content=\"article\" \/>\n<meta property=\"og:title\" content=\"Benfeitores se encontram em Agudos para retiro anual - Not\u00edcias - Franciscanos\" \/>\n<meta property=\"og:description\" content=\"Pr\u00f3-Voca\u00e7\u00f5es e Miss\u00f5es Franciscanas\" \/>\n<meta property=\"og:url\" content=\"https:\/\/franciscanos.org.br\/noticias\/benfeitores-franciscanos-se-reunem-em-retiro-anual.html\" \/>\n<meta property=\"og:site_name\" content=\"Not\u00edcias - Franciscanos\" \/>\n<meta property=\"article:published_time\" content=\"2018-04-30T00:17:53+00:00\" \/>\n<meta property=\"article:modified_time\" content=\"2020-08-10T18:38:41+00:00\" \/>\n<meta property=\"og:image\" content=\"https:\/\/franciscanos.org.br\/noticias\/wp-content\/uploads\/2018\/04\/pvf_02d.jpg\" \/>\n\t<meta property=\"og:image:width\" content=\"273\" \/>\n\t<meta property=\"og:image:height\" content=\"181\" \/>\n\t<meta property=\"og:image:type\" content=\"image\/jpeg\" \/>\n<meta name=\"author\" content=\"admin\" \/>\n<meta name=\"twitter:card\" content=\"summary_large_image\" \/>\n<meta name=\"twitter:label1\" content=\"Escrito por\" \/>\n\t<meta name=\"twitter:data1\" content=\"admin\" \/>\n\t<meta name=\"twitter:label2\" content=\"Est. tempo de leitura\" \/>\n\t<meta name=\"twitter:data2\" content=\"2 minutos\" \/>\n<script type=\"application\/ld+json\" class=\"yoast-schema-graph\">{\"@context\":\"https:\/\/schema.org\",\"@graph\":[{\"@type\":\"WebSite\",\"@id\":\"https:\/\/franciscanos.org.br\/noticias\/#website\",\"url\":\"https:\/\/franciscanos.org.br\/noticias\/\",\"name\":\"Not\u00edcias - Franciscanos\",\"description\":\"Prov\u00edncia Franciscana da Imaculada Concei\u00e7\u00e3o do Brasil - Ordem dos Frades Menores - OFM\",\"potentialAction\":[{\"@type\":\"SearchAction\",\"target\":{\"@type\":\"EntryPoint\",\"urlTemplate\":\"https:\/\/franciscanos.org.br\/noticias\/?s={search_term_string}\"},\"query-input\":\"required name=search_term_string\"}],\"inLanguage\":\"pt-BR\"},{\"@type\":\"ImageObject\",\"inLanguage\":\"pt-BR\",\"@id\":\"https:\/\/franciscanos.org.br\/noticias\/benfeitores-franciscanos-se-reunem-em-retiro-anual.html#primaryimage\",\"url\":\"https:\/\/franciscanos.org.br\/noticias\/wp-content\/uploads\/2018\/04\/pvf_02d.jpg\",\"contentUrl\":\"https:\/\/franciscanos.org.br\/noticias\/wp-content\/uploads\/2018\/04\/pvf_02d.jpg\",\"width\":273,\"height\":181},{\"@type\":\"WebPage\",\"@id\":\"https:\/\/franciscanos.org.br\/noticias\/benfeitores-franciscanos-se-reunem-em-retiro-anual.html#webpage\",\"url\":\"https:\/\/franciscanos.org.br\/noticias\/benfeitores-franciscanos-se-reunem-em-retiro-anual.html\",\"name\":\"Benfeitores se encontram em Agudos para retiro anual - Not\u00edcias - Franciscanos\",\"isPartOf\":{\"@id\":\"https:\/\/franciscanos.org.br\/noticias\/#website\"},\"primaryImageOfPage\":{\"@id\":\"https:\/\/franciscanos.org.br\/noticias\/benfeitores-franciscanos-se-reunem-em-retiro-anual.html#primaryimage\"},\"datePublished\":\"2018-04-30T00:17:53+00:00\",\"dateModified\":\"2020-08-10T18:38:41+00:00\",\"author\":{\"@id\":\"https:\/\/franciscanos.org.br\/noticias\/#\/schema\/person\/b38fbf43118f02820bd932f2e4b14ad3\"},\"breadcrumb\":{\"@id\":\"https:\/\/franciscanos.org.br\/noticias\/benfeitores-franciscanos-se-reunem-em-retiro-anual.html#breadcrumb\"},\"inLanguage\":\"pt-BR\",\"potentialAction\":[{\"@type\":\"ReadAction\",\"target\":[\"https:\/\/franciscanos.org.br\/noticias\/benfeitores-franciscanos-se-reunem-em-retiro-anual.html\"]}]},{\"@type\":\"BreadcrumbList\",\"@id\":\"https:\/\/franciscanos.org.br\/noticias\/benfeitores-franciscanos-se-reunem-em-retiro-anual.html#breadcrumb\",\"itemListElement\":[{\"@type\":\"ListItem\",\"position\":1,\"name\":\"Home\",\"item\":\"https:\/\/franciscanos.org.br\/noticias\"},{\"@type\":\"ListItem\",\"position\":2,\"name\":\"Benfeitores se encontram em Agudos para retiro anual\"}]},{\"@type\":\"Person\",\"@id\":\"https:\/\/franciscanos.org.br\/noticias\/#\/schema\/person\/b38fbf43118f02820bd932f2e4b14ad3\",\"name\":\"admin\",\"image\":{\"@type\":\"ImageObject\",\"inLanguage\":\"pt-BR\",\"@id\":\"https:\/\/franciscanos.org.br\/noticias\/#\/schema\/person\/image\/\",\"url\":\"https:\/\/secure.gravatar.com\/avatar\/e8495742d34d0ba6448ea1c628263b3e?s=96&d=mm&r=g\",\"contentUrl\":\"https:\/\/secure.gravatar.com\/avatar\/e8495742d34d0ba6448ea1c628263b3e?s=96&d=mm&r=g\",\"caption\":\"admin\"},\"url\":\"https:\/\/franciscanos.org.br\/noticias\/author\/admin\"}]}<\/script>\n<!-- \/ Yoast SEO plugin. -->","yoast_head_json":{"title":"Benfeitores se encontram em Agudos para retiro anual - Not\u00edcias - Franciscanos","robots":{"index":"index","follow":"follow","max-snippet":"max-snippet:-1","max-image-preview":"max-image-preview:large","max-video-preview":"max-video-preview:-1"},"canonical":"https:\/\/franciscanos.org.br\/noticias\/benfeitores-franciscanos-se-reunem-em-retiro-anual.html","og_locale":"pt_BR","og_type":"article","og_title":"Benfeitores se encontram em Agudos para retiro anual - Not\u00edcias - Franciscanos","og_description":"Pr\u00f3-Voca\u00e7\u00f5es e Miss\u00f5es Franciscanas","og_url":"https:\/\/franciscanos.org.br\/noticias\/benfeitores-franciscanos-se-reunem-em-retiro-anual.html","og_site_name":"Not\u00edcias - Franciscanos","article_published_time":"2018-04-30T00:17:53+00:00","article_modified_time":"2020-08-10T18:38:41+00:00","og_image":[{"width":273,"height":181,"url":"https:\/\/franciscanos.org.br\/noticias\/wp-content\/uploads\/2018\/04\/pvf_02d.jpg","type":"image\/jpeg"}],"author":"admin","twitter_card":"summary_large_image","twitter_misc":{"Escrito por":"admin","Est. tempo de leitura":"2 minutos"},"schema":{"@context":"https:\/\/schema.org","@graph":[{"@type":"WebSite","@id":"https:\/\/franciscanos.org.br\/noticias\/#website","url":"https:\/\/franciscanos.org.br\/noticias\/","name":"Not\u00edcias - Franciscanos","description":"Prov\u00edncia Franciscana da Imaculada Concei\u00e7\u00e3o do Brasil - Ordem dos Frades Menores - OFM","potentialAction":[{"@type":"SearchAction","target":{"@type":"EntryPoint","urlTemplate":"https:\/\/franciscanos.org.br\/noticias\/?s={search_term_string}"},"query-input":"required name=search_term_string"}],"inLanguage":"pt-BR"},{"@type":"ImageObject","inLanguage":"pt-BR","@id":"https:\/\/franciscanos.org.br\/noticias\/benfeitores-franciscanos-se-reunem-em-retiro-anual.html#primaryimage","url":"https:\/\/franciscanos.org.br\/noticias\/wp-content\/uploads\/2018\/04\/pvf_02d.jpg","contentUrl":"https:\/\/franciscanos.org.br\/noticias\/wp-content\/uploads\/2018\/04\/pvf_02d.jpg","width":273,"height":181},{"@type":"WebPage","@id":"https:\/\/franciscanos.org.br\/noticias\/benfeitores-franciscanos-se-reunem-em-retiro-anual.html#webpage","url":"https:\/\/franciscanos.org.br\/noticias\/benfeitores-franciscanos-se-reunem-em-retiro-anual.html","name":"Benfeitores se encontram em Agudos para retiro anual - Not\u00edcias - Franciscanos","isPartOf":{"@id":"https:\/\/franciscanos.org.br\/noticias\/#website"},"primaryImageOfPage":{"@id":"https:\/\/franciscanos.org.br\/noticias\/benfeitores-franciscanos-se-reunem-em-retiro-anual.html#primaryimage"},"datePublished":"2018-04-30T00:17:53+00:00","dateModified":"2020-08-10T18:38:41+00:00","author":{"@id":"https:\/\/franciscanos.org.br\/noticias\/#\/schema\/person\/b38fbf43118f02820bd932f2e4b14ad3"},"breadcrumb":{"@id":"https:\/\/franciscanos.org.br\/noticias\/benfeitores-franciscanos-se-reunem-em-retiro-anual.html#breadcrumb"},"inLanguage":"pt-BR","potentialAction":[{"@type":"ReadAction","target":["https:\/\/franciscanos.org.br\/noticias\/benfeitores-franciscanos-se-reunem-em-retiro-anual.html"]}]},{"@type":"BreadcrumbList","@id":"https:\/\/franciscanos.org.br\/noticias\/benfeitores-franciscanos-se-reunem-em-retiro-anual.html#breadcrumb","itemListElement":[{"@type":"ListItem","position":1,"name":"Home","item":"https:\/\/franciscanos.org.br\/noticias"},{"@type":"ListItem","position":2,"name":"Benfeitores se encontram em Agudos para retiro anual"}]},{"@type":"Person","@id":"https:\/\/franciscanos.org.br\/noticias\/#\/schema\/person\/b38fbf43118f02820bd932f2e4b14ad3","name":"admin","image":{"@type":"ImageObject","inLanguage":"pt-BR","@id":"https:\/\/franciscanos.org.br\/noticias\/#\/schema\/person\/image\/","url":"https:\/\/secure.gravatar.com\/avatar\/e8495742d34d0ba6448ea1c628263b3e?s=96&d=mm&r=g","contentUrl":"https:\/\/secure.gravatar.com\/avatar\/e8495742d34d0ba6448ea1c628263b3e?s=96&d=mm&r=g","caption":"admin"},"url":"https:\/\/franciscanos.org.br\/noticias\/author\/admin"}]}},"_links":{"self":[{"href":"https:\/\/franciscanos.org.br\/noticias\/wp-json\/wp\/v2\/posts\/158201"}],"collection":[{"href":"https:\/\/franciscanos.org.br\/noticias\/wp-json\/wp\/v2\/posts"}],"about":[{"href":"https:\/\/franciscanos.org.br\/noticias\/wp-json\/wp\/v2\/types\/post"}],"author":[{"embeddable":true,"href":"https:\/\/franciscanos.org.br\/noticias\/wp-json\/wp\/v2\/users\/1"}],"replies":[{"embeddable":true,"href":"https:\/\/franciscanos.org.br\/noticias\/wp-json\/wp\/v2\/comments?post=158201"}],"version-history":[{"count":1,"href":"https:\/\/franciscanos.org.br\/noticias\/wp-json\/wp\/v2\/posts\/158201\/revisions"}],"predecessor-version":[{"id":227750,"href":"https:\/\/franciscanos.org.br\/noticias\/wp-json\/wp\/v2\/posts\/158201\/revisions\/227750"}],"wp:featuredmedia":[{"embeddable":true,"href":"https:\/\/franciscanos.org.br\/noticias\/wp-json\/wp\/v2\/media\/207138"}],"wp:attachment":[{"href":"https:\/\/franciscanos.org.br\/noticias\/wp-json\/wp\/v2\/media?parent=158201"}],"wp:term":[{"taxonomy":"category","embeddable":true,"href":"https:\/\/franciscanos.org.br\/noticias\/wp-json\/wp\/v2\/categories?post=158201"},{"taxonomy":"post_tag","embeddable":true,"href":"https:\/\/franciscanos.org.br\/noticias\/wp-json\/wp\/v2\/tags?post=158201"}],"curies":[{"name":"wp","href":"https:\/\/api.w.org\/{rel}","templated":true}]}}