{"id":158194,"date":"2018-04-29T16:47:01","date_gmt":"2018-04-29T19:47:01","guid":{"rendered":"http:\/\/franciscanos.org.br\/?p=158194"},"modified":"2020-08-04T14:45:13","modified_gmt":"2020-08-04T17:45:13","slug":"a-caridade-dos-cristaos-nao-nasce-de-ideologias-mas-de-jesus","status":"publish","type":"post","link":"https:\/\/franciscanos.org.br\/noticias\/a-caridade-dos-cristaos-nao-nasce-de-ideologias-mas-de-jesus.html","title":{"rendered":"Caridade do crist\u00e3o nasce de Jesus n\u00e3o de ideologias"},"content":{"rendered":"<p>&nbsp;<\/p>\n<div id=\"attachment_227457\" style=\"width: 1010px\" class=\"wp-caption alignnone\"><img aria-describedby=\"caption-attachment-227457\" loading=\"lazy\" class=\"wp-image-227457 size-full\" src=\"https:\/\/franciscanos.org.br\/noticias\/wp-content\/uploads\/2018\/04\/papa_vatican_0408.jpg\" alt=\"\" width=\"1000\" height=\"563\" srcset=\"https:\/\/franciscanos.org.br\/noticias\/wp-content\/uploads\/2018\/04\/papa_vatican_0408.jpg 1000w, https:\/\/franciscanos.org.br\/noticias\/wp-content\/uploads\/2018\/04\/papa_vatican_0408-450x253.jpg 450w, https:\/\/franciscanos.org.br\/noticias\/wp-content\/uploads\/2018\/04\/papa_vatican_0408-768x432.jpg 768w, https:\/\/franciscanos.org.br\/noticias\/wp-content\/uploads\/2018\/04\/papa_vatican_0408-150x84.jpg 150w\" sizes=\"(max-width: 1000px) 100vw, 1000px\" \/><p id=\"caption-attachment-227457\" class=\"wp-caption-text\">\u00a0 \u00a0 \u00a0 \u00a0 \u00a0 \u00a0 \u00a0 \u00a0 \u00a0 \u00a0 \u00a0 \u00a0 \u00a0 \u00a0 \u00a0 \u00a0 \u00a0 \u00a0 \u00a0 \u00a0 \u00a0 \u00a0 \u00a0 \u00a0 \u00a0 \u00a0 \u00a0 \u00a0 \u00a0 \u00a0 \u00a0 \u00a0 \u00a0 \u00a0 \u00a0 \u00a0 \u00a0 \u00a0 \u00a0 \u00a0 \u00a0 \u00a0 \u00a0 \u00a0 \u00a0 \u00a0 \u00a0 \u00a0 \u00a0 \u00a0 \u00a0 \u00a0 \u00a0 \u00a0 \u00a0 \u00a0 \u00a0 \u00a0 \u00a0 \u00a0 \u00a0 \u00a0 \u00a0 \u00a0 \u00a0 \u00a0 \u00a0 \u00a0 \u00a0 \u00a0 \u00a0 \u00a0 \u00a0 \u00a0 \u00a0 \u00a0 \u00a0 \u00a0 \u00a0 \u00a0 \u00a0 \u00a0 \u00a0 \u00a0 \u00a0 \u00a0 \u00a0<em> \u00a0 \u00a0 \u00a0 Imagem: Vatican News<\/em><\/p><\/div>\n<p><strong>Cidade do Vaticano<\/strong> &#8211; &#8220;Toda atividade, pequena ou grande que seja \u2013 o trabalho e o descanso, a vida familiar e social, o exerc\u00edcio de responsabilidades pol\u00edticas, culturais e econ\u00f4micas &#8211; toda atividade, se vivida em uni\u00e3o com Jesus e com uma atitude de amor e de servi\u00e7o, \u00e9 uma oportunidade para viver em plenitude o Batismo e a santidade evang\u00e9lica&#8221;. Foi o que disse o Papa Francisco na alocu\u00e7\u00e3o que precedeu neste V Domingo de P\u00e1scoa, (29\/04) a ora\u00e7\u00e3o do Regina Coeli na Pra\u00e7a S\u00e3o Pedro diante de fi\u00e9is e peregrinos de todas as partes do mundo.<\/p>\n<p>O Pont\u00edfice recordou: &#8220;o dinamismo da caridade do crente n\u00e3o \u00e9 resultado de estrat\u00e9gias, n\u00e3o nasce de solicita\u00e7\u00f5es externas, de inst\u00e2ncias sociais ou ideol\u00f3gicas, mas do encontro com Jesus e do permanecer em Jesus. Ele para n\u00f3s \u00e9 a videira da qual absorvemos a linfa, isto \u00e9, a &#8216;vida&#8217; para levar para a sociedade uma maneira diferente de viver e de se doar, o que coloca os \u00faltimos em primeiro lugar\u201d.<\/p>\n<p>Comentando o Evangelho do dia que prop\u00f5e o momento em que Jesus se apresenta como a verdadeira videira e nos convida a permanecer unidos a Ele para dar muito fruto, o Papa observa: &#8220;Trata-se de permanecer com o Senhor para encontrar a coragem de sair de n\u00f3s mesmos, de nossas comodidades, de nossos espa\u00e7os restritos e protegidos, para entrarmos no mar aberto das necessidades dos outros e dar amplo respiro ao nosso testemunho crist\u00e3o no mundo. Essa coragem de entrar nas necessidades dos outros nasce da f\u00e9 no Senhor ressuscitado e da certeza de que o seu Esp\u00edrito acompanha a nossa hist\u00f3ria\u201d.<\/p>\n<p>\u201cUm dos frutos mais maduros que brota da comunh\u00e3o com Cristo \u00e9, de fato \u2013 acrescentou o Papa -, o compromisso de caridade para com o pr\u00f3ximo, amando os irm\u00e3os com abnega\u00e7\u00e3o de si mesmo, at\u00e9 as \u00faltimas consequ\u00eancias, como Jesus nos amou\u201d.<\/p>\n<p>&#8220;Quando algu\u00e9m \u00e9 \u00edntimo com o Senhor, como s\u00e3o \u00edntimos e unidos entre si a videira e os ramos, se \u00e9 capaz de produzir frutos de vida nova, de miseric\u00f3rdia, de justi\u00e7a e de paz, derivados da ressurrei\u00e7\u00e3o do Senhor\u201d.<\/p>\n<p>E o Papa recordou o santos: \u201cIsto \u00e9 o que os santos fizeram, aqueles que viveram em plenitude a vida crist\u00e3 e o testemunho da caridade, porque foram verdadeiros ramos da videira do Senhor. Mas para ser santo \u2013 recordou Francisco &#8211; n\u00e3o \u00e9 necess\u00e1rio ser bispo, sacerdote, religioso ou religiosa. Todos n\u00f3s somos chamados a ser santos vivendo com amor e oferecendo a cada um o seu testemunho no ocupa\u00e7\u00f5es de todos os dias, ali onde se encontra\u201d&#8217;.<\/p>\n<p>O Papa concluiu suas palavras pedindo a ajuda de Maria, Rainha dos Santos e modelo de perfeita comunh\u00e3o com o Filho divino. \u201cQue Ela nos ensine a permanecer em Jesus, como ramos \u00e0 videira, e a jamais nos separarmos de seu amor. De fato, nada podemos fazer sem Ele, porque a nossa vida \u00e9 Cristo vivo, presente na Igreja e no mundo\u201d.<\/p>\n<hr \/>\n<p><em>Fonte: Vatican News<\/em><\/p>\n","protected":false},"excerpt":{"rendered":"<p>Regina Coeli<\/p>\n","protected":false},"author":1,"featured_media":227458,"comment_status":"open","ping_status":"open","sticky":false,"template":"","format":"standard","meta":[],"categories":[1428],"tags":[564],"acf":[],"yoast_head":"<!-- This site is optimized with the Yoast SEO plugin v19.2 - https:\/\/yoast.com\/wordpress\/plugins\/seo\/ -->\n<title>Caridade do crist\u00e3o nasce de Jesus n\u00e3o de ideologias - Not\u00edcias - Franciscanos<\/title>\n<meta name=\"robots\" content=\"index, follow, max-snippet:-1, max-image-preview:large, max-video-preview:-1\" \/>\n<link rel=\"canonical\" href=\"https:\/\/franciscanos.org.br\/noticias\/a-caridade-dos-cristaos-nao-nasce-de-ideologias-mas-de-jesus.html\" \/>\n<meta property=\"og:locale\" content=\"pt_BR\" \/>\n<meta property=\"og:type\" content=\"article\" \/>\n<meta property=\"og:title\" content=\"Caridade do crist\u00e3o nasce de Jesus n\u00e3o de ideologias - Not\u00edcias - Franciscanos\" \/>\n<meta property=\"og:description\" content=\"Regina Coeli\" \/>\n<meta property=\"og:url\" content=\"https:\/\/franciscanos.org.br\/noticias\/a-caridade-dos-cristaos-nao-nasce-de-ideologias-mas-de-jesus.html\" \/>\n<meta property=\"og:site_name\" content=\"Not\u00edcias - Franciscanos\" \/>\n<meta property=\"article:published_time\" content=\"2018-04-29T19:47:01+00:00\" \/>\n<meta property=\"article:modified_time\" content=\"2020-08-04T17:45:13+00:00\" \/>\n<meta property=\"og:image\" content=\"https:\/\/franciscanos.org.br\/noticias\/wp-content\/uploads\/2018\/04\/papa_vatican_0408d.jpg\" \/>\n\t<meta property=\"og:image:width\" content=\"800\" \/>\n\t<meta property=\"og:image:height\" content=\"601\" \/>\n\t<meta property=\"og:image:type\" content=\"image\/jpeg\" \/>\n<meta name=\"author\" content=\"admin\" \/>\n<meta name=\"twitter:card\" content=\"summary_large_image\" \/>\n<meta name=\"twitter:label1\" content=\"Escrito por\" \/>\n\t<meta name=\"twitter:data1\" content=\"admin\" \/>\n\t<meta name=\"twitter:label2\" content=\"Est. tempo de leitura\" \/>\n\t<meta name=\"twitter:data2\" content=\"3 minutos\" \/>\n<script type=\"application\/ld+json\" class=\"yoast-schema-graph\">{\"@context\":\"https:\/\/schema.org\",\"@graph\":[{\"@type\":\"WebSite\",\"@id\":\"https:\/\/franciscanos.org.br\/noticias\/#website\",\"url\":\"https:\/\/franciscanos.org.br\/noticias\/\",\"name\":\"Not\u00edcias - Franciscanos\",\"description\":\"Prov\u00edncia Franciscana da Imaculada Concei\u00e7\u00e3o do Brasil - Ordem dos Frades Menores - OFM\",\"potentialAction\":[{\"@type\":\"SearchAction\",\"target\":{\"@type\":\"EntryPoint\",\"urlTemplate\":\"https:\/\/franciscanos.org.br\/noticias\/?s={search_term_string}\"},\"query-input\":\"required name=search_term_string\"}],\"inLanguage\":\"pt-BR\"},{\"@type\":\"ImageObject\",\"inLanguage\":\"pt-BR\",\"@id\":\"https:\/\/franciscanos.org.br\/noticias\/a-caridade-dos-cristaos-nao-nasce-de-ideologias-mas-de-jesus.html#primaryimage\",\"url\":\"https:\/\/franciscanos.org.br\/noticias\/wp-content\/uploads\/2018\/04\/papa_vatican_0408d.jpg\",\"contentUrl\":\"https:\/\/franciscanos.org.br\/noticias\/wp-content\/uploads\/2018\/04\/papa_vatican_0408d.jpg\",\"width\":800,\"height\":601},{\"@type\":\"WebPage\",\"@id\":\"https:\/\/franciscanos.org.br\/noticias\/a-caridade-dos-cristaos-nao-nasce-de-ideologias-mas-de-jesus.html#webpage\",\"url\":\"https:\/\/franciscanos.org.br\/noticias\/a-caridade-dos-cristaos-nao-nasce-de-ideologias-mas-de-jesus.html\",\"name\":\"Caridade do crist\u00e3o nasce de Jesus n\u00e3o de ideologias - Not\u00edcias - Franciscanos\",\"isPartOf\":{\"@id\":\"https:\/\/franciscanos.org.br\/noticias\/#website\"},\"primaryImageOfPage\":{\"@id\":\"https:\/\/franciscanos.org.br\/noticias\/a-caridade-dos-cristaos-nao-nasce-de-ideologias-mas-de-jesus.html#primaryimage\"},\"datePublished\":\"2018-04-29T19:47:01+00:00\",\"dateModified\":\"2020-08-04T17:45:13+00:00\",\"author\":{\"@id\":\"https:\/\/franciscanos.org.br\/noticias\/#\/schema\/person\/b38fbf43118f02820bd932f2e4b14ad3\"},\"breadcrumb\":{\"@id\":\"https:\/\/franciscanos.org.br\/noticias\/a-caridade-dos-cristaos-nao-nasce-de-ideologias-mas-de-jesus.html#breadcrumb\"},\"inLanguage\":\"pt-BR\",\"potentialAction\":[{\"@type\":\"ReadAction\",\"target\":[\"https:\/\/franciscanos.org.br\/noticias\/a-caridade-dos-cristaos-nao-nasce-de-ideologias-mas-de-jesus.html\"]}]},{\"@type\":\"BreadcrumbList\",\"@id\":\"https:\/\/franciscanos.org.br\/noticias\/a-caridade-dos-cristaos-nao-nasce-de-ideologias-mas-de-jesus.html#breadcrumb\",\"itemListElement\":[{\"@type\":\"ListItem\",\"position\":1,\"name\":\"Home\",\"item\":\"https:\/\/franciscanos.org.br\/noticias\"},{\"@type\":\"ListItem\",\"position\":2,\"name\":\"Caridade do crist\u00e3o nasce de Jesus n\u00e3o de ideologias\"}]},{\"@type\":\"Person\",\"@id\":\"https:\/\/franciscanos.org.br\/noticias\/#\/schema\/person\/b38fbf43118f02820bd932f2e4b14ad3\",\"name\":\"admin\",\"image\":{\"@type\":\"ImageObject\",\"inLanguage\":\"pt-BR\",\"@id\":\"https:\/\/franciscanos.org.br\/noticias\/#\/schema\/person\/image\/\",\"url\":\"https:\/\/secure.gravatar.com\/avatar\/e8495742d34d0ba6448ea1c628263b3e?s=96&d=mm&r=g\",\"contentUrl\":\"https:\/\/secure.gravatar.com\/avatar\/e8495742d34d0ba6448ea1c628263b3e?s=96&d=mm&r=g\",\"caption\":\"admin\"},\"url\":\"https:\/\/franciscanos.org.br\/noticias\/author\/admin\"}]}<\/script>\n<!-- \/ Yoast SEO plugin. -->","yoast_head_json":{"title":"Caridade do crist\u00e3o nasce de Jesus n\u00e3o de ideologias - Not\u00edcias - Franciscanos","robots":{"index":"index","follow":"follow","max-snippet":"max-snippet:-1","max-image-preview":"max-image-preview:large","max-video-preview":"max-video-preview:-1"},"canonical":"https:\/\/franciscanos.org.br\/noticias\/a-caridade-dos-cristaos-nao-nasce-de-ideologias-mas-de-jesus.html","og_locale":"pt_BR","og_type":"article","og_title":"Caridade do crist\u00e3o nasce de Jesus n\u00e3o de ideologias - Not\u00edcias - Franciscanos","og_description":"Regina Coeli","og_url":"https:\/\/franciscanos.org.br\/noticias\/a-caridade-dos-cristaos-nao-nasce-de-ideologias-mas-de-jesus.html","og_site_name":"Not\u00edcias - Franciscanos","article_published_time":"2018-04-29T19:47:01+00:00","article_modified_time":"2020-08-04T17:45:13+00:00","og_image":[{"width":800,"height":601,"url":"https:\/\/franciscanos.org.br\/noticias\/wp-content\/uploads\/2018\/04\/papa_vatican_0408d.jpg","type":"image\/jpeg"}],"author":"admin","twitter_card":"summary_large_image","twitter_misc":{"Escrito por":"admin","Est. tempo de leitura":"3 minutos"},"schema":{"@context":"https:\/\/schema.org","@graph":[{"@type":"WebSite","@id":"https:\/\/franciscanos.org.br\/noticias\/#website","url":"https:\/\/franciscanos.org.br\/noticias\/","name":"Not\u00edcias - Franciscanos","description":"Prov\u00edncia Franciscana da Imaculada Concei\u00e7\u00e3o do Brasil - Ordem dos Frades Menores - OFM","potentialAction":[{"@type":"SearchAction","target":{"@type":"EntryPoint","urlTemplate":"https:\/\/franciscanos.org.br\/noticias\/?s={search_term_string}"},"query-input":"required name=search_term_string"}],"inLanguage":"pt-BR"},{"@type":"ImageObject","inLanguage":"pt-BR","@id":"https:\/\/franciscanos.org.br\/noticias\/a-caridade-dos-cristaos-nao-nasce-de-ideologias-mas-de-jesus.html#primaryimage","url":"https:\/\/franciscanos.org.br\/noticias\/wp-content\/uploads\/2018\/04\/papa_vatican_0408d.jpg","contentUrl":"https:\/\/franciscanos.org.br\/noticias\/wp-content\/uploads\/2018\/04\/papa_vatican_0408d.jpg","width":800,"height":601},{"@type":"WebPage","@id":"https:\/\/franciscanos.org.br\/noticias\/a-caridade-dos-cristaos-nao-nasce-de-ideologias-mas-de-jesus.html#webpage","url":"https:\/\/franciscanos.org.br\/noticias\/a-caridade-dos-cristaos-nao-nasce-de-ideologias-mas-de-jesus.html","name":"Caridade do crist\u00e3o nasce de Jesus n\u00e3o de ideologias - Not\u00edcias - Franciscanos","isPartOf":{"@id":"https:\/\/franciscanos.org.br\/noticias\/#website"},"primaryImageOfPage":{"@id":"https:\/\/franciscanos.org.br\/noticias\/a-caridade-dos-cristaos-nao-nasce-de-ideologias-mas-de-jesus.html#primaryimage"},"datePublished":"2018-04-29T19:47:01+00:00","dateModified":"2020-08-04T17:45:13+00:00","author":{"@id":"https:\/\/franciscanos.org.br\/noticias\/#\/schema\/person\/b38fbf43118f02820bd932f2e4b14ad3"},"breadcrumb":{"@id":"https:\/\/franciscanos.org.br\/noticias\/a-caridade-dos-cristaos-nao-nasce-de-ideologias-mas-de-jesus.html#breadcrumb"},"inLanguage":"pt-BR","potentialAction":[{"@type":"ReadAction","target":["https:\/\/franciscanos.org.br\/noticias\/a-caridade-dos-cristaos-nao-nasce-de-ideologias-mas-de-jesus.html"]}]},{"@type":"BreadcrumbList","@id":"https:\/\/franciscanos.org.br\/noticias\/a-caridade-dos-cristaos-nao-nasce-de-ideologias-mas-de-jesus.html#breadcrumb","itemListElement":[{"@type":"ListItem","position":1,"name":"Home","item":"https:\/\/franciscanos.org.br\/noticias"},{"@type":"ListItem","position":2,"name":"Caridade do crist\u00e3o nasce de Jesus n\u00e3o de ideologias"}]},{"@type":"Person","@id":"https:\/\/franciscanos.org.br\/noticias\/#\/schema\/person\/b38fbf43118f02820bd932f2e4b14ad3","name":"admin","image":{"@type":"ImageObject","inLanguage":"pt-BR","@id":"https:\/\/franciscanos.org.br\/noticias\/#\/schema\/person\/image\/","url":"https:\/\/secure.gravatar.com\/avatar\/e8495742d34d0ba6448ea1c628263b3e?s=96&d=mm&r=g","contentUrl":"https:\/\/secure.gravatar.com\/avatar\/e8495742d34d0ba6448ea1c628263b3e?s=96&d=mm&r=g","caption":"admin"},"url":"https:\/\/franciscanos.org.br\/noticias\/author\/admin"}]}},"_links":{"self":[{"href":"https:\/\/franciscanos.org.br\/noticias\/wp-json\/wp\/v2\/posts\/158194"}],"collection":[{"href":"https:\/\/franciscanos.org.br\/noticias\/wp-json\/wp\/v2\/posts"}],"about":[{"href":"https:\/\/franciscanos.org.br\/noticias\/wp-json\/wp\/v2\/types\/post"}],"author":[{"embeddable":true,"href":"https:\/\/franciscanos.org.br\/noticias\/wp-json\/wp\/v2\/users\/1"}],"replies":[{"embeddable":true,"href":"https:\/\/franciscanos.org.br\/noticias\/wp-json\/wp\/v2\/comments?post=158194"}],"version-history":[{"count":4,"href":"https:\/\/franciscanos.org.br\/noticias\/wp-json\/wp\/v2\/posts\/158194\/revisions"}],"predecessor-version":[{"id":227460,"href":"https:\/\/franciscanos.org.br\/noticias\/wp-json\/wp\/v2\/posts\/158194\/revisions\/227460"}],"wp:featuredmedia":[{"embeddable":true,"href":"https:\/\/franciscanos.org.br\/noticias\/wp-json\/wp\/v2\/media\/227458"}],"wp:attachment":[{"href":"https:\/\/franciscanos.org.br\/noticias\/wp-json\/wp\/v2\/media?parent=158194"}],"wp:term":[{"taxonomy":"category","embeddable":true,"href":"https:\/\/franciscanos.org.br\/noticias\/wp-json\/wp\/v2\/categories?post=158194"},{"taxonomy":"post_tag","embeddable":true,"href":"https:\/\/franciscanos.org.br\/noticias\/wp-json\/wp\/v2\/tags?post=158194"}],"curies":[{"name":"wp","href":"https:\/\/api.w.org\/{rel}","templated":true}]}}