{"id":15810,"date":"2012-04-16T11:32:59","date_gmt":"2012-04-16T14:32:59","guid":{"rendered":"http:\/\/new.franciscanos.org.br\/?p=15810"},"modified":"2019-09-18T13:19:22","modified_gmt":"2019-09-18T16:19:22","slug":"regional-da-ffb-promove-peregrinacao-ao-mosteiro-santa-clara","status":"publish","type":"post","link":"https:\/\/franciscanos.org.br\/noticias\/regional-da-ffb-promove-peregrinacao-ao-mosteiro-santa-clara.html","title":{"rendered":"Regional da FFB promove peregrina\u00e7\u00e3o ao Mosteiro Santa Clara"},"content":{"rendered":"<p><a href=\"http:\/\/franciscanos.org.br\/wp-content\/uploads\/2012\/04\/1965_160412.jpg\"><img loading=\"lazy\" class=\"alignleft size-full wp-image-15811\" title=\"1965_160412\" src=\"http:\/\/franciscanos.org.br\/wp-content\/uploads\/2012\/04\/1965_160412.jpg\" alt=\"\" width=\"350\" height=\"263\" \/><\/a>O Regional RJ\/ESda Fam\u00edlia Franciscana do Brasil (FFB) realizou, no \u00faltimo domingo, umaperegrina\u00e7\u00e3o ao Mosteiro de Santa Clara, Bairro Botafogo, Nova Igua\u00e7u (RJ), comoetapa preparat\u00f3ria para o Jubileu Clariano (1212-2012) que se realizar\u00e1 nosdias 9, 10 e 11 de agosto de 2012, na cidade de Canind\u00e9 (CE). Em setembro de2011, o Regional Sudeste II da Ordem Franciscana Secular (OFS) tamb\u00e9m promoveu umavisita de suas fraternidades ao Mosteiro Nossa Senhora dos Anjos daPorci\u00fancula, na G\u00e1vea (RJ), e ainda est\u00e3o previstas peregrina\u00e7\u00f5es aos mosteirosSagrada Face e Repara\u00e7\u00e3o, em Araruama (RJ) e Sant\u00edssima Trindade, em Colatina(ES).<\/p>\n<p>O encontrofoi marcado pela alegria pr\u00f3pria do carisma franciscano e pela partilha fraternaentre os diversos ramos da frondosa fam\u00edlia que se fizeram presentes em maisessa etapa de prepara\u00e7\u00e3o ao Jubileu. As Irm\u00e3s Clarissas vivem atualmente ummomento especial e hist\u00f3rico: no pr\u00f3ximo m\u00eas de agosto se completar\u00e3o 800 anosda voca\u00e7\u00e3o de Clara de Assis e das primeiras irm\u00e3s que a seguiram e receberamde Francisco de Assis uma \u2018forma vivendi\u2019, que, em poucas e simples linhasevang\u00e9licas, continha a inspira\u00e7\u00e3o fundamental que definiu a Ordem das DamasPobres.<\/p>\n<p>Durante oencontro, a Madre Maria da Concei\u00e7\u00e3o Imaculada brindou a todos com relatol\u00facido da hist\u00f3ria do Mosteiro de Santa Clara, cujas cinco irm\u00e3s fundadoras s\u00e3ooriundas do Mosteiro Nossa Senhora da Piedade, da Ilha da Madeira, Portugal. SegundoMadre Maria, o Mosteiro Santa Clara foi pedido pelo ex-bispo diocesano de NovaIgua\u00e7u, Dom Adriano Hyp\u00f3lito, OFM, que rezou por 16 anos para concretizar ogrande sonho de ter um mosteiro de vida contemplativa em sua diocese.<\/p>\n<p>A religiosa fezmem\u00f3ria ao grande esp\u00edrito de ora\u00e7\u00e3o e de amor aos pobres de Dom Adriano e aocarinho que sempre manifestou por todas as irm\u00e3s do mosteiro, zelando para quenada lhes faltasse. A figura de grande pai e protetor ficou marcada ao longo deseu bispado, mesmo no per\u00edodo da ditadura militar, quando foi perseguido.<\/p>\n<p>As Irm\u00e3s Clarissaschegaram ao Brasil em 1986, permanecendo em um local\u00a0 provis\u00f3rio at\u00e9 a conclus\u00e3o das obras da casa. Omosteiro foi inaugurado a 13 de maio de 1989 e, segundo o desejo de Dom Adriano,seria o centro de adora\u00e7\u00e3o eucar\u00edstica de sua diocese. Com esse intuito foiconstru\u00eddo a Casa Bet\u00e2nia, anexa ao mosteiro, para acolher os adoradoresnoturnos e tamb\u00e9m receber grupos para encontros e retiros.<\/p>\n<p>Madre Mariafalou sobre o cotidiano de ora\u00e7\u00f5es e de trabalho que as irm\u00e3s realizam, sendo,inclusive, respons\u00e1veis pelo fornecimento de h\u00f3stias para a comunh\u00e3oeucar\u00edstica e das alfaias para as celebra\u00e7\u00f5es, al\u00e9m da fabrica\u00e7\u00e3o de imagens deSanta Clara. A religiosa concluiu louvando e bendizendo a Deus pelagenerosidade do povo em geral que freq\u00fcenta as missas e de todo o clero, e pelaestima que gozam entre a Fam\u00edlia Franciscana.<\/p>\n<p>Atrav\u00e9s do locut\u00f3rio,a jovem irm\u00e3 Rosana Maria da Concei\u00e7\u00e3o Aparecida, relatou seu itiner\u00e1riovocacional iniciado na JUFRA Mensageiros de S\u00e3o Francisco, da Par\u00f3quia NossaSenhora da Concei\u00e7\u00e3o, em Nil\u00f3polis (RJ), at\u00e9 descobrir que sua verdadeiravoca\u00e7\u00e3o era ser franciscana da Segunda Ordem.<\/p>\n<p>O encontro foi encerrado pelo frei Edcarlos Hoffman, OFMCap, vice-coordenador do Regional RJ\/ES da FFB e assistente do regional Sudeste da OFS. Em sua homilia, ele real\u00e7ou o valor da vida e da voca\u00e7\u00e3o de Santa Clara, que marcou para sempre o carisma franciscano na Igreja e no mundo. Frei Edcarlos reafirmou a import\u00e2ncia de mantermos atados os la\u00e7os que nos unem a Cristo e aos irm\u00e3os atrav\u00e9s do testemunho deixados por S\u00e3o Francisco e Santa Clara.<\/p>\n<p>Que possamos cultivar nossa voca\u00e7\u00e3o tendo amor \u00e0 santa pobreza vivida em fraternidade e no segumento ao Evangelho de Nosso Senhor Jesus Cristo.<\/p>\n<p><strong>Cl\u00e1udio Santos, OFS<\/strong><\/p>\n<p>&nbsp;<\/p>\n<p>[nggallery id=163]<\/p>\n","protected":false},"excerpt":{"rendered":"<p>FFB<\/p>\n","protected":false},"author":1,"featured_media":211163,"comment_status":"closed","ping_status":"closed","sticky":false,"template":"","format":"standard","meta":[],"categories":[1],"tags":[203],"acf":[],"yoast_head":"<!-- This site is optimized with the Yoast SEO plugin v19.2 - https:\/\/yoast.com\/wordpress\/plugins\/seo\/ -->\n<title>Regional da FFB promove peregrina\u00e7\u00e3o ao Mosteiro Santa Clara - Not\u00edcias - Franciscanos<\/title>\n<meta name=\"robots\" content=\"index, follow, max-snippet:-1, max-image-preview:large, max-video-preview:-1\" \/>\n<link rel=\"canonical\" href=\"https:\/\/franciscanos.org.br\/noticias\/regional-da-ffb-promove-peregrinacao-ao-mosteiro-santa-clara.html\" \/>\n<meta property=\"og:locale\" content=\"pt_BR\" \/>\n<meta property=\"og:type\" content=\"article\" \/>\n<meta property=\"og:title\" content=\"Regional da FFB promove peregrina\u00e7\u00e3o ao Mosteiro Santa Clara - Not\u00edcias - Franciscanos\" \/>\n<meta property=\"og:description\" content=\"FFB\" \/>\n<meta property=\"og:url\" content=\"https:\/\/franciscanos.org.br\/noticias\/regional-da-ffb-promove-peregrinacao-ao-mosteiro-santa-clara.html\" \/>\n<meta property=\"og:site_name\" content=\"Not\u00edcias - Franciscanos\" \/>\n<meta property=\"article:published_time\" content=\"2012-04-16T14:32:59+00:00\" \/>\n<meta property=\"article:modified_time\" content=\"2019-09-18T16:19:22+00:00\" \/>\n<meta property=\"og:image\" content=\"https:\/\/franciscanos.org.br\/noticias\/wp-content\/uploads\/2012\/04\/1965_160412.jpg\" \/>\n\t<meta property=\"og:image:width\" content=\"273\" \/>\n\t<meta property=\"og:image:height\" content=\"181\" \/>\n\t<meta property=\"og:image:type\" content=\"image\/jpeg\" \/>\n<meta name=\"author\" content=\"admin\" \/>\n<meta name=\"twitter:card\" content=\"summary_large_image\" \/>\n<meta name=\"twitter:label1\" content=\"Escrito por\" \/>\n\t<meta name=\"twitter:data1\" content=\"admin\" \/>\n\t<meta name=\"twitter:label2\" content=\"Est. tempo de leitura\" \/>\n\t<meta name=\"twitter:data2\" content=\"3 minutos\" \/>\n<script type=\"application\/ld+json\" class=\"yoast-schema-graph\">{\"@context\":\"https:\/\/schema.org\",\"@graph\":[{\"@type\":\"WebSite\",\"@id\":\"https:\/\/franciscanos.org.br\/noticias\/#website\",\"url\":\"https:\/\/franciscanos.org.br\/noticias\/\",\"name\":\"Not\u00edcias - Franciscanos\",\"description\":\"Prov\u00edncia Franciscana da Imaculada Concei\u00e7\u00e3o do Brasil - Ordem dos Frades Menores - OFM\",\"potentialAction\":[{\"@type\":\"SearchAction\",\"target\":{\"@type\":\"EntryPoint\",\"urlTemplate\":\"https:\/\/franciscanos.org.br\/noticias\/?s={search_term_string}\"},\"query-input\":\"required name=search_term_string\"}],\"inLanguage\":\"pt-BR\"},{\"@type\":\"ImageObject\",\"inLanguage\":\"pt-BR\",\"@id\":\"https:\/\/franciscanos.org.br\/noticias\/regional-da-ffb-promove-peregrinacao-ao-mosteiro-santa-clara.html#primaryimage\",\"url\":\"https:\/\/franciscanos.org.br\/noticias\/wp-content\/uploads\/2012\/04\/1965_160412.jpg\",\"contentUrl\":\"https:\/\/franciscanos.org.br\/noticias\/wp-content\/uploads\/2012\/04\/1965_160412.jpg\",\"width\":273,\"height\":181},{\"@type\":\"WebPage\",\"@id\":\"https:\/\/franciscanos.org.br\/noticias\/regional-da-ffb-promove-peregrinacao-ao-mosteiro-santa-clara.html#webpage\",\"url\":\"https:\/\/franciscanos.org.br\/noticias\/regional-da-ffb-promove-peregrinacao-ao-mosteiro-santa-clara.html\",\"name\":\"Regional da FFB promove peregrina\u00e7\u00e3o ao Mosteiro Santa Clara - Not\u00edcias - Franciscanos\",\"isPartOf\":{\"@id\":\"https:\/\/franciscanos.org.br\/noticias\/#website\"},\"primaryImageOfPage\":{\"@id\":\"https:\/\/franciscanos.org.br\/noticias\/regional-da-ffb-promove-peregrinacao-ao-mosteiro-santa-clara.html#primaryimage\"},\"datePublished\":\"2012-04-16T14:32:59+00:00\",\"dateModified\":\"2019-09-18T16:19:22+00:00\",\"author\":{\"@id\":\"https:\/\/franciscanos.org.br\/noticias\/#\/schema\/person\/b38fbf43118f02820bd932f2e4b14ad3\"},\"breadcrumb\":{\"@id\":\"https:\/\/franciscanos.org.br\/noticias\/regional-da-ffb-promove-peregrinacao-ao-mosteiro-santa-clara.html#breadcrumb\"},\"inLanguage\":\"pt-BR\",\"potentialAction\":[{\"@type\":\"ReadAction\",\"target\":[\"https:\/\/franciscanos.org.br\/noticias\/regional-da-ffb-promove-peregrinacao-ao-mosteiro-santa-clara.html\"]}]},{\"@type\":\"BreadcrumbList\",\"@id\":\"https:\/\/franciscanos.org.br\/noticias\/regional-da-ffb-promove-peregrinacao-ao-mosteiro-santa-clara.html#breadcrumb\",\"itemListElement\":[{\"@type\":\"ListItem\",\"position\":1,\"name\":\"Home\",\"item\":\"https:\/\/franciscanos.org.br\/noticias\"},{\"@type\":\"ListItem\",\"position\":2,\"name\":\"Regional da FFB promove peregrina\u00e7\u00e3o ao Mosteiro Santa Clara\"}]},{\"@type\":\"Person\",\"@id\":\"https:\/\/franciscanos.org.br\/noticias\/#\/schema\/person\/b38fbf43118f02820bd932f2e4b14ad3\",\"name\":\"admin\",\"image\":{\"@type\":\"ImageObject\",\"inLanguage\":\"pt-BR\",\"@id\":\"https:\/\/franciscanos.org.br\/noticias\/#\/schema\/person\/image\/\",\"url\":\"https:\/\/secure.gravatar.com\/avatar\/e8495742d34d0ba6448ea1c628263b3e?s=96&d=mm&r=g\",\"contentUrl\":\"https:\/\/secure.gravatar.com\/avatar\/e8495742d34d0ba6448ea1c628263b3e?s=96&d=mm&r=g\",\"caption\":\"admin\"},\"url\":\"https:\/\/franciscanos.org.br\/noticias\/author\/admin\"}]}<\/script>\n<!-- \/ Yoast SEO plugin. -->","yoast_head_json":{"title":"Regional da FFB promove peregrina\u00e7\u00e3o ao Mosteiro Santa Clara - Not\u00edcias - Franciscanos","robots":{"index":"index","follow":"follow","max-snippet":"max-snippet:-1","max-image-preview":"max-image-preview:large","max-video-preview":"max-video-preview:-1"},"canonical":"https:\/\/franciscanos.org.br\/noticias\/regional-da-ffb-promove-peregrinacao-ao-mosteiro-santa-clara.html","og_locale":"pt_BR","og_type":"article","og_title":"Regional da FFB promove peregrina\u00e7\u00e3o ao Mosteiro Santa Clara - Not\u00edcias - Franciscanos","og_description":"FFB","og_url":"https:\/\/franciscanos.org.br\/noticias\/regional-da-ffb-promove-peregrinacao-ao-mosteiro-santa-clara.html","og_site_name":"Not\u00edcias - Franciscanos","article_published_time":"2012-04-16T14:32:59+00:00","article_modified_time":"2019-09-18T16:19:22+00:00","og_image":[{"width":273,"height":181,"url":"https:\/\/franciscanos.org.br\/noticias\/wp-content\/uploads\/2012\/04\/1965_160412.jpg","type":"image\/jpeg"}],"author":"admin","twitter_card":"summary_large_image","twitter_misc":{"Escrito por":"admin","Est. tempo de leitura":"3 minutos"},"schema":{"@context":"https:\/\/schema.org","@graph":[{"@type":"WebSite","@id":"https:\/\/franciscanos.org.br\/noticias\/#website","url":"https:\/\/franciscanos.org.br\/noticias\/","name":"Not\u00edcias - Franciscanos","description":"Prov\u00edncia Franciscana da Imaculada Concei\u00e7\u00e3o do Brasil - Ordem dos Frades Menores - OFM","potentialAction":[{"@type":"SearchAction","target":{"@type":"EntryPoint","urlTemplate":"https:\/\/franciscanos.org.br\/noticias\/?s={search_term_string}"},"query-input":"required name=search_term_string"}],"inLanguage":"pt-BR"},{"@type":"ImageObject","inLanguage":"pt-BR","@id":"https:\/\/franciscanos.org.br\/noticias\/regional-da-ffb-promove-peregrinacao-ao-mosteiro-santa-clara.html#primaryimage","url":"https:\/\/franciscanos.org.br\/noticias\/wp-content\/uploads\/2012\/04\/1965_160412.jpg","contentUrl":"https:\/\/franciscanos.org.br\/noticias\/wp-content\/uploads\/2012\/04\/1965_160412.jpg","width":273,"height":181},{"@type":"WebPage","@id":"https:\/\/franciscanos.org.br\/noticias\/regional-da-ffb-promove-peregrinacao-ao-mosteiro-santa-clara.html#webpage","url":"https:\/\/franciscanos.org.br\/noticias\/regional-da-ffb-promove-peregrinacao-ao-mosteiro-santa-clara.html","name":"Regional da FFB promove peregrina\u00e7\u00e3o ao Mosteiro Santa Clara - Not\u00edcias - Franciscanos","isPartOf":{"@id":"https:\/\/franciscanos.org.br\/noticias\/#website"},"primaryImageOfPage":{"@id":"https:\/\/franciscanos.org.br\/noticias\/regional-da-ffb-promove-peregrinacao-ao-mosteiro-santa-clara.html#primaryimage"},"datePublished":"2012-04-16T14:32:59+00:00","dateModified":"2019-09-18T16:19:22+00:00","author":{"@id":"https:\/\/franciscanos.org.br\/noticias\/#\/schema\/person\/b38fbf43118f02820bd932f2e4b14ad3"},"breadcrumb":{"@id":"https:\/\/franciscanos.org.br\/noticias\/regional-da-ffb-promove-peregrinacao-ao-mosteiro-santa-clara.html#breadcrumb"},"inLanguage":"pt-BR","potentialAction":[{"@type":"ReadAction","target":["https:\/\/franciscanos.org.br\/noticias\/regional-da-ffb-promove-peregrinacao-ao-mosteiro-santa-clara.html"]}]},{"@type":"BreadcrumbList","@id":"https:\/\/franciscanos.org.br\/noticias\/regional-da-ffb-promove-peregrinacao-ao-mosteiro-santa-clara.html#breadcrumb","itemListElement":[{"@type":"ListItem","position":1,"name":"Home","item":"https:\/\/franciscanos.org.br\/noticias"},{"@type":"ListItem","position":2,"name":"Regional da FFB promove peregrina\u00e7\u00e3o ao Mosteiro Santa Clara"}]},{"@type":"Person","@id":"https:\/\/franciscanos.org.br\/noticias\/#\/schema\/person\/b38fbf43118f02820bd932f2e4b14ad3","name":"admin","image":{"@type":"ImageObject","inLanguage":"pt-BR","@id":"https:\/\/franciscanos.org.br\/noticias\/#\/schema\/person\/image\/","url":"https:\/\/secure.gravatar.com\/avatar\/e8495742d34d0ba6448ea1c628263b3e?s=96&d=mm&r=g","contentUrl":"https:\/\/secure.gravatar.com\/avatar\/e8495742d34d0ba6448ea1c628263b3e?s=96&d=mm&r=g","caption":"admin"},"url":"https:\/\/franciscanos.org.br\/noticias\/author\/admin"}]}},"_links":{"self":[{"href":"https:\/\/franciscanos.org.br\/noticias\/wp-json\/wp\/v2\/posts\/15810"}],"collection":[{"href":"https:\/\/franciscanos.org.br\/noticias\/wp-json\/wp\/v2\/posts"}],"about":[{"href":"https:\/\/franciscanos.org.br\/noticias\/wp-json\/wp\/v2\/types\/post"}],"author":[{"embeddable":true,"href":"https:\/\/franciscanos.org.br\/noticias\/wp-json\/wp\/v2\/users\/1"}],"replies":[{"embeddable":true,"href":"https:\/\/franciscanos.org.br\/noticias\/wp-json\/wp\/v2\/comments?post=15810"}],"version-history":[{"count":0,"href":"https:\/\/franciscanos.org.br\/noticias\/wp-json\/wp\/v2\/posts\/15810\/revisions"}],"wp:featuredmedia":[{"embeddable":true,"href":"https:\/\/franciscanos.org.br\/noticias\/wp-json\/wp\/v2\/media\/211163"}],"wp:attachment":[{"href":"https:\/\/franciscanos.org.br\/noticias\/wp-json\/wp\/v2\/media?parent=15810"}],"wp:term":[{"taxonomy":"category","embeddable":true,"href":"https:\/\/franciscanos.org.br\/noticias\/wp-json\/wp\/v2\/categories?post=15810"},{"taxonomy":"post_tag","embeddable":true,"href":"https:\/\/franciscanos.org.br\/noticias\/wp-json\/wp\/v2\/tags?post=15810"}],"curies":[{"name":"wp","href":"https:\/\/api.w.org\/{rel}","templated":true}]}}