{"id":158086,"date":"2018-04-28T18:50:23","date_gmt":"2018-04-28T21:50:23","guid":{"rendered":"http:\/\/franciscanos.org.br\/?p=158086"},"modified":"2019-11-06T07:49:53","modified_gmt":"2019-11-06T10:49:53","slug":"dom-gil-frei-marcos-seja-um-bom-franciscano-que-voce-sera-um-otimo-padre","status":"publish","type":"post","link":"https:\/\/franciscanos.org.br\/noticias\/dom-gil-frei-marcos-seja-um-bom-franciscano-que-voce-sera-um-otimo-padre.html","title":{"rendered":"Dom Gil: \u201cFrei Marcos, seja um bom franciscano que voc\u00ea ser\u00e1 \u00f3timo padre\u201d"},"content":{"rendered":"<p><img loading=\"lazy\" class=\"wp-image-213114 aligncenter\" src=\"https:\/\/franciscanos.org.br\/noticias\/wp-content\/uploads\/2018\/04\/rito_marcos_280418.jpg\" alt=\"\" width=\"891\" height=\"430\" srcset=\"https:\/\/franciscanos.org.br\/noticias\/wp-content\/uploads\/2018\/04\/rito_marcos_280418.jpg 830w, https:\/\/franciscanos.org.br\/noticias\/wp-content\/uploads\/2018\/04\/rito_marcos_280418-450x217.jpg 450w, https:\/\/franciscanos.org.br\/noticias\/wp-content\/uploads\/2018\/04\/rito_marcos_280418-768x370.jpg 768w, https:\/\/franciscanos.org.br\/noticias\/wp-content\/uploads\/2018\/04\/rito_marcos_280418-150x72.jpg 150w\" sizes=\"(max-width: 891px) 100vw, 891px\" \/><\/p>\n<p><strong>Frei Augusto Luiz Gabriel<\/strong><\/p>\n<p><strong>Juiz de Fora (MG) \u2013 <\/strong>Ap\u00f3s 118 anos da comunidade de f\u00e9 da Par\u00f3quia Nossa Senhora das Dores, de Juiz de Fora (MG), no dia 28 de abril de 2018, pela primeira vez foi ordenado um presb\u00edtero ali. Frei Marcos Vinicius Motta Brugger recebeu das m\u00e3os do Arcebispo de Juiz de Fora, Dom Gil Ant\u00f4nio Moreira, o segundo grau do Sacramento da Ordem, o Presbiterato. \u201cSeja um bom franciscano que voc\u00ea vai ser um \u00f3timo padre; seja voc\u00ea, Frei Marcos, um \u00f3timo padre e voc\u00ea ser\u00e1 um \u00f3timo franciscano\u201d, desejou Dom Gil, arcebispo ordenante.<\/p>\n<p>Numa manh\u00e3 com um belo c\u00e9u azul, a igreja ficou lotada para ver esse momento hist\u00f3rico na vida de Frei Marcos, filho desta terra. O lema escolhido pelo ordenando foi extra\u00eddo do Evangelho\u00a0de Mc 1,17, e apresenta a seguinte passagem: \u201cVinde comigo, e eu farei de v\u00f3s pescadores de homens\u201d. A celebra\u00e7\u00e3o, que durou aproximadamente duas horas, foi s\u00f3bria e carregada de\u00a0emo\u00e7\u00e3o e alegria. Al\u00e9m dos seus confrades de turma, que j\u00e1 estavam presentes durante a semana mission\u00e1ria, tamb\u00e9m marcaram presen\u00e7a alguns frades estudantes de Teologia residentes em Petr\u00f3polis (RJ), bem como o delegado do Ministro Provincial e tamb\u00e9m Definidor da Prov\u00edncia Franciscana da Imaculada Concei\u00e7\u00e3o, Frei Paulo Roberto Pereira, conterr\u00e2neo de Frei Marcos, assim como sacerdotes e seminaristas da Arquidiocese.<\/p>\n<p><strong>RITO DE ORDENA\u00c7\u00c3O<\/strong><\/p>\n<p><img loading=\"lazy\" class=\"alignleft wp-image-158092\" src=\"http:\/\/franciscanos.org.br\/wp-content\/uploads\/2018\/04\/marcos_280418_lado.jpg\" alt=\"marcos_280418_lado\" width=\"224\" height=\"353\" \/>Ap\u00f3s a liturgia da palavra, o di\u00e1cono Frei Marcos, aproximando-se do altar deu in\u00edcio ao Rito de Ordena\u00e7\u00e3o Presbiteral. Frei Paulo foi interrogado por Dom Gil: \u201cPodes dizer-me se ele \u00e9 digno deste minist\u00e9rio?\u201d. E Dom Gil ouviu &#8220;que a alegria\u00a0 na Igreja hoje \u00e9 testemunha da idoneidade de Frei Marcos e, em nome da Fraternidade Franciscana, disse que ele cumpriu todas as etapas da forma\u00e7\u00e3o eclesi\u00e1stica. &#8220;Ele est\u00e1 conosco desde o ensino m\u00e9dio em Agudos-SP. Tamb\u00e9m foi aprovado para assumir a Profiss\u00e3o Solene na Ordem dos Frades Menores. Ent\u00e3o, tendo transcorrido este itiner\u00e1rio com muita dedica\u00e7\u00e3o, liberdade e alegria, em nome da nossa Fraternidade, posso atestar que ele \u00e9 digno deste minist\u00e9rio\u201d, garantiu Frei Paulo.<\/p>\n<p>Dom Gil iniciou sua homilia dizendo: \u201cPrezado Frei Marcos, chegou o dia de voc\u00ea ser transfigurado em sacerdote, transfigurado porque a gra\u00e7a que voc\u00ea recebe vem do c\u00e9u, claro! \u00c9 um dom de Deus, que ningu\u00e9m merece nesta terra, porque o que \u00e9 o sacerdote sen\u00e3o aquele que \u00e9 o continuador das obras do Filho de Deus? Jesus homem e Deus: o sacerdote \u00e9 isso. Voc\u00ea, que j\u00e1 encontrou os olhos de Deus voltados pra voc\u00ea desde crian\u00e7a, atrav\u00e9s dos acenos de S\u00e3o Francisco de Assis, depois de passar por toda essa prepara\u00e7\u00e3o e se consagrar perpetuamente a Deus na Ordem dos Frades Menores, hoje atende a mais um chamado, a mais um aceno e sinal de Deus\u201d, enfatizou o arcebispo.<\/p>\n<p>Segundo Dom Gil, Deus o escolheu para ser sacerdote eternamente na Ordem do Rei Melquisedeque. \u201cEssa grande gra\u00e7a que voc\u00ea recebe \u00e9 um dom e ao mesmo tempo uma responsabilidade. Voc\u00ea, al\u00e9m de ser um homem consagrado a Deus, tamb\u00e9m se torna um representante de Jesus Cristo, na ordem sacerdotal. Cristo \u00e9 \u00fanico, e n\u00f3s somos continuadores da obra Dele\u201d, acrescentou.<\/p>\n<p><strong>SER PESCADORES DE HOMENS<\/strong><\/p>\n<p>\u201cN\u00f3s, diante do sacerd\u00f3cio, trememos enquanto pessoas humanas, pois somos fr\u00e1geis, mas, a obra n\u00e3o \u00e9 nossa, \u00e9 de Cristo. E, voc\u00ea hoje, querido Frei Marcos, passa a ser um desses pescadores de gente que Jesus anunciou a Pedro naquele dia em que a pesca se fez t\u00e3o miraculosa, j\u00e1 que o mar e a noite n\u00e3o estavam para peixes. Jesus escolhe, consagra e ilumina para esta fun\u00e7\u00e3o. Como padre, por onde voc\u00ea passar, poder\u00e1 ent\u00e3o realizar a a\u00e7\u00e3o de Cristo. \u00c9 assim que Cristo espera de voc\u00ea, que voc\u00ea o represente. Esta \u00e9 a consci\u00eancia e voc\u00ea deve crescer nela de hoje para frente. Portanto, voc\u00ea, caro Frei Marcos, dever\u00e1 fazer o exerc\u00edcio que os franciscanos sabem fazer muito bem, esconder-se atr\u00e1s de Cristo, quem deve aparecer \u00e9 o pr\u00f3prio Cristo. Quem mais do que S\u00e3o Francisco pode ensinar esta virtude?\u201d, perguntou o arcebispo ao ordenando, e prosseguiu: \u201cCaro Frei Marcos, voc\u00ea hoje assume este desejo de fazer Cristo aparecer e voc\u00ea se esconder\u201d, ressaltou.<\/p>\n<p>O arcebispo encorajou o ordenando a ter coragem e disposi\u00e7\u00e3o para enfrentar os desafios que o minist\u00e9rio sacerdotal traz consigo. Segundo ele, n\u00e3o \u00e9 f\u00e1cil ser padre, embora seja muito gratificante.<\/p>\n<p><img loading=\"lazy\" src=\"http:\/\/franciscanos.org.br\/wp-content\/uploads\/2018\/04\/marcos_280418_2.jpg\" alt=\"marcos_280418_2\" width=\"830\" height=\"400\" \/><\/p>\n<p>Para Dom Gil, o padre \u00e9 o servidor de Deus, ele preside a Eucaristia e tamb\u00e9m os sacramentos, e conduz o povo \u00e0 gra\u00e7a de Deus. \u201cEle \u00e9 servidor da Palavra, ele evangeliza, ele \u00e9 servidor do amor de Deus atrav\u00e9s do pastoreio, das obras de caridade. E \u00e9 nestas coisas que n\u00f3s nos realizamos enquanto padres. Por\u00e9m, o ato mais sublime que dignifica por inteiro a voca\u00e7\u00e3o sacerdotal \u00e9 a celebra\u00e7\u00e3o da Santa Missa. O padre que celebra bem arrasta pessoas para Deus. O padre que celebra mal, n\u00e3o presta servi\u00e7o. \u00c0s vezes, causa at\u00e9 des\u00e2nimo quando um padre preside a Eucaristia de qualquer maneira, como se fosse um ato qualquer. A Missa \u00e9 o ato mais alto que temos na nossa vida. Por isso,\u00a0 n\u00e3o entendo padres que, tendo recebido a ordena\u00e7\u00e3o sacerdotal, n\u00e3o celebram a Missa todos os dias. Mesmo que n\u00e3o se tenha povo, se deve celebrar com piedade quotidianamente\u201d, explicou o arcebispo.<\/p>\n<p>\u201cFrei Marcos, quero lembrar a voc\u00ea o seu inspirador, S\u00e3o Francisco de Assis. Ele o chamou para ser um irm\u00e3o intenso da pobreza, da castidade e da obedi\u00eancia. Voc\u00ea que \u00e9 nascido nesta cidade, cujo padroeiro \u00e9 o franciscano Santo Ant\u00f4nio, desejo que olhe sempre para ele, e queira viver intensamente para Deus. Seja muito bom franciscano que voc\u00ea vai ser um \u00f3timo padre. Seja voc\u00ea, Frei Marcos, um \u00f3timo padre e voc\u00ea ser\u00e1 um \u00f3timo franciscano\u201d, desejou Dom Gil, encerrando sua homilia.<\/p>\n<p><img loading=\"lazy\" src=\"http:\/\/franciscanos.org.br\/wp-content\/uploads\/2018\/04\/marcos_280418_4.jpg\" alt=\"marcos_280418_4\" width=\"830\" height=\"450\" \/><\/p>\n<p>O rito, ent\u00e3o,\u00a0 continuou com o prop\u00f3sito do eleito\u00a0<span style=\"color: #000000;\"><strong>(<a href=\"https:\/\/franciscanos.org.br\/vidacrista\/entenda-o-rito-da-ordenacao-presbiteral\/\">VEJA MAIS SOBRE O RITO DE ORDENA\u00c7\u00c3O<\/a>)<a style=\"color: #000000;\" href=\"http:\/\/franciscanos.org.br\/?p=147709\">.<\/a><\/strong><\/span>\u00a0Em seguida foi cantada a Ladainha de todos os Santos, quando o ordenando prostrou-se como sinal de sua total entrega a Deus. Veio, ent\u00e3o, o momento central da ordena\u00e7\u00e3o com a imposi\u00e7\u00e3o das m\u00e3os e a Prece de Ordena\u00e7\u00e3o. Na sequ\u00eancia, a \u00faltima parte do rito: un\u00e7\u00e3o das m\u00e3os e vesti\u00e7\u00e3o do eleito com a casula e a estola. Frei Neuri Francisco Reinisch, guardi\u00e3o da Fraternidade de Pato Branco (PR), ajudou o novo presb\u00edtero a se paramentar com as vestes sagradas, que foram trazidas pelos seus pais em prociss\u00e3o.<\/p>\n<p>Depois, com a un\u00e7\u00e3o das m\u00e3os com o \u00f3leo do santo Crisma, Dom Gil amarrou as m\u00e3os de Frei Marcos. Seus pais desataram e logo receberam com grande emo\u00e7\u00e3o a primeira b\u00ean\u00e7\u00e3o do neopresb\u00edtero. Seus padrinhos carregaram em prociss\u00e3o o c\u00e1lice e a patena. O rito terminou com o abra\u00e7o fraternal do arcebispo, sacerdotes e religiosos da grande fam\u00edlia franciscana. Na sequ\u00eancia, teve in\u00edcio a liturgia eucar\u00edstica.<\/p>\n<p><strong>AGRADECIMENTOS<\/strong><\/p>\n<p>O neopresb\u00edtero, em seus agradecimentos, recitou de cor uma poesia que recebeu de presente de Frei Walter Hugo de Almeida, que diz:<\/p>\n<p style=\"text-align: left;\"><img loading=\"lazy\" class=\"alignleft wp-image-158095\" src=\"http:\/\/franciscanos.org.br\/wp-content\/uploads\/2018\/04\/marcos_280418_lado2.jpg\" alt=\"marcos_280418_lado2\" width=\"183\" height=\"288\" \/>\u201cFeriste-me, Senhor, com teu perd\u00e3o,<br \/>\nE me inundei de b\u00ean\u00e7\u00e3os pela estrada&#8230;<br \/>\nTrago em mim acordes de uma can\u00e7\u00e3o,<br \/>\nA anunciar teu Reino na jornada.<\/p>\n<p style=\"text-align: left;\">Agora, Senhor, que me seduziste,<br \/>\nN\u00e3o posso mais fugir do teu amor<br \/>\nA vida para mim agora existe<br \/>\nSomente ao rumo alegre: -Teu louvor.<\/p>\n<p style=\"text-align: left;\">O teu chamado virou minha hist\u00f3ria,<br \/>\nDe um horizonte triste para a gl\u00f3ria,<br \/>\nE me jogou na busca da alegria!&#8230;<\/p>\n<p style=\"text-align: left;\">Por isso, conto agora assim feliz<br \/>\nComo cantava Francisco de Assis,<br \/>\nQuem me inspirou seguir-te nesta vida.<\/p>\n<p>Em seguida, complementou: \u201cEu agrade\u00e7o ao senhor, Dom Gil, pela disponibilidade, por ser o pastor que \u00e9, por estar aqui e assim tamb\u00e9m por nos conceder ainda mais este dom e minist\u00e9rio de levar a Palavra de Deus. Eu agrade\u00e7o a toda a Ordem dos Frades Menores, \u00e0 Prov\u00edncia Franciscana da Imaculada Concei\u00e7\u00e3o do Brasil, na pessoa do Definidor Frei Paulo, agrade\u00e7o pela forma\u00e7\u00e3o, pelo companheirismo e pelos anos em que vivemos juntos e ainda viveremos\u201d.<\/p>\n<p>Entregou para o bispo Dom Gil, tamb\u00e9m para Frei Paulo e ao P\u00e1roco Ant\u00f4nio Eduardo, uma singela lembran\u00e7a. Al\u00e9m disso, agradeceu a todo o povo que se fez presente e em especial a comunidade de Pato Branco (PR), local onde Frei Marcos reside atualmente, que lotaram um \u00f4nibus e vieram participar deste momento especial na vida do novo padre.<\/p>\n<p><img loading=\"lazy\" src=\"http:\/\/franciscanos.org.br\/wp-content\/uploads\/2018\/04\/marcos_280418_3.jpg\" alt=\"marcos_280418_3\" width=\"830\" height=\"500\" \/><\/p>\n<p>E, por fim, fez mem\u00f3ria a tr\u00eas pessoas importantes em sua vida: \u201cJ\u00e1 fiz isso na minha ordena\u00e7\u00e3o diaconal e irei repetir agora. Primeiramente, a Dona Aparecida, m\u00e3e do Frei Paulo e professora de ensino religioso do meu tempo de escola, que me encaminhou para os franciscanos, e cumprindo o chamado dela, hoje aqui estou. Tamb\u00e9m agrade\u00e7o \u00e0 minha av\u00f3, com a qual moramos um tempo juntos, e agrade\u00e7o ao Frei Nelson Rabelo, que me ajudou a cumprir o minist\u00e9rio do diaconato e agora intercede pelo minist\u00e9rio presbiteral que assumi hoje\u201d. E, por fim, agradeceu com imensa alegria aos familiares, entregando flores para a m\u00e3e.<\/p>\n<p>Frei Olivo Marafon, p\u00e1roco da Par\u00f3quia S\u00e3o Pedro Ap\u00f3stolo, com a ajuda de seus paroquianos, entregou ao p\u00e1roco Ant\u00f4nio Eduardo um quadro que traz ilustrado o painel interior da igreja paranaense.<\/p>\n<p>Ap\u00f3s a b\u00ean\u00e7\u00e3o final, foi servido almo\u00e7o a todos os presentes, preparado pela comunidade paroquial local.<\/p>\n<p>Frei Marcos celebra sua Primeira Missa neste domingo, \u00e0s 09h30, na Par\u00f3quia Nossa Senhora das Dores e ter\u00e1 como pregador Frei Paulo Roberto Pereira.<\/p>\n","protected":false},"excerpt":{"rendered":"<p>Ordena\u00e7\u00e3o Presbiteral de Frei Marcos Vinicius Motta Brugger<\/p>\n","protected":false},"author":5,"featured_media":193875,"comment_status":"open","ping_status":"open","sticky":false,"template":"","format":"standard","meta":[],"categories":[1],"tags":[1185,157],"acf":[],"yoast_head":"<!-- This site is optimized with the Yoast SEO plugin v19.2 - https:\/\/yoast.com\/wordpress\/plugins\/seo\/ -->\n<title>Dom Gil: \u201cFrei Marcos, seja um bom franciscano que voc\u00ea ser\u00e1 \u00f3timo padre\u201d - Not\u00edcias - Franciscanos<\/title>\n<meta name=\"robots\" content=\"index, follow, max-snippet:-1, max-image-preview:large, max-video-preview:-1\" \/>\n<link rel=\"canonical\" href=\"https:\/\/franciscanos.org.br\/noticias\/dom-gil-frei-marcos-seja-um-bom-franciscano-que-voce-sera-um-otimo-padre.html\" \/>\n<meta property=\"og:locale\" content=\"pt_BR\" \/>\n<meta property=\"og:type\" content=\"article\" \/>\n<meta property=\"og:title\" content=\"Dom Gil: \u201cFrei Marcos, seja um bom franciscano que voc\u00ea ser\u00e1 \u00f3timo padre\u201d - Not\u00edcias - Franciscanos\" \/>\n<meta property=\"og:description\" content=\"Ordena\u00e7\u00e3o Presbiteral de Frei Marcos Vinicius Motta Brugger\" \/>\n<meta property=\"og:url\" content=\"https:\/\/franciscanos.org.br\/noticias\/dom-gil-frei-marcos-seja-um-bom-franciscano-que-voce-sera-um-otimo-padre.html\" \/>\n<meta property=\"og:site_name\" content=\"Not\u00edcias - Franciscanos\" \/>\n<meta property=\"article:published_time\" content=\"2018-04-28T21:50:23+00:00\" \/>\n<meta property=\"article:modified_time\" content=\"2019-11-06T10:49:53+00:00\" \/>\n<meta property=\"og:image\" content=\"https:\/\/franciscanos.org.br\/noticias\/wp-content\/uploads\/2018\/04\/marcos_280418d.jpg\" \/>\n\t<meta property=\"og:image:width\" content=\"273\" \/>\n\t<meta property=\"og:image:height\" content=\"181\" \/>\n\t<meta property=\"og:image:type\" content=\"image\/jpeg\" \/>\n<meta name=\"author\" content=\"freiaugusto\" \/>\n<meta name=\"twitter:card\" content=\"summary_large_image\" \/>\n<meta name=\"twitter:label1\" content=\"Escrito por\" \/>\n\t<meta name=\"twitter:data1\" content=\"freiaugusto\" \/>\n\t<meta name=\"twitter:label2\" content=\"Est. tempo de leitura\" \/>\n\t<meta name=\"twitter:data2\" content=\"8 minutos\" \/>\n<script type=\"application\/ld+json\" class=\"yoast-schema-graph\">{\"@context\":\"https:\/\/schema.org\",\"@graph\":[{\"@type\":\"WebSite\",\"@id\":\"https:\/\/franciscanos.org.br\/noticias\/#website\",\"url\":\"https:\/\/franciscanos.org.br\/noticias\/\",\"name\":\"Not\u00edcias - Franciscanos\",\"description\":\"Prov\u00edncia Franciscana da Imaculada Concei\u00e7\u00e3o do Brasil - Ordem dos Frades Menores - OFM\",\"potentialAction\":[{\"@type\":\"SearchAction\",\"target\":{\"@type\":\"EntryPoint\",\"urlTemplate\":\"https:\/\/franciscanos.org.br\/noticias\/?s={search_term_string}\"},\"query-input\":\"required name=search_term_string\"}],\"inLanguage\":\"pt-BR\"},{\"@type\":\"ImageObject\",\"inLanguage\":\"pt-BR\",\"@id\":\"https:\/\/franciscanos.org.br\/noticias\/dom-gil-frei-marcos-seja-um-bom-franciscano-que-voce-sera-um-otimo-padre.html#primaryimage\",\"url\":\"https:\/\/franciscanos.org.br\/noticias\/wp-content\/uploads\/2018\/04\/marcos_280418d.jpg\",\"contentUrl\":\"https:\/\/franciscanos.org.br\/noticias\/wp-content\/uploads\/2018\/04\/marcos_280418d.jpg\",\"width\":273,\"height\":181},{\"@type\":\"WebPage\",\"@id\":\"https:\/\/franciscanos.org.br\/noticias\/dom-gil-frei-marcos-seja-um-bom-franciscano-que-voce-sera-um-otimo-padre.html#webpage\",\"url\":\"https:\/\/franciscanos.org.br\/noticias\/dom-gil-frei-marcos-seja-um-bom-franciscano-que-voce-sera-um-otimo-padre.html\",\"name\":\"Dom Gil: \u201cFrei Marcos, seja um bom franciscano que voc\u00ea ser\u00e1 \u00f3timo padre\u201d - Not\u00edcias - Franciscanos\",\"isPartOf\":{\"@id\":\"https:\/\/franciscanos.org.br\/noticias\/#website\"},\"primaryImageOfPage\":{\"@id\":\"https:\/\/franciscanos.org.br\/noticias\/dom-gil-frei-marcos-seja-um-bom-franciscano-que-voce-sera-um-otimo-padre.html#primaryimage\"},\"datePublished\":\"2018-04-28T21:50:23+00:00\",\"dateModified\":\"2019-11-06T10:49:53+00:00\",\"author\":{\"@id\":\"https:\/\/franciscanos.org.br\/noticias\/#\/schema\/person\/37f88f0d111cd5358b12a6556a99eb91\"},\"breadcrumb\":{\"@id\":\"https:\/\/franciscanos.org.br\/noticias\/dom-gil-frei-marcos-seja-um-bom-franciscano-que-voce-sera-um-otimo-padre.html#breadcrumb\"},\"inLanguage\":\"pt-BR\",\"potentialAction\":[{\"@type\":\"ReadAction\",\"target\":[\"https:\/\/franciscanos.org.br\/noticias\/dom-gil-frei-marcos-seja-um-bom-franciscano-que-voce-sera-um-otimo-padre.html\"]}]},{\"@type\":\"BreadcrumbList\",\"@id\":\"https:\/\/franciscanos.org.br\/noticias\/dom-gil-frei-marcos-seja-um-bom-franciscano-que-voce-sera-um-otimo-padre.html#breadcrumb\",\"itemListElement\":[{\"@type\":\"ListItem\",\"position\":1,\"name\":\"Home\",\"item\":\"https:\/\/franciscanos.org.br\/noticias\"},{\"@type\":\"ListItem\",\"position\":2,\"name\":\"Dom Gil: \u201cFrei Marcos, seja um bom franciscano que voc\u00ea ser\u00e1 \u00f3timo padre\u201d\"}]},{\"@type\":\"Person\",\"@id\":\"https:\/\/franciscanos.org.br\/noticias\/#\/schema\/person\/37f88f0d111cd5358b12a6556a99eb91\",\"name\":\"freiaugusto\",\"image\":{\"@type\":\"ImageObject\",\"inLanguage\":\"pt-BR\",\"@id\":\"https:\/\/franciscanos.org.br\/noticias\/#\/schema\/person\/image\/\",\"url\":\"https:\/\/secure.gravatar.com\/avatar\/9840b940e621801b24f3e6b059efb4b7?s=96&d=mm&r=g\",\"contentUrl\":\"https:\/\/secure.gravatar.com\/avatar\/9840b940e621801b24f3e6b059efb4b7?s=96&d=mm&r=g\",\"caption\":\"freiaugusto\"},\"url\":\"https:\/\/franciscanos.org.br\/noticias\/author\/freiaugusto\"}]}<\/script>\n<!-- \/ Yoast SEO plugin. -->","yoast_head_json":{"title":"Dom Gil: \u201cFrei Marcos, seja um bom franciscano que voc\u00ea ser\u00e1 \u00f3timo padre\u201d - Not\u00edcias - Franciscanos","robots":{"index":"index","follow":"follow","max-snippet":"max-snippet:-1","max-image-preview":"max-image-preview:large","max-video-preview":"max-video-preview:-1"},"canonical":"https:\/\/franciscanos.org.br\/noticias\/dom-gil-frei-marcos-seja-um-bom-franciscano-que-voce-sera-um-otimo-padre.html","og_locale":"pt_BR","og_type":"article","og_title":"Dom Gil: \u201cFrei Marcos, seja um bom franciscano que voc\u00ea ser\u00e1 \u00f3timo padre\u201d - Not\u00edcias - Franciscanos","og_description":"Ordena\u00e7\u00e3o Presbiteral de Frei Marcos Vinicius Motta Brugger","og_url":"https:\/\/franciscanos.org.br\/noticias\/dom-gil-frei-marcos-seja-um-bom-franciscano-que-voce-sera-um-otimo-padre.html","og_site_name":"Not\u00edcias - Franciscanos","article_published_time":"2018-04-28T21:50:23+00:00","article_modified_time":"2019-11-06T10:49:53+00:00","og_image":[{"width":273,"height":181,"url":"https:\/\/franciscanos.org.br\/noticias\/wp-content\/uploads\/2018\/04\/marcos_280418d.jpg","type":"image\/jpeg"}],"author":"freiaugusto","twitter_card":"summary_large_image","twitter_misc":{"Escrito por":"freiaugusto","Est. tempo de leitura":"8 minutos"},"schema":{"@context":"https:\/\/schema.org","@graph":[{"@type":"WebSite","@id":"https:\/\/franciscanos.org.br\/noticias\/#website","url":"https:\/\/franciscanos.org.br\/noticias\/","name":"Not\u00edcias - Franciscanos","description":"Prov\u00edncia Franciscana da Imaculada Concei\u00e7\u00e3o do Brasil - Ordem dos Frades Menores - OFM","potentialAction":[{"@type":"SearchAction","target":{"@type":"EntryPoint","urlTemplate":"https:\/\/franciscanos.org.br\/noticias\/?s={search_term_string}"},"query-input":"required name=search_term_string"}],"inLanguage":"pt-BR"},{"@type":"ImageObject","inLanguage":"pt-BR","@id":"https:\/\/franciscanos.org.br\/noticias\/dom-gil-frei-marcos-seja-um-bom-franciscano-que-voce-sera-um-otimo-padre.html#primaryimage","url":"https:\/\/franciscanos.org.br\/noticias\/wp-content\/uploads\/2018\/04\/marcos_280418d.jpg","contentUrl":"https:\/\/franciscanos.org.br\/noticias\/wp-content\/uploads\/2018\/04\/marcos_280418d.jpg","width":273,"height":181},{"@type":"WebPage","@id":"https:\/\/franciscanos.org.br\/noticias\/dom-gil-frei-marcos-seja-um-bom-franciscano-que-voce-sera-um-otimo-padre.html#webpage","url":"https:\/\/franciscanos.org.br\/noticias\/dom-gil-frei-marcos-seja-um-bom-franciscano-que-voce-sera-um-otimo-padre.html","name":"Dom Gil: \u201cFrei Marcos, seja um bom franciscano que voc\u00ea ser\u00e1 \u00f3timo padre\u201d - Not\u00edcias - Franciscanos","isPartOf":{"@id":"https:\/\/franciscanos.org.br\/noticias\/#website"},"primaryImageOfPage":{"@id":"https:\/\/franciscanos.org.br\/noticias\/dom-gil-frei-marcos-seja-um-bom-franciscano-que-voce-sera-um-otimo-padre.html#primaryimage"},"datePublished":"2018-04-28T21:50:23+00:00","dateModified":"2019-11-06T10:49:53+00:00","author":{"@id":"https:\/\/franciscanos.org.br\/noticias\/#\/schema\/person\/37f88f0d111cd5358b12a6556a99eb91"},"breadcrumb":{"@id":"https:\/\/franciscanos.org.br\/noticias\/dom-gil-frei-marcos-seja-um-bom-franciscano-que-voce-sera-um-otimo-padre.html#breadcrumb"},"inLanguage":"pt-BR","potentialAction":[{"@type":"ReadAction","target":["https:\/\/franciscanos.org.br\/noticias\/dom-gil-frei-marcos-seja-um-bom-franciscano-que-voce-sera-um-otimo-padre.html"]}]},{"@type":"BreadcrumbList","@id":"https:\/\/franciscanos.org.br\/noticias\/dom-gil-frei-marcos-seja-um-bom-franciscano-que-voce-sera-um-otimo-padre.html#breadcrumb","itemListElement":[{"@type":"ListItem","position":1,"name":"Home","item":"https:\/\/franciscanos.org.br\/noticias"},{"@type":"ListItem","position":2,"name":"Dom Gil: \u201cFrei Marcos, seja um bom franciscano que voc\u00ea ser\u00e1 \u00f3timo padre\u201d"}]},{"@type":"Person","@id":"https:\/\/franciscanos.org.br\/noticias\/#\/schema\/person\/37f88f0d111cd5358b12a6556a99eb91","name":"freiaugusto","image":{"@type":"ImageObject","inLanguage":"pt-BR","@id":"https:\/\/franciscanos.org.br\/noticias\/#\/schema\/person\/image\/","url":"https:\/\/secure.gravatar.com\/avatar\/9840b940e621801b24f3e6b059efb4b7?s=96&d=mm&r=g","contentUrl":"https:\/\/secure.gravatar.com\/avatar\/9840b940e621801b24f3e6b059efb4b7?s=96&d=mm&r=g","caption":"freiaugusto"},"url":"https:\/\/franciscanos.org.br\/noticias\/author\/freiaugusto"}]}},"_links":{"self":[{"href":"https:\/\/franciscanos.org.br\/noticias\/wp-json\/wp\/v2\/posts\/158086"}],"collection":[{"href":"https:\/\/franciscanos.org.br\/noticias\/wp-json\/wp\/v2\/posts"}],"about":[{"href":"https:\/\/franciscanos.org.br\/noticias\/wp-json\/wp\/v2\/types\/post"}],"author":[{"embeddable":true,"href":"https:\/\/franciscanos.org.br\/noticias\/wp-json\/wp\/v2\/users\/5"}],"replies":[{"embeddable":true,"href":"https:\/\/franciscanos.org.br\/noticias\/wp-json\/wp\/v2\/comments?post=158086"}],"version-history":[{"count":0,"href":"https:\/\/franciscanos.org.br\/noticias\/wp-json\/wp\/v2\/posts\/158086\/revisions"}],"wp:featuredmedia":[{"embeddable":true,"href":"https:\/\/franciscanos.org.br\/noticias\/wp-json\/wp\/v2\/media\/193875"}],"wp:attachment":[{"href":"https:\/\/franciscanos.org.br\/noticias\/wp-json\/wp\/v2\/media?parent=158086"}],"wp:term":[{"taxonomy":"category","embeddable":true,"href":"https:\/\/franciscanos.org.br\/noticias\/wp-json\/wp\/v2\/categories?post=158086"},{"taxonomy":"post_tag","embeddable":true,"href":"https:\/\/franciscanos.org.br\/noticias\/wp-json\/wp\/v2\/tags?post=158086"}],"curies":[{"name":"wp","href":"https:\/\/api.w.org\/{rel}","templated":true}]}}