{"id":157942,"date":"2018-04-27T07:31:17","date_gmt":"2018-04-27T10:31:17","guid":{"rendered":"http:\/\/franciscanos.org.br\/?p=157942"},"modified":"2020-06-07T15:45:11","modified_gmt":"2020-06-07T18:45:11","slug":"o-ceu-nao-e-abstrato-mas-o-encontro-com-jesus","status":"publish","type":"post","link":"https:\/\/franciscanos.org.br\/noticias\/o-ceu-nao-e-abstrato-mas-o-encontro-com-jesus.html","title":{"rendered":"O c\u00e9u n\u00e3o \u00e9 abstrato, mas o encontro com Jesus"},"content":{"rendered":"<p><img loading=\"lazy\" src=\"http:\/\/franciscanos.org.br\/wp-content\/uploads\/2018\/04\/papa_270418.jpg\" alt=\"papa_270418\" width=\"820\" height=\"461\" \/><\/p>\n<p>O Papa Francisco celebrou na manh\u00e3 desta sexta-feira (27\/04) a missa na capela da Casa Santa Marta e dedicou sua homilia \u00e0 Primeira Leitura. Trata-se do trecho dos Atos dos ap\u00f3stolos, com o discurso de Paulo na sinagoga de Antioquia.<\/p>\n<p>Os habitantes de Jerusal\u00e9m, e os seus chefes, diz o Ap\u00f3stolo, n\u00e3o reconheceram Jesus, mas Ele ressuscitou depois de morto. E assim conclui: \u201cN\u00f3s vos anunciamos que a promessa que Deus fez aos antepassados, ele a cumpriu para n\u00f3s, seus filhos, quando ressuscitou Jesus\u201d.<\/p>\n<p><strong>Fidelidade de Deus<\/strong><br \/>\nTendo no cora\u00e7\u00e3o esta promessa de Deus, prosseguiu o Papa, o povo se colocou em caminho com a seguran\u00e7a de saber que era o \u201cpovo eleito\u201d. O povo, com frequ\u00eancia infiel, \u201cconfiava na promessa, porque sabia que Deus \u00e9 fiel\u201d. Por isso ia avante, confiante na fidelidade de Deus.<\/p>\n<p>Tamb\u00e9m n\u00f3s estamos em caminho: n\u00f3s estamos em caminho. Estamos em caminho\u2026 e quando fazemos esta pergunta \u2013 \u201cSim, em caminho: mas em caminho para onde?\u201d \u2013 \u201cSim, para o c\u00e9u!\u201d \u2013 \u201cE o que \u00e9 o c\u00e9u?\u201d. E ali come\u00e7amos a escorregar nas respostas, n\u00e3o sabemos bem como dizer \u201co que \u00e9 o c\u00e9u\u201d. E muitas vezes pensamos num c\u00e9u abstrato, um c\u00e9u distante, um c\u00e9u\u2026 sim, ali se est\u00e1 bem. Alguns pensam: \u201cMas ser\u00e1 um pouco entediante estar ali toda a eternidade?\u201d. N\u00e3o: o c\u00e9u n\u00e3o \u00e9 isso. N\u00f3s caminhamos rumo a um encontro: o encontro definitivo com Jesus. O c\u00e9u \u00e9 o encontro com Jesus.<\/p>\n<p>Um encontro que nos far\u00e1 alegrar para sempre, afirmou Francisco, \u201cJesus, Deus e homem; Jesus, em corpo e alma, nos espera\u201d.<\/p>\n<p><strong>Tende f\u00e9 em mim tamb\u00e9m<\/strong><br \/>\nPara Francisco, devemos pensar nisto: \u201cEu estou caminhando na vida para encontrar Jesus. E o que faz Jesus enquanto isso? Ele n\u00e3o est\u00e1 sentando me esperando, mas, como diz o Evangelho, trabalha para n\u00f3s. Ele mesmo diz: \u2018Tende f\u00e9 em mim tamb\u00e9m\u2019, \u2018Vou preparar um lugar para v\u00f3s\u2019\u201d.<\/p>\n<p>\u201cE qual \u00e9 o trabalho de Jesus? A intercess\u00e3o. A ora\u00e7\u00e3o de intercess\u00e3o\u201d, explicou o Papa.<\/p>\n<p>Jesus reza por mim, por cada um de n\u00f3s. Mas isso devemos repeti-lo para nos convencer: Ele \u00e9 fiel e Ele reza por mim. Neste momento.<\/p>\n<p>Francisco recordou as palavras de Jesus na \u00daltima Ceia, quando promete a Pedro: \u201cEu rezarei por ti\u201d. \u201cO que ele disse a Pedro diz a todos n\u00f3s: \u2018Eu rezo por ti\u2019\u201d.<\/p>\n<p>E cada um de n\u00f3s deve dizer: \u201cJesus est\u00e1 rezando por mim\u201d, est\u00e1 trabalhando, est\u00e1 preparando aquele lugar. E Ele \u00e9 fiel; Ele \u00e9 fiel: o far\u00e1 porque prometeu. O c\u00e9u ser\u00e1 este encontro, um encontro com o Senhor que foi ali preparar o lugar, o encontro com cada um de n\u00f3s. E isso nos d\u00e1 confian\u00e7a, faz crescer a confian\u00e7a.<\/p>\n<p>Jesus \u00e9 o sacerdote intercessor at\u00e9 o final do mundo, lembrou o Papa, que concluiu: \u201cQue o Senhor nos d\u00ea esta consci\u00eancia de estar em caminho com esta promessa. O Senhor nos d\u00ea esta gra\u00e7a: de olhar para o alto e pensar: \u2018O Senhor est\u00e1 rezando por mim\u2019\u201d.<\/p>\n<hr \/>\n<p><em>Fonte: Vatican News<\/em><\/p>\n","protected":false},"excerpt":{"rendered":"<p>Missa em Santa Marta<\/p>\n","protected":false},"author":1,"featured_media":223590,"comment_status":"open","ping_status":"open","sticky":false,"template":"","format":"standard","meta":[],"categories":[1428],"tags":[1586],"acf":[],"yoast_head":"<!-- This site is optimized with the Yoast SEO plugin v19.2 - https:\/\/yoast.com\/wordpress\/plugins\/seo\/ -->\n<title>O c\u00e9u n\u00e3o \u00e9 abstrato, mas o encontro com Jesus - Not\u00edcias - Franciscanos<\/title>\n<meta name=\"robots\" content=\"index, follow, max-snippet:-1, max-image-preview:large, max-video-preview:-1\" \/>\n<link rel=\"canonical\" href=\"https:\/\/franciscanos.org.br\/noticias\/o-ceu-nao-e-abstrato-mas-o-encontro-com-jesus.html\" \/>\n<meta property=\"og:locale\" content=\"pt_BR\" \/>\n<meta property=\"og:type\" content=\"article\" \/>\n<meta property=\"og:title\" content=\"O c\u00e9u n\u00e3o \u00e9 abstrato, mas o encontro com Jesus - Not\u00edcias - Franciscanos\" \/>\n<meta property=\"og:description\" content=\"Missa em Santa Marta\" \/>\n<meta property=\"og:url\" content=\"https:\/\/franciscanos.org.br\/noticias\/o-ceu-nao-e-abstrato-mas-o-encontro-com-jesus.html\" \/>\n<meta property=\"og:site_name\" content=\"Not\u00edcias - Franciscanos\" \/>\n<meta property=\"article:published_time\" content=\"2018-04-27T10:31:17+00:00\" \/>\n<meta property=\"article:modified_time\" content=\"2020-06-07T18:45:11+00:00\" \/>\n<meta property=\"og:image\" content=\"https:\/\/franciscanos.org.br\/noticias\/wp-content\/uploads\/2018\/04\/papa_270418.jpg\" \/>\n\t<meta property=\"og:image:width\" content=\"800\" \/>\n\t<meta property=\"og:image:height\" content=\"601\" \/>\n\t<meta property=\"og:image:type\" content=\"image\/jpeg\" \/>\n<meta name=\"author\" content=\"admin\" \/>\n<meta name=\"twitter:card\" content=\"summary_large_image\" \/>\n<meta name=\"twitter:label1\" content=\"Escrito por\" \/>\n\t<meta name=\"twitter:data1\" content=\"admin\" \/>\n\t<meta name=\"twitter:label2\" content=\"Est. tempo de leitura\" \/>\n\t<meta name=\"twitter:data2\" content=\"3 minutos\" \/>\n<script type=\"application\/ld+json\" class=\"yoast-schema-graph\">{\"@context\":\"https:\/\/schema.org\",\"@graph\":[{\"@type\":\"WebSite\",\"@id\":\"https:\/\/franciscanos.org.br\/noticias\/#website\",\"url\":\"https:\/\/franciscanos.org.br\/noticias\/\",\"name\":\"Not\u00edcias - Franciscanos\",\"description\":\"Prov\u00edncia Franciscana da Imaculada Concei\u00e7\u00e3o do Brasil - Ordem dos Frades Menores - OFM\",\"potentialAction\":[{\"@type\":\"SearchAction\",\"target\":{\"@type\":\"EntryPoint\",\"urlTemplate\":\"https:\/\/franciscanos.org.br\/noticias\/?s={search_term_string}\"},\"query-input\":\"required name=search_term_string\"}],\"inLanguage\":\"pt-BR\"},{\"@type\":\"ImageObject\",\"inLanguage\":\"pt-BR\",\"@id\":\"https:\/\/franciscanos.org.br\/noticias\/o-ceu-nao-e-abstrato-mas-o-encontro-com-jesus.html#primaryimage\",\"url\":\"https:\/\/franciscanos.org.br\/noticias\/wp-content\/uploads\/2018\/04\/papa_270418.jpg\",\"contentUrl\":\"https:\/\/franciscanos.org.br\/noticias\/wp-content\/uploads\/2018\/04\/papa_270418.jpg\",\"width\":800,\"height\":601},{\"@type\":\"WebPage\",\"@id\":\"https:\/\/franciscanos.org.br\/noticias\/o-ceu-nao-e-abstrato-mas-o-encontro-com-jesus.html#webpage\",\"url\":\"https:\/\/franciscanos.org.br\/noticias\/o-ceu-nao-e-abstrato-mas-o-encontro-com-jesus.html\",\"name\":\"O c\u00e9u n\u00e3o \u00e9 abstrato, mas o encontro com Jesus - Not\u00edcias - Franciscanos\",\"isPartOf\":{\"@id\":\"https:\/\/franciscanos.org.br\/noticias\/#website\"},\"primaryImageOfPage\":{\"@id\":\"https:\/\/franciscanos.org.br\/noticias\/o-ceu-nao-e-abstrato-mas-o-encontro-com-jesus.html#primaryimage\"},\"datePublished\":\"2018-04-27T10:31:17+00:00\",\"dateModified\":\"2020-06-07T18:45:11+00:00\",\"author\":{\"@id\":\"https:\/\/franciscanos.org.br\/noticias\/#\/schema\/person\/b38fbf43118f02820bd932f2e4b14ad3\"},\"breadcrumb\":{\"@id\":\"https:\/\/franciscanos.org.br\/noticias\/o-ceu-nao-e-abstrato-mas-o-encontro-com-jesus.html#breadcrumb\"},\"inLanguage\":\"pt-BR\",\"potentialAction\":[{\"@type\":\"ReadAction\",\"target\":[\"https:\/\/franciscanos.org.br\/noticias\/o-ceu-nao-e-abstrato-mas-o-encontro-com-jesus.html\"]}]},{\"@type\":\"BreadcrumbList\",\"@id\":\"https:\/\/franciscanos.org.br\/noticias\/o-ceu-nao-e-abstrato-mas-o-encontro-com-jesus.html#breadcrumb\",\"itemListElement\":[{\"@type\":\"ListItem\",\"position\":1,\"name\":\"Home\",\"item\":\"https:\/\/franciscanos.org.br\/noticias\"},{\"@type\":\"ListItem\",\"position\":2,\"name\":\"O c\u00e9u n\u00e3o \u00e9 abstrato, mas o encontro com Jesus\"}]},{\"@type\":\"Person\",\"@id\":\"https:\/\/franciscanos.org.br\/noticias\/#\/schema\/person\/b38fbf43118f02820bd932f2e4b14ad3\",\"name\":\"admin\",\"image\":{\"@type\":\"ImageObject\",\"inLanguage\":\"pt-BR\",\"@id\":\"https:\/\/franciscanos.org.br\/noticias\/#\/schema\/person\/image\/\",\"url\":\"https:\/\/secure.gravatar.com\/avatar\/e8495742d34d0ba6448ea1c628263b3e?s=96&d=mm&r=g\",\"contentUrl\":\"https:\/\/secure.gravatar.com\/avatar\/e8495742d34d0ba6448ea1c628263b3e?s=96&d=mm&r=g\",\"caption\":\"admin\"},\"url\":\"https:\/\/franciscanos.org.br\/noticias\/author\/admin\"}]}<\/script>\n<!-- \/ Yoast SEO plugin. -->","yoast_head_json":{"title":"O c\u00e9u n\u00e3o \u00e9 abstrato, mas o encontro com Jesus - Not\u00edcias - Franciscanos","robots":{"index":"index","follow":"follow","max-snippet":"max-snippet:-1","max-image-preview":"max-image-preview:large","max-video-preview":"max-video-preview:-1"},"canonical":"https:\/\/franciscanos.org.br\/noticias\/o-ceu-nao-e-abstrato-mas-o-encontro-com-jesus.html","og_locale":"pt_BR","og_type":"article","og_title":"O c\u00e9u n\u00e3o \u00e9 abstrato, mas o encontro com Jesus - Not\u00edcias - Franciscanos","og_description":"Missa em Santa Marta","og_url":"https:\/\/franciscanos.org.br\/noticias\/o-ceu-nao-e-abstrato-mas-o-encontro-com-jesus.html","og_site_name":"Not\u00edcias - Franciscanos","article_published_time":"2018-04-27T10:31:17+00:00","article_modified_time":"2020-06-07T18:45:11+00:00","og_image":[{"width":800,"height":601,"url":"https:\/\/franciscanos.org.br\/noticias\/wp-content\/uploads\/2018\/04\/papa_270418.jpg","type":"image\/jpeg"}],"author":"admin","twitter_card":"summary_large_image","twitter_misc":{"Escrito por":"admin","Est. tempo de leitura":"3 minutos"},"schema":{"@context":"https:\/\/schema.org","@graph":[{"@type":"WebSite","@id":"https:\/\/franciscanos.org.br\/noticias\/#website","url":"https:\/\/franciscanos.org.br\/noticias\/","name":"Not\u00edcias - Franciscanos","description":"Prov\u00edncia Franciscana da Imaculada Concei\u00e7\u00e3o do Brasil - Ordem dos Frades Menores - OFM","potentialAction":[{"@type":"SearchAction","target":{"@type":"EntryPoint","urlTemplate":"https:\/\/franciscanos.org.br\/noticias\/?s={search_term_string}"},"query-input":"required name=search_term_string"}],"inLanguage":"pt-BR"},{"@type":"ImageObject","inLanguage":"pt-BR","@id":"https:\/\/franciscanos.org.br\/noticias\/o-ceu-nao-e-abstrato-mas-o-encontro-com-jesus.html#primaryimage","url":"https:\/\/franciscanos.org.br\/noticias\/wp-content\/uploads\/2018\/04\/papa_270418.jpg","contentUrl":"https:\/\/franciscanos.org.br\/noticias\/wp-content\/uploads\/2018\/04\/papa_270418.jpg","width":800,"height":601},{"@type":"WebPage","@id":"https:\/\/franciscanos.org.br\/noticias\/o-ceu-nao-e-abstrato-mas-o-encontro-com-jesus.html#webpage","url":"https:\/\/franciscanos.org.br\/noticias\/o-ceu-nao-e-abstrato-mas-o-encontro-com-jesus.html","name":"O c\u00e9u n\u00e3o \u00e9 abstrato, mas o encontro com Jesus - Not\u00edcias - Franciscanos","isPartOf":{"@id":"https:\/\/franciscanos.org.br\/noticias\/#website"},"primaryImageOfPage":{"@id":"https:\/\/franciscanos.org.br\/noticias\/o-ceu-nao-e-abstrato-mas-o-encontro-com-jesus.html#primaryimage"},"datePublished":"2018-04-27T10:31:17+00:00","dateModified":"2020-06-07T18:45:11+00:00","author":{"@id":"https:\/\/franciscanos.org.br\/noticias\/#\/schema\/person\/b38fbf43118f02820bd932f2e4b14ad3"},"breadcrumb":{"@id":"https:\/\/franciscanos.org.br\/noticias\/o-ceu-nao-e-abstrato-mas-o-encontro-com-jesus.html#breadcrumb"},"inLanguage":"pt-BR","potentialAction":[{"@type":"ReadAction","target":["https:\/\/franciscanos.org.br\/noticias\/o-ceu-nao-e-abstrato-mas-o-encontro-com-jesus.html"]}]},{"@type":"BreadcrumbList","@id":"https:\/\/franciscanos.org.br\/noticias\/o-ceu-nao-e-abstrato-mas-o-encontro-com-jesus.html#breadcrumb","itemListElement":[{"@type":"ListItem","position":1,"name":"Home","item":"https:\/\/franciscanos.org.br\/noticias"},{"@type":"ListItem","position":2,"name":"O c\u00e9u n\u00e3o \u00e9 abstrato, mas o encontro com Jesus"}]},{"@type":"Person","@id":"https:\/\/franciscanos.org.br\/noticias\/#\/schema\/person\/b38fbf43118f02820bd932f2e4b14ad3","name":"admin","image":{"@type":"ImageObject","inLanguage":"pt-BR","@id":"https:\/\/franciscanos.org.br\/noticias\/#\/schema\/person\/image\/","url":"https:\/\/secure.gravatar.com\/avatar\/e8495742d34d0ba6448ea1c628263b3e?s=96&d=mm&r=g","contentUrl":"https:\/\/secure.gravatar.com\/avatar\/e8495742d34d0ba6448ea1c628263b3e?s=96&d=mm&r=g","caption":"admin"},"url":"https:\/\/franciscanos.org.br\/noticias\/author\/admin"}]}},"_links":{"self":[{"href":"https:\/\/franciscanos.org.br\/noticias\/wp-json\/wp\/v2\/posts\/157942"}],"collection":[{"href":"https:\/\/franciscanos.org.br\/noticias\/wp-json\/wp\/v2\/posts"}],"about":[{"href":"https:\/\/franciscanos.org.br\/noticias\/wp-json\/wp\/v2\/types\/post"}],"author":[{"embeddable":true,"href":"https:\/\/franciscanos.org.br\/noticias\/wp-json\/wp\/v2\/users\/1"}],"replies":[{"embeddable":true,"href":"https:\/\/franciscanos.org.br\/noticias\/wp-json\/wp\/v2\/comments?post=157942"}],"version-history":[{"count":2,"href":"https:\/\/franciscanos.org.br\/noticias\/wp-json\/wp\/v2\/posts\/157942\/revisions"}],"predecessor-version":[{"id":224994,"href":"https:\/\/franciscanos.org.br\/noticias\/wp-json\/wp\/v2\/posts\/157942\/revisions\/224994"}],"wp:featuredmedia":[{"embeddable":true,"href":"https:\/\/franciscanos.org.br\/noticias\/wp-json\/wp\/v2\/media\/223590"}],"wp:attachment":[{"href":"https:\/\/franciscanos.org.br\/noticias\/wp-json\/wp\/v2\/media?parent=157942"}],"wp:term":[{"taxonomy":"category","embeddable":true,"href":"https:\/\/franciscanos.org.br\/noticias\/wp-json\/wp\/v2\/categories?post=157942"},{"taxonomy":"post_tag","embeddable":true,"href":"https:\/\/franciscanos.org.br\/noticias\/wp-json\/wp\/v2\/tags?post=157942"}],"curies":[{"name":"wp","href":"https:\/\/api.w.org\/{rel}","templated":true}]}}