{"id":157829,"date":"2018-04-26T07:27:10","date_gmt":"2018-04-26T10:27:10","guid":{"rendered":"http:\/\/franciscanos.org.br\/?p=157829"},"modified":"2020-06-07T15:45:50","modified_gmt":"2020-06-07T18:45:50","slug":"sem-amor-e-servico-a-igreja-nao-vai-para-frente","status":"publish","type":"post","link":"https:\/\/franciscanos.org.br\/noticias\/sem-amor-e-servico-a-igreja-nao-vai-para-frente.html","title":{"rendered":"Sem amor e servi\u00e7o, a Igreja n\u00e3o vai para frente"},"content":{"rendered":"<p><img loading=\"lazy\" src=\"http:\/\/franciscanos.org.br\/wp-content\/uploads\/2018\/04\/marta_2404181.jpg\" alt=\"marta_240418\" width=\"830\" height=\"467\" \/><\/p>\n<p><strong>Santa Marta (Vaticano )<\/strong> &#8211; Jesus nos ensina o amor com a Eucaristia; nos ensina o servi\u00e7o com o lava-p\u00e9s; e nos diz que um servo jamais est\u00e1 acima do seu senhor. Estes tr\u00eas elementos s\u00e3o o fundamento da Igreja. Foi o que disse o Papa Francisco na homilia da missa celebrada na manh\u00e3 de quinta-feira (26\/04) na capela da Casa Santa Marta. O Pont\u00edfice comentou o Evangelho do dia, no qual Jo\u00e3o refere as palavras de Jesus depois do lava-p\u00e9s.<\/p>\n<p>Na \u00daltima Ceia, explicou o Papa, Jesus se despede dos disc\u00edpulos com um discurso longo e belo e \u201cfaz dois gestos que s\u00e3o institui\u00e7\u00f5es\u201d. Dois gestos para os disc\u00edpulos e para a Igreja que vir\u00e1, \u201cque s\u00e3o o fundamento, por assim dizer, da sua doutrina\u201d. Jesus \u201cd\u00e1 de comer o seu corpo e de beber o seu sangue\u201d, isto \u00e9, institui a Eucaristia, e faz o lava-p\u00e9s. \u201cDesses gestos nascem os dois mandamentos \u2013 explicou Francisco \u2013 que far\u00e3o crescer a Igreja se formos fi\u00e9is\u201d.<\/p>\n<p><strong>Amor sem limites<\/strong><br \/>\nO primeiro \u00e9 o mandamento do amor: n\u00e3o somente \u201camar o pr\u00f3ximo como a si mesmo\u201d, mas um passo a mais: \u201camar o pr\u00f3ximo como eu os amei\u201d.<\/p>\n<p>\u201c O amor sem limites. Sem isto, a Igreja n\u00e3o vai para frente, a Igreja n\u00e3o respira. Sem o amor, n\u00e3o cresce, se transforma numa institui\u00e7\u00e3o vazia, de apar\u00eancias, de gestos sem fecundidade. Ir ao seu corpo: Jesus diz como devemos amar, at\u00e9 o fim. \u201d<\/p>\n<p>Depois, o segundo novo mandamento, que nasce do lava-p\u00e9s: \u201cservir uns aos outros\u201d, lavar os p\u00e9s uns aos outros, como eu os lavei. Dois novos mandamentos e uma \u00fanica advert\u00eancia: \u201cvoc\u00eas podem servir, mas enviados por mim. N\u00e3o est\u00e3o acima de mim.<\/p>\n<p><strong>Humildade simples e verdadeira<\/strong><br \/>\nDe fato, Jesus esclarece: o servo n\u00e3o est\u00e1 acima do seu senhor e o mensageiro n\u00e3o \u00e9 maior que aquele que o enviou\u201d. Assim \u00e9 a humildade simples e verdadeira, n\u00e3o a humildade fingida.<\/p>\n<p>A consci\u00eancia de que Ele \u00e9 maior do que todos n\u00f3s, e n\u00f3s somos servos, e n\u00e3o podemos ultrapassar Jesus, n\u00e3o podemos usar Jesus. Ele \u00e9 o Senhor, n\u00e3o n\u00f3s. Este \u00e9 o testamento do Senhor. Ele se d\u00e1 de comer e beber e nos diz: amem-se assim. Lava os p\u00e9s e nos diz: sirvam assim, mas estejam atentos, um servo jamais \u00e9 maior que aquele que o enviou, do senhor. S\u00e3o palavras e gestos contundentes: \u00e9 o fundamento da Igreja. Se formos avante com essas tr\u00eas coisas, nunca vamos errar. Os m\u00e1rtires e os muitos santos, prosseguiu o Papa, foram avante assim: \u201ccom esta consci\u00eancia de ser servos\u201d.<\/p>\n<p><strong>Subordina\u00e7\u00e3o<\/strong><br \/>\nE depois Jesus insere outra advert\u00eancia: \u201cEu conhe\u00e7o aqueles que escolhi\u201d e diz: \u201cMas sei que um de voc\u00eas me trair\u00e1\u201d. Por isso, Francisco conclui convidando todos, num momento de sil\u00eancio, a deixar-se olhar pelo Senhor: \u201c \u00c9 deixar que o olhar de Jesus entre em mim. Sentiremos tantas coisas: sentiremos amor, sentiremos talvez nada&#8230; ficaremos bloqueados ali, sentiremos vergonha. Mas deixar sempre que o olhar de Jesus venha. O mesmo olhar com o qual olhava, naquela noite, os seus na ceia. Senhor conhece, sabe tudo\u201d.<\/p>\n<p>Amor at\u00e9 o fim, finalizou o Papa, servi\u00e7o, e \u201cvamos usar uma palavra um pouco militar, mas que \u00e9 \u00fatil: subordina\u00e7\u00e3o, isto \u00e9, Ele \u00e9 o maior, eu sou servo, ningu\u00e9m pode passar na sua frente\u201d.<\/p>\n<hr \/>\n<p><em>Fonte: Vatican News<\/em><\/p>\n","protected":false},"excerpt":{"rendered":"<p>Missa em Santa Marta<\/p>\n","protected":false},"author":1,"featured_media":209135,"comment_status":"open","ping_status":"open","sticky":false,"template":"","format":"standard","meta":[],"categories":[1428],"tags":[1586],"acf":[],"yoast_head":"<!-- This site is optimized with the Yoast SEO plugin v19.2 - https:\/\/yoast.com\/wordpress\/plugins\/seo\/ -->\n<title>Sem amor e servi\u00e7o, a Igreja n\u00e3o vai para frente - Not\u00edcias - Franciscanos<\/title>\n<meta name=\"robots\" content=\"index, follow, max-snippet:-1, max-image-preview:large, max-video-preview:-1\" \/>\n<link rel=\"canonical\" href=\"https:\/\/franciscanos.org.br\/noticias\/sem-amor-e-servico-a-igreja-nao-vai-para-frente.html\" \/>\n<meta property=\"og:locale\" content=\"pt_BR\" \/>\n<meta property=\"og:type\" content=\"article\" \/>\n<meta property=\"og:title\" content=\"Sem amor e servi\u00e7o, a Igreja n\u00e3o vai para frente - Not\u00edcias - Franciscanos\" \/>\n<meta property=\"og:description\" content=\"Missa em Santa Marta\" \/>\n<meta property=\"og:url\" content=\"https:\/\/franciscanos.org.br\/noticias\/sem-amor-e-servico-a-igreja-nao-vai-para-frente.html\" \/>\n<meta property=\"og:site_name\" content=\"Not\u00edcias - Franciscanos\" \/>\n<meta property=\"article:published_time\" content=\"2018-04-26T10:27:10+00:00\" \/>\n<meta property=\"article:modified_time\" content=\"2020-06-07T18:45:50+00:00\" \/>\n<meta property=\"og:image\" content=\"https:\/\/franciscanos.org.br\/noticias\/wp-content\/uploads\/2018\/04\/marta_2404181.jpg\" \/>\n\t<meta property=\"og:image:width\" content=\"273\" \/>\n\t<meta property=\"og:image:height\" content=\"181\" \/>\n\t<meta property=\"og:image:type\" content=\"image\/jpeg\" \/>\n<meta name=\"author\" content=\"admin\" \/>\n<meta name=\"twitter:card\" content=\"summary_large_image\" \/>\n<meta name=\"twitter:label1\" content=\"Escrito por\" \/>\n\t<meta name=\"twitter:data1\" content=\"admin\" \/>\n\t<meta name=\"twitter:label2\" content=\"Est. tempo de leitura\" \/>\n\t<meta name=\"twitter:data2\" content=\"3 minutos\" \/>\n<script type=\"application\/ld+json\" class=\"yoast-schema-graph\">{\"@context\":\"https:\/\/schema.org\",\"@graph\":[{\"@type\":\"WebSite\",\"@id\":\"https:\/\/franciscanos.org.br\/noticias\/#website\",\"url\":\"https:\/\/franciscanos.org.br\/noticias\/\",\"name\":\"Not\u00edcias - Franciscanos\",\"description\":\"Prov\u00edncia Franciscana da Imaculada Concei\u00e7\u00e3o do Brasil - Ordem dos Frades Menores - OFM\",\"potentialAction\":[{\"@type\":\"SearchAction\",\"target\":{\"@type\":\"EntryPoint\",\"urlTemplate\":\"https:\/\/franciscanos.org.br\/noticias\/?s={search_term_string}\"},\"query-input\":\"required name=search_term_string\"}],\"inLanguage\":\"pt-BR\"},{\"@type\":\"ImageObject\",\"inLanguage\":\"pt-BR\",\"@id\":\"https:\/\/franciscanos.org.br\/noticias\/sem-amor-e-servico-a-igreja-nao-vai-para-frente.html#primaryimage\",\"url\":\"https:\/\/franciscanos.org.br\/noticias\/wp-content\/uploads\/2018\/04\/marta_2404181.jpg\",\"contentUrl\":\"https:\/\/franciscanos.org.br\/noticias\/wp-content\/uploads\/2018\/04\/marta_2404181.jpg\",\"width\":273,\"height\":181},{\"@type\":\"WebPage\",\"@id\":\"https:\/\/franciscanos.org.br\/noticias\/sem-amor-e-servico-a-igreja-nao-vai-para-frente.html#webpage\",\"url\":\"https:\/\/franciscanos.org.br\/noticias\/sem-amor-e-servico-a-igreja-nao-vai-para-frente.html\",\"name\":\"Sem amor e servi\u00e7o, a Igreja n\u00e3o vai para frente - Not\u00edcias - Franciscanos\",\"isPartOf\":{\"@id\":\"https:\/\/franciscanos.org.br\/noticias\/#website\"},\"primaryImageOfPage\":{\"@id\":\"https:\/\/franciscanos.org.br\/noticias\/sem-amor-e-servico-a-igreja-nao-vai-para-frente.html#primaryimage\"},\"datePublished\":\"2018-04-26T10:27:10+00:00\",\"dateModified\":\"2020-06-07T18:45:50+00:00\",\"author\":{\"@id\":\"https:\/\/franciscanos.org.br\/noticias\/#\/schema\/person\/b38fbf43118f02820bd932f2e4b14ad3\"},\"breadcrumb\":{\"@id\":\"https:\/\/franciscanos.org.br\/noticias\/sem-amor-e-servico-a-igreja-nao-vai-para-frente.html#breadcrumb\"},\"inLanguage\":\"pt-BR\",\"potentialAction\":[{\"@type\":\"ReadAction\",\"target\":[\"https:\/\/franciscanos.org.br\/noticias\/sem-amor-e-servico-a-igreja-nao-vai-para-frente.html\"]}]},{\"@type\":\"BreadcrumbList\",\"@id\":\"https:\/\/franciscanos.org.br\/noticias\/sem-amor-e-servico-a-igreja-nao-vai-para-frente.html#breadcrumb\",\"itemListElement\":[{\"@type\":\"ListItem\",\"position\":1,\"name\":\"Home\",\"item\":\"https:\/\/franciscanos.org.br\/noticias\"},{\"@type\":\"ListItem\",\"position\":2,\"name\":\"Sem amor e servi\u00e7o, a Igreja n\u00e3o vai para frente\"}]},{\"@type\":\"Person\",\"@id\":\"https:\/\/franciscanos.org.br\/noticias\/#\/schema\/person\/b38fbf43118f02820bd932f2e4b14ad3\",\"name\":\"admin\",\"image\":{\"@type\":\"ImageObject\",\"inLanguage\":\"pt-BR\",\"@id\":\"https:\/\/franciscanos.org.br\/noticias\/#\/schema\/person\/image\/\",\"url\":\"https:\/\/secure.gravatar.com\/avatar\/e8495742d34d0ba6448ea1c628263b3e?s=96&d=mm&r=g\",\"contentUrl\":\"https:\/\/secure.gravatar.com\/avatar\/e8495742d34d0ba6448ea1c628263b3e?s=96&d=mm&r=g\",\"caption\":\"admin\"},\"url\":\"https:\/\/franciscanos.org.br\/noticias\/author\/admin\"}]}<\/script>\n<!-- \/ Yoast SEO plugin. -->","yoast_head_json":{"title":"Sem amor e servi\u00e7o, a Igreja n\u00e3o vai para frente - Not\u00edcias - Franciscanos","robots":{"index":"index","follow":"follow","max-snippet":"max-snippet:-1","max-image-preview":"max-image-preview:large","max-video-preview":"max-video-preview:-1"},"canonical":"https:\/\/franciscanos.org.br\/noticias\/sem-amor-e-servico-a-igreja-nao-vai-para-frente.html","og_locale":"pt_BR","og_type":"article","og_title":"Sem amor e servi\u00e7o, a Igreja n\u00e3o vai para frente - Not\u00edcias - Franciscanos","og_description":"Missa em Santa Marta","og_url":"https:\/\/franciscanos.org.br\/noticias\/sem-amor-e-servico-a-igreja-nao-vai-para-frente.html","og_site_name":"Not\u00edcias - Franciscanos","article_published_time":"2018-04-26T10:27:10+00:00","article_modified_time":"2020-06-07T18:45:50+00:00","og_image":[{"width":273,"height":181,"url":"https:\/\/franciscanos.org.br\/noticias\/wp-content\/uploads\/2018\/04\/marta_2404181.jpg","type":"image\/jpeg"}],"author":"admin","twitter_card":"summary_large_image","twitter_misc":{"Escrito por":"admin","Est. tempo de leitura":"3 minutos"},"schema":{"@context":"https:\/\/schema.org","@graph":[{"@type":"WebSite","@id":"https:\/\/franciscanos.org.br\/noticias\/#website","url":"https:\/\/franciscanos.org.br\/noticias\/","name":"Not\u00edcias - Franciscanos","description":"Prov\u00edncia Franciscana da Imaculada Concei\u00e7\u00e3o do Brasil - Ordem dos Frades Menores - OFM","potentialAction":[{"@type":"SearchAction","target":{"@type":"EntryPoint","urlTemplate":"https:\/\/franciscanos.org.br\/noticias\/?s={search_term_string}"},"query-input":"required name=search_term_string"}],"inLanguage":"pt-BR"},{"@type":"ImageObject","inLanguage":"pt-BR","@id":"https:\/\/franciscanos.org.br\/noticias\/sem-amor-e-servico-a-igreja-nao-vai-para-frente.html#primaryimage","url":"https:\/\/franciscanos.org.br\/noticias\/wp-content\/uploads\/2018\/04\/marta_2404181.jpg","contentUrl":"https:\/\/franciscanos.org.br\/noticias\/wp-content\/uploads\/2018\/04\/marta_2404181.jpg","width":273,"height":181},{"@type":"WebPage","@id":"https:\/\/franciscanos.org.br\/noticias\/sem-amor-e-servico-a-igreja-nao-vai-para-frente.html#webpage","url":"https:\/\/franciscanos.org.br\/noticias\/sem-amor-e-servico-a-igreja-nao-vai-para-frente.html","name":"Sem amor e servi\u00e7o, a Igreja n\u00e3o vai para frente - Not\u00edcias - Franciscanos","isPartOf":{"@id":"https:\/\/franciscanos.org.br\/noticias\/#website"},"primaryImageOfPage":{"@id":"https:\/\/franciscanos.org.br\/noticias\/sem-amor-e-servico-a-igreja-nao-vai-para-frente.html#primaryimage"},"datePublished":"2018-04-26T10:27:10+00:00","dateModified":"2020-06-07T18:45:50+00:00","author":{"@id":"https:\/\/franciscanos.org.br\/noticias\/#\/schema\/person\/b38fbf43118f02820bd932f2e4b14ad3"},"breadcrumb":{"@id":"https:\/\/franciscanos.org.br\/noticias\/sem-amor-e-servico-a-igreja-nao-vai-para-frente.html#breadcrumb"},"inLanguage":"pt-BR","potentialAction":[{"@type":"ReadAction","target":["https:\/\/franciscanos.org.br\/noticias\/sem-amor-e-servico-a-igreja-nao-vai-para-frente.html"]}]},{"@type":"BreadcrumbList","@id":"https:\/\/franciscanos.org.br\/noticias\/sem-amor-e-servico-a-igreja-nao-vai-para-frente.html#breadcrumb","itemListElement":[{"@type":"ListItem","position":1,"name":"Home","item":"https:\/\/franciscanos.org.br\/noticias"},{"@type":"ListItem","position":2,"name":"Sem amor e servi\u00e7o, a Igreja n\u00e3o vai para frente"}]},{"@type":"Person","@id":"https:\/\/franciscanos.org.br\/noticias\/#\/schema\/person\/b38fbf43118f02820bd932f2e4b14ad3","name":"admin","image":{"@type":"ImageObject","inLanguage":"pt-BR","@id":"https:\/\/franciscanos.org.br\/noticias\/#\/schema\/person\/image\/","url":"https:\/\/secure.gravatar.com\/avatar\/e8495742d34d0ba6448ea1c628263b3e?s=96&d=mm&r=g","contentUrl":"https:\/\/secure.gravatar.com\/avatar\/e8495742d34d0ba6448ea1c628263b3e?s=96&d=mm&r=g","caption":"admin"},"url":"https:\/\/franciscanos.org.br\/noticias\/author\/admin"}]}},"_links":{"self":[{"href":"https:\/\/franciscanos.org.br\/noticias\/wp-json\/wp\/v2\/posts\/157829"}],"collection":[{"href":"https:\/\/franciscanos.org.br\/noticias\/wp-json\/wp\/v2\/posts"}],"about":[{"href":"https:\/\/franciscanos.org.br\/noticias\/wp-json\/wp\/v2\/types\/post"}],"author":[{"embeddable":true,"href":"https:\/\/franciscanos.org.br\/noticias\/wp-json\/wp\/v2\/users\/1"}],"replies":[{"embeddable":true,"href":"https:\/\/franciscanos.org.br\/noticias\/wp-json\/wp\/v2\/comments?post=157829"}],"version-history":[{"count":1,"href":"https:\/\/franciscanos.org.br\/noticias\/wp-json\/wp\/v2\/posts\/157829\/revisions"}],"predecessor-version":[{"id":224995,"href":"https:\/\/franciscanos.org.br\/noticias\/wp-json\/wp\/v2\/posts\/157829\/revisions\/224995"}],"wp:featuredmedia":[{"embeddable":true,"href":"https:\/\/franciscanos.org.br\/noticias\/wp-json\/wp\/v2\/media\/209135"}],"wp:attachment":[{"href":"https:\/\/franciscanos.org.br\/noticias\/wp-json\/wp\/v2\/media?parent=157829"}],"wp:term":[{"taxonomy":"category","embeddable":true,"href":"https:\/\/franciscanos.org.br\/noticias\/wp-json\/wp\/v2\/categories?post=157829"},{"taxonomy":"post_tag","embeddable":true,"href":"https:\/\/franciscanos.org.br\/noticias\/wp-json\/wp\/v2\/tags?post=157829"}],"curies":[{"name":"wp","href":"https:\/\/api.w.org\/{rel}","templated":true}]}}