{"id":157731,"date":"2018-04-25T11:13:08","date_gmt":"2018-04-25T14:13:08","guid":{"rendered":"http:\/\/franciscanos.org.br\/?p=157731"},"modified":"2019-08-13T10:55:24","modified_gmt":"2019-08-13T13:55:24","slug":"marco-historico-de-sao-paulo-convento-sao-francisco-amanhece-pintado","status":"publish","type":"post","link":"https:\/\/franciscanos.org.br\/noticias\/marco-historico-de-sao-paulo-convento-sao-francisco-amanhece-pintado.html","title":{"rendered":"Convento S\u00e3o Francisco amanhece \u201cpintado\u201d"},"content":{"rendered":"<p><img loading=\"lazy\" src=\"http:\/\/franciscanos.org.br\/wp-content\/uploads\/2018\/04\/convento_250418.jpg\" alt=\"convento_250418\" width=\"830\" height=\"400\" \/><\/p>\n<p><strong>Frei Augusto Luiz Gabriel<\/strong><\/p>\n<p><strong>S\u00e3o Paulo (SP) \u2013<\/strong> O hist\u00f3rico e centen\u00e1rio edif\u00edcio do Convento e Santu\u00e1rio S\u00e3o Francisco, no centro de S\u00e3o Paulo, amanheceu \u201cpintado\u201d na manh\u00e3 deste dia 25 de abril. At\u00e9 a\u00ed, nenhuma novidade. O problema \u00e9 que esta pintura n\u00e3o estava nos planos dos Frades Franciscanos que residem no Convento e foram pegos de surpresa com a \u201cnova fachada&#8221;, que desde o dia\u00a019 de abril de 1982 \u00e9 tombada pelo patrim\u00f4nio municipal e estadual.<\/p>\n<p>O guardi\u00e3o do Convento, Frei M\u00e1rio Tagliari, recebeu a not\u00edcia com espanto. Segundo ele, a fachada do Convento, na Rua Riachuelo, estava, sim, toda pichada, mas nenhuma empresa, \u00f3rg\u00e3o p\u00fablico ou pessoa tinha autoriza\u00e7\u00e3o para pintar. \u201cLevamos quase um ano tentando conseguir aprova\u00e7\u00e3o para a recupera\u00e7\u00e3o da fachada da Igreja, que ano passado celebrou 370 anos de funda\u00e7\u00e3o. E, agora, vem algu\u00e9m, em nome de n\u00e3o sei quem, cobrir a picha\u00e7\u00e3o, jogando uma tinta de cor\u00a0bege por cima de tudo. E o restante dos sete andares do pr\u00e9dio? E a recupera\u00e7\u00e3o das partes do reboco que est\u00e3o se soltando?\u201d, questionou o guardi\u00e3o Frei M\u00e1rio. \u201cN\u00e3o se resolve o problema jogando tinta por cima e, sim, com medidas de seguran\u00e7a, ilumina\u00e7\u00e3o e c\u00e2meras de vigil\u00e2ncia\u201d, explicou.<\/p>\n<p>O Convento e Santu\u00e1rio S\u00e3o Francisco completou no ano passado, 370 anos de funda\u00e7\u00e3o. Ele foi inaugurado no dia 17 de setembro de 1647.\u00a0Na \u00e9poca\u00a0da inaugura\u00e7\u00e3o\u00a0era o maior j\u00e1 constru\u00eddo em S\u00e3o Paulo.\u00a0 At\u00e9 2004 foi a sede da Prov\u00edncia Franciscana da Imaculada Concei\u00e7\u00e3o do Brasil, que abrange os estados de Esp\u00edrito Santo, Rio de Janeiro, S\u00e3o Paulo, Paran\u00e1 e Santa Catarina. Ela foi fundada em 15 de julho de 1675. No dia 6 de junho de 1997, o Cardeal Dom Paulo Evaristo Arns, declarou que o Convento de S\u00e3o Francisco passaria a ser tamb\u00e9m Santu\u00e1rio S\u00e3o Francisco, j\u00e1 que recebe fi\u00e9is de toda a Grande S\u00e3o Paulo.<\/p>\n<p><strong>P\u00e1tio do Col\u00e9gio\u00a0<\/strong><\/p>\n<p>No \u00faltimo dia 10 de abril, o P\u00e1tio do Col\u00e9gio (Pateo do Collegio), marco zero da cidade de S\u00e3o Paulo, tamb\u00e9m sofreu com atos de vandalismo. Foi escrita a frase \u201cOlhai por nois\u201d com tinta vermelha com letras gigantes. Isabella Tellerman Viana, que usa o codinome Risco, e Jo\u00e3o Lu\u00eds Prado Sim\u00f5es Fran\u00e7a foram detidos e alegaram motiva\u00e7\u00e3o ideol\u00f3gica para as picha\u00e7\u00f5es no Pateo do Collegio, Monumento \u00e0s Bandeiras e Est\u00e1tua do Borba Gato.<\/p>\n","protected":false},"excerpt":{"rendered":"<p>Patrim\u00f4nio<\/p>\n","protected":false},"author":5,"featured_media":205312,"comment_status":"open","ping_status":"open","sticky":false,"template":"","format":"standard","meta":[],"categories":[1],"tags":[312],"acf":[],"yoast_head":"<!-- This site is optimized with the Yoast SEO plugin v19.2 - https:\/\/yoast.com\/wordpress\/plugins\/seo\/ -->\n<title>Convento S\u00e3o Francisco amanhece \u201cpintado\u201d - Not\u00edcias - Franciscanos<\/title>\n<meta name=\"robots\" content=\"index, follow, max-snippet:-1, max-image-preview:large, max-video-preview:-1\" \/>\n<link rel=\"canonical\" href=\"https:\/\/franciscanos.org.br\/noticias\/marco-historico-de-sao-paulo-convento-sao-francisco-amanhece-pintado.html\" \/>\n<meta property=\"og:locale\" content=\"pt_BR\" \/>\n<meta property=\"og:type\" content=\"article\" \/>\n<meta property=\"og:title\" content=\"Convento S\u00e3o Francisco amanhece \u201cpintado\u201d - Not\u00edcias - Franciscanos\" \/>\n<meta property=\"og:description\" content=\"Patrim\u00f4nio\" \/>\n<meta property=\"og:url\" content=\"https:\/\/franciscanos.org.br\/noticias\/marco-historico-de-sao-paulo-convento-sao-francisco-amanhece-pintado.html\" \/>\n<meta property=\"og:site_name\" content=\"Not\u00edcias - Franciscanos\" \/>\n<meta property=\"article:published_time\" content=\"2018-04-25T14:13:08+00:00\" \/>\n<meta property=\"article:modified_time\" content=\"2019-08-13T13:55:24+00:00\" \/>\n<meta property=\"og:image\" content=\"https:\/\/franciscanos.org.br\/noticias\/wp-content\/uploads\/2018\/04\/convento_250418_4.jpg\" \/>\n\t<meta property=\"og:image:width\" content=\"273\" \/>\n\t<meta property=\"og:image:height\" content=\"181\" \/>\n\t<meta property=\"og:image:type\" content=\"image\/jpeg\" \/>\n<meta name=\"author\" content=\"freiaugusto\" \/>\n<meta name=\"twitter:card\" content=\"summary_large_image\" \/>\n<meta name=\"twitter:label1\" content=\"Escrito por\" \/>\n\t<meta name=\"twitter:data1\" content=\"freiaugusto\" \/>\n\t<meta name=\"twitter:label2\" content=\"Est. tempo de leitura\" \/>\n\t<meta name=\"twitter:data2\" content=\"2 minutos\" \/>\n<script type=\"application\/ld+json\" class=\"yoast-schema-graph\">{\"@context\":\"https:\/\/schema.org\",\"@graph\":[{\"@type\":\"WebSite\",\"@id\":\"https:\/\/franciscanos.org.br\/noticias\/#website\",\"url\":\"https:\/\/franciscanos.org.br\/noticias\/\",\"name\":\"Not\u00edcias - Franciscanos\",\"description\":\"Prov\u00edncia Franciscana da Imaculada Concei\u00e7\u00e3o do Brasil - Ordem dos Frades Menores - OFM\",\"potentialAction\":[{\"@type\":\"SearchAction\",\"target\":{\"@type\":\"EntryPoint\",\"urlTemplate\":\"https:\/\/franciscanos.org.br\/noticias\/?s={search_term_string}\"},\"query-input\":\"required name=search_term_string\"}],\"inLanguage\":\"pt-BR\"},{\"@type\":\"ImageObject\",\"inLanguage\":\"pt-BR\",\"@id\":\"https:\/\/franciscanos.org.br\/noticias\/marco-historico-de-sao-paulo-convento-sao-francisco-amanhece-pintado.html#primaryimage\",\"url\":\"https:\/\/franciscanos.org.br\/noticias\/wp-content\/uploads\/2018\/04\/convento_250418_4.jpg\",\"contentUrl\":\"https:\/\/franciscanos.org.br\/noticias\/wp-content\/uploads\/2018\/04\/convento_250418_4.jpg\",\"width\":273,\"height\":181},{\"@type\":\"WebPage\",\"@id\":\"https:\/\/franciscanos.org.br\/noticias\/marco-historico-de-sao-paulo-convento-sao-francisco-amanhece-pintado.html#webpage\",\"url\":\"https:\/\/franciscanos.org.br\/noticias\/marco-historico-de-sao-paulo-convento-sao-francisco-amanhece-pintado.html\",\"name\":\"Convento S\u00e3o Francisco amanhece \u201cpintado\u201d - Not\u00edcias - Franciscanos\",\"isPartOf\":{\"@id\":\"https:\/\/franciscanos.org.br\/noticias\/#website\"},\"primaryImageOfPage\":{\"@id\":\"https:\/\/franciscanos.org.br\/noticias\/marco-historico-de-sao-paulo-convento-sao-francisco-amanhece-pintado.html#primaryimage\"},\"datePublished\":\"2018-04-25T14:13:08+00:00\",\"dateModified\":\"2019-08-13T13:55:24+00:00\",\"author\":{\"@id\":\"https:\/\/franciscanos.org.br\/noticias\/#\/schema\/person\/37f88f0d111cd5358b12a6556a99eb91\"},\"breadcrumb\":{\"@id\":\"https:\/\/franciscanos.org.br\/noticias\/marco-historico-de-sao-paulo-convento-sao-francisco-amanhece-pintado.html#breadcrumb\"},\"inLanguage\":\"pt-BR\",\"potentialAction\":[{\"@type\":\"ReadAction\",\"target\":[\"https:\/\/franciscanos.org.br\/noticias\/marco-historico-de-sao-paulo-convento-sao-francisco-amanhece-pintado.html\"]}]},{\"@type\":\"BreadcrumbList\",\"@id\":\"https:\/\/franciscanos.org.br\/noticias\/marco-historico-de-sao-paulo-convento-sao-francisco-amanhece-pintado.html#breadcrumb\",\"itemListElement\":[{\"@type\":\"ListItem\",\"position\":1,\"name\":\"Home\",\"item\":\"https:\/\/franciscanos.org.br\/noticias\"},{\"@type\":\"ListItem\",\"position\":2,\"name\":\"Convento S\u00e3o Francisco amanhece \u201cpintado\u201d\"}]},{\"@type\":\"Person\",\"@id\":\"https:\/\/franciscanos.org.br\/noticias\/#\/schema\/person\/37f88f0d111cd5358b12a6556a99eb91\",\"name\":\"freiaugusto\",\"image\":{\"@type\":\"ImageObject\",\"inLanguage\":\"pt-BR\",\"@id\":\"https:\/\/franciscanos.org.br\/noticias\/#\/schema\/person\/image\/\",\"url\":\"https:\/\/secure.gravatar.com\/avatar\/9840b940e621801b24f3e6b059efb4b7?s=96&d=mm&r=g\",\"contentUrl\":\"https:\/\/secure.gravatar.com\/avatar\/9840b940e621801b24f3e6b059efb4b7?s=96&d=mm&r=g\",\"caption\":\"freiaugusto\"},\"url\":\"https:\/\/franciscanos.org.br\/noticias\/author\/freiaugusto\"}]}<\/script>\n<!-- \/ Yoast SEO plugin. -->","yoast_head_json":{"title":"Convento S\u00e3o Francisco amanhece \u201cpintado\u201d - Not\u00edcias - Franciscanos","robots":{"index":"index","follow":"follow","max-snippet":"max-snippet:-1","max-image-preview":"max-image-preview:large","max-video-preview":"max-video-preview:-1"},"canonical":"https:\/\/franciscanos.org.br\/noticias\/marco-historico-de-sao-paulo-convento-sao-francisco-amanhece-pintado.html","og_locale":"pt_BR","og_type":"article","og_title":"Convento S\u00e3o Francisco amanhece \u201cpintado\u201d - Not\u00edcias - Franciscanos","og_description":"Patrim\u00f4nio","og_url":"https:\/\/franciscanos.org.br\/noticias\/marco-historico-de-sao-paulo-convento-sao-francisco-amanhece-pintado.html","og_site_name":"Not\u00edcias - Franciscanos","article_published_time":"2018-04-25T14:13:08+00:00","article_modified_time":"2019-08-13T13:55:24+00:00","og_image":[{"width":273,"height":181,"url":"https:\/\/franciscanos.org.br\/noticias\/wp-content\/uploads\/2018\/04\/convento_250418_4.jpg","type":"image\/jpeg"}],"author":"freiaugusto","twitter_card":"summary_large_image","twitter_misc":{"Escrito por":"freiaugusto","Est. tempo de leitura":"2 minutos"},"schema":{"@context":"https:\/\/schema.org","@graph":[{"@type":"WebSite","@id":"https:\/\/franciscanos.org.br\/noticias\/#website","url":"https:\/\/franciscanos.org.br\/noticias\/","name":"Not\u00edcias - Franciscanos","description":"Prov\u00edncia Franciscana da Imaculada Concei\u00e7\u00e3o do Brasil - Ordem dos Frades Menores - OFM","potentialAction":[{"@type":"SearchAction","target":{"@type":"EntryPoint","urlTemplate":"https:\/\/franciscanos.org.br\/noticias\/?s={search_term_string}"},"query-input":"required name=search_term_string"}],"inLanguage":"pt-BR"},{"@type":"ImageObject","inLanguage":"pt-BR","@id":"https:\/\/franciscanos.org.br\/noticias\/marco-historico-de-sao-paulo-convento-sao-francisco-amanhece-pintado.html#primaryimage","url":"https:\/\/franciscanos.org.br\/noticias\/wp-content\/uploads\/2018\/04\/convento_250418_4.jpg","contentUrl":"https:\/\/franciscanos.org.br\/noticias\/wp-content\/uploads\/2018\/04\/convento_250418_4.jpg","width":273,"height":181},{"@type":"WebPage","@id":"https:\/\/franciscanos.org.br\/noticias\/marco-historico-de-sao-paulo-convento-sao-francisco-amanhece-pintado.html#webpage","url":"https:\/\/franciscanos.org.br\/noticias\/marco-historico-de-sao-paulo-convento-sao-francisco-amanhece-pintado.html","name":"Convento S\u00e3o Francisco amanhece \u201cpintado\u201d - Not\u00edcias - Franciscanos","isPartOf":{"@id":"https:\/\/franciscanos.org.br\/noticias\/#website"},"primaryImageOfPage":{"@id":"https:\/\/franciscanos.org.br\/noticias\/marco-historico-de-sao-paulo-convento-sao-francisco-amanhece-pintado.html#primaryimage"},"datePublished":"2018-04-25T14:13:08+00:00","dateModified":"2019-08-13T13:55:24+00:00","author":{"@id":"https:\/\/franciscanos.org.br\/noticias\/#\/schema\/person\/37f88f0d111cd5358b12a6556a99eb91"},"breadcrumb":{"@id":"https:\/\/franciscanos.org.br\/noticias\/marco-historico-de-sao-paulo-convento-sao-francisco-amanhece-pintado.html#breadcrumb"},"inLanguage":"pt-BR","potentialAction":[{"@type":"ReadAction","target":["https:\/\/franciscanos.org.br\/noticias\/marco-historico-de-sao-paulo-convento-sao-francisco-amanhece-pintado.html"]}]},{"@type":"BreadcrumbList","@id":"https:\/\/franciscanos.org.br\/noticias\/marco-historico-de-sao-paulo-convento-sao-francisco-amanhece-pintado.html#breadcrumb","itemListElement":[{"@type":"ListItem","position":1,"name":"Home","item":"https:\/\/franciscanos.org.br\/noticias"},{"@type":"ListItem","position":2,"name":"Convento S\u00e3o Francisco amanhece \u201cpintado\u201d"}]},{"@type":"Person","@id":"https:\/\/franciscanos.org.br\/noticias\/#\/schema\/person\/37f88f0d111cd5358b12a6556a99eb91","name":"freiaugusto","image":{"@type":"ImageObject","inLanguage":"pt-BR","@id":"https:\/\/franciscanos.org.br\/noticias\/#\/schema\/person\/image\/","url":"https:\/\/secure.gravatar.com\/avatar\/9840b940e621801b24f3e6b059efb4b7?s=96&d=mm&r=g","contentUrl":"https:\/\/secure.gravatar.com\/avatar\/9840b940e621801b24f3e6b059efb4b7?s=96&d=mm&r=g","caption":"freiaugusto"},"url":"https:\/\/franciscanos.org.br\/noticias\/author\/freiaugusto"}]}},"_links":{"self":[{"href":"https:\/\/franciscanos.org.br\/noticias\/wp-json\/wp\/v2\/posts\/157731"}],"collection":[{"href":"https:\/\/franciscanos.org.br\/noticias\/wp-json\/wp\/v2\/posts"}],"about":[{"href":"https:\/\/franciscanos.org.br\/noticias\/wp-json\/wp\/v2\/types\/post"}],"author":[{"embeddable":true,"href":"https:\/\/franciscanos.org.br\/noticias\/wp-json\/wp\/v2\/users\/5"}],"replies":[{"embeddable":true,"href":"https:\/\/franciscanos.org.br\/noticias\/wp-json\/wp\/v2\/comments?post=157731"}],"version-history":[{"count":0,"href":"https:\/\/franciscanos.org.br\/noticias\/wp-json\/wp\/v2\/posts\/157731\/revisions"}],"wp:featuredmedia":[{"embeddable":true,"href":"https:\/\/franciscanos.org.br\/noticias\/wp-json\/wp\/v2\/media\/205312"}],"wp:attachment":[{"href":"https:\/\/franciscanos.org.br\/noticias\/wp-json\/wp\/v2\/media?parent=157731"}],"wp:term":[{"taxonomy":"category","embeddable":true,"href":"https:\/\/franciscanos.org.br\/noticias\/wp-json\/wp\/v2\/categories?post=157731"},{"taxonomy":"post_tag","embeddable":true,"href":"https:\/\/franciscanos.org.br\/noticias\/wp-json\/wp\/v2\/tags?post=157731"}],"curies":[{"name":"wp","href":"https:\/\/api.w.org\/{rel}","templated":true}]}}