{"id":157688,"date":"2018-04-24T08:12:03","date_gmt":"2018-04-24T11:12:03","guid":{"rendered":"http:\/\/franciscanos.org.br\/?p=157688"},"modified":"2020-06-07T15:47:54","modified_gmt":"2020-06-07T18:47:54","slug":"nunca-prisioneiros-de-palavras-ou-fechados-ao-espirito","status":"publish","type":"post","link":"https:\/\/franciscanos.org.br\/noticias\/nunca-prisioneiros-de-palavras-ou-fechados-ao-espirito.html","title":{"rendered":"Nunca prisioneiros de palavras ou fechados ao Esp\u00edrito"},"content":{"rendered":"<p><img loading=\"lazy\" src=\"http:\/\/franciscanos.org.br\/wp-content\/uploads\/2018\/04\/marta_240418.jpg\" alt=\"marta_240418\" width=\"830\" height=\"467\" \/><\/p>\n<p><strong>Cidade do Vaticano<\/strong> &#8211; Na hist\u00f3ria do homem &#8220;sempre haver\u00e1 resist\u00eancia ao Esp\u00edrito Santo&#8221;, oposi\u00e7\u00f5es \u00e0s novidades e \u00e0s &#8220;mudan\u00e7as&#8221;. Na homilia da Missa celebrada em Santa Marta, o Papa Francisco reflete sobre a liturgia de hoje, detendo-se sobre as diferentes atitudes que o homem adota diante das novidades do Senhor, que &#8220;sempre vem ao nosso encontro com algo novo&#8221; e &#8220;original&#8221;.<\/p>\n<p><strong>Os prisioneiros de ideias<\/strong><br \/>\nNo Evangelho de Jo\u00e3o, o fechamento dos doutores da lei \u00e9 bem focalizado, atitude que ent\u00e3o se torna &#8220;rigidez&#8221;. S\u00e3o homens capazes de se concentrar apenas em si mesmos, inertes \u00e0 obra do Esp\u00edrito Santo e insens\u00edveis \u00e0s novidades. O Pont\u00edfice enfatiza, em particular, a sua completa incapacidade de &#8220;discernir os sinais dos tempos&#8221;, sendo escravos de palavras e ideias.<\/p>\n<p>&#8220;Eles voltam \u00e0 mesma quest\u00e3o, eles s\u00e3o incapazes de sair daquele mundo fechado, eles s\u00e3o prisioneiros das ideias. Eles receberam a lei que era vida, mas eles a &#8216;destilaram&#8217;, eles a transformaram em ideologia e assim giram, giram e s\u00e3o incapazes de sair e qualquer novidade para eles \u00e9 uma amea\u00e7a\u201d.<\/p>\n<p><strong>A liberdade dos filhos de Deus<\/strong><br \/>\nMuito diferente, no entanto, deveria ser o calibre dos filhos de Deus, que apesar de ter talvez uma retic\u00eancia inicial s\u00e3o livres e capazes de colocar no centro o Esp\u00edrito Santo. O exemplo dos primeiros disc\u00edpulos, contado na Primeira leitura, destaca sua docilidade ao novo e a capacidade de semear a Palavra de Deus, mesmo fora do padr\u00e3o usual de &#8220;sempre se fez assim\u201d. Eles, observa Papa Bergoglio, &#8220;mantiveram-se d\u00f3ceis ao Esp\u00edrito Santo para fazer algo que fosse mais do que uma revolu\u00e7\u00e3o&#8221;, &#8220;uma mudan\u00e7a forte&#8221;, e ao centro &#8220;estava o Esp\u00edrito Santo: n\u00e3o a lei, o Esp\u00edrito Santo&#8221; .<\/p>\n<p>&#8220;E a Igreja era uma Igreja em movimento, uma Igreja que ia al\u00e9m de si mesma. N\u00e3o era um grupo fechado de eleitos, uma Igreja mission\u00e1ria: na verdade, o equil\u00edbrio da Igreja, por assim dizer, est\u00e1 precisamente na mobilidade, na fidelidade ao Esp\u00edrito Santo. Alguns dizem que o equil\u00edbrio da igreja se assemelha ao equil\u00edbrio da bicicleta: est\u00e1 parada e vai bem quando est\u00e1 em movimento; se voc\u00ea a deixa parada, cai. Um bom exemplo&#8221;.<\/p>\n<p><strong>Ora\u00e7\u00e3o e discernimento para encontrar o caminho<\/strong><br \/>\nFechamento e abertura: dois p\u00f3los opostos que descrevem como o homem pode reagir diante do sopro do Esp\u00edrito Santo. O segundo, conclui o Papa Francisco, \u00e9 precisamente &#8220;dos disc\u00edpulos, dos ap\u00f3stolos&#8221;: a resist\u00eancia inicial n\u00e3o \u00e9 apenas humana, mas \u00e9 tamb\u00e9m &#8220;uma garantia de que n\u00e3o se deixam enganar por alguma coisa e depois com a ora\u00e7\u00e3o e o discernimento encontram o caminho&#8221; &#8220;.<\/p>\n<p>&#8220;Sempre haver\u00e1 resist\u00eancia ao Esp\u00edrito Santo, sempre, sempre, at\u00e9 o fim do mundo. Que o Senhor nos conceda a gra\u00e7a para saber resistir ao que devemos resistir, ao que vem do maligno, ao que que nos tira a liberdade e saibamos nos abrir \u00e0s novidades, mas somente \u00e0quelas que v\u00eam de Deus, com o poder do Esp\u00edrito Santo e nos conceda a gra\u00e7a de discernir os sinais dos tempos para tomar as decis\u00f5es que deveremos tomar naquele momento&#8221;.<\/p>\n<hr \/>\n<p><em>Fonte: Vatican News<\/em><\/p>\n","protected":false},"excerpt":{"rendered":"<p>Missa em Santa Marta<\/p>\n","protected":false},"author":1,"featured_media":221146,"comment_status":"open","ping_status":"open","sticky":false,"template":"","format":"standard","meta":[],"categories":[1428],"tags":[1586],"acf":[],"yoast_head":"<!-- This site is optimized with the Yoast SEO plugin v19.2 - https:\/\/yoast.com\/wordpress\/plugins\/seo\/ -->\n<title>Nunca prisioneiros de palavras ou fechados ao Esp\u00edrito - Not\u00edcias - Franciscanos<\/title>\n<meta name=\"robots\" content=\"index, follow, max-snippet:-1, max-image-preview:large, max-video-preview:-1\" \/>\n<link rel=\"canonical\" href=\"https:\/\/franciscanos.org.br\/noticias\/nunca-prisioneiros-de-palavras-ou-fechados-ao-espirito.html\" \/>\n<meta property=\"og:locale\" content=\"pt_BR\" \/>\n<meta property=\"og:type\" content=\"article\" \/>\n<meta property=\"og:title\" content=\"Nunca prisioneiros de palavras ou fechados ao Esp\u00edrito - Not\u00edcias - Franciscanos\" \/>\n<meta property=\"og:description\" content=\"Missa em Santa Marta\" \/>\n<meta property=\"og:url\" content=\"https:\/\/franciscanos.org.br\/noticias\/nunca-prisioneiros-de-palavras-ou-fechados-ao-espirito.html\" \/>\n<meta property=\"og:site_name\" content=\"Not\u00edcias - Franciscanos\" \/>\n<meta property=\"article:published_time\" content=\"2018-04-24T11:12:03+00:00\" \/>\n<meta property=\"article:modified_time\" content=\"2020-06-07T18:47:54+00:00\" \/>\n<meta property=\"og:image\" content=\"https:\/\/franciscanos.org.br\/noticias\/wp-content\/uploads\/2018\/04\/marta_240418.jpg\" \/>\n\t<meta property=\"og:image:width\" content=\"273\" \/>\n\t<meta property=\"og:image:height\" content=\"181\" \/>\n\t<meta property=\"og:image:type\" content=\"image\/jpeg\" \/>\n<meta name=\"author\" content=\"admin\" \/>\n<meta name=\"twitter:card\" content=\"summary_large_image\" \/>\n<meta name=\"twitter:label1\" content=\"Escrito por\" \/>\n\t<meta name=\"twitter:data1\" content=\"admin\" \/>\n\t<meta name=\"twitter:label2\" content=\"Est. tempo de leitura\" \/>\n\t<meta name=\"twitter:data2\" content=\"3 minutos\" \/>\n<script type=\"application\/ld+json\" class=\"yoast-schema-graph\">{\"@context\":\"https:\/\/schema.org\",\"@graph\":[{\"@type\":\"WebSite\",\"@id\":\"https:\/\/franciscanos.org.br\/noticias\/#website\",\"url\":\"https:\/\/franciscanos.org.br\/noticias\/\",\"name\":\"Not\u00edcias - Franciscanos\",\"description\":\"Prov\u00edncia Franciscana da Imaculada Concei\u00e7\u00e3o do Brasil - Ordem dos Frades Menores - OFM\",\"potentialAction\":[{\"@type\":\"SearchAction\",\"target\":{\"@type\":\"EntryPoint\",\"urlTemplate\":\"https:\/\/franciscanos.org.br\/noticias\/?s={search_term_string}\"},\"query-input\":\"required name=search_term_string\"}],\"inLanguage\":\"pt-BR\"},{\"@type\":\"ImageObject\",\"inLanguage\":\"pt-BR\",\"@id\":\"https:\/\/franciscanos.org.br\/noticias\/nunca-prisioneiros-de-palavras-ou-fechados-ao-espirito.html#primaryimage\",\"url\":\"https:\/\/franciscanos.org.br\/noticias\/wp-content\/uploads\/2018\/04\/marta_240418.jpg\",\"contentUrl\":\"https:\/\/franciscanos.org.br\/noticias\/wp-content\/uploads\/2018\/04\/marta_240418.jpg\",\"width\":273,\"height\":181},{\"@type\":\"WebPage\",\"@id\":\"https:\/\/franciscanos.org.br\/noticias\/nunca-prisioneiros-de-palavras-ou-fechados-ao-espirito.html#webpage\",\"url\":\"https:\/\/franciscanos.org.br\/noticias\/nunca-prisioneiros-de-palavras-ou-fechados-ao-espirito.html\",\"name\":\"Nunca prisioneiros de palavras ou fechados ao Esp\u00edrito - Not\u00edcias - Franciscanos\",\"isPartOf\":{\"@id\":\"https:\/\/franciscanos.org.br\/noticias\/#website\"},\"primaryImageOfPage\":{\"@id\":\"https:\/\/franciscanos.org.br\/noticias\/nunca-prisioneiros-de-palavras-ou-fechados-ao-espirito.html#primaryimage\"},\"datePublished\":\"2018-04-24T11:12:03+00:00\",\"dateModified\":\"2020-06-07T18:47:54+00:00\",\"author\":{\"@id\":\"https:\/\/franciscanos.org.br\/noticias\/#\/schema\/person\/b38fbf43118f02820bd932f2e4b14ad3\"},\"breadcrumb\":{\"@id\":\"https:\/\/franciscanos.org.br\/noticias\/nunca-prisioneiros-de-palavras-ou-fechados-ao-espirito.html#breadcrumb\"},\"inLanguage\":\"pt-BR\",\"potentialAction\":[{\"@type\":\"ReadAction\",\"target\":[\"https:\/\/franciscanos.org.br\/noticias\/nunca-prisioneiros-de-palavras-ou-fechados-ao-espirito.html\"]}]},{\"@type\":\"BreadcrumbList\",\"@id\":\"https:\/\/franciscanos.org.br\/noticias\/nunca-prisioneiros-de-palavras-ou-fechados-ao-espirito.html#breadcrumb\",\"itemListElement\":[{\"@type\":\"ListItem\",\"position\":1,\"name\":\"Home\",\"item\":\"https:\/\/franciscanos.org.br\/noticias\"},{\"@type\":\"ListItem\",\"position\":2,\"name\":\"Nunca prisioneiros de palavras ou fechados ao Esp\u00edrito\"}]},{\"@type\":\"Person\",\"@id\":\"https:\/\/franciscanos.org.br\/noticias\/#\/schema\/person\/b38fbf43118f02820bd932f2e4b14ad3\",\"name\":\"admin\",\"image\":{\"@type\":\"ImageObject\",\"inLanguage\":\"pt-BR\",\"@id\":\"https:\/\/franciscanos.org.br\/noticias\/#\/schema\/person\/image\/\",\"url\":\"https:\/\/secure.gravatar.com\/avatar\/e8495742d34d0ba6448ea1c628263b3e?s=96&d=mm&r=g\",\"contentUrl\":\"https:\/\/secure.gravatar.com\/avatar\/e8495742d34d0ba6448ea1c628263b3e?s=96&d=mm&r=g\",\"caption\":\"admin\"},\"url\":\"https:\/\/franciscanos.org.br\/noticias\/author\/admin\"}]}<\/script>\n<!-- \/ Yoast SEO plugin. -->","yoast_head_json":{"title":"Nunca prisioneiros de palavras ou fechados ao Esp\u00edrito - Not\u00edcias - Franciscanos","robots":{"index":"index","follow":"follow","max-snippet":"max-snippet:-1","max-image-preview":"max-image-preview:large","max-video-preview":"max-video-preview:-1"},"canonical":"https:\/\/franciscanos.org.br\/noticias\/nunca-prisioneiros-de-palavras-ou-fechados-ao-espirito.html","og_locale":"pt_BR","og_type":"article","og_title":"Nunca prisioneiros de palavras ou fechados ao Esp\u00edrito - Not\u00edcias - Franciscanos","og_description":"Missa em Santa Marta","og_url":"https:\/\/franciscanos.org.br\/noticias\/nunca-prisioneiros-de-palavras-ou-fechados-ao-espirito.html","og_site_name":"Not\u00edcias - Franciscanos","article_published_time":"2018-04-24T11:12:03+00:00","article_modified_time":"2020-06-07T18:47:54+00:00","og_image":[{"width":273,"height":181,"url":"https:\/\/franciscanos.org.br\/noticias\/wp-content\/uploads\/2018\/04\/marta_240418.jpg","type":"image\/jpeg"}],"author":"admin","twitter_card":"summary_large_image","twitter_misc":{"Escrito por":"admin","Est. tempo de leitura":"3 minutos"},"schema":{"@context":"https:\/\/schema.org","@graph":[{"@type":"WebSite","@id":"https:\/\/franciscanos.org.br\/noticias\/#website","url":"https:\/\/franciscanos.org.br\/noticias\/","name":"Not\u00edcias - Franciscanos","description":"Prov\u00edncia Franciscana da Imaculada Concei\u00e7\u00e3o do Brasil - Ordem dos Frades Menores - OFM","potentialAction":[{"@type":"SearchAction","target":{"@type":"EntryPoint","urlTemplate":"https:\/\/franciscanos.org.br\/noticias\/?s={search_term_string}"},"query-input":"required name=search_term_string"}],"inLanguage":"pt-BR"},{"@type":"ImageObject","inLanguage":"pt-BR","@id":"https:\/\/franciscanos.org.br\/noticias\/nunca-prisioneiros-de-palavras-ou-fechados-ao-espirito.html#primaryimage","url":"https:\/\/franciscanos.org.br\/noticias\/wp-content\/uploads\/2018\/04\/marta_240418.jpg","contentUrl":"https:\/\/franciscanos.org.br\/noticias\/wp-content\/uploads\/2018\/04\/marta_240418.jpg","width":273,"height":181},{"@type":"WebPage","@id":"https:\/\/franciscanos.org.br\/noticias\/nunca-prisioneiros-de-palavras-ou-fechados-ao-espirito.html#webpage","url":"https:\/\/franciscanos.org.br\/noticias\/nunca-prisioneiros-de-palavras-ou-fechados-ao-espirito.html","name":"Nunca prisioneiros de palavras ou fechados ao Esp\u00edrito - Not\u00edcias - Franciscanos","isPartOf":{"@id":"https:\/\/franciscanos.org.br\/noticias\/#website"},"primaryImageOfPage":{"@id":"https:\/\/franciscanos.org.br\/noticias\/nunca-prisioneiros-de-palavras-ou-fechados-ao-espirito.html#primaryimage"},"datePublished":"2018-04-24T11:12:03+00:00","dateModified":"2020-06-07T18:47:54+00:00","author":{"@id":"https:\/\/franciscanos.org.br\/noticias\/#\/schema\/person\/b38fbf43118f02820bd932f2e4b14ad3"},"breadcrumb":{"@id":"https:\/\/franciscanos.org.br\/noticias\/nunca-prisioneiros-de-palavras-ou-fechados-ao-espirito.html#breadcrumb"},"inLanguage":"pt-BR","potentialAction":[{"@type":"ReadAction","target":["https:\/\/franciscanos.org.br\/noticias\/nunca-prisioneiros-de-palavras-ou-fechados-ao-espirito.html"]}]},{"@type":"BreadcrumbList","@id":"https:\/\/franciscanos.org.br\/noticias\/nunca-prisioneiros-de-palavras-ou-fechados-ao-espirito.html#breadcrumb","itemListElement":[{"@type":"ListItem","position":1,"name":"Home","item":"https:\/\/franciscanos.org.br\/noticias"},{"@type":"ListItem","position":2,"name":"Nunca prisioneiros de palavras ou fechados ao Esp\u00edrito"}]},{"@type":"Person","@id":"https:\/\/franciscanos.org.br\/noticias\/#\/schema\/person\/b38fbf43118f02820bd932f2e4b14ad3","name":"admin","image":{"@type":"ImageObject","inLanguage":"pt-BR","@id":"https:\/\/franciscanos.org.br\/noticias\/#\/schema\/person\/image\/","url":"https:\/\/secure.gravatar.com\/avatar\/e8495742d34d0ba6448ea1c628263b3e?s=96&d=mm&r=g","contentUrl":"https:\/\/secure.gravatar.com\/avatar\/e8495742d34d0ba6448ea1c628263b3e?s=96&d=mm&r=g","caption":"admin"},"url":"https:\/\/franciscanos.org.br\/noticias\/author\/admin"}]}},"_links":{"self":[{"href":"https:\/\/franciscanos.org.br\/noticias\/wp-json\/wp\/v2\/posts\/157688"}],"collection":[{"href":"https:\/\/franciscanos.org.br\/noticias\/wp-json\/wp\/v2\/posts"}],"about":[{"href":"https:\/\/franciscanos.org.br\/noticias\/wp-json\/wp\/v2\/types\/post"}],"author":[{"embeddable":true,"href":"https:\/\/franciscanos.org.br\/noticias\/wp-json\/wp\/v2\/users\/1"}],"replies":[{"embeddable":true,"href":"https:\/\/franciscanos.org.br\/noticias\/wp-json\/wp\/v2\/comments?post=157688"}],"version-history":[{"count":1,"href":"https:\/\/franciscanos.org.br\/noticias\/wp-json\/wp\/v2\/posts\/157688\/revisions"}],"predecessor-version":[{"id":224997,"href":"https:\/\/franciscanos.org.br\/noticias\/wp-json\/wp\/v2\/posts\/157688\/revisions\/224997"}],"wp:featuredmedia":[{"embeddable":true,"href":"https:\/\/franciscanos.org.br\/noticias\/wp-json\/wp\/v2\/media\/221146"}],"wp:attachment":[{"href":"https:\/\/franciscanos.org.br\/noticias\/wp-json\/wp\/v2\/media?parent=157688"}],"wp:term":[{"taxonomy":"category","embeddable":true,"href":"https:\/\/franciscanos.org.br\/noticias\/wp-json\/wp\/v2\/categories?post=157688"},{"taxonomy":"post_tag","embeddable":true,"href":"https:\/\/franciscanos.org.br\/noticias\/wp-json\/wp\/v2\/tags?post=157688"}],"curies":[{"name":"wp","href":"https:\/\/api.w.org\/{rel}","templated":true}]}}