{"id":157514,"date":"2018-04-23T10:15:43","date_gmt":"2018-04-23T13:15:43","guid":{"rendered":"http:\/\/franciscanos.org.br\/?p=157514"},"modified":"2019-10-30T14:24:09","modified_gmt":"2019-10-30T17:24:09","slug":"tempo-de-calvario-na-igreja-do-xingu","status":"publish","type":"post","link":"https:\/\/franciscanos.org.br\/noticias\/tempo-de-calvario-na-igreja-do-xingu.html","title":{"rendered":"D. Frei Jo\u00e3o Muniz: \u201cTempo de Calv\u00e1rio\u201d na Igreja do Xingu"},"content":{"rendered":"<p><img loading=\"lazy\" src=\"http:\/\/franciscanos.org.br\/wp-content\/uploads\/2018\/04\/joao_230418_1.jpg\" alt=\"joao_230418_1\" width=\"830\" height=\"488\" \/><\/p>\n<p><strong>Frei Gustavo Medella<\/strong><\/p>\n<p><strong>S\u00e3o Paulo (SP) &#8211;<\/strong> \u201cN\u00f3s, na Igreja do Xingu, vivemos uma Semana Santa em clima de verdadeiro Calv\u00e1rio\u201d. Estas foram as palavras do Bispo Prelado do Xingu, Dom Frei Jo\u00e3o Muniz, OFM, que presidiu a Missa desta segunda-feira, dia 23 de abril, \u00e0s 7h30, no Convento S\u00e3o Francisco em S\u00e3o Paulo. Dom Muniz fazia refer\u00eancia \u00e0 pris\u00e3o do Padre Jos\u00e9 Amaro Lopes de Sousa, da Par\u00f3quia do Munic\u00edpio de Anapu, no dia 27 de mar\u00e7o, ter\u00e7a-feira da Semana Santa. \u201cPrenderam nosso irm\u00e3o e fazem contra ele onze acusa\u00e7\u00f5es, das mais diversas. \u00c9 uma tentativa de criminalizar algu\u00e9m que est\u00e1 do lado dos pequenos e luta pelos seus direitos. Padre Amaro \u00e9 muito querido e respeitado pelo povo da regi\u00e3o\u201d, explicou Dom Muniz. \u201cDesde que foi ordenado, Padre Amaro atua na cidade da Anapu. Ele d\u00e1 prosseguimento ao trabalho de defesa dos pobres e de promo\u00e7\u00e3o do desenvolvimento sustent\u00e1vel realizado pela Mission\u00e1ria Norte Americana Dorothy Stang, que foi assassinada com seis tiros, em fevereiro de 2005. Padre Amaro trabalha em parceria com a Congrega\u00e7\u00e3o de Irm\u00e3 Dorothy nesta miss\u00e3o de defesa da vida e promo\u00e7\u00e3o dos pequenos\u201d, conta. Segundo Dom Muniz, a causa de tanta viol\u00eancia \u00e9 a disputa pela explora\u00e7\u00e3o das terras amaz\u00f4nicas. \u201cA grande maioria das terras pertence \u00e0 Uni\u00e3o. Grileiros e latifundi\u00e1rios buscam uma explora\u00e7\u00e3o predat\u00f3ria daquele territ\u00f3rio e agem com viol\u00eancia contra todos aqueles que denunciam e combatem seus interesses, que s\u00e3o de destrui\u00e7\u00e3o\u201d, denuncia o bispo franciscano.<\/p>\n<p><img loading=\"lazy\" class=\"alignleft wp-image-157517 \" src=\"http:\/\/franciscanos.org.br\/wp-content\/uploads\/2018\/04\/joao_230418_2.jpg\" alt=\"joao_230418_2\" width=\"210\" height=\"315\" \/>Segundo o Dom Muniz, uma equipe de seis advogados trabalha na obten\u00e7\u00e3o da liberdade para o padre e a expectativa \u00e9 que nesta semana ainda seja julgado o pedido de habeas corpus, apresentado ao Tribunal de Justi\u00e7a do Estado do Par\u00e1. Dom Jo\u00e3o Muniz definiu a regi\u00e3o Amaz\u00f4nica como um lugar de muitas riquezas e grandes desafios e destacou o papel importante da Igreja naquele contexto. \u201cA Igreja da Amaz\u00f4nia tem uma miss\u00e3o prof\u00e9tica na defesa da vida. Muitos religiosos e mission\u00e1rios j\u00e1 foram mortos e s\u00e3o perseguidos por se posicionarem contra os poderosos\u201d, destaca Dom Muniz, ao citar como exemplo as constantes amea\u00e7as sofridas por seu antecessor, o bispo em\u00e9rito Dom Erwin Krautler, que at\u00e9 hoje precisa andar acompanhado por seguran\u00e7as.<\/p>\n<p>Al\u00e9m das riquezas naturais, Dom Jo\u00e3o Muniz tamb\u00e9m chama a aten\u00e7\u00e3o para o patrim\u00f4nio cultural e humano presente na hist\u00f3ria dos grupos que originariamente povoaram aquela regi\u00e3o, como os ind\u00edgenas, ribeirinhos e quilombolas. Tamb\u00e9m chamou a aten\u00e7\u00e3o para a extens\u00e3o territorial da prelazia que est\u00e1 sobre seus cuidados. \u201cS\u00e3o Felix do Xingu \u00e9 maior circunscri\u00e7\u00e3o eclesi\u00e1stica em territ\u00f3rio no Brasil e, talvez, no mundo. S\u00e3o 360 mil quil\u00f4metros quadrados. A par\u00f3quia mais distante fica a 1.110 km da sede da Prelazia\u201d, explicou o bispo para descrever o tamanho da Prelazia. Dom Jo\u00e3o tamb\u00e9m pediu ora\u00e7\u00e3o pela miss\u00e3o da Igreja na Amaz\u00f4nia e destacou as muitas manifesta\u00e7\u00f5es de solidariedade recebidas por ocasi\u00e3o da pris\u00e3o do Padre Amaro. A Missa contou com a participa\u00e7\u00e3o da Fraternidade Franciscana do Largo S\u00e3o Francisco, de militantes e volunt\u00e1rios da Educafro e de paroquianos e demais fi\u00e9is. Dom Jo\u00e3o Muniz Alves \u00e9 Bispo da Prelazia de S\u00e3o Felix do Xingu desde 3 de abril de 2016. \u00c9 frade franciscano e foi Ministro Provincial da Prov\u00edncia Franciscana de Nossa Senhora da Assun\u00e7\u00e3o, dos estados do Maranh\u00e3o e Piau\u00ed. Na Prelazia sucedeu a Dom Erwin Krautler, bispo austr\u00edaco reconhecido na defesa da Floresta Amaz\u00f4nia e dos direitos humanos.<\/p>\n","protected":false},"excerpt":{"rendered":"<p>CNBB<\/p>\n","protected":false},"author":1,"featured_media":208869,"comment_status":"open","ping_status":"open","sticky":false,"template":"","format":"standard","meta":[],"categories":[1],"tags":[],"acf":[],"yoast_head":"<!-- This site is optimized with the Yoast SEO plugin v19.2 - https:\/\/yoast.com\/wordpress\/plugins\/seo\/ -->\n<title>D. Frei Jo\u00e3o Muniz: \u201cTempo de Calv\u00e1rio\u201d na Igreja do Xingu - Not\u00edcias - Franciscanos<\/title>\n<meta name=\"robots\" content=\"index, follow, max-snippet:-1, max-image-preview:large, max-video-preview:-1\" \/>\n<link rel=\"canonical\" href=\"https:\/\/franciscanos.org.br\/noticias\/tempo-de-calvario-na-igreja-do-xingu.html\" \/>\n<meta property=\"og:locale\" content=\"pt_BR\" \/>\n<meta property=\"og:type\" content=\"article\" \/>\n<meta property=\"og:title\" content=\"D. Frei Jo\u00e3o Muniz: \u201cTempo de Calv\u00e1rio\u201d na Igreja do Xingu - Not\u00edcias - Franciscanos\" \/>\n<meta property=\"og:description\" content=\"CNBB\" \/>\n<meta property=\"og:url\" content=\"https:\/\/franciscanos.org.br\/noticias\/tempo-de-calvario-na-igreja-do-xingu.html\" \/>\n<meta property=\"og:site_name\" content=\"Not\u00edcias - Franciscanos\" \/>\n<meta property=\"article:published_time\" content=\"2018-04-23T13:15:43+00:00\" \/>\n<meta property=\"article:modified_time\" content=\"2019-10-30T17:24:09+00:00\" \/>\n<meta property=\"og:image\" content=\"https:\/\/franciscanos.org.br\/noticias\/wp-content\/uploads\/2018\/04\/joao_230418_1.jpg\" \/>\n\t<meta property=\"og:image:width\" content=\"273\" \/>\n\t<meta property=\"og:image:height\" content=\"181\" \/>\n\t<meta property=\"og:image:type\" content=\"image\/jpeg\" \/>\n<meta name=\"author\" content=\"admin\" \/>\n<meta name=\"twitter:card\" content=\"summary_large_image\" \/>\n<meta name=\"twitter:label1\" content=\"Escrito por\" \/>\n\t<meta name=\"twitter:data1\" content=\"admin\" \/>\n\t<meta name=\"twitter:label2\" content=\"Est. tempo de leitura\" \/>\n\t<meta name=\"twitter:data2\" content=\"3 minutos\" \/>\n<script type=\"application\/ld+json\" class=\"yoast-schema-graph\">{\"@context\":\"https:\/\/schema.org\",\"@graph\":[{\"@type\":\"WebSite\",\"@id\":\"https:\/\/franciscanos.org.br\/noticias\/#website\",\"url\":\"https:\/\/franciscanos.org.br\/noticias\/\",\"name\":\"Not\u00edcias - Franciscanos\",\"description\":\"Prov\u00edncia Franciscana da Imaculada Concei\u00e7\u00e3o do Brasil - Ordem dos Frades Menores - OFM\",\"potentialAction\":[{\"@type\":\"SearchAction\",\"target\":{\"@type\":\"EntryPoint\",\"urlTemplate\":\"https:\/\/franciscanos.org.br\/noticias\/?s={search_term_string}\"},\"query-input\":\"required name=search_term_string\"}],\"inLanguage\":\"pt-BR\"},{\"@type\":\"ImageObject\",\"inLanguage\":\"pt-BR\",\"@id\":\"https:\/\/franciscanos.org.br\/noticias\/tempo-de-calvario-na-igreja-do-xingu.html#primaryimage\",\"url\":\"https:\/\/franciscanos.org.br\/noticias\/wp-content\/uploads\/2018\/04\/joao_230418_1.jpg\",\"contentUrl\":\"https:\/\/franciscanos.org.br\/noticias\/wp-content\/uploads\/2018\/04\/joao_230418_1.jpg\",\"width\":273,\"height\":181},{\"@type\":\"WebPage\",\"@id\":\"https:\/\/franciscanos.org.br\/noticias\/tempo-de-calvario-na-igreja-do-xingu.html#webpage\",\"url\":\"https:\/\/franciscanos.org.br\/noticias\/tempo-de-calvario-na-igreja-do-xingu.html\",\"name\":\"D. Frei Jo\u00e3o Muniz: \u201cTempo de Calv\u00e1rio\u201d na Igreja do Xingu - Not\u00edcias - Franciscanos\",\"isPartOf\":{\"@id\":\"https:\/\/franciscanos.org.br\/noticias\/#website\"},\"primaryImageOfPage\":{\"@id\":\"https:\/\/franciscanos.org.br\/noticias\/tempo-de-calvario-na-igreja-do-xingu.html#primaryimage\"},\"datePublished\":\"2018-04-23T13:15:43+00:00\",\"dateModified\":\"2019-10-30T17:24:09+00:00\",\"author\":{\"@id\":\"https:\/\/franciscanos.org.br\/noticias\/#\/schema\/person\/b38fbf43118f02820bd932f2e4b14ad3\"},\"breadcrumb\":{\"@id\":\"https:\/\/franciscanos.org.br\/noticias\/tempo-de-calvario-na-igreja-do-xingu.html#breadcrumb\"},\"inLanguage\":\"pt-BR\",\"potentialAction\":[{\"@type\":\"ReadAction\",\"target\":[\"https:\/\/franciscanos.org.br\/noticias\/tempo-de-calvario-na-igreja-do-xingu.html\"]}]},{\"@type\":\"BreadcrumbList\",\"@id\":\"https:\/\/franciscanos.org.br\/noticias\/tempo-de-calvario-na-igreja-do-xingu.html#breadcrumb\",\"itemListElement\":[{\"@type\":\"ListItem\",\"position\":1,\"name\":\"Home\",\"item\":\"https:\/\/franciscanos.org.br\/noticias\"},{\"@type\":\"ListItem\",\"position\":2,\"name\":\"D. Frei Jo\u00e3o Muniz: \u201cTempo de Calv\u00e1rio\u201d na Igreja do Xingu\"}]},{\"@type\":\"Person\",\"@id\":\"https:\/\/franciscanos.org.br\/noticias\/#\/schema\/person\/b38fbf43118f02820bd932f2e4b14ad3\",\"name\":\"admin\",\"image\":{\"@type\":\"ImageObject\",\"inLanguage\":\"pt-BR\",\"@id\":\"https:\/\/franciscanos.org.br\/noticias\/#\/schema\/person\/image\/\",\"url\":\"https:\/\/secure.gravatar.com\/avatar\/e8495742d34d0ba6448ea1c628263b3e?s=96&d=mm&r=g\",\"contentUrl\":\"https:\/\/secure.gravatar.com\/avatar\/e8495742d34d0ba6448ea1c628263b3e?s=96&d=mm&r=g\",\"caption\":\"admin\"},\"url\":\"https:\/\/franciscanos.org.br\/noticias\/author\/admin\"}]}<\/script>\n<!-- \/ Yoast SEO plugin. -->","yoast_head_json":{"title":"D. Frei Jo\u00e3o Muniz: \u201cTempo de Calv\u00e1rio\u201d na Igreja do Xingu - Not\u00edcias - Franciscanos","robots":{"index":"index","follow":"follow","max-snippet":"max-snippet:-1","max-image-preview":"max-image-preview:large","max-video-preview":"max-video-preview:-1"},"canonical":"https:\/\/franciscanos.org.br\/noticias\/tempo-de-calvario-na-igreja-do-xingu.html","og_locale":"pt_BR","og_type":"article","og_title":"D. Frei Jo\u00e3o Muniz: \u201cTempo de Calv\u00e1rio\u201d na Igreja do Xingu - Not\u00edcias - Franciscanos","og_description":"CNBB","og_url":"https:\/\/franciscanos.org.br\/noticias\/tempo-de-calvario-na-igreja-do-xingu.html","og_site_name":"Not\u00edcias - Franciscanos","article_published_time":"2018-04-23T13:15:43+00:00","article_modified_time":"2019-10-30T17:24:09+00:00","og_image":[{"width":273,"height":181,"url":"https:\/\/franciscanos.org.br\/noticias\/wp-content\/uploads\/2018\/04\/joao_230418_1.jpg","type":"image\/jpeg"}],"author":"admin","twitter_card":"summary_large_image","twitter_misc":{"Escrito por":"admin","Est. tempo de leitura":"3 minutos"},"schema":{"@context":"https:\/\/schema.org","@graph":[{"@type":"WebSite","@id":"https:\/\/franciscanos.org.br\/noticias\/#website","url":"https:\/\/franciscanos.org.br\/noticias\/","name":"Not\u00edcias - Franciscanos","description":"Prov\u00edncia Franciscana da Imaculada Concei\u00e7\u00e3o do Brasil - Ordem dos Frades Menores - OFM","potentialAction":[{"@type":"SearchAction","target":{"@type":"EntryPoint","urlTemplate":"https:\/\/franciscanos.org.br\/noticias\/?s={search_term_string}"},"query-input":"required name=search_term_string"}],"inLanguage":"pt-BR"},{"@type":"ImageObject","inLanguage":"pt-BR","@id":"https:\/\/franciscanos.org.br\/noticias\/tempo-de-calvario-na-igreja-do-xingu.html#primaryimage","url":"https:\/\/franciscanos.org.br\/noticias\/wp-content\/uploads\/2018\/04\/joao_230418_1.jpg","contentUrl":"https:\/\/franciscanos.org.br\/noticias\/wp-content\/uploads\/2018\/04\/joao_230418_1.jpg","width":273,"height":181},{"@type":"WebPage","@id":"https:\/\/franciscanos.org.br\/noticias\/tempo-de-calvario-na-igreja-do-xingu.html#webpage","url":"https:\/\/franciscanos.org.br\/noticias\/tempo-de-calvario-na-igreja-do-xingu.html","name":"D. Frei Jo\u00e3o Muniz: \u201cTempo de Calv\u00e1rio\u201d na Igreja do Xingu - Not\u00edcias - Franciscanos","isPartOf":{"@id":"https:\/\/franciscanos.org.br\/noticias\/#website"},"primaryImageOfPage":{"@id":"https:\/\/franciscanos.org.br\/noticias\/tempo-de-calvario-na-igreja-do-xingu.html#primaryimage"},"datePublished":"2018-04-23T13:15:43+00:00","dateModified":"2019-10-30T17:24:09+00:00","author":{"@id":"https:\/\/franciscanos.org.br\/noticias\/#\/schema\/person\/b38fbf43118f02820bd932f2e4b14ad3"},"breadcrumb":{"@id":"https:\/\/franciscanos.org.br\/noticias\/tempo-de-calvario-na-igreja-do-xingu.html#breadcrumb"},"inLanguage":"pt-BR","potentialAction":[{"@type":"ReadAction","target":["https:\/\/franciscanos.org.br\/noticias\/tempo-de-calvario-na-igreja-do-xingu.html"]}]},{"@type":"BreadcrumbList","@id":"https:\/\/franciscanos.org.br\/noticias\/tempo-de-calvario-na-igreja-do-xingu.html#breadcrumb","itemListElement":[{"@type":"ListItem","position":1,"name":"Home","item":"https:\/\/franciscanos.org.br\/noticias"},{"@type":"ListItem","position":2,"name":"D. Frei Jo\u00e3o Muniz: \u201cTempo de Calv\u00e1rio\u201d na Igreja do Xingu"}]},{"@type":"Person","@id":"https:\/\/franciscanos.org.br\/noticias\/#\/schema\/person\/b38fbf43118f02820bd932f2e4b14ad3","name":"admin","image":{"@type":"ImageObject","inLanguage":"pt-BR","@id":"https:\/\/franciscanos.org.br\/noticias\/#\/schema\/person\/image\/","url":"https:\/\/secure.gravatar.com\/avatar\/e8495742d34d0ba6448ea1c628263b3e?s=96&d=mm&r=g","contentUrl":"https:\/\/secure.gravatar.com\/avatar\/e8495742d34d0ba6448ea1c628263b3e?s=96&d=mm&r=g","caption":"admin"},"url":"https:\/\/franciscanos.org.br\/noticias\/author\/admin"}]}},"_links":{"self":[{"href":"https:\/\/franciscanos.org.br\/noticias\/wp-json\/wp\/v2\/posts\/157514"}],"collection":[{"href":"https:\/\/franciscanos.org.br\/noticias\/wp-json\/wp\/v2\/posts"}],"about":[{"href":"https:\/\/franciscanos.org.br\/noticias\/wp-json\/wp\/v2\/types\/post"}],"author":[{"embeddable":true,"href":"https:\/\/franciscanos.org.br\/noticias\/wp-json\/wp\/v2\/users\/1"}],"replies":[{"embeddable":true,"href":"https:\/\/franciscanos.org.br\/noticias\/wp-json\/wp\/v2\/comments?post=157514"}],"version-history":[{"count":0,"href":"https:\/\/franciscanos.org.br\/noticias\/wp-json\/wp\/v2\/posts\/157514\/revisions"}],"wp:featuredmedia":[{"embeddable":true,"href":"https:\/\/franciscanos.org.br\/noticias\/wp-json\/wp\/v2\/media\/208869"}],"wp:attachment":[{"href":"https:\/\/franciscanos.org.br\/noticias\/wp-json\/wp\/v2\/media?parent=157514"}],"wp:term":[{"taxonomy":"category","embeddable":true,"href":"https:\/\/franciscanos.org.br\/noticias\/wp-json\/wp\/v2\/categories?post=157514"},{"taxonomy":"post_tag","embeddable":true,"href":"https:\/\/franciscanos.org.br\/noticias\/wp-json\/wp\/v2\/tags?post=157514"}],"curies":[{"name":"wp","href":"https:\/\/api.w.org\/{rel}","templated":true}]}}