{"id":157114,"date":"2018-04-19T07:33:20","date_gmt":"2018-04-19T10:33:20","guid":{"rendered":"http:\/\/franciscanos.org.br\/?p=157114"},"modified":"2020-06-07T15:53:18","modified_gmt":"2020-06-07T18:53:18","slug":"papa-nao-existe-evangelizacao-de-poltrona","status":"publish","type":"post","link":"https:\/\/franciscanos.org.br\/noticias\/papa-nao-existe-evangelizacao-de-poltrona.html","title":{"rendered":"Papa: n\u00e3o existe evangeliza\u00e7\u00e3o de poltrona"},"content":{"rendered":"<p><img loading=\"lazy\" src=\"http:\/\/franciscanos.org.br\/wp-content\/uploads\/2018\/04\/marta_190418.jpg\" alt=\"marta_190418\" width=\"820\" height=\"440\" \/><\/p>\n<p><strong>Cidade do Vaticano<\/strong> &#8211; O Papa Francisco celebrou na manh\u00e3 de quinta-feira (19\/04) a Missa na capela da Casa Santa Marta, refletindo sobre o trecho dos Atos dos Ap\u00f3stolos. No Evangelho do dia, um anjo do Senhor diz a Filipe \u201cPrepara-te e vai para o sul, no caminho que desce de Jerusal\u00e9m a Gaza. O caminho \u00e9 deserto\u201d.<\/p>\n<p>Francisco explicou que, depois do mart\u00edrio de Est\u00eav\u00e3o, \u201ccome\u00e7ou uma grande persegui\u00e7\u00e3o\u201d para os crist\u00e3os e \u201cos disc\u00edpulos se espalharam por todos os lados\u201d, na Judeia, em Samaria. Mas justamente aquele \u201cvento da persegui\u00e7\u00e3o\u201d \u2013 acrescentou \u2013 levou os disc\u00edpulos a irem \u201cal\u00e9m\u201d.<\/p>\n<p>Assim como faz o vento com as sementes das plantas, as leva al\u00e9m e semeia, assim aconteceu aqui: eles foram al\u00e9m, com a semente da Palavra, e semearam a Palavra de Deus. E assim podemos dizer, brincando um pouco, que nasceu \u2018propaganda fide\u2019. Assim. De uma persegui\u00e7\u00e3o, de um vento, os disc\u00edpulos levaram a evangeliza\u00e7\u00e3o. E este trecho que hoje lemos, dos Atos dos Ap\u00f3stolos, \u00e9 de uma grande beleza\u2026 Mas \u00e9 um verdadeiro tratado de evangeliza\u00e7\u00e3o. Assim, o Senhor evangeliza. Assim o Senhor anuncia. Assim o Senhor quer que evangelizemos.<\/p>\n<p><strong>As tr\u00eas palavras da evangeliza\u00e7\u00e3o<\/strong><\/p>\n<p>Francisco destacou que \u00e9 o Esp\u00edrito a impulsionar Filipe \u2013 e n\u00f3s crist\u00e3os \u2013 \u00e0 evangeliza\u00e7\u00e3o. Esta se \u201cestrutura\u201d em tr\u00eas palavras-chave: \u201clevantar-se\u201d, \u201caproximar-se\u201d e \u201cpartir da situa\u00e7\u00e3o\u201d.<\/p>\n<p>A evangeliza\u00e7\u00e3o n\u00e3o \u00e9 um plano bem feito de proselitismo: \u201cVamos aqui e fa\u00e7amos muitos pros\u00e9litos, de l\u00e1, e muitos&#8230;\u201d N\u00e3o\u2026 \u00c9 o Esp\u00edrito que diz como voc\u00ea deve ir para levar a Palavra de Deus, para levar o nome de Jesus. E come\u00e7a dizendo: \u201cLevante-se e vai&#8217;\u201d. Levante-se e vai at\u00e9 aquele lugar. N\u00e3o existe uma evangeliza\u00e7\u00e3o \u201cde poltrona\u201d. \u201cLevante-se e vai&#8217;\u201d. Em sa\u00edda, sempre. \u201cVai\u201d. Em movimento. Vai ao lugar onde voc\u00ea deve anunciar a Palavra.<\/p>\n<p>Francisco ent\u00e3o recordou os muitos homens e mulheres que deixaram p\u00e1tria e fam\u00edlia para ir a terras distantes para levar a Palavra de Deus. E muitas vezes, \u201cdespreparados fisicamente, porque n\u00e3o tinham os anticorpos para resistir \u00e0s doen\u00e7as daquelas terras\u201d, morriam jovens ou \u201cmartirizados\u201d: se trata, diz o Papa &#8211; recordando as palavras ditas por um cardeal \u2013 de \u201cm\u00e1rtires da evangeliza\u00e7\u00e3o\u201d.<\/p>\n<p><strong>Nenhuma teoria para a evangeliza\u00e7\u00e3o<\/strong><br \/>\nO Pont\u00edfice explicou ainda que n\u00e3o \u00e9 necess\u00e1rio nenhum \u201cvade-m\u00e9cum da evangeliza\u00e7\u00e3o\u201d, mas \u00e9 preciso \u201cproximidade\u201d, aproximar-se \u201cpara ver o que acontece\u201d e partir \u201cda situa\u00e7\u00e3o\u201d, n\u00e3o de uma \u201cteoria\u201d.<br \/>\n&#8220;N\u00e3o se pode evangelizar em teoria. A evangeliza\u00e7\u00e3o \u00e9 um pouco corpo a corpo, pessoa a pessoa. Parte-se da situa\u00e7\u00e3o, n\u00e3o das teorias. E anuncia Jesus Cristo, e a coragem do Esp\u00edrito o impulsiona a batiz\u00e1-lo. Vai al\u00e9m, vai, vai, at\u00e9 que sente que acabou a sua obra. Assim se faz a evangeliza\u00e7\u00e3o. Essas tr\u00eas palavras s\u00e3o chave para todos n\u00f3s crist\u00e3os, que devemos evangelizar com a nossa vida, com o nosso exemplo, e tamb\u00e9m com a nossa palavra. &#8216;Levante-se, levante-se&#8217;; &#8216;aproxime-se&#8217;: proximidade; e &#8216;partir da situa\u00e7\u00e3o&#8217;, aquela concreta. Um m\u00e9todo simples, mas \u00e9 o m\u00e9todo de Jesus. Jesus evangelizava assim. Sempre em caminho, sempre na estrada, sempre pr\u00f3ximo \u00e0s pessoas, e sempre partia de situa\u00e7\u00f5es concretas, das concretudes. Somente se pode evangelizar com essas tr\u00eas atitudes, mas sob a for\u00e7a do Esp\u00edrito. Sempre o Esp\u00edrito nem mesmo esses tr\u00eas atitudes servem. \u00c9 o Esp\u00edrito que nos impulsiona a nos levantar, a nos aproximar e a partir das situa\u00e7\u00f5es&#8221;, disse o Papa.<\/p>\n<hr \/>\n<p><em>Fonte: Vatican News<\/em><\/p>\n","protected":false},"excerpt":{"rendered":"<p>Missa em Santa Marta<\/p>\n","protected":false},"author":1,"featured_media":187333,"comment_status":"open","ping_status":"open","sticky":false,"template":"","format":"standard","meta":[],"categories":[1428],"tags":[1586],"acf":[],"yoast_head":"<!-- This site is optimized with the Yoast SEO plugin v19.2 - https:\/\/yoast.com\/wordpress\/plugins\/seo\/ -->\n<title>Papa: n\u00e3o existe evangeliza\u00e7\u00e3o de poltrona - Not\u00edcias - Franciscanos<\/title>\n<meta name=\"robots\" content=\"index, follow, max-snippet:-1, max-image-preview:large, max-video-preview:-1\" \/>\n<link rel=\"canonical\" href=\"https:\/\/franciscanos.org.br\/noticias\/papa-nao-existe-evangelizacao-de-poltrona.html\" \/>\n<meta property=\"og:locale\" content=\"pt_BR\" \/>\n<meta property=\"og:type\" content=\"article\" \/>\n<meta property=\"og:title\" content=\"Papa: n\u00e3o existe evangeliza\u00e7\u00e3o de poltrona - Not\u00edcias - Franciscanos\" \/>\n<meta property=\"og:description\" content=\"Missa em Santa Marta\" \/>\n<meta property=\"og:url\" content=\"https:\/\/franciscanos.org.br\/noticias\/papa-nao-existe-evangelizacao-de-poltrona.html\" \/>\n<meta property=\"og:site_name\" content=\"Not\u00edcias - Franciscanos\" \/>\n<meta property=\"article:published_time\" content=\"2018-04-19T10:33:20+00:00\" \/>\n<meta property=\"article:modified_time\" content=\"2020-06-07T18:53:18+00:00\" \/>\n<meta property=\"og:image\" content=\"https:\/\/franciscanos.org.br\/noticias\/wp-content\/uploads\/2018\/11\/marta_190418-1.jpg\" \/>\n\t<meta property=\"og:image:width\" content=\"820\" \/>\n\t<meta property=\"og:image:height\" content=\"440\" \/>\n\t<meta property=\"og:image:type\" content=\"image\/jpeg\" \/>\n<meta name=\"author\" content=\"admin\" \/>\n<meta name=\"twitter:card\" content=\"summary_large_image\" \/>\n<meta name=\"twitter:label1\" content=\"Escrito por\" \/>\n\t<meta name=\"twitter:data1\" content=\"admin\" \/>\n\t<meta name=\"twitter:label2\" content=\"Est. tempo de leitura\" \/>\n\t<meta name=\"twitter:data2\" content=\"3 minutos\" \/>\n<script type=\"application\/ld+json\" class=\"yoast-schema-graph\">{\"@context\":\"https:\/\/schema.org\",\"@graph\":[{\"@type\":\"WebSite\",\"@id\":\"https:\/\/franciscanos.org.br\/noticias\/#website\",\"url\":\"https:\/\/franciscanos.org.br\/noticias\/\",\"name\":\"Not\u00edcias - Franciscanos\",\"description\":\"Prov\u00edncia Franciscana da Imaculada Concei\u00e7\u00e3o do Brasil - Ordem dos Frades Menores - OFM\",\"potentialAction\":[{\"@type\":\"SearchAction\",\"target\":{\"@type\":\"EntryPoint\",\"urlTemplate\":\"https:\/\/franciscanos.org.br\/noticias\/?s={search_term_string}\"},\"query-input\":\"required name=search_term_string\"}],\"inLanguage\":\"pt-BR\"},{\"@type\":\"ImageObject\",\"inLanguage\":\"pt-BR\",\"@id\":\"https:\/\/franciscanos.org.br\/noticias\/papa-nao-existe-evangelizacao-de-poltrona.html#primaryimage\",\"url\":\"https:\/\/franciscanos.org.br\/noticias\/wp-content\/uploads\/2018\/11\/marta_190418-1.jpg\",\"contentUrl\":\"https:\/\/franciscanos.org.br\/noticias\/wp-content\/uploads\/2018\/11\/marta_190418-1.jpg\",\"width\":820,\"height\":440},{\"@type\":\"WebPage\",\"@id\":\"https:\/\/franciscanos.org.br\/noticias\/papa-nao-existe-evangelizacao-de-poltrona.html#webpage\",\"url\":\"https:\/\/franciscanos.org.br\/noticias\/papa-nao-existe-evangelizacao-de-poltrona.html\",\"name\":\"Papa: n\u00e3o existe evangeliza\u00e7\u00e3o de poltrona - Not\u00edcias - Franciscanos\",\"isPartOf\":{\"@id\":\"https:\/\/franciscanos.org.br\/noticias\/#website\"},\"primaryImageOfPage\":{\"@id\":\"https:\/\/franciscanos.org.br\/noticias\/papa-nao-existe-evangelizacao-de-poltrona.html#primaryimage\"},\"datePublished\":\"2018-04-19T10:33:20+00:00\",\"dateModified\":\"2020-06-07T18:53:18+00:00\",\"author\":{\"@id\":\"https:\/\/franciscanos.org.br\/noticias\/#\/schema\/person\/b38fbf43118f02820bd932f2e4b14ad3\"},\"breadcrumb\":{\"@id\":\"https:\/\/franciscanos.org.br\/noticias\/papa-nao-existe-evangelizacao-de-poltrona.html#breadcrumb\"},\"inLanguage\":\"pt-BR\",\"potentialAction\":[{\"@type\":\"ReadAction\",\"target\":[\"https:\/\/franciscanos.org.br\/noticias\/papa-nao-existe-evangelizacao-de-poltrona.html\"]}]},{\"@type\":\"BreadcrumbList\",\"@id\":\"https:\/\/franciscanos.org.br\/noticias\/papa-nao-existe-evangelizacao-de-poltrona.html#breadcrumb\",\"itemListElement\":[{\"@type\":\"ListItem\",\"position\":1,\"name\":\"Home\",\"item\":\"https:\/\/franciscanos.org.br\/noticias\"},{\"@type\":\"ListItem\",\"position\":2,\"name\":\"Papa: n\u00e3o existe evangeliza\u00e7\u00e3o de poltrona\"}]},{\"@type\":\"Person\",\"@id\":\"https:\/\/franciscanos.org.br\/noticias\/#\/schema\/person\/b38fbf43118f02820bd932f2e4b14ad3\",\"name\":\"admin\",\"image\":{\"@type\":\"ImageObject\",\"inLanguage\":\"pt-BR\",\"@id\":\"https:\/\/franciscanos.org.br\/noticias\/#\/schema\/person\/image\/\",\"url\":\"https:\/\/secure.gravatar.com\/avatar\/e8495742d34d0ba6448ea1c628263b3e?s=96&d=mm&r=g\",\"contentUrl\":\"https:\/\/secure.gravatar.com\/avatar\/e8495742d34d0ba6448ea1c628263b3e?s=96&d=mm&r=g\",\"caption\":\"admin\"},\"url\":\"https:\/\/franciscanos.org.br\/noticias\/author\/admin\"}]}<\/script>\n<!-- \/ Yoast SEO plugin. -->","yoast_head_json":{"title":"Papa: n\u00e3o existe evangeliza\u00e7\u00e3o de poltrona - Not\u00edcias - Franciscanos","robots":{"index":"index","follow":"follow","max-snippet":"max-snippet:-1","max-image-preview":"max-image-preview:large","max-video-preview":"max-video-preview:-1"},"canonical":"https:\/\/franciscanos.org.br\/noticias\/papa-nao-existe-evangelizacao-de-poltrona.html","og_locale":"pt_BR","og_type":"article","og_title":"Papa: n\u00e3o existe evangeliza\u00e7\u00e3o de poltrona - Not\u00edcias - Franciscanos","og_description":"Missa em Santa Marta","og_url":"https:\/\/franciscanos.org.br\/noticias\/papa-nao-existe-evangelizacao-de-poltrona.html","og_site_name":"Not\u00edcias - Franciscanos","article_published_time":"2018-04-19T10:33:20+00:00","article_modified_time":"2020-06-07T18:53:18+00:00","og_image":[{"width":820,"height":440,"url":"https:\/\/franciscanos.org.br\/noticias\/wp-content\/uploads\/2018\/11\/marta_190418-1.jpg","type":"image\/jpeg"}],"author":"admin","twitter_card":"summary_large_image","twitter_misc":{"Escrito por":"admin","Est. tempo de leitura":"3 minutos"},"schema":{"@context":"https:\/\/schema.org","@graph":[{"@type":"WebSite","@id":"https:\/\/franciscanos.org.br\/noticias\/#website","url":"https:\/\/franciscanos.org.br\/noticias\/","name":"Not\u00edcias - Franciscanos","description":"Prov\u00edncia Franciscana da Imaculada Concei\u00e7\u00e3o do Brasil - Ordem dos Frades Menores - OFM","potentialAction":[{"@type":"SearchAction","target":{"@type":"EntryPoint","urlTemplate":"https:\/\/franciscanos.org.br\/noticias\/?s={search_term_string}"},"query-input":"required name=search_term_string"}],"inLanguage":"pt-BR"},{"@type":"ImageObject","inLanguage":"pt-BR","@id":"https:\/\/franciscanos.org.br\/noticias\/papa-nao-existe-evangelizacao-de-poltrona.html#primaryimage","url":"https:\/\/franciscanos.org.br\/noticias\/wp-content\/uploads\/2018\/11\/marta_190418-1.jpg","contentUrl":"https:\/\/franciscanos.org.br\/noticias\/wp-content\/uploads\/2018\/11\/marta_190418-1.jpg","width":820,"height":440},{"@type":"WebPage","@id":"https:\/\/franciscanos.org.br\/noticias\/papa-nao-existe-evangelizacao-de-poltrona.html#webpage","url":"https:\/\/franciscanos.org.br\/noticias\/papa-nao-existe-evangelizacao-de-poltrona.html","name":"Papa: n\u00e3o existe evangeliza\u00e7\u00e3o de poltrona - Not\u00edcias - Franciscanos","isPartOf":{"@id":"https:\/\/franciscanos.org.br\/noticias\/#website"},"primaryImageOfPage":{"@id":"https:\/\/franciscanos.org.br\/noticias\/papa-nao-existe-evangelizacao-de-poltrona.html#primaryimage"},"datePublished":"2018-04-19T10:33:20+00:00","dateModified":"2020-06-07T18:53:18+00:00","author":{"@id":"https:\/\/franciscanos.org.br\/noticias\/#\/schema\/person\/b38fbf43118f02820bd932f2e4b14ad3"},"breadcrumb":{"@id":"https:\/\/franciscanos.org.br\/noticias\/papa-nao-existe-evangelizacao-de-poltrona.html#breadcrumb"},"inLanguage":"pt-BR","potentialAction":[{"@type":"ReadAction","target":["https:\/\/franciscanos.org.br\/noticias\/papa-nao-existe-evangelizacao-de-poltrona.html"]}]},{"@type":"BreadcrumbList","@id":"https:\/\/franciscanos.org.br\/noticias\/papa-nao-existe-evangelizacao-de-poltrona.html#breadcrumb","itemListElement":[{"@type":"ListItem","position":1,"name":"Home","item":"https:\/\/franciscanos.org.br\/noticias"},{"@type":"ListItem","position":2,"name":"Papa: n\u00e3o existe evangeliza\u00e7\u00e3o de poltrona"}]},{"@type":"Person","@id":"https:\/\/franciscanos.org.br\/noticias\/#\/schema\/person\/b38fbf43118f02820bd932f2e4b14ad3","name":"admin","image":{"@type":"ImageObject","inLanguage":"pt-BR","@id":"https:\/\/franciscanos.org.br\/noticias\/#\/schema\/person\/image\/","url":"https:\/\/secure.gravatar.com\/avatar\/e8495742d34d0ba6448ea1c628263b3e?s=96&d=mm&r=g","contentUrl":"https:\/\/secure.gravatar.com\/avatar\/e8495742d34d0ba6448ea1c628263b3e?s=96&d=mm&r=g","caption":"admin"},"url":"https:\/\/franciscanos.org.br\/noticias\/author\/admin"}]}},"_links":{"self":[{"href":"https:\/\/franciscanos.org.br\/noticias\/wp-json\/wp\/v2\/posts\/157114"}],"collection":[{"href":"https:\/\/franciscanos.org.br\/noticias\/wp-json\/wp\/v2\/posts"}],"about":[{"href":"https:\/\/franciscanos.org.br\/noticias\/wp-json\/wp\/v2\/types\/post"}],"author":[{"embeddable":true,"href":"https:\/\/franciscanos.org.br\/noticias\/wp-json\/wp\/v2\/users\/1"}],"replies":[{"embeddable":true,"href":"https:\/\/franciscanos.org.br\/noticias\/wp-json\/wp\/v2\/comments?post=157114"}],"version-history":[{"count":1,"href":"https:\/\/franciscanos.org.br\/noticias\/wp-json\/wp\/v2\/posts\/157114\/revisions"}],"predecessor-version":[{"id":225000,"href":"https:\/\/franciscanos.org.br\/noticias\/wp-json\/wp\/v2\/posts\/157114\/revisions\/225000"}],"wp:featuredmedia":[{"embeddable":true,"href":"https:\/\/franciscanos.org.br\/noticias\/wp-json\/wp\/v2\/media\/187333"}],"wp:attachment":[{"href":"https:\/\/franciscanos.org.br\/noticias\/wp-json\/wp\/v2\/media?parent=157114"}],"wp:term":[{"taxonomy":"category","embeddable":true,"href":"https:\/\/franciscanos.org.br\/noticias\/wp-json\/wp\/v2\/categories?post=157114"},{"taxonomy":"post_tag","embeddable":true,"href":"https:\/\/franciscanos.org.br\/noticias\/wp-json\/wp\/v2\/tags?post=157114"}],"curies":[{"name":"wp","href":"https:\/\/api.w.org\/{rel}","templated":true}]}}