{"id":157049,"date":"2018-04-18T14:21:25","date_gmt":"2018-04-18T17:21:25","guid":{"rendered":"http:\/\/franciscanos.org.br\/?p=157049"},"modified":"2018-11-29T11:14:33","modified_gmt":"2018-11-29T13:14:33","slug":"religiosos-na-siria-afirmam-assad-nao-usa-armas-quimicas","status":"publish","type":"post","link":"https:\/\/franciscanos.org.br\/noticias\/religiosos-na-siria-afirmam-assad-nao-usa-armas-quimicas.html","title":{"rendered":"Religiosos na S\u00edria afirmam: \u201cAssad n\u00e3o usa armas qu\u00edmicas\u201d"},"content":{"rendered":"<p><img loading=\"lazy\" class=\"alignleft\" src=\"http:\/\/franciscanos.org.br\/wp-content\/uploads\/2018\/04\/siria_190418.jpg\" alt=\"siria_190418\" width=\"830\" height=\"400\" \/><strong>Gelsomino Del Guercio*<\/strong><\/p>\n<p>O Frei Bahjat Elia Karakach, franciscano da Cust\u00f3dia da Terra Santa, \u00e9 um dos mais respeitados religiosos cat\u00f3licos na S\u00edria. Superior do convento dedicado \u00e0 convers\u00e3o de S\u00e3o Paulo, a principal par\u00f3quia de rito latino na capital, Damasco, ele usa palavras dur\u00edssimas para denunciar que o governo s\u00edrio est\u00e1 sendo alvo de uma mentira alimentada pelos Estados Unidos e pelos seus aliados na Europa, no Golfo P\u00e9rsico e no Oriente Pr\u00f3ximo.<\/p>\n<p>Ele se refere \u00e0s acusa\u00e7\u00f5es de que o governo do ditador Bashar Al-Assad teria usado armas qu\u00edmicas contra civis na regi\u00e3o de Goutha, a poucos quil\u00f4metros de Damasco, na semana passada. O suposto ataque j\u00e1 foi negado tamb\u00e9m pelos russos, aliados de Assad, que acusam os norte-americanos e brit\u00e2nicos de terem forjado esse crime com a manipula\u00e7\u00e3o de informa\u00e7\u00f5es e imagens alegadamente tiradas do seu real contexto.<br \/>\nGoutha \u00e9 um dos \u00faltimos enclaves que restam nas m\u00e3os dos rebeldes contr\u00e1rios ao ditador Assad. A maioria deles \u00e9 formada por milicianos da Al-Qaeda.<\/p>\n<p><em>O frade afirma:<\/em><\/p>\n<p>\u201cA quem me pergunta sobre o uso de armas qu\u00edmicas pelo governo, eu gostaria de lembrar que, em 2003, o Iraque foi atacado pelos Estados Unidos e seus aliados com a justificativa de combater um regime que tinha armas qu\u00edmicas. E era mentira\u201d.<\/p>\n<p><em>E prossegue:<\/em><\/p>\n<p>\u201cToda vez que o ex\u00e9rcito s\u00edrio consegue reconquistar uma \u00e1rea que tinha sido tomada pelos rebeldes terroristas, acontece uma arma\u00e7\u00e3o para convencer a opini\u00e3o mundial de que o regime sanguin\u00e1rio precisa ser combatido. Tudo isso \u00e9 uma grande mentira porque o nosso governo n\u00e3o \u00e9 est\u00fapido de fazer uma coisa que daria margem para um ataque ocidental. O ex\u00e9rcito n\u00e3o precisa usar armas qu\u00edmicas, elas j\u00e1 foram desmanteladas sob o controle dos russos, j\u00e1 faz alguns anos. Hoje se avan\u00e7a sem o uso desses m\u00e9todos para vencer a guerra contra o terrorismo\u201d.<\/p>\n<p><strong>Motiva\u00e7\u00f5es econ\u00f4micas<\/strong><\/p>\n<p>Para Frei Bahjat, as vit\u00f3rias do regime de Assad contra os rebeldes terroristas n\u00e3o interessam ao mundo ocidental e aos seus aliados no Golfo P\u00e9rsico.<\/p>\n<p>\u201cIsto [os avan\u00e7os do ex\u00e9rcito s\u00edrio] desagrada quem financia os terroristas. E n\u00f3s dizemos isto sem papas na l\u00edngua\u201d.<\/p>\n<p><strong><em>A quem ele se refere?<\/em><\/strong><\/p>\n<p>&#8220;O mundo ocidental que sustenta os terroristas, instrumentos e aliados dos estados \u00e1rabes do Golfo, principalmente a Ar\u00e1bia Saudita, para defender os interesses desses pa\u00edses e de Israel. Digam isso. Falem desta grande mentira, vamos dizer a verdade!&#8221;<\/p>\n<p><strong>A m\u00eddia e sua \u00eanfase em apenas um lado<\/strong><\/p>\n<p>Embora seja not\u00f3rio que o regime ditatorial de Bashar Al-Assad tenha perpetrado graves abusos e viol\u00eancias contra o povo da S\u00edria, tamb\u00e9m \u00e9 verdade que as atrocidades perpetradas pelos rebeldes s\u00e3o bastante menos denunciadas pela m\u00eddia ocidental.<\/p>\n<p>As muitas d\u00favidas sobre o que de fato aconteceu em Goutha semana passada, por\u00e9m, t\u00eam for\u00e7ado os comentaristas a abordarem tamb\u00e9m as outras vers\u00f5es. Mas as acusa\u00e7\u00f5es de mentiras, omiss\u00f5es e deturpa\u00e7\u00f5es da realidade no pa\u00eds massacrado pela guerra n\u00e3o s\u00e3o recentes: quem vive em primeira m\u00e3o o contexto local as vem fazendo h\u00e1 anos.<\/p>\n<p>Entre os que denunciam a tergiversa\u00e7\u00e3o dos fatos, n\u00e3o faltam bispos, sacerdotes e religiosas cat\u00f3licos, sejam do rito latino, sejam dos ritos cat\u00f3licos orientais presentes na regi\u00e3o.<\/p>\n<p>\u201cNingu\u00e9m fala do que est\u00e1 acontecendo aqui em Damasco. Mas faz semanas que estamos sob o bombardeio dos rebeldes. As escolas est\u00e3o fechadas, a vida social e econ\u00f4mica est\u00e1 paralisada. At\u00e9 poucos minutos atr\u00e1s, estivemos sob ataque dos morteiros de Goutha, dos rebeldes\u201d.<\/p>\n<p><strong>Bispo de Aleppo afirma:\u00a0n\u00e3o acreditamos na hist\u00f3ria das armas qu\u00edmicas<\/strong><\/p>\n<p>Segundo a Ag\u00eancia DIRE, Dom Antoine Audo, o bispo caldeu de Aleppo e presidente da Caritas S\u00edria, acusa Donald Trump: &#8220;Eles usam o argumento de ataques qu\u00edmicos apenas para continuar a guerra, alimentar o com\u00e9rcio de armas e agradar a Ar\u00e1bia Saudita&#8221;, disse. &#8220;Eles querem mostrar seu poder, mas como bispos e como crist\u00e3os, dizemos que n\u00e3o acreditamos na hist\u00f3ria das armas qu\u00edmicas&#8221;, acrescentou o bispo, depois dos ataques contra alvos do governo em Damasco e Homs. &#8220;Este \u00e9 apenas um argumento para alimentar a guerra na S\u00edria e o com\u00e9rcio de armas, explorando a luta entre sunitas e xiitas e agradando a Ar\u00e1bia Saudita e as outras pot\u00eancias do Golfo&#8221;.<\/p>\n<p><strong>Os dois lados da moeda<\/strong><\/p>\n<p>O Pe. Munir Hanashy, p\u00e1roco em Damasco e diretor das escolas salesianas da capital s\u00edria, foi entrevistado por telefone poucas horas depois de um dos bombardeios dos rebeldes contra a cidade, no come\u00e7o de mar\u00e7o. Ao site italiano Il Sussidiario, ele declarou que est\u00e1 na hora de admitir que existem dois lados da moeda e que a situa\u00e7\u00e3o n\u00e3o \u00e9 simpl\u00f3ria como foi pintada por Obama e Trump e pela maior parte da m\u00eddia ocidental, tanto de esquerda quanto de direita.<\/p>\n<p><strong>M\u00edsseis dos rebeldes contra civis<\/strong><\/p>\n<p>O Pe. Munir afirma que sangrentos ataques com m\u00edsseis s\u00e3o feitos pelos rebeldes em resposta aos bombardeios das tropas governistas de Bashar Al-Assad.<br \/>\n\u201cEm Damasco faz anos que somos atacados. Voc\u00ea acha que um governo n\u00e3o pode reagir e tentar acabar com os chamados rebeldes para nos defender? Nem s\u00e3o mais ataques s\u00f3 com morteiros: eles aprenderam a fazer m\u00edsseis e \u00e9 isso o que eles est\u00e3o lan\u00e7ando contra n\u00f3s\u201d.<\/p>\n<p><strong>Sequestros e viol\u00eancia<\/strong><\/p>\n<p>O padre tamb\u00e9m descortina o pano de fundo dos massacres para al\u00e9m das explos\u00f5es:<\/p>\n<p>\u201cNo meio de tudo isto, infelizmente, ficam os civis de ambos os lados, mas ningu\u00e9m diz que, quando tinha acabado de come\u00e7ar a tr\u00e9gua proposta por Putin, com os corredores humanit\u00e1rios, os atiradores rebeldes alvejavam os civis de Goutha que tentavam escapar. Ou que muitos civis s\u00e3o s\u00edrios sequestrados que est\u00e3o presos em jaulas ao longo da fronteira para que o nosso ex\u00e9rcito n\u00e3o possa bombardear a regi\u00e3o [ocupada pelos rebeldes]. Eles usam escudos humanos. Sempre usaram nesta guerra, inclusive em Aleppo\u201d.<\/p>\n<p><strong>\u201cEnormes explos\u00f5es\u201d<\/strong><\/p>\n<p>A irm\u00e3 Yola, mission\u00e1ria do Cora\u00e7\u00e3o Imaculado de Maria em Damasco, testemunhou logo ap\u00f3s uma noite de bombardeios em mar\u00e7o:<\/p>\n<p>\u201cN\u00e3o dormimos esta noite. Das 2h \u00e0s 5h as explos\u00f5es foram cont\u00ednuas. Cerca de um m\u00eas atr\u00e1s tudo estava quieto, parecia quase que a guerra tinha acabado, a n\u00e3o ser em Bab Touma, onde os m\u00edsseis continuaram sendo lan\u00e7ados. Mas depois da chegada do ex\u00e9rcito os lan\u00e7amentos de m\u00edsseis aumentaram. Os m\u00edsseis nos apavoram porque causam explos\u00f5es enormes\u201d.<\/p>\n<p>Em Bab Touma foi atingido, entre tantos outros civis, o menino Lias, de 8 anos de idade. Seus pais tinham tentado durante anos at\u00e9 conseguirem ter um filho, para que depois o pequeno fosse assassinado pelos m\u00edsseis rebeldes. A religiosa prosseguiu, em suas declara\u00e7\u00f5es de mar\u00e7o que ainda seriam v\u00e1lidas hoje:<\/p>\n<p>\u201cBab Touma \u00e9 agora o lugar mais perigoso. Faz duas semanas eu tive que ir l\u00e1 e sa\u00ed muito r\u00e1pido para tentar evitar os m\u00edsseis. Escapei por muito pouco. Logo depois que sa\u00ed, os rebeldes lan\u00e7aram 11 m\u00edsseis. Foi um verdadeiro pesadelo\u201d.<\/p>\n<p><strong>*Reportagem publicada no site<a href=\"https:\/\/pt.aleteia.org\/2018\/04\/18\/franciscano-na-siria-assad-nao-usa-armas-quimicas-e-tudo-uma-grande-mentira\/\"> Aleteia<\/a><\/strong><\/p>\n","protected":false},"excerpt":{"rendered":"<p>Cust\u00f3dia da Terra Santa<\/p>\n","protected":false},"author":1,"featured_media":191952,"comment_status":"open","ping_status":"open","sticky":false,"template":"","format":"standard","meta":[],"categories":[1],"tags":[182,183],"acf":[],"yoast_head":"<!-- This site is optimized with the Yoast SEO plugin v19.2 - https:\/\/yoast.com\/wordpress\/plugins\/seo\/ -->\n<title>Religiosos na S\u00edria afirmam: \u201cAssad n\u00e3o usa armas qu\u00edmicas\u201d - Not\u00edcias - Franciscanos<\/title>\n<meta name=\"robots\" content=\"index, follow, max-snippet:-1, max-image-preview:large, max-video-preview:-1\" \/>\n<link rel=\"canonical\" href=\"https:\/\/franciscanos.org.br\/noticias\/religiosos-na-siria-afirmam-assad-nao-usa-armas-quimicas.html\" \/>\n<meta property=\"og:locale\" content=\"pt_BR\" \/>\n<meta property=\"og:type\" content=\"article\" \/>\n<meta property=\"og:title\" content=\"Religiosos na S\u00edria afirmam: \u201cAssad n\u00e3o usa armas qu\u00edmicas\u201d - Not\u00edcias - Franciscanos\" \/>\n<meta property=\"og:description\" content=\"Cust\u00f3dia da Terra Santa\" \/>\n<meta property=\"og:url\" content=\"https:\/\/franciscanos.org.br\/noticias\/religiosos-na-siria-afirmam-assad-nao-usa-armas-quimicas.html\" \/>\n<meta property=\"og:site_name\" content=\"Not\u00edcias - Franciscanos\" \/>\n<meta property=\"article:published_time\" content=\"2018-04-18T17:21:25+00:00\" \/>\n<meta property=\"article:modified_time\" content=\"2018-11-29T13:14:33+00:00\" \/>\n<meta property=\"og:image\" content=\"https:\/\/franciscanos.org.br\/noticias\/wp-content\/uploads\/2018\/04\/siria_190418.jpg\" \/>\n\t<meta property=\"og:image:width\" content=\"273\" \/>\n\t<meta property=\"og:image:height\" content=\"181\" \/>\n\t<meta property=\"og:image:type\" content=\"image\/jpeg\" \/>\n<meta name=\"author\" content=\"admin\" \/>\n<meta name=\"twitter:card\" content=\"summary_large_image\" \/>\n<meta name=\"twitter:label1\" content=\"Escrito por\" \/>\n\t<meta name=\"twitter:data1\" content=\"admin\" \/>\n\t<meta name=\"twitter:label2\" content=\"Est. tempo de leitura\" \/>\n\t<meta name=\"twitter:data2\" content=\"6 minutos\" \/>\n<script type=\"application\/ld+json\" class=\"yoast-schema-graph\">{\"@context\":\"https:\/\/schema.org\",\"@graph\":[{\"@type\":\"WebSite\",\"@id\":\"https:\/\/franciscanos.org.br\/noticias\/#website\",\"url\":\"https:\/\/franciscanos.org.br\/noticias\/\",\"name\":\"Not\u00edcias - Franciscanos\",\"description\":\"Prov\u00edncia Franciscana da Imaculada Concei\u00e7\u00e3o do Brasil - Ordem dos Frades Menores - OFM\",\"potentialAction\":[{\"@type\":\"SearchAction\",\"target\":{\"@type\":\"EntryPoint\",\"urlTemplate\":\"https:\/\/franciscanos.org.br\/noticias\/?s={search_term_string}\"},\"query-input\":\"required name=search_term_string\"}],\"inLanguage\":\"pt-BR\"},{\"@type\":\"ImageObject\",\"inLanguage\":\"pt-BR\",\"@id\":\"https:\/\/franciscanos.org.br\/noticias\/religiosos-na-siria-afirmam-assad-nao-usa-armas-quimicas.html#primaryimage\",\"url\":\"https:\/\/franciscanos.org.br\/noticias\/wp-content\/uploads\/2018\/04\/siria_190418.jpg\",\"contentUrl\":\"https:\/\/franciscanos.org.br\/noticias\/wp-content\/uploads\/2018\/04\/siria_190418.jpg\",\"width\":273,\"height\":181},{\"@type\":\"WebPage\",\"@id\":\"https:\/\/franciscanos.org.br\/noticias\/religiosos-na-siria-afirmam-assad-nao-usa-armas-quimicas.html#webpage\",\"url\":\"https:\/\/franciscanos.org.br\/noticias\/religiosos-na-siria-afirmam-assad-nao-usa-armas-quimicas.html\",\"name\":\"Religiosos na S\u00edria afirmam: \u201cAssad n\u00e3o usa armas qu\u00edmicas\u201d - Not\u00edcias - Franciscanos\",\"isPartOf\":{\"@id\":\"https:\/\/franciscanos.org.br\/noticias\/#website\"},\"primaryImageOfPage\":{\"@id\":\"https:\/\/franciscanos.org.br\/noticias\/religiosos-na-siria-afirmam-assad-nao-usa-armas-quimicas.html#primaryimage\"},\"datePublished\":\"2018-04-18T17:21:25+00:00\",\"dateModified\":\"2018-11-29T13:14:33+00:00\",\"author\":{\"@id\":\"https:\/\/franciscanos.org.br\/noticias\/#\/schema\/person\/b38fbf43118f02820bd932f2e4b14ad3\"},\"breadcrumb\":{\"@id\":\"https:\/\/franciscanos.org.br\/noticias\/religiosos-na-siria-afirmam-assad-nao-usa-armas-quimicas.html#breadcrumb\"},\"inLanguage\":\"pt-BR\",\"potentialAction\":[{\"@type\":\"ReadAction\",\"target\":[\"https:\/\/franciscanos.org.br\/noticias\/religiosos-na-siria-afirmam-assad-nao-usa-armas-quimicas.html\"]}]},{\"@type\":\"BreadcrumbList\",\"@id\":\"https:\/\/franciscanos.org.br\/noticias\/religiosos-na-siria-afirmam-assad-nao-usa-armas-quimicas.html#breadcrumb\",\"itemListElement\":[{\"@type\":\"ListItem\",\"position\":1,\"name\":\"Home\",\"item\":\"https:\/\/franciscanos.org.br\/noticias\"},{\"@type\":\"ListItem\",\"position\":2,\"name\":\"Religiosos na S\u00edria afirmam: \u201cAssad n\u00e3o usa armas qu\u00edmicas\u201d\"}]},{\"@type\":\"Person\",\"@id\":\"https:\/\/franciscanos.org.br\/noticias\/#\/schema\/person\/b38fbf43118f02820bd932f2e4b14ad3\",\"name\":\"admin\",\"image\":{\"@type\":\"ImageObject\",\"inLanguage\":\"pt-BR\",\"@id\":\"https:\/\/franciscanos.org.br\/noticias\/#\/schema\/person\/image\/\",\"url\":\"https:\/\/secure.gravatar.com\/avatar\/e8495742d34d0ba6448ea1c628263b3e?s=96&d=mm&r=g\",\"contentUrl\":\"https:\/\/secure.gravatar.com\/avatar\/e8495742d34d0ba6448ea1c628263b3e?s=96&d=mm&r=g\",\"caption\":\"admin\"},\"url\":\"https:\/\/franciscanos.org.br\/noticias\/author\/admin\"}]}<\/script>\n<!-- \/ Yoast SEO plugin. -->","yoast_head_json":{"title":"Religiosos na S\u00edria afirmam: \u201cAssad n\u00e3o usa armas qu\u00edmicas\u201d - Not\u00edcias - Franciscanos","robots":{"index":"index","follow":"follow","max-snippet":"max-snippet:-1","max-image-preview":"max-image-preview:large","max-video-preview":"max-video-preview:-1"},"canonical":"https:\/\/franciscanos.org.br\/noticias\/religiosos-na-siria-afirmam-assad-nao-usa-armas-quimicas.html","og_locale":"pt_BR","og_type":"article","og_title":"Religiosos na S\u00edria afirmam: \u201cAssad n\u00e3o usa armas qu\u00edmicas\u201d - Not\u00edcias - Franciscanos","og_description":"Cust\u00f3dia da Terra Santa","og_url":"https:\/\/franciscanos.org.br\/noticias\/religiosos-na-siria-afirmam-assad-nao-usa-armas-quimicas.html","og_site_name":"Not\u00edcias - Franciscanos","article_published_time":"2018-04-18T17:21:25+00:00","article_modified_time":"2018-11-29T13:14:33+00:00","og_image":[{"width":273,"height":181,"url":"https:\/\/franciscanos.org.br\/noticias\/wp-content\/uploads\/2018\/04\/siria_190418.jpg","type":"image\/jpeg"}],"author":"admin","twitter_card":"summary_large_image","twitter_misc":{"Escrito por":"admin","Est. tempo de leitura":"6 minutos"},"schema":{"@context":"https:\/\/schema.org","@graph":[{"@type":"WebSite","@id":"https:\/\/franciscanos.org.br\/noticias\/#website","url":"https:\/\/franciscanos.org.br\/noticias\/","name":"Not\u00edcias - Franciscanos","description":"Prov\u00edncia Franciscana da Imaculada Concei\u00e7\u00e3o do Brasil - Ordem dos Frades Menores - OFM","potentialAction":[{"@type":"SearchAction","target":{"@type":"EntryPoint","urlTemplate":"https:\/\/franciscanos.org.br\/noticias\/?s={search_term_string}"},"query-input":"required name=search_term_string"}],"inLanguage":"pt-BR"},{"@type":"ImageObject","inLanguage":"pt-BR","@id":"https:\/\/franciscanos.org.br\/noticias\/religiosos-na-siria-afirmam-assad-nao-usa-armas-quimicas.html#primaryimage","url":"https:\/\/franciscanos.org.br\/noticias\/wp-content\/uploads\/2018\/04\/siria_190418.jpg","contentUrl":"https:\/\/franciscanos.org.br\/noticias\/wp-content\/uploads\/2018\/04\/siria_190418.jpg","width":273,"height":181},{"@type":"WebPage","@id":"https:\/\/franciscanos.org.br\/noticias\/religiosos-na-siria-afirmam-assad-nao-usa-armas-quimicas.html#webpage","url":"https:\/\/franciscanos.org.br\/noticias\/religiosos-na-siria-afirmam-assad-nao-usa-armas-quimicas.html","name":"Religiosos na S\u00edria afirmam: \u201cAssad n\u00e3o usa armas qu\u00edmicas\u201d - Not\u00edcias - Franciscanos","isPartOf":{"@id":"https:\/\/franciscanos.org.br\/noticias\/#website"},"primaryImageOfPage":{"@id":"https:\/\/franciscanos.org.br\/noticias\/religiosos-na-siria-afirmam-assad-nao-usa-armas-quimicas.html#primaryimage"},"datePublished":"2018-04-18T17:21:25+00:00","dateModified":"2018-11-29T13:14:33+00:00","author":{"@id":"https:\/\/franciscanos.org.br\/noticias\/#\/schema\/person\/b38fbf43118f02820bd932f2e4b14ad3"},"breadcrumb":{"@id":"https:\/\/franciscanos.org.br\/noticias\/religiosos-na-siria-afirmam-assad-nao-usa-armas-quimicas.html#breadcrumb"},"inLanguage":"pt-BR","potentialAction":[{"@type":"ReadAction","target":["https:\/\/franciscanos.org.br\/noticias\/religiosos-na-siria-afirmam-assad-nao-usa-armas-quimicas.html"]}]},{"@type":"BreadcrumbList","@id":"https:\/\/franciscanos.org.br\/noticias\/religiosos-na-siria-afirmam-assad-nao-usa-armas-quimicas.html#breadcrumb","itemListElement":[{"@type":"ListItem","position":1,"name":"Home","item":"https:\/\/franciscanos.org.br\/noticias"},{"@type":"ListItem","position":2,"name":"Religiosos na S\u00edria afirmam: \u201cAssad n\u00e3o usa armas qu\u00edmicas\u201d"}]},{"@type":"Person","@id":"https:\/\/franciscanos.org.br\/noticias\/#\/schema\/person\/b38fbf43118f02820bd932f2e4b14ad3","name":"admin","image":{"@type":"ImageObject","inLanguage":"pt-BR","@id":"https:\/\/franciscanos.org.br\/noticias\/#\/schema\/person\/image\/","url":"https:\/\/secure.gravatar.com\/avatar\/e8495742d34d0ba6448ea1c628263b3e?s=96&d=mm&r=g","contentUrl":"https:\/\/secure.gravatar.com\/avatar\/e8495742d34d0ba6448ea1c628263b3e?s=96&d=mm&r=g","caption":"admin"},"url":"https:\/\/franciscanos.org.br\/noticias\/author\/admin"}]}},"_links":{"self":[{"href":"https:\/\/franciscanos.org.br\/noticias\/wp-json\/wp\/v2\/posts\/157049"}],"collection":[{"href":"https:\/\/franciscanos.org.br\/noticias\/wp-json\/wp\/v2\/posts"}],"about":[{"href":"https:\/\/franciscanos.org.br\/noticias\/wp-json\/wp\/v2\/types\/post"}],"author":[{"embeddable":true,"href":"https:\/\/franciscanos.org.br\/noticias\/wp-json\/wp\/v2\/users\/1"}],"replies":[{"embeddable":true,"href":"https:\/\/franciscanos.org.br\/noticias\/wp-json\/wp\/v2\/comments?post=157049"}],"version-history":[{"count":0,"href":"https:\/\/franciscanos.org.br\/noticias\/wp-json\/wp\/v2\/posts\/157049\/revisions"}],"wp:featuredmedia":[{"embeddable":true,"href":"https:\/\/franciscanos.org.br\/noticias\/wp-json\/wp\/v2\/media\/191952"}],"wp:attachment":[{"href":"https:\/\/franciscanos.org.br\/noticias\/wp-json\/wp\/v2\/media?parent=157049"}],"wp:term":[{"taxonomy":"category","embeddable":true,"href":"https:\/\/franciscanos.org.br\/noticias\/wp-json\/wp\/v2\/categories?post=157049"},{"taxonomy":"post_tag","embeddable":true,"href":"https:\/\/franciscanos.org.br\/noticias\/wp-json\/wp\/v2\/tags?post=157049"}],"curies":[{"name":"wp","href":"https:\/\/api.w.org\/{rel}","templated":true}]}}