{"id":156958,"date":"2018-04-17T07:25:56","date_gmt":"2018-04-17T10:25:56","guid":{"rendered":"http:\/\/franciscanos.org.br\/?p=156958"},"modified":"2020-06-07T15:55:39","modified_gmt":"2020-06-07T18:55:39","slug":"papa-o-profeta-e-um-homem-de-esperanca","status":"publish","type":"post","link":"https:\/\/franciscanos.org.br\/noticias\/papa-o-profeta-e-um-homem-de-esperanca.html","title":{"rendered":"\u201cA Igreja tem necessidade dos profetas&#8221;"},"content":{"rendered":"<p><img loading=\"lazy\" src=\"http:\/\/franciscanos.org.br\/wp-content\/uploads\/2018\/04\/papa_170418.jpg\" alt=\"papa_170418\" width=\"820\" height=\"461\" \/><\/p>\n<p><strong>Cidade do Vaticano<\/strong> &#8211; &#8220;Um verdadeiro profeta \u00e9 aquele que \u00e9 capaz de chorar por seu povo e tamb\u00e9m de dizer as coisas fortes quando for necess\u00e1rio. N\u00e3o \u00e9 morno, \u00e9 sempre assim, direto\u201d, disse o Papa Francisco, na homilia da Missa celebrada na manh\u00e3 desta ter\u00e7a-feira, na Capela da Casa Santa Marta.<\/p>\n<p>\u201cInsens\u00edveis e incircuncisos de cora\u00e7\u00e3o e ouvido! V\u00f3s sempre resististes ao Esp\u00edrito Santo e como vossos pais agiram, assim fazeis v\u00f3s!\u201d Est\u00eav\u00e3o, o primeiro m\u00e1rtir da Igreja, assim acusava o povo, os anci\u00e3os e os escribas que o haviam levado ao tribunal. Tinham o cora\u00e7\u00e3o fechado, n\u00e3o queriam ouvi-lo e n\u00e3o recordavam mais a hist\u00f3ria de Israel.<\/p>\n<p>O Papa Francisco repassa estes acontecimentos narrados no Livro dos Atos dos Ap\u00f3stolos, na leitura proposta pela liturgia do dia. E como os profetas foram perseguidos por seus pais, assim estes anci\u00e3os e escribas \u201cenfurecidos em seus cora\u00e7\u00f5es, rangem os dentes contra Est\u00eav\u00e3o e arrastaram-no para fora da cidade e come\u00e7aram a apedrej\u00e1-lo\u201d.<\/p>\n<p>E o Papa comenta, que \u201cquando o profeta chega \u00e0 verdade e toca o cora\u00e7\u00e3o, ou cora\u00e7\u00e3o se abre ou o cora\u00e7\u00e3o torna-se mais pedra, desencadeando a raiva, a persegui\u00e7\u00e3o\u201d. \u201cAssim acaba a vida de um profeta\u201d.<\/p>\n<p>A verdade, tantas vezes inc\u00f4moda, n\u00e3o \u00e9 agrad\u00e1vel de ser ouvida. Neste sentido, Francisco recorda que \u201cos profetas sempre tiveram estes problemas de persegui\u00e7\u00e3o por dizer a verdade\u201d: \u201cMas para mim, qual \u00e9 o teste de que um profeta, quando fala forte, diz a verdade? \u00c9 quando este profeta \u00e9 capaz n\u00e3o somente de dizer, mas de chorar sobre o povo que abandonou a verdade. E Jesus, por um lado repreende com aquelas palavras duras: \u201cgera\u00e7\u00e3o perversa e ad\u00faltera\u201d, diz por exemplo. Por outro, chora sobre Jerusal\u00e9m. Este \u00e9 o teste. Um verdadeiro profeta \u00e9 aquele que \u00e9 capaz de chorar por seu povo e tamb\u00e9m de dizer as coisas fortes quando for necess\u00e1rio. N\u00e3o \u00e9 morno, \u00e9 sempre assim, direto\u201d.<\/p>\n<p>Mas o verdadeiro profeta n\u00e3o \u00e9 um \u201cprofeta das desventuras\u201d, precisa Francisco. O verdadeiro profeta \u00e9 um profeta de esperan\u00e7a: \u201cAbrir portas, curar as ra\u00edzes, curar a perten\u00e7a ao povo de Deus para seguir em frente. N\u00e3o \u00e9 por of\u00edcio um repreensor\u2026.n\u00e3o! \u00c9 um homem de esperan\u00e7a. Repreende quando \u00e9 necess\u00e1rio e abre as portas olhando o horizonte da esperan\u00e7a. Mas o verdadeiro profeta, se cumpre bem o seu papel, arrisca a pr\u00f3pria pele\u201d.<\/p>\n<p>Assim com Est\u00eav\u00e3o, que morre sob os olhos de Saulo, por ser coerente com a verdade. E o Papa cita uma frase de um dos primeiros Padres da Igreja: \u201cO sangue dos m\u00e1rtires \u00e9 semente de novos crist\u00e3os\u201d: \u201cA Igreja tem necessidade dos profetas. E diria mais: tem necessidade de que todos n\u00f3s sejamos profetas. N\u00e3o cr\u00edticos, isto \u00e9 outra coisa. Uma coisa \u00e9 sempre o juiz cr\u00edtico, ao qual nada lhe agrada, nenhuma coisa lhe agrada.: \u201cN\u00e3o, isto n\u00e3o est\u00e1 certo, n\u00e3o est\u00e1 bem, n\u00e3o est\u00e1 bem, n\u00e3o est\u00e1 certo, isto deve ser assim\u2026\u201d Este n\u00e3o \u00e9 um profeta. O profeta \u00e9 aquele que reza, olha para Deus, olha para seu povo, sente dor quando o povo erra, chora \u2013 \u00e9 capaz de chorar pelo povo \u2013 mas \u00e9 tamb\u00e9m capaz de arriscar para dizer a verdade\u201d.<\/p>\n<p>\u201cQue n\u00e3o falte \u00e0 Igreja \u2013 conclui o Papa \u2013 este servi\u00e7o da profecia, para seguir sempre em frente\u201d.<\/p>\n<hr \/>\n<p><em>Fonte: Vatican News<\/em><\/p>\n","protected":false},"excerpt":{"rendered":"<p>Missa em Santa Marta<\/p>\n","protected":false},"author":1,"featured_media":203513,"comment_status":"open","ping_status":"open","sticky":false,"template":"","format":"standard","meta":[],"categories":[1428],"tags":[1586],"acf":[],"yoast_head":"<!-- This site is optimized with the Yoast SEO plugin v19.2 - https:\/\/yoast.com\/wordpress\/plugins\/seo\/ -->\n<title>\u201cA Igreja tem necessidade dos profetas&quot; - Not\u00edcias - Franciscanos<\/title>\n<meta name=\"robots\" content=\"index, follow, max-snippet:-1, max-image-preview:large, max-video-preview:-1\" \/>\n<link rel=\"canonical\" href=\"https:\/\/franciscanos.org.br\/noticias\/papa-o-profeta-e-um-homem-de-esperanca.html\" \/>\n<meta property=\"og:locale\" content=\"pt_BR\" \/>\n<meta property=\"og:type\" content=\"article\" \/>\n<meta property=\"og:title\" content=\"\u201cA Igreja tem necessidade dos profetas&quot; - Not\u00edcias - Franciscanos\" \/>\n<meta property=\"og:description\" content=\"Missa em Santa Marta\" \/>\n<meta property=\"og:url\" content=\"https:\/\/franciscanos.org.br\/noticias\/papa-o-profeta-e-um-homem-de-esperanca.html\" \/>\n<meta property=\"og:site_name\" content=\"Not\u00edcias - Franciscanos\" \/>\n<meta property=\"article:published_time\" content=\"2018-04-17T10:25:56+00:00\" \/>\n<meta property=\"article:modified_time\" content=\"2020-06-07T18:55:39+00:00\" \/>\n<meta property=\"og:image\" content=\"https:\/\/franciscanos.org.br\/noticias\/wp-content\/uploads\/2018\/04\/papa_170418.jpg\" \/>\n\t<meta property=\"og:image:width\" content=\"273\" \/>\n\t<meta property=\"og:image:height\" content=\"181\" \/>\n\t<meta property=\"og:image:type\" content=\"image\/jpeg\" \/>\n<meta name=\"author\" content=\"admin\" \/>\n<meta name=\"twitter:card\" content=\"summary_large_image\" \/>\n<meta name=\"twitter:label1\" content=\"Escrito por\" \/>\n\t<meta name=\"twitter:data1\" content=\"admin\" \/>\n\t<meta name=\"twitter:label2\" content=\"Est. tempo de leitura\" \/>\n\t<meta name=\"twitter:data2\" content=\"3 minutos\" \/>\n<script type=\"application\/ld+json\" class=\"yoast-schema-graph\">{\"@context\":\"https:\/\/schema.org\",\"@graph\":[{\"@type\":\"WebSite\",\"@id\":\"https:\/\/franciscanos.org.br\/noticias\/#website\",\"url\":\"https:\/\/franciscanos.org.br\/noticias\/\",\"name\":\"Not\u00edcias - Franciscanos\",\"description\":\"Prov\u00edncia Franciscana da Imaculada Concei\u00e7\u00e3o do Brasil - Ordem dos Frades Menores - OFM\",\"potentialAction\":[{\"@type\":\"SearchAction\",\"target\":{\"@type\":\"EntryPoint\",\"urlTemplate\":\"https:\/\/franciscanos.org.br\/noticias\/?s={search_term_string}\"},\"query-input\":\"required name=search_term_string\"}],\"inLanguage\":\"pt-BR\"},{\"@type\":\"ImageObject\",\"inLanguage\":\"pt-BR\",\"@id\":\"https:\/\/franciscanos.org.br\/noticias\/papa-o-profeta-e-um-homem-de-esperanca.html#primaryimage\",\"url\":\"https:\/\/franciscanos.org.br\/noticias\/wp-content\/uploads\/2018\/04\/papa_170418.jpg\",\"contentUrl\":\"https:\/\/franciscanos.org.br\/noticias\/wp-content\/uploads\/2018\/04\/papa_170418.jpg\",\"width\":273,\"height\":181},{\"@type\":\"WebPage\",\"@id\":\"https:\/\/franciscanos.org.br\/noticias\/papa-o-profeta-e-um-homem-de-esperanca.html#webpage\",\"url\":\"https:\/\/franciscanos.org.br\/noticias\/papa-o-profeta-e-um-homem-de-esperanca.html\",\"name\":\"\u201cA Igreja tem necessidade dos profetas\\\" - Not\u00edcias - Franciscanos\",\"isPartOf\":{\"@id\":\"https:\/\/franciscanos.org.br\/noticias\/#website\"},\"primaryImageOfPage\":{\"@id\":\"https:\/\/franciscanos.org.br\/noticias\/papa-o-profeta-e-um-homem-de-esperanca.html#primaryimage\"},\"datePublished\":\"2018-04-17T10:25:56+00:00\",\"dateModified\":\"2020-06-07T18:55:39+00:00\",\"author\":{\"@id\":\"https:\/\/franciscanos.org.br\/noticias\/#\/schema\/person\/b38fbf43118f02820bd932f2e4b14ad3\"},\"breadcrumb\":{\"@id\":\"https:\/\/franciscanos.org.br\/noticias\/papa-o-profeta-e-um-homem-de-esperanca.html#breadcrumb\"},\"inLanguage\":\"pt-BR\",\"potentialAction\":[{\"@type\":\"ReadAction\",\"target\":[\"https:\/\/franciscanos.org.br\/noticias\/papa-o-profeta-e-um-homem-de-esperanca.html\"]}]},{\"@type\":\"BreadcrumbList\",\"@id\":\"https:\/\/franciscanos.org.br\/noticias\/papa-o-profeta-e-um-homem-de-esperanca.html#breadcrumb\",\"itemListElement\":[{\"@type\":\"ListItem\",\"position\":1,\"name\":\"Home\",\"item\":\"https:\/\/franciscanos.org.br\/noticias\"},{\"@type\":\"ListItem\",\"position\":2,\"name\":\"\u201cA Igreja tem necessidade dos profetas&#8221;\"}]},{\"@type\":\"Person\",\"@id\":\"https:\/\/franciscanos.org.br\/noticias\/#\/schema\/person\/b38fbf43118f02820bd932f2e4b14ad3\",\"name\":\"admin\",\"image\":{\"@type\":\"ImageObject\",\"inLanguage\":\"pt-BR\",\"@id\":\"https:\/\/franciscanos.org.br\/noticias\/#\/schema\/person\/image\/\",\"url\":\"https:\/\/secure.gravatar.com\/avatar\/e8495742d34d0ba6448ea1c628263b3e?s=96&d=mm&r=g\",\"contentUrl\":\"https:\/\/secure.gravatar.com\/avatar\/e8495742d34d0ba6448ea1c628263b3e?s=96&d=mm&r=g\",\"caption\":\"admin\"},\"url\":\"https:\/\/franciscanos.org.br\/noticias\/author\/admin\"}]}<\/script>\n<!-- \/ Yoast SEO plugin. -->","yoast_head_json":{"title":"\u201cA Igreja tem necessidade dos profetas\" - Not\u00edcias - Franciscanos","robots":{"index":"index","follow":"follow","max-snippet":"max-snippet:-1","max-image-preview":"max-image-preview:large","max-video-preview":"max-video-preview:-1"},"canonical":"https:\/\/franciscanos.org.br\/noticias\/papa-o-profeta-e-um-homem-de-esperanca.html","og_locale":"pt_BR","og_type":"article","og_title":"\u201cA Igreja tem necessidade dos profetas\" - Not\u00edcias - Franciscanos","og_description":"Missa em Santa Marta","og_url":"https:\/\/franciscanos.org.br\/noticias\/papa-o-profeta-e-um-homem-de-esperanca.html","og_site_name":"Not\u00edcias - Franciscanos","article_published_time":"2018-04-17T10:25:56+00:00","article_modified_time":"2020-06-07T18:55:39+00:00","og_image":[{"width":273,"height":181,"url":"https:\/\/franciscanos.org.br\/noticias\/wp-content\/uploads\/2018\/04\/papa_170418.jpg","type":"image\/jpeg"}],"author":"admin","twitter_card":"summary_large_image","twitter_misc":{"Escrito por":"admin","Est. tempo de leitura":"3 minutos"},"schema":{"@context":"https:\/\/schema.org","@graph":[{"@type":"WebSite","@id":"https:\/\/franciscanos.org.br\/noticias\/#website","url":"https:\/\/franciscanos.org.br\/noticias\/","name":"Not\u00edcias - Franciscanos","description":"Prov\u00edncia Franciscana da Imaculada Concei\u00e7\u00e3o do Brasil - Ordem dos Frades Menores - OFM","potentialAction":[{"@type":"SearchAction","target":{"@type":"EntryPoint","urlTemplate":"https:\/\/franciscanos.org.br\/noticias\/?s={search_term_string}"},"query-input":"required name=search_term_string"}],"inLanguage":"pt-BR"},{"@type":"ImageObject","inLanguage":"pt-BR","@id":"https:\/\/franciscanos.org.br\/noticias\/papa-o-profeta-e-um-homem-de-esperanca.html#primaryimage","url":"https:\/\/franciscanos.org.br\/noticias\/wp-content\/uploads\/2018\/04\/papa_170418.jpg","contentUrl":"https:\/\/franciscanos.org.br\/noticias\/wp-content\/uploads\/2018\/04\/papa_170418.jpg","width":273,"height":181},{"@type":"WebPage","@id":"https:\/\/franciscanos.org.br\/noticias\/papa-o-profeta-e-um-homem-de-esperanca.html#webpage","url":"https:\/\/franciscanos.org.br\/noticias\/papa-o-profeta-e-um-homem-de-esperanca.html","name":"\u201cA Igreja tem necessidade dos profetas\" - Not\u00edcias - Franciscanos","isPartOf":{"@id":"https:\/\/franciscanos.org.br\/noticias\/#website"},"primaryImageOfPage":{"@id":"https:\/\/franciscanos.org.br\/noticias\/papa-o-profeta-e-um-homem-de-esperanca.html#primaryimage"},"datePublished":"2018-04-17T10:25:56+00:00","dateModified":"2020-06-07T18:55:39+00:00","author":{"@id":"https:\/\/franciscanos.org.br\/noticias\/#\/schema\/person\/b38fbf43118f02820bd932f2e4b14ad3"},"breadcrumb":{"@id":"https:\/\/franciscanos.org.br\/noticias\/papa-o-profeta-e-um-homem-de-esperanca.html#breadcrumb"},"inLanguage":"pt-BR","potentialAction":[{"@type":"ReadAction","target":["https:\/\/franciscanos.org.br\/noticias\/papa-o-profeta-e-um-homem-de-esperanca.html"]}]},{"@type":"BreadcrumbList","@id":"https:\/\/franciscanos.org.br\/noticias\/papa-o-profeta-e-um-homem-de-esperanca.html#breadcrumb","itemListElement":[{"@type":"ListItem","position":1,"name":"Home","item":"https:\/\/franciscanos.org.br\/noticias"},{"@type":"ListItem","position":2,"name":"\u201cA Igreja tem necessidade dos profetas&#8221;"}]},{"@type":"Person","@id":"https:\/\/franciscanos.org.br\/noticias\/#\/schema\/person\/b38fbf43118f02820bd932f2e4b14ad3","name":"admin","image":{"@type":"ImageObject","inLanguage":"pt-BR","@id":"https:\/\/franciscanos.org.br\/noticias\/#\/schema\/person\/image\/","url":"https:\/\/secure.gravatar.com\/avatar\/e8495742d34d0ba6448ea1c628263b3e?s=96&d=mm&r=g","contentUrl":"https:\/\/secure.gravatar.com\/avatar\/e8495742d34d0ba6448ea1c628263b3e?s=96&d=mm&r=g","caption":"admin"},"url":"https:\/\/franciscanos.org.br\/noticias\/author\/admin"}]}},"_links":{"self":[{"href":"https:\/\/franciscanos.org.br\/noticias\/wp-json\/wp\/v2\/posts\/156958"}],"collection":[{"href":"https:\/\/franciscanos.org.br\/noticias\/wp-json\/wp\/v2\/posts"}],"about":[{"href":"https:\/\/franciscanos.org.br\/noticias\/wp-json\/wp\/v2\/types\/post"}],"author":[{"embeddable":true,"href":"https:\/\/franciscanos.org.br\/noticias\/wp-json\/wp\/v2\/users\/1"}],"replies":[{"embeddable":true,"href":"https:\/\/franciscanos.org.br\/noticias\/wp-json\/wp\/v2\/comments?post=156958"}],"version-history":[{"count":1,"href":"https:\/\/franciscanos.org.br\/noticias\/wp-json\/wp\/v2\/posts\/156958\/revisions"}],"predecessor-version":[{"id":225003,"href":"https:\/\/franciscanos.org.br\/noticias\/wp-json\/wp\/v2\/posts\/156958\/revisions\/225003"}],"wp:featuredmedia":[{"embeddable":true,"href":"https:\/\/franciscanos.org.br\/noticias\/wp-json\/wp\/v2\/media\/203513"}],"wp:attachment":[{"href":"https:\/\/franciscanos.org.br\/noticias\/wp-json\/wp\/v2\/media?parent=156958"}],"wp:term":[{"taxonomy":"category","embeddable":true,"href":"https:\/\/franciscanos.org.br\/noticias\/wp-json\/wp\/v2\/categories?post=156958"},{"taxonomy":"post_tag","embeddable":true,"href":"https:\/\/franciscanos.org.br\/noticias\/wp-json\/wp\/v2\/tags?post=156958"}],"curies":[{"name":"wp","href":"https:\/\/api.w.org\/{rel}","templated":true}]}}