{"id":156788,"date":"2018-04-16T07:46:15","date_gmt":"2018-04-16T10:46:15","guid":{"rendered":"http:\/\/franciscanos.org.br\/?p=156788"},"modified":"2019-02-01T14:43:50","modified_gmt":"2019-02-01T16:43:50","slug":"tres-novos-diaconos-para-a-missao-de-angola","status":"publish","type":"post","link":"https:\/\/franciscanos.org.br\/noticias\/tres-novos-diaconos-para-a-missao-de-angola.html","title":{"rendered":"Tr\u00eas novos di\u00e1conos para a Miss\u00e3o de Angola"},"content":{"rendered":"<p><img loading=\"lazy\" src=\"http:\/\/franciscanos.org.br\/wp-content\/uploads\/2018\/04\/angola_160418_1.jpg\" alt=\"angola_160418_1\" width=\"830\" height=\"503\" \/><\/p>\n<p>A Funda\u00e7\u00e3o Imaculada M\u00e3e de Deus de Angola, a partir deste domingo dia 15 de abril, passou a contar com a colabora\u00e7\u00e3o de tr\u00eas di\u00e1conos. Frei Ermelindo Francisco Bambi, Frei Jo\u00e3o Alberto Bunga e Frei Jo\u00e3o Baptista Chilunda Canjenjenga deram mais um passo em dire\u00e7\u00e3o ao sacerd\u00f3cio e receberam, pelas m\u00e3os do bispo diocesano de Viana, Dom Joaquim Ferreira Lopes, o primeiro grau do Sacramento da Ordem. A celebra\u00e7\u00e3o aconteceu na Par\u00f3quia Nossa Senhora de F\u00e1tima, bairro Mulenvos, em Viana. Estavam presentes os confrades de Malange juntamente com alguns seminaristas. Tamb\u00e9m vieram os confrades de Kibala com os postulantes e os confrades do Palanca.<\/p>\n<p>Muita gente de outras par\u00f3quias, principalmente da Par\u00f3quia S\u00e3o Lucas, do Palanca, Luanda e da Par\u00f3quia Santos M\u00e1rtires de Uganda de Malange. Tamb\u00e9m um grande n\u00famero de religiosos e religiosas, como tamb\u00e9m os familiares dos confrades ordenandos.<\/p>\n<p>Dom Joaquim iniciou a celebra\u00e7\u00e3o acolhendo a todos e relembrando que \u00e9 uma grande festa para a Diocese e, principalmente para a Par\u00f3quia Nossa Senhora de F\u00e1tima, que recebe tal celebra\u00e7\u00e3o, pois s\u00e3o as primeiras ordena\u00e7\u00f5es que ali acontecem.<\/p>\n<p>Dentro de um esp\u00edrito de alegria pr\u00f3prio do Tempo Pascal, a celebra\u00e7\u00e3o, animada pelo coral com batuques e dan\u00e7as, foi conduzida com tranquilidade, propiciando oportunidade de ora\u00e7\u00e3o e reflex\u00e3o em torno da tem\u00e1tica do servi\u00e7o na \u00f3tica crist\u00e3. Como lema da ordena\u00e7\u00e3o diaconal, os confrades ordenandos escolheram a passagem do Evangelista Jo\u00e3o que diz: \u201cFazei Tudo o que Ele vos Disser\u201d (Jo 2,5).<\/p>\n<p><img loading=\"lazy\" src=\"http:\/\/franciscanos.org.br\/wp-content\/uploads\/2018\/04\/angola_160418_2.jpg\" alt=\"angola_160418_2\" width=\"830\" height=\"534\" \/><\/p>\n<p>Em sua homilia, Dom Joaquim, que pertence a Ordem dos Frades Menores Capuchinhos, disse que o sacramento da Ordem \u00e9 sempre uma manifesta\u00e7\u00e3o concreta do amor de Deus. E frisou que n\u00f3s, franciscanos, temos que, atrav\u00e9s do testemunho de vida, levarmos ao mundo a alegria que foi t\u00e3o pregada e vivida por S\u00e3o Francisco de Assis. Hoje, mais do que nunca, Angola e o mundo precisam de mais alegria.<\/p>\n<p>Depois de transcorrido o rito de imposi\u00e7\u00e3o das m\u00e3os, momento central da celebra\u00e7\u00e3o, Frei Ermelindo, Frei Jo\u00e3o Alberto e Frei Jo\u00e3o Baptista foram revestidos com a estola e a dalm\u00e1tica, vestes pr\u00f3prias do di\u00e1cono. Em seguida, receberam das m\u00e3os do bispo o Evangeli\u00e1rio, manifestando seus compromissos com a proclama\u00e7\u00e3o e a Palavra de Deus.<\/p>\n<p>Em seus agradecimentos, o neo-di\u00e1cono Frei Ermelindo em nome dos ordenandos n\u00e3o escondeu a alegria e a satisfa\u00e7\u00e3o em assumir mais esta miss\u00e3o que o Senhor lhe confia e agradeceu ao bispo e a Frei Jos\u00e9 Ant\u00f4nio, presidente da Funda\u00e7\u00e3o, aos familiares, religiosos e religiosas e a todo o povo que ali estava.<\/p>\n<p>Frei Ermelindo continuar\u00e1 trabalhando na Fraternidade Monte Alverne em Malange como orientador no Semin\u00e1rio. Frei Jo\u00e3o Alberto estar\u00e1 na Fraternidade S\u00e3o Francisco de Assis como vice-mestre dos professos tempor\u00e1rios e a servi\u00e7o dos projetos sociais. Frei Jo\u00e3o Baptista exercer\u00e1 seu minist\u00e9rio junto \u00e0 Fraternidade Nossa Senhora dos Anjos como ec\u00f4nomo e a servi\u00e7o dos projetos sociais.<\/p>\n<p><strong>Frei Alo\u00edsio Paulo A. dos Santos<\/strong><\/p>\n<p>&nbsp;<\/p>\n","protected":false},"excerpt":{"rendered":"<p>Miss\u00e3o de Angola<\/p>\n","protected":false},"author":1,"featured_media":199251,"comment_status":"open","ping_status":"open","sticky":false,"template":"","format":"standard","meta":[],"categories":[1],"tags":[360],"acf":[],"yoast_head":"<!-- This site is optimized with the Yoast SEO plugin v19.2 - https:\/\/yoast.com\/wordpress\/plugins\/seo\/ -->\n<title>Tr\u00eas novos di\u00e1conos para a Miss\u00e3o de Angola - Not\u00edcias - Franciscanos<\/title>\n<meta name=\"robots\" content=\"index, follow, max-snippet:-1, max-image-preview:large, max-video-preview:-1\" \/>\n<link rel=\"canonical\" href=\"https:\/\/franciscanos.org.br\/noticias\/tres-novos-diaconos-para-a-missao-de-angola.html\" \/>\n<meta property=\"og:locale\" content=\"pt_BR\" \/>\n<meta property=\"og:type\" content=\"article\" \/>\n<meta property=\"og:title\" content=\"Tr\u00eas novos di\u00e1conos para a Miss\u00e3o de Angola - Not\u00edcias - Franciscanos\" \/>\n<meta property=\"og:description\" content=\"Miss\u00e3o de Angola\" \/>\n<meta property=\"og:url\" content=\"https:\/\/franciscanos.org.br\/noticias\/tres-novos-diaconos-para-a-missao-de-angola.html\" \/>\n<meta property=\"og:site_name\" content=\"Not\u00edcias - Franciscanos\" \/>\n<meta property=\"article:published_time\" content=\"2018-04-16T10:46:15+00:00\" \/>\n<meta property=\"article:modified_time\" content=\"2019-02-01T16:43:50+00:00\" \/>\n<meta property=\"og:image\" content=\"https:\/\/franciscanos.org.br\/noticias\/wp-content\/uploads\/2018\/04\/angola_160418_d.jpg\" \/>\n\t<meta property=\"og:image:width\" content=\"273\" \/>\n\t<meta property=\"og:image:height\" content=\"181\" \/>\n\t<meta property=\"og:image:type\" content=\"image\/jpeg\" \/>\n<meta name=\"author\" content=\"admin\" \/>\n<meta name=\"twitter:card\" content=\"summary_large_image\" \/>\n<meta name=\"twitter:label1\" content=\"Escrito por\" \/>\n\t<meta name=\"twitter:data1\" content=\"admin\" \/>\n\t<meta name=\"twitter:label2\" content=\"Est. tempo de leitura\" \/>\n\t<meta name=\"twitter:data2\" content=\"3 minutos\" \/>\n<script type=\"application\/ld+json\" class=\"yoast-schema-graph\">{\"@context\":\"https:\/\/schema.org\",\"@graph\":[{\"@type\":\"WebSite\",\"@id\":\"https:\/\/franciscanos.org.br\/noticias\/#website\",\"url\":\"https:\/\/franciscanos.org.br\/noticias\/\",\"name\":\"Not\u00edcias - Franciscanos\",\"description\":\"Prov\u00edncia Franciscana da Imaculada Concei\u00e7\u00e3o do Brasil - Ordem dos Frades Menores - OFM\",\"potentialAction\":[{\"@type\":\"SearchAction\",\"target\":{\"@type\":\"EntryPoint\",\"urlTemplate\":\"https:\/\/franciscanos.org.br\/noticias\/?s={search_term_string}\"},\"query-input\":\"required name=search_term_string\"}],\"inLanguage\":\"pt-BR\"},{\"@type\":\"ImageObject\",\"inLanguage\":\"pt-BR\",\"@id\":\"https:\/\/franciscanos.org.br\/noticias\/tres-novos-diaconos-para-a-missao-de-angola.html#primaryimage\",\"url\":\"https:\/\/franciscanos.org.br\/noticias\/wp-content\/uploads\/2018\/04\/angola_160418_d.jpg\",\"contentUrl\":\"https:\/\/franciscanos.org.br\/noticias\/wp-content\/uploads\/2018\/04\/angola_160418_d.jpg\",\"width\":273,\"height\":181},{\"@type\":\"WebPage\",\"@id\":\"https:\/\/franciscanos.org.br\/noticias\/tres-novos-diaconos-para-a-missao-de-angola.html#webpage\",\"url\":\"https:\/\/franciscanos.org.br\/noticias\/tres-novos-diaconos-para-a-missao-de-angola.html\",\"name\":\"Tr\u00eas novos di\u00e1conos para a Miss\u00e3o de Angola - Not\u00edcias - Franciscanos\",\"isPartOf\":{\"@id\":\"https:\/\/franciscanos.org.br\/noticias\/#website\"},\"primaryImageOfPage\":{\"@id\":\"https:\/\/franciscanos.org.br\/noticias\/tres-novos-diaconos-para-a-missao-de-angola.html#primaryimage\"},\"datePublished\":\"2018-04-16T10:46:15+00:00\",\"dateModified\":\"2019-02-01T16:43:50+00:00\",\"author\":{\"@id\":\"https:\/\/franciscanos.org.br\/noticias\/#\/schema\/person\/b38fbf43118f02820bd932f2e4b14ad3\"},\"breadcrumb\":{\"@id\":\"https:\/\/franciscanos.org.br\/noticias\/tres-novos-diaconos-para-a-missao-de-angola.html#breadcrumb\"},\"inLanguage\":\"pt-BR\",\"potentialAction\":[{\"@type\":\"ReadAction\",\"target\":[\"https:\/\/franciscanos.org.br\/noticias\/tres-novos-diaconos-para-a-missao-de-angola.html\"]}]},{\"@type\":\"BreadcrumbList\",\"@id\":\"https:\/\/franciscanos.org.br\/noticias\/tres-novos-diaconos-para-a-missao-de-angola.html#breadcrumb\",\"itemListElement\":[{\"@type\":\"ListItem\",\"position\":1,\"name\":\"Home\",\"item\":\"https:\/\/franciscanos.org.br\/noticias\"},{\"@type\":\"ListItem\",\"position\":2,\"name\":\"Tr\u00eas novos di\u00e1conos para a Miss\u00e3o de Angola\"}]},{\"@type\":\"Person\",\"@id\":\"https:\/\/franciscanos.org.br\/noticias\/#\/schema\/person\/b38fbf43118f02820bd932f2e4b14ad3\",\"name\":\"admin\",\"image\":{\"@type\":\"ImageObject\",\"inLanguage\":\"pt-BR\",\"@id\":\"https:\/\/franciscanos.org.br\/noticias\/#\/schema\/person\/image\/\",\"url\":\"https:\/\/secure.gravatar.com\/avatar\/e8495742d34d0ba6448ea1c628263b3e?s=96&d=mm&r=g\",\"contentUrl\":\"https:\/\/secure.gravatar.com\/avatar\/e8495742d34d0ba6448ea1c628263b3e?s=96&d=mm&r=g\",\"caption\":\"admin\"},\"url\":\"https:\/\/franciscanos.org.br\/noticias\/author\/admin\"}]}<\/script>\n<!-- \/ Yoast SEO plugin. -->","yoast_head_json":{"title":"Tr\u00eas novos di\u00e1conos para a Miss\u00e3o de Angola - Not\u00edcias - Franciscanos","robots":{"index":"index","follow":"follow","max-snippet":"max-snippet:-1","max-image-preview":"max-image-preview:large","max-video-preview":"max-video-preview:-1"},"canonical":"https:\/\/franciscanos.org.br\/noticias\/tres-novos-diaconos-para-a-missao-de-angola.html","og_locale":"pt_BR","og_type":"article","og_title":"Tr\u00eas novos di\u00e1conos para a Miss\u00e3o de Angola - Not\u00edcias - Franciscanos","og_description":"Miss\u00e3o de Angola","og_url":"https:\/\/franciscanos.org.br\/noticias\/tres-novos-diaconos-para-a-missao-de-angola.html","og_site_name":"Not\u00edcias - Franciscanos","article_published_time":"2018-04-16T10:46:15+00:00","article_modified_time":"2019-02-01T16:43:50+00:00","og_image":[{"width":273,"height":181,"url":"https:\/\/franciscanos.org.br\/noticias\/wp-content\/uploads\/2018\/04\/angola_160418_d.jpg","type":"image\/jpeg"}],"author":"admin","twitter_card":"summary_large_image","twitter_misc":{"Escrito por":"admin","Est. tempo de leitura":"3 minutos"},"schema":{"@context":"https:\/\/schema.org","@graph":[{"@type":"WebSite","@id":"https:\/\/franciscanos.org.br\/noticias\/#website","url":"https:\/\/franciscanos.org.br\/noticias\/","name":"Not\u00edcias - Franciscanos","description":"Prov\u00edncia Franciscana da Imaculada Concei\u00e7\u00e3o do Brasil - Ordem dos Frades Menores - OFM","potentialAction":[{"@type":"SearchAction","target":{"@type":"EntryPoint","urlTemplate":"https:\/\/franciscanos.org.br\/noticias\/?s={search_term_string}"},"query-input":"required name=search_term_string"}],"inLanguage":"pt-BR"},{"@type":"ImageObject","inLanguage":"pt-BR","@id":"https:\/\/franciscanos.org.br\/noticias\/tres-novos-diaconos-para-a-missao-de-angola.html#primaryimage","url":"https:\/\/franciscanos.org.br\/noticias\/wp-content\/uploads\/2018\/04\/angola_160418_d.jpg","contentUrl":"https:\/\/franciscanos.org.br\/noticias\/wp-content\/uploads\/2018\/04\/angola_160418_d.jpg","width":273,"height":181},{"@type":"WebPage","@id":"https:\/\/franciscanos.org.br\/noticias\/tres-novos-diaconos-para-a-missao-de-angola.html#webpage","url":"https:\/\/franciscanos.org.br\/noticias\/tres-novos-diaconos-para-a-missao-de-angola.html","name":"Tr\u00eas novos di\u00e1conos para a Miss\u00e3o de Angola - Not\u00edcias - Franciscanos","isPartOf":{"@id":"https:\/\/franciscanos.org.br\/noticias\/#website"},"primaryImageOfPage":{"@id":"https:\/\/franciscanos.org.br\/noticias\/tres-novos-diaconos-para-a-missao-de-angola.html#primaryimage"},"datePublished":"2018-04-16T10:46:15+00:00","dateModified":"2019-02-01T16:43:50+00:00","author":{"@id":"https:\/\/franciscanos.org.br\/noticias\/#\/schema\/person\/b38fbf43118f02820bd932f2e4b14ad3"},"breadcrumb":{"@id":"https:\/\/franciscanos.org.br\/noticias\/tres-novos-diaconos-para-a-missao-de-angola.html#breadcrumb"},"inLanguage":"pt-BR","potentialAction":[{"@type":"ReadAction","target":["https:\/\/franciscanos.org.br\/noticias\/tres-novos-diaconos-para-a-missao-de-angola.html"]}]},{"@type":"BreadcrumbList","@id":"https:\/\/franciscanos.org.br\/noticias\/tres-novos-diaconos-para-a-missao-de-angola.html#breadcrumb","itemListElement":[{"@type":"ListItem","position":1,"name":"Home","item":"https:\/\/franciscanos.org.br\/noticias"},{"@type":"ListItem","position":2,"name":"Tr\u00eas novos di\u00e1conos para a Miss\u00e3o de Angola"}]},{"@type":"Person","@id":"https:\/\/franciscanos.org.br\/noticias\/#\/schema\/person\/b38fbf43118f02820bd932f2e4b14ad3","name":"admin","image":{"@type":"ImageObject","inLanguage":"pt-BR","@id":"https:\/\/franciscanos.org.br\/noticias\/#\/schema\/person\/image\/","url":"https:\/\/secure.gravatar.com\/avatar\/e8495742d34d0ba6448ea1c628263b3e?s=96&d=mm&r=g","contentUrl":"https:\/\/secure.gravatar.com\/avatar\/e8495742d34d0ba6448ea1c628263b3e?s=96&d=mm&r=g","caption":"admin"},"url":"https:\/\/franciscanos.org.br\/noticias\/author\/admin"}]}},"_links":{"self":[{"href":"https:\/\/franciscanos.org.br\/noticias\/wp-json\/wp\/v2\/posts\/156788"}],"collection":[{"href":"https:\/\/franciscanos.org.br\/noticias\/wp-json\/wp\/v2\/posts"}],"about":[{"href":"https:\/\/franciscanos.org.br\/noticias\/wp-json\/wp\/v2\/types\/post"}],"author":[{"embeddable":true,"href":"https:\/\/franciscanos.org.br\/noticias\/wp-json\/wp\/v2\/users\/1"}],"replies":[{"embeddable":true,"href":"https:\/\/franciscanos.org.br\/noticias\/wp-json\/wp\/v2\/comments?post=156788"}],"version-history":[{"count":0,"href":"https:\/\/franciscanos.org.br\/noticias\/wp-json\/wp\/v2\/posts\/156788\/revisions"}],"wp:featuredmedia":[{"embeddable":true,"href":"https:\/\/franciscanos.org.br\/noticias\/wp-json\/wp\/v2\/media\/199251"}],"wp:attachment":[{"href":"https:\/\/franciscanos.org.br\/noticias\/wp-json\/wp\/v2\/media?parent=156788"}],"wp:term":[{"taxonomy":"category","embeddable":true,"href":"https:\/\/franciscanos.org.br\/noticias\/wp-json\/wp\/v2\/categories?post=156788"},{"taxonomy":"post_tag","embeddable":true,"href":"https:\/\/franciscanos.org.br\/noticias\/wp-json\/wp\/v2\/tags?post=156788"}],"curies":[{"name":"wp","href":"https:\/\/api.w.org\/{rel}","templated":true}]}}