{"id":156776,"date":"2018-04-15T08:56:01","date_gmt":"2018-04-15T11:56:01","guid":{"rendered":"http:\/\/franciscanos.org.br\/?p=156776"},"modified":"2020-06-07T15:57:32","modified_gmt":"2020-06-07T18:57:32","slug":"regina-caeli-ofender-o-corpo-e-ofender-a-deus","status":"publish","type":"post","link":"https:\/\/franciscanos.org.br\/noticias\/regina-caeli-ofender-o-corpo-e-ofender-a-deus.html","title":{"rendered":"Regina Coeli: ofender o corpo \u00e9 ofender a Deus"},"content":{"rendered":"<p><img loading=\"lazy\" src=\"http:\/\/franciscanos.org.br\/wp-content\/uploads\/2018\/04\/regina_150418.jpg\" alt=\"regina_150418\" width=\"820\" height=\"376\" \/><\/p>\n<p><strong>Cidade do Vaticano<\/strong> \u2013 A sacralidade do corpo e da alma foi o tema da alocu\u00e7\u00e3o do Papa Francisco ao rezar com os fi\u00e9is na Pra\u00e7a S\u00e3o Pedro a ora\u00e7\u00e3o mariana do Regina Coeli. No Evangelho do terceiro domingo de P\u00e1scoa, est\u00e1 a experi\u00eancia do Ressuscitado feita pelos seus disc\u00edpulos. \u201cO epis\u00f3dio narrado pelo evangelista Lucas insiste muito no realismo da Ressurrei\u00e7\u00e3o. De fato, n\u00e3o de trata de uma apari\u00e7\u00e3o da alma de Jesus, mas da sua real presen\u00e7a com o corpo ressuscitado\u201d, disse o Pont\u00edfice.<\/p>\n<p>Os Ap\u00f3stolos ficam turbados com a presen\u00e7a de Jesus, a ponto de pensarem se tratar de um fantasma. Cristo decido comer o peixe assado para convenc\u00ea-los de que \u00e9 Ele. Para Francisco, a insist\u00eancia de Jesus sobre a realidade da sua Ressurrei\u00e7\u00e3o ilumina a perspectiva crist\u00e3 sobre o corpo, que n\u00e3o \u00e9 um obst\u00e1culo ou uma pris\u00e3o da alma.<\/p>\n<p><strong>Ideia positiva do corpo<\/strong><br \/>\n\u201cO corpo foi criado por Deus e o homem n\u00e3o \u00e9 completo se n\u00e3o for uni\u00e3o de corpo e alma. Jesus, que venceu a morte e ressuscitou em corpo e alma, nos faz entender que devemos ter uma ideia positiva do nosso corpo\u201d, explicou o Papa.<\/p>\n<p>O corpo pode se tornar ocasi\u00e3o ou instrumento de pecado, mas o pecado n\u00e3o \u00e9 provocado pelo corpo, mas pela fraqueza moral. \u201cToda ofensa ou ferida ou viol\u00eancia ao corpo do nosso pr\u00f3ximo \u00e9 uma ofensa a Deus criador! O meu pensamento vai, em especial, \u00e0s crian\u00e7as, \u00e0s mulheres e aos idosos maltratados no corpo. Na carne dessas pessoas n\u00f3s encontramos o corpo de Cristo\u201d.<\/p>\n<p>Jesus nos ensinou o amor, disse ainda Francisco, e que resgatar todos aqueles que experimentam no pr\u00f3prio as escravid\u00f5es dos nossos tempos. O Papa ent\u00e3o concluiu: \u201cNum mundo onde demasiadas vezes prevalecem a prepot\u00eancia contra os mais fracos e o materialismo que sufoca o esp\u00edrito, o Evangelho de hoje nos chama a ser pessoas capazes de olhar em profundidade, repletas de estupor e de grande alegria por ter encontrado o Senhor ressuscitado\u201d.<\/p>\n<p><strong>Transtornado<\/strong><\/p>\n<p>Assim o Papa Francisco se manifestou a respeito da situa\u00e7\u00e3o na S\u00edria e em outras partes do mundo. Ao final da ora\u00e7\u00e3o mariana do Regina Caeli, o Papa Francisco fez seu en\u00e9simo apelo pela paz: \u201cEstou profundamente transtornado com a atual situa\u00e7\u00e3o mundial em que, n\u00e3o obstante os instrumentos \u00e0 disposi\u00e7\u00e3o da comunidade internacional, n\u00e3o se consegue concordar uma a\u00e7\u00e3o comum a favor da paz na S\u00edria e em outras regi\u00f5es do mundo. Enquanto rezo pela paz, e convido todas as pessoas de boa vontade a continuarem a fazer o mesmo, apelo novamente a todos os respons\u00e1veis pol\u00edticos para que prevale\u00e7am a justi\u00e7a e a paz\u201d.<\/p>\n<p><strong>RAINHA DO C\u00c9U<\/strong><\/p>\n<p>Durante o tempo pascal, a Igreja Universal se une em alegria por meio da ora\u00e7\u00e3o <strong>Rainha do C\u00e9u (Regina C\u0153li ou Regina C\u00e6li)<\/strong>, junto \u00e0 M\u00e3e de Deus, pela ressurrei\u00e7\u00e3o de seu Filho Jesus Cristo, acontecimento que marca o maior mist\u00e9rio da f\u00e9 cat\u00f3lica.<\/p>\n<p>A ora\u00e7\u00e3o da ant\u00edfona do Regina Coeli foi estabelecida pelo Papa Bento XIV em 1742 e substitui durante o tempo pascal, da celebra\u00e7\u00e3o da ressurrei\u00e7\u00e3o at\u00e9 o dia de Pentecostes, a ora\u00e7\u00e3o do \u00c2ngelus cuja medita\u00e7\u00e3o central \u00e9 o mist\u00e9rio da Encarna\u00e7\u00e3o.<\/p>\n<p>Assim como o \u00c2ngelus, o Regina Coeli \u00e9 rezado tr\u00eas vezes ao dia: ao amanhecer, ao meio dia e ao entardecer como uma forma de consagrar o dia a Deus e \u00e0 Virgem Maria.<\/p>\n<p>N\u00e3o se conhece o autor desta composi\u00e7\u00e3o lit\u00fargica que remonta ao s\u00e9culo XII e era repetido pelos Frades Menores Franciscanos depois das completas na primeira metade do s\u00e9culo seguinte popularizando-a e difundindo-a por todo mundo crist\u00e3o.<\/p>\n<blockquote><p>A ora\u00e7\u00e3o:<br \/>\nV. Rainha do C\u00e9u, alegrai-vos, Aleluia!<\/p>\n<p>R. Porque Aquele que merecestes trazer em Vosso ventre, Aleluia!<\/p>\n<p>V. Ressuscitou como disse, Aleluia!<\/p>\n<p>R. Rogai por n\u00f3s a Deus, Aleluia!<\/p>\n<p>V. Exultai e alegrai-vos, \u00f3 Virgem Maria, Aleluia!<\/p>\n<p>R. Porque o Senhor ressuscitou verdadeiramente, Aleluia!<\/p>\n<p>Oremos:<\/p>\n<p>\u00d3 Deus, que Vos dignastes alegrar o mundo com a Ressurrei\u00e7\u00e3o do Vosso Filho Jesus Cristo, Senhor Nosso, concedei-nos, Vos suplicamos, que por sua M\u00e3e, a Virgem Maria, alcancemos as alegrias da vida eterna. Por Cristo, Senhor Nosso. Am\u00e9m.<\/p>\n<p>Gl\u00f3ria ao Pai e ao Filho e ao Esp\u00edrito Santo, como era no princ\u00edpio agora e sempre. Am\u00e9m. (Tr\u00eas vezes).<\/p>\n<hr \/>\n<p><em>Fonte: Vatican News<\/em><\/p><\/blockquote>\n","protected":false},"excerpt":{"rendered":"<p>Regina Coeli<\/p>\n","protected":false},"author":1,"featured_media":210746,"comment_status":"open","ping_status":"open","sticky":false,"template":"","format":"standard","meta":[],"categories":[1428],"tags":[564],"acf":[],"yoast_head":"<!-- This site is optimized with the Yoast SEO plugin v19.2 - https:\/\/yoast.com\/wordpress\/plugins\/seo\/ -->\n<title>Regina Coeli: ofender o corpo \u00e9 ofender a Deus - Not\u00edcias - Franciscanos<\/title>\n<meta name=\"robots\" content=\"index, follow, max-snippet:-1, max-image-preview:large, max-video-preview:-1\" \/>\n<link rel=\"canonical\" href=\"https:\/\/franciscanos.org.br\/noticias\/regina-caeli-ofender-o-corpo-e-ofender-a-deus.html\" \/>\n<meta property=\"og:locale\" content=\"pt_BR\" \/>\n<meta property=\"og:type\" content=\"article\" \/>\n<meta property=\"og:title\" content=\"Regina Coeli: ofender o corpo \u00e9 ofender a Deus - Not\u00edcias - Franciscanos\" \/>\n<meta property=\"og:description\" content=\"Regina Coeli\" \/>\n<meta property=\"og:url\" content=\"https:\/\/franciscanos.org.br\/noticias\/regina-caeli-ofender-o-corpo-e-ofender-a-deus.html\" \/>\n<meta property=\"og:site_name\" content=\"Not\u00edcias - Franciscanos\" \/>\n<meta property=\"article:published_time\" content=\"2018-04-15T11:56:01+00:00\" \/>\n<meta property=\"article:modified_time\" content=\"2020-06-07T18:57:32+00:00\" \/>\n<meta property=\"og:image\" content=\"https:\/\/franciscanos.org.br\/noticias\/wp-content\/uploads\/2018\/04\/regina_150418.jpg\" \/>\n\t<meta property=\"og:image:width\" content=\"273\" \/>\n\t<meta property=\"og:image:height\" content=\"181\" \/>\n\t<meta property=\"og:image:type\" content=\"image\/jpeg\" \/>\n<meta name=\"author\" content=\"admin\" \/>\n<meta name=\"twitter:card\" content=\"summary_large_image\" \/>\n<meta name=\"twitter:label1\" content=\"Escrito por\" \/>\n\t<meta name=\"twitter:data1\" content=\"admin\" \/>\n\t<meta name=\"twitter:label2\" content=\"Est. tempo de leitura\" \/>\n\t<meta name=\"twitter:data2\" content=\"4 minutos\" \/>\n<script type=\"application\/ld+json\" class=\"yoast-schema-graph\">{\"@context\":\"https:\/\/schema.org\",\"@graph\":[{\"@type\":\"WebSite\",\"@id\":\"https:\/\/franciscanos.org.br\/noticias\/#website\",\"url\":\"https:\/\/franciscanos.org.br\/noticias\/\",\"name\":\"Not\u00edcias - Franciscanos\",\"description\":\"Prov\u00edncia Franciscana da Imaculada Concei\u00e7\u00e3o do Brasil - Ordem dos Frades Menores - OFM\",\"potentialAction\":[{\"@type\":\"SearchAction\",\"target\":{\"@type\":\"EntryPoint\",\"urlTemplate\":\"https:\/\/franciscanos.org.br\/noticias\/?s={search_term_string}\"},\"query-input\":\"required name=search_term_string\"}],\"inLanguage\":\"pt-BR\"},{\"@type\":\"ImageObject\",\"inLanguage\":\"pt-BR\",\"@id\":\"https:\/\/franciscanos.org.br\/noticias\/regina-caeli-ofender-o-corpo-e-ofender-a-deus.html#primaryimage\",\"url\":\"https:\/\/franciscanos.org.br\/noticias\/wp-content\/uploads\/2018\/04\/regina_150418.jpg\",\"contentUrl\":\"https:\/\/franciscanos.org.br\/noticias\/wp-content\/uploads\/2018\/04\/regina_150418.jpg\",\"width\":273,\"height\":181},{\"@type\":\"WebPage\",\"@id\":\"https:\/\/franciscanos.org.br\/noticias\/regina-caeli-ofender-o-corpo-e-ofender-a-deus.html#webpage\",\"url\":\"https:\/\/franciscanos.org.br\/noticias\/regina-caeli-ofender-o-corpo-e-ofender-a-deus.html\",\"name\":\"Regina Coeli: ofender o corpo \u00e9 ofender a Deus - Not\u00edcias - Franciscanos\",\"isPartOf\":{\"@id\":\"https:\/\/franciscanos.org.br\/noticias\/#website\"},\"primaryImageOfPage\":{\"@id\":\"https:\/\/franciscanos.org.br\/noticias\/regina-caeli-ofender-o-corpo-e-ofender-a-deus.html#primaryimage\"},\"datePublished\":\"2018-04-15T11:56:01+00:00\",\"dateModified\":\"2020-06-07T18:57:32+00:00\",\"author\":{\"@id\":\"https:\/\/franciscanos.org.br\/noticias\/#\/schema\/person\/b38fbf43118f02820bd932f2e4b14ad3\"},\"breadcrumb\":{\"@id\":\"https:\/\/franciscanos.org.br\/noticias\/regina-caeli-ofender-o-corpo-e-ofender-a-deus.html#breadcrumb\"},\"inLanguage\":\"pt-BR\",\"potentialAction\":[{\"@type\":\"ReadAction\",\"target\":[\"https:\/\/franciscanos.org.br\/noticias\/regina-caeli-ofender-o-corpo-e-ofender-a-deus.html\"]}]},{\"@type\":\"BreadcrumbList\",\"@id\":\"https:\/\/franciscanos.org.br\/noticias\/regina-caeli-ofender-o-corpo-e-ofender-a-deus.html#breadcrumb\",\"itemListElement\":[{\"@type\":\"ListItem\",\"position\":1,\"name\":\"Home\",\"item\":\"https:\/\/franciscanos.org.br\/noticias\"},{\"@type\":\"ListItem\",\"position\":2,\"name\":\"Regina Coeli: ofender o corpo \u00e9 ofender a Deus\"}]},{\"@type\":\"Person\",\"@id\":\"https:\/\/franciscanos.org.br\/noticias\/#\/schema\/person\/b38fbf43118f02820bd932f2e4b14ad3\",\"name\":\"admin\",\"image\":{\"@type\":\"ImageObject\",\"inLanguage\":\"pt-BR\",\"@id\":\"https:\/\/franciscanos.org.br\/noticias\/#\/schema\/person\/image\/\",\"url\":\"https:\/\/secure.gravatar.com\/avatar\/e8495742d34d0ba6448ea1c628263b3e?s=96&d=mm&r=g\",\"contentUrl\":\"https:\/\/secure.gravatar.com\/avatar\/e8495742d34d0ba6448ea1c628263b3e?s=96&d=mm&r=g\",\"caption\":\"admin\"},\"url\":\"https:\/\/franciscanos.org.br\/noticias\/author\/admin\"}]}<\/script>\n<!-- \/ Yoast SEO plugin. -->","yoast_head_json":{"title":"Regina Coeli: ofender o corpo \u00e9 ofender a Deus - Not\u00edcias - Franciscanos","robots":{"index":"index","follow":"follow","max-snippet":"max-snippet:-1","max-image-preview":"max-image-preview:large","max-video-preview":"max-video-preview:-1"},"canonical":"https:\/\/franciscanos.org.br\/noticias\/regina-caeli-ofender-o-corpo-e-ofender-a-deus.html","og_locale":"pt_BR","og_type":"article","og_title":"Regina Coeli: ofender o corpo \u00e9 ofender a Deus - Not\u00edcias - Franciscanos","og_description":"Regina Coeli","og_url":"https:\/\/franciscanos.org.br\/noticias\/regina-caeli-ofender-o-corpo-e-ofender-a-deus.html","og_site_name":"Not\u00edcias - Franciscanos","article_published_time":"2018-04-15T11:56:01+00:00","article_modified_time":"2020-06-07T18:57:32+00:00","og_image":[{"width":273,"height":181,"url":"https:\/\/franciscanos.org.br\/noticias\/wp-content\/uploads\/2018\/04\/regina_150418.jpg","type":"image\/jpeg"}],"author":"admin","twitter_card":"summary_large_image","twitter_misc":{"Escrito por":"admin","Est. tempo de leitura":"4 minutos"},"schema":{"@context":"https:\/\/schema.org","@graph":[{"@type":"WebSite","@id":"https:\/\/franciscanos.org.br\/noticias\/#website","url":"https:\/\/franciscanos.org.br\/noticias\/","name":"Not\u00edcias - Franciscanos","description":"Prov\u00edncia Franciscana da Imaculada Concei\u00e7\u00e3o do Brasil - Ordem dos Frades Menores - OFM","potentialAction":[{"@type":"SearchAction","target":{"@type":"EntryPoint","urlTemplate":"https:\/\/franciscanos.org.br\/noticias\/?s={search_term_string}"},"query-input":"required name=search_term_string"}],"inLanguage":"pt-BR"},{"@type":"ImageObject","inLanguage":"pt-BR","@id":"https:\/\/franciscanos.org.br\/noticias\/regina-caeli-ofender-o-corpo-e-ofender-a-deus.html#primaryimage","url":"https:\/\/franciscanos.org.br\/noticias\/wp-content\/uploads\/2018\/04\/regina_150418.jpg","contentUrl":"https:\/\/franciscanos.org.br\/noticias\/wp-content\/uploads\/2018\/04\/regina_150418.jpg","width":273,"height":181},{"@type":"WebPage","@id":"https:\/\/franciscanos.org.br\/noticias\/regina-caeli-ofender-o-corpo-e-ofender-a-deus.html#webpage","url":"https:\/\/franciscanos.org.br\/noticias\/regina-caeli-ofender-o-corpo-e-ofender-a-deus.html","name":"Regina Coeli: ofender o corpo \u00e9 ofender a Deus - Not\u00edcias - Franciscanos","isPartOf":{"@id":"https:\/\/franciscanos.org.br\/noticias\/#website"},"primaryImageOfPage":{"@id":"https:\/\/franciscanos.org.br\/noticias\/regina-caeli-ofender-o-corpo-e-ofender-a-deus.html#primaryimage"},"datePublished":"2018-04-15T11:56:01+00:00","dateModified":"2020-06-07T18:57:32+00:00","author":{"@id":"https:\/\/franciscanos.org.br\/noticias\/#\/schema\/person\/b38fbf43118f02820bd932f2e4b14ad3"},"breadcrumb":{"@id":"https:\/\/franciscanos.org.br\/noticias\/regina-caeli-ofender-o-corpo-e-ofender-a-deus.html#breadcrumb"},"inLanguage":"pt-BR","potentialAction":[{"@type":"ReadAction","target":["https:\/\/franciscanos.org.br\/noticias\/regina-caeli-ofender-o-corpo-e-ofender-a-deus.html"]}]},{"@type":"BreadcrumbList","@id":"https:\/\/franciscanos.org.br\/noticias\/regina-caeli-ofender-o-corpo-e-ofender-a-deus.html#breadcrumb","itemListElement":[{"@type":"ListItem","position":1,"name":"Home","item":"https:\/\/franciscanos.org.br\/noticias"},{"@type":"ListItem","position":2,"name":"Regina Coeli: ofender o corpo \u00e9 ofender a Deus"}]},{"@type":"Person","@id":"https:\/\/franciscanos.org.br\/noticias\/#\/schema\/person\/b38fbf43118f02820bd932f2e4b14ad3","name":"admin","image":{"@type":"ImageObject","inLanguage":"pt-BR","@id":"https:\/\/franciscanos.org.br\/noticias\/#\/schema\/person\/image\/","url":"https:\/\/secure.gravatar.com\/avatar\/e8495742d34d0ba6448ea1c628263b3e?s=96&d=mm&r=g","contentUrl":"https:\/\/secure.gravatar.com\/avatar\/e8495742d34d0ba6448ea1c628263b3e?s=96&d=mm&r=g","caption":"admin"},"url":"https:\/\/franciscanos.org.br\/noticias\/author\/admin"}]}},"_links":{"self":[{"href":"https:\/\/franciscanos.org.br\/noticias\/wp-json\/wp\/v2\/posts\/156776"}],"collection":[{"href":"https:\/\/franciscanos.org.br\/noticias\/wp-json\/wp\/v2\/posts"}],"about":[{"href":"https:\/\/franciscanos.org.br\/noticias\/wp-json\/wp\/v2\/types\/post"}],"author":[{"embeddable":true,"href":"https:\/\/franciscanos.org.br\/noticias\/wp-json\/wp\/v2\/users\/1"}],"replies":[{"embeddable":true,"href":"https:\/\/franciscanos.org.br\/noticias\/wp-json\/wp\/v2\/comments?post=156776"}],"version-history":[{"count":2,"href":"https:\/\/franciscanos.org.br\/noticias\/wp-json\/wp\/v2\/posts\/156776\/revisions"}],"predecessor-version":[{"id":225005,"href":"https:\/\/franciscanos.org.br\/noticias\/wp-json\/wp\/v2\/posts\/156776\/revisions\/225005"}],"wp:featuredmedia":[{"embeddable":true,"href":"https:\/\/franciscanos.org.br\/noticias\/wp-json\/wp\/v2\/media\/210746"}],"wp:attachment":[{"href":"https:\/\/franciscanos.org.br\/noticias\/wp-json\/wp\/v2\/media?parent=156776"}],"wp:term":[{"taxonomy":"category","embeddable":true,"href":"https:\/\/franciscanos.org.br\/noticias\/wp-json\/wp\/v2\/categories?post=156776"},{"taxonomy":"post_tag","embeddable":true,"href":"https:\/\/franciscanos.org.br\/noticias\/wp-json\/wp\/v2\/tags?post=156776"}],"curies":[{"name":"wp","href":"https:\/\/api.w.org\/{rel}","templated":true}]}}