{"id":156737,"date":"2018-04-13T08:42:03","date_gmt":"2018-04-13T11:42:03","guid":{"rendered":"http:\/\/franciscanos.org.br\/?p=156737"},"modified":"2020-06-07T15:58:25","modified_gmt":"2020-06-07T18:58:25","slug":"o-mundo-clama-liberdade-mas-e-sempre-mais-escravo","status":"publish","type":"post","link":"https:\/\/franciscanos.org.br\/noticias\/o-mundo-clama-liberdade-mas-e-sempre-mais-escravo.html","title":{"rendered":"O mundo clama &#8220;liberdade&#8221; mas \u00e9 sempre mais escravo"},"content":{"rendered":"<p><img loading=\"lazy\" src=\"http:\/\/franciscanos.org.br\/wp-content\/uploads\/2018\/04\/marta_130418.jpg\" alt=\"marta_130418\" width=\"820\" height=\"461\" \/><\/p>\n<p><strong>Cidade do Vaticano<\/strong> &#8211; Somos livres de seguir Jesus? Somos livres das paix\u00f5es, das ambi\u00e7\u00f5es, da moda? S\u00e3o as perguntas com as quais o Papa Francisco concluiu a homilia da missa celebrada na sexta-feira na capela da Casa Santa Marta, na qual comentou a primeira leitura, dos Atos dos Ap\u00f3stolos, e o Evangelho de Jo\u00e3o sobre a multiplica\u00e7\u00e3o dos p\u00e3es e dos peixes.<\/p>\n<p>A liberdade da qual falamos neste tempo pascal, iniciou o Papa, \u00e9 a liberdade dos filhos que Jesus nos doou \u201ccom a sua obra redentora\u201d. A primeira pessoa livre sobre a qual nos faz refletir a Liturgia \u00e9 Gamaliel, o doutor da lei fariseu que, nos Atos dos Ap\u00f3stolos, convence o Sin\u00e9drio a libertar Pedro e Jo\u00e3o, na pris\u00e3o por terem curado um paral\u00edtico. Gamaliel, explicou Francisco, \u00e9 um \u201chomem livre, pensa de cabe\u00e7a fria, os faz raciocinar\u201d, os convence de que \u201co tempo faz o seu trabalho\u201d.<\/p>\n<p>O homem livre n\u00e3o tem medo do tempo: deixa Deus agir. D\u00e1 espa\u00e7o para que Deus aja no tempo. O homem livre \u00e9 paciente. E este homem era um judeu \u2013 n\u00e3o era crist\u00e3o, n\u00e3o reconheceu Jesus salvador \u2013 mas era um homem livre. Formula o seu pensamento, o oferece aos outros e \u00e9 aceito. A liberdade n\u00e3o \u00e9 impaciente.<\/p>\n<p>Tamb\u00e9m Pilatos pensou com cabe\u00e7a fria, prosseguiu Francisco, e percebeu que Jesus era inocente. \u201cMas n\u00e3o conseguiu resolver o problema, porque n\u00e3o era livre, estava preso \u00e0 promo\u00e7\u00e3o\u201d, \u201cfaltava a ele a coragem da liberdade porque era escravo do carreirismo, da ambi\u00e7\u00e3o, do seu sucesso\u201d.<\/p>\n<p><strong>Pedro e Jo\u00e3o<\/strong><br \/>\nO segundo exemplo de liberdade s\u00e3o Pedro e Jo\u00e3o, \u201cque tinham curado o paral\u00edtico e agora estavam diante do Sin\u00e9drio\u201d. No final, o Sin\u00e9drio os liberta, mas os faz flagelar embora inocentes.<\/p>\n<p>Punidos injustamente, recordou o Papa, \u201cforam embora do Sin\u00e9drio felizes de terem sido julgados dignos de sofrer insultos em nome de Jesus\u201d. \u201cEsta \u00e9 a alegria de imitar Jesus \u2013 comentou o Pont\u00edfice. \u00c9 outra liberdade: maior, mais ampla, mais crist\u00e3\u201d. Pedro poderia ter ido do juiz e abrir uma causa contra o Sin\u00e9drio, pedindo ressarcimento. E, ao inv\u00e9s, estava feliz como Jo\u00e3o, \u201cporque sofreram em nome de Jesus\u201d. Talvez recordaram as palavras do Mestre: \u201cBem-aventurados quando forem insultados e perseguidos por minha causa\u201d.<\/p>\n<p>\u201cEram livres no sofrimento para seguir Jesus\u201d, explicou ainda Francisco. \u00c9 a atitude crist\u00e3: \u201cSenhor, tu me destes muito, sofrestes muito por mim. Que posso fazer por Ti? Toma, Senhor, a minha vida, a minha mente, o meu cora\u00e7\u00e3o, tudo \u00e9 Teu\u201d.<\/p>\n<p>Esta \u00e9 a liberdade de algu\u00e9m apaixonado por Jesus Cristo. Selado pelo Esp\u00edrito Santo, com a f\u00e9 em Jesus Cristo. Tu fizestes isso por mim, eu fa\u00e7o isto por Ti. Tamb\u00e9m hoje existem muitos crist\u00e3os presos, torturados, que levam avante esta liberdade: de confessar Jesus Cristo.<\/p>\n<p><strong>Jesus<\/strong><br \/>\nO terceiro exemplo \u00e9 o pr\u00f3prio Jesus, que faz o milagre da multiplica\u00e7\u00e3o dos p\u00e3es. No final, as pessoas ficam entusiasmadas e Jesus entende que \u201cestavam chegando para faz\u00ea-lo rei\u201d. Ent\u00e3o se retira novamente sobre o monte. \u201cDistanciou-se do triunfalismo. N\u00e3o se deixou enganar por este triunfalismo \u2013 comentou o Papa &#8211; Era livre\u201d.<\/p>\n<p>Assim como no deserto, quando recha\u00e7ou as tenta\u00e7\u00f5es de satan\u00e1s \u201cporque era livre, e a sua liberdade era seguir a vontade do Pai\u201d. \u201cE acabar\u00e1 na cruz. \u00c9 o exemplo da liberdade maior: Jesus\u201d. Ele seguiu a vontade do Pai para restabelecer a nossa condi\u00e7\u00e3o de filhos.<\/p>\n<p>Pensemos neste dia na minha liberdade, na nossa liberdade. Tr\u00eas exemplos \u2013 Gamaliel, Pedro e Jo\u00e3o; e o pr\u00f3prio Jesus \u2013 a minha liberdade \u00e9 crist\u00e3? Sou livre? Ou sou escravo das minhas paix\u00f5es, das minhas ambi\u00e7\u00f5es, de tantas coisas, das riquezas, da moda? Parece uma brincadeira, mas quantas pessoas s\u00e3o escravas da moda! (\u2026) Pensemos na nossa liberdade, neste mundo que \u00e9 um pouco \u201cdisturbado\u201d, esquizofr\u00eanico, n\u00e3o? Clama: \u201cLiberdade, liberdade, liberdade!\u201d, mas \u00e9 mais escravo, escravo, escravo. Pensemos nesta liberdade que Deus, em Jesus, nos doa.<\/p>\n<hr \/>\n<p><em>Fonte: Vatican News<\/em><\/p>\n","protected":false},"excerpt":{"rendered":"<p>Missa em Santa Marta<\/p>\n","protected":false},"author":1,"featured_media":203000,"comment_status":"open","ping_status":"open","sticky":false,"template":"","format":"standard","meta":[],"categories":[1428],"tags":[1586],"acf":[],"yoast_head":"<!-- This site is optimized with the Yoast SEO plugin v19.2 - https:\/\/yoast.com\/wordpress\/plugins\/seo\/ -->\n<title>O mundo clama &quot;liberdade&quot; mas \u00e9 sempre mais escravo - Not\u00edcias - Franciscanos<\/title>\n<meta name=\"robots\" content=\"index, follow, max-snippet:-1, max-image-preview:large, max-video-preview:-1\" \/>\n<link rel=\"canonical\" href=\"https:\/\/franciscanos.org.br\/noticias\/o-mundo-clama-liberdade-mas-e-sempre-mais-escravo.html\" \/>\n<meta property=\"og:locale\" content=\"pt_BR\" \/>\n<meta property=\"og:type\" content=\"article\" \/>\n<meta property=\"og:title\" content=\"O mundo clama &quot;liberdade&quot; mas \u00e9 sempre mais escravo - Not\u00edcias - Franciscanos\" \/>\n<meta property=\"og:description\" content=\"Missa em Santa Marta\" \/>\n<meta property=\"og:url\" content=\"https:\/\/franciscanos.org.br\/noticias\/o-mundo-clama-liberdade-mas-e-sempre-mais-escravo.html\" \/>\n<meta property=\"og:site_name\" content=\"Not\u00edcias - Franciscanos\" \/>\n<meta property=\"article:published_time\" content=\"2018-04-13T11:42:03+00:00\" \/>\n<meta property=\"article:modified_time\" content=\"2020-06-07T18:58:25+00:00\" \/>\n<meta property=\"og:image\" content=\"https:\/\/franciscanos.org.br\/noticias\/wp-content\/uploads\/2018\/04\/marta_130418.jpg\" \/>\n\t<meta property=\"og:image:width\" content=\"273\" \/>\n\t<meta property=\"og:image:height\" content=\"181\" \/>\n\t<meta property=\"og:image:type\" content=\"image\/jpeg\" \/>\n<meta name=\"author\" content=\"admin\" \/>\n<meta name=\"twitter:card\" content=\"summary_large_image\" \/>\n<meta name=\"twitter:label1\" content=\"Escrito por\" \/>\n\t<meta name=\"twitter:data1\" content=\"admin\" \/>\n\t<meta name=\"twitter:label2\" content=\"Est. tempo de leitura\" \/>\n\t<meta name=\"twitter:data2\" content=\"3 minutos\" \/>\n<script type=\"application\/ld+json\" class=\"yoast-schema-graph\">{\"@context\":\"https:\/\/schema.org\",\"@graph\":[{\"@type\":\"WebSite\",\"@id\":\"https:\/\/franciscanos.org.br\/noticias\/#website\",\"url\":\"https:\/\/franciscanos.org.br\/noticias\/\",\"name\":\"Not\u00edcias - Franciscanos\",\"description\":\"Prov\u00edncia Franciscana da Imaculada Concei\u00e7\u00e3o do Brasil - Ordem dos Frades Menores - OFM\",\"potentialAction\":[{\"@type\":\"SearchAction\",\"target\":{\"@type\":\"EntryPoint\",\"urlTemplate\":\"https:\/\/franciscanos.org.br\/noticias\/?s={search_term_string}\"},\"query-input\":\"required name=search_term_string\"}],\"inLanguage\":\"pt-BR\"},{\"@type\":\"ImageObject\",\"inLanguage\":\"pt-BR\",\"@id\":\"https:\/\/franciscanos.org.br\/noticias\/o-mundo-clama-liberdade-mas-e-sempre-mais-escravo.html#primaryimage\",\"url\":\"https:\/\/franciscanos.org.br\/noticias\/wp-content\/uploads\/2018\/04\/marta_130418.jpg\",\"contentUrl\":\"https:\/\/franciscanos.org.br\/noticias\/wp-content\/uploads\/2018\/04\/marta_130418.jpg\",\"width\":273,\"height\":181},{\"@type\":\"WebPage\",\"@id\":\"https:\/\/franciscanos.org.br\/noticias\/o-mundo-clama-liberdade-mas-e-sempre-mais-escravo.html#webpage\",\"url\":\"https:\/\/franciscanos.org.br\/noticias\/o-mundo-clama-liberdade-mas-e-sempre-mais-escravo.html\",\"name\":\"O mundo clama \\\"liberdade\\\" mas \u00e9 sempre mais escravo - Not\u00edcias - Franciscanos\",\"isPartOf\":{\"@id\":\"https:\/\/franciscanos.org.br\/noticias\/#website\"},\"primaryImageOfPage\":{\"@id\":\"https:\/\/franciscanos.org.br\/noticias\/o-mundo-clama-liberdade-mas-e-sempre-mais-escravo.html#primaryimage\"},\"datePublished\":\"2018-04-13T11:42:03+00:00\",\"dateModified\":\"2020-06-07T18:58:25+00:00\",\"author\":{\"@id\":\"https:\/\/franciscanos.org.br\/noticias\/#\/schema\/person\/b38fbf43118f02820bd932f2e4b14ad3\"},\"breadcrumb\":{\"@id\":\"https:\/\/franciscanos.org.br\/noticias\/o-mundo-clama-liberdade-mas-e-sempre-mais-escravo.html#breadcrumb\"},\"inLanguage\":\"pt-BR\",\"potentialAction\":[{\"@type\":\"ReadAction\",\"target\":[\"https:\/\/franciscanos.org.br\/noticias\/o-mundo-clama-liberdade-mas-e-sempre-mais-escravo.html\"]}]},{\"@type\":\"BreadcrumbList\",\"@id\":\"https:\/\/franciscanos.org.br\/noticias\/o-mundo-clama-liberdade-mas-e-sempre-mais-escravo.html#breadcrumb\",\"itemListElement\":[{\"@type\":\"ListItem\",\"position\":1,\"name\":\"Home\",\"item\":\"https:\/\/franciscanos.org.br\/noticias\"},{\"@type\":\"ListItem\",\"position\":2,\"name\":\"O mundo clama &#8220;liberdade&#8221; mas \u00e9 sempre mais escravo\"}]},{\"@type\":\"Person\",\"@id\":\"https:\/\/franciscanos.org.br\/noticias\/#\/schema\/person\/b38fbf43118f02820bd932f2e4b14ad3\",\"name\":\"admin\",\"image\":{\"@type\":\"ImageObject\",\"inLanguage\":\"pt-BR\",\"@id\":\"https:\/\/franciscanos.org.br\/noticias\/#\/schema\/person\/image\/\",\"url\":\"https:\/\/secure.gravatar.com\/avatar\/e8495742d34d0ba6448ea1c628263b3e?s=96&d=mm&r=g\",\"contentUrl\":\"https:\/\/secure.gravatar.com\/avatar\/e8495742d34d0ba6448ea1c628263b3e?s=96&d=mm&r=g\",\"caption\":\"admin\"},\"url\":\"https:\/\/franciscanos.org.br\/noticias\/author\/admin\"}]}<\/script>\n<!-- \/ Yoast SEO plugin. -->","yoast_head_json":{"title":"O mundo clama \"liberdade\" mas \u00e9 sempre mais escravo - Not\u00edcias - Franciscanos","robots":{"index":"index","follow":"follow","max-snippet":"max-snippet:-1","max-image-preview":"max-image-preview:large","max-video-preview":"max-video-preview:-1"},"canonical":"https:\/\/franciscanos.org.br\/noticias\/o-mundo-clama-liberdade-mas-e-sempre-mais-escravo.html","og_locale":"pt_BR","og_type":"article","og_title":"O mundo clama \"liberdade\" mas \u00e9 sempre mais escravo - Not\u00edcias - Franciscanos","og_description":"Missa em Santa Marta","og_url":"https:\/\/franciscanos.org.br\/noticias\/o-mundo-clama-liberdade-mas-e-sempre-mais-escravo.html","og_site_name":"Not\u00edcias - Franciscanos","article_published_time":"2018-04-13T11:42:03+00:00","article_modified_time":"2020-06-07T18:58:25+00:00","og_image":[{"width":273,"height":181,"url":"https:\/\/franciscanos.org.br\/noticias\/wp-content\/uploads\/2018\/04\/marta_130418.jpg","type":"image\/jpeg"}],"author":"admin","twitter_card":"summary_large_image","twitter_misc":{"Escrito por":"admin","Est. tempo de leitura":"3 minutos"},"schema":{"@context":"https:\/\/schema.org","@graph":[{"@type":"WebSite","@id":"https:\/\/franciscanos.org.br\/noticias\/#website","url":"https:\/\/franciscanos.org.br\/noticias\/","name":"Not\u00edcias - Franciscanos","description":"Prov\u00edncia Franciscana da Imaculada Concei\u00e7\u00e3o do Brasil - Ordem dos Frades Menores - OFM","potentialAction":[{"@type":"SearchAction","target":{"@type":"EntryPoint","urlTemplate":"https:\/\/franciscanos.org.br\/noticias\/?s={search_term_string}"},"query-input":"required name=search_term_string"}],"inLanguage":"pt-BR"},{"@type":"ImageObject","inLanguage":"pt-BR","@id":"https:\/\/franciscanos.org.br\/noticias\/o-mundo-clama-liberdade-mas-e-sempre-mais-escravo.html#primaryimage","url":"https:\/\/franciscanos.org.br\/noticias\/wp-content\/uploads\/2018\/04\/marta_130418.jpg","contentUrl":"https:\/\/franciscanos.org.br\/noticias\/wp-content\/uploads\/2018\/04\/marta_130418.jpg","width":273,"height":181},{"@type":"WebPage","@id":"https:\/\/franciscanos.org.br\/noticias\/o-mundo-clama-liberdade-mas-e-sempre-mais-escravo.html#webpage","url":"https:\/\/franciscanos.org.br\/noticias\/o-mundo-clama-liberdade-mas-e-sempre-mais-escravo.html","name":"O mundo clama \"liberdade\" mas \u00e9 sempre mais escravo - Not\u00edcias - Franciscanos","isPartOf":{"@id":"https:\/\/franciscanos.org.br\/noticias\/#website"},"primaryImageOfPage":{"@id":"https:\/\/franciscanos.org.br\/noticias\/o-mundo-clama-liberdade-mas-e-sempre-mais-escravo.html#primaryimage"},"datePublished":"2018-04-13T11:42:03+00:00","dateModified":"2020-06-07T18:58:25+00:00","author":{"@id":"https:\/\/franciscanos.org.br\/noticias\/#\/schema\/person\/b38fbf43118f02820bd932f2e4b14ad3"},"breadcrumb":{"@id":"https:\/\/franciscanos.org.br\/noticias\/o-mundo-clama-liberdade-mas-e-sempre-mais-escravo.html#breadcrumb"},"inLanguage":"pt-BR","potentialAction":[{"@type":"ReadAction","target":["https:\/\/franciscanos.org.br\/noticias\/o-mundo-clama-liberdade-mas-e-sempre-mais-escravo.html"]}]},{"@type":"BreadcrumbList","@id":"https:\/\/franciscanos.org.br\/noticias\/o-mundo-clama-liberdade-mas-e-sempre-mais-escravo.html#breadcrumb","itemListElement":[{"@type":"ListItem","position":1,"name":"Home","item":"https:\/\/franciscanos.org.br\/noticias"},{"@type":"ListItem","position":2,"name":"O mundo clama &#8220;liberdade&#8221; mas \u00e9 sempre mais escravo"}]},{"@type":"Person","@id":"https:\/\/franciscanos.org.br\/noticias\/#\/schema\/person\/b38fbf43118f02820bd932f2e4b14ad3","name":"admin","image":{"@type":"ImageObject","inLanguage":"pt-BR","@id":"https:\/\/franciscanos.org.br\/noticias\/#\/schema\/person\/image\/","url":"https:\/\/secure.gravatar.com\/avatar\/e8495742d34d0ba6448ea1c628263b3e?s=96&d=mm&r=g","contentUrl":"https:\/\/secure.gravatar.com\/avatar\/e8495742d34d0ba6448ea1c628263b3e?s=96&d=mm&r=g","caption":"admin"},"url":"https:\/\/franciscanos.org.br\/noticias\/author\/admin"}]}},"_links":{"self":[{"href":"https:\/\/franciscanos.org.br\/noticias\/wp-json\/wp\/v2\/posts\/156737"}],"collection":[{"href":"https:\/\/franciscanos.org.br\/noticias\/wp-json\/wp\/v2\/posts"}],"about":[{"href":"https:\/\/franciscanos.org.br\/noticias\/wp-json\/wp\/v2\/types\/post"}],"author":[{"embeddable":true,"href":"https:\/\/franciscanos.org.br\/noticias\/wp-json\/wp\/v2\/users\/1"}],"replies":[{"embeddable":true,"href":"https:\/\/franciscanos.org.br\/noticias\/wp-json\/wp\/v2\/comments?post=156737"}],"version-history":[{"count":1,"href":"https:\/\/franciscanos.org.br\/noticias\/wp-json\/wp\/v2\/posts\/156737\/revisions"}],"predecessor-version":[{"id":225006,"href":"https:\/\/franciscanos.org.br\/noticias\/wp-json\/wp\/v2\/posts\/156737\/revisions\/225006"}],"wp:featuredmedia":[{"embeddable":true,"href":"https:\/\/franciscanos.org.br\/noticias\/wp-json\/wp\/v2\/media\/203000"}],"wp:attachment":[{"href":"https:\/\/franciscanos.org.br\/noticias\/wp-json\/wp\/v2\/media?parent=156737"}],"wp:term":[{"taxonomy":"category","embeddable":true,"href":"https:\/\/franciscanos.org.br\/noticias\/wp-json\/wp\/v2\/categories?post=156737"},{"taxonomy":"post_tag","embeddable":true,"href":"https:\/\/franciscanos.org.br\/noticias\/wp-json\/wp\/v2\/tags?post=156737"}],"curies":[{"name":"wp","href":"https:\/\/api.w.org\/{rel}","templated":true}]}}