{"id":156723,"date":"2018-04-13T07:51:01","date_gmt":"2018-04-13T10:51:01","guid":{"rendered":"http:\/\/franciscanos.org.br\/?p=156723"},"modified":"2021-07-05T20:16:19","modified_gmt":"2021-07-05T23:16:19","slug":"instituto-canarinhos-ganha-premio-guerra-peixe","status":"publish","type":"post","link":"https:\/\/franciscanos.org.br\/noticias\/instituto-canarinhos-ganha-premio-guerra-peixe.html","title":{"rendered":"Instituto Canarinhos ganha Pr\u00eamio Guerra-Peixe"},"content":{"rendered":"<p><img loading=\"lazy\" src=\"http:\/\/franciscanos.org.br\/wp-content\/uploads\/2018\/04\/guerrapeixe_130418.jpg\" alt=\"guerrapeixe_130418\" width=\"830\" height=\"445\" \/><\/p>\n<p>O Instituto dos Meninos Cantores de Petr\u00f3polis (IMCP) foi um dos agraciados do Pr\u00eamio Guerra-Peixe, em cerim\u00f4nia realizada na \u00faltima ter\u00e7a-feira (10) em Petr\u00f3polis. A institui\u00e7\u00e3o foi premiada na categoria M\u00fasica Erudita, com o Concerto &#8220;500 anos da Reforma Protestante&#8221;. Ao longo das nove edi\u00e7\u00f5es do evento, o Coral dos Canarinhos foi premiado outras duas vezes, em 2010 e em 2017, com o orat\u00f3rio &#8220;A Paix\u00e3o Segundo S\u00e3o Jo\u00e3o&#8221;, que contou com a participa\u00e7\u00e3o tamb\u00e9m do Coral das Meninas dos Canarinhos de Petr\u00f3polis e da Orquestra Filarm\u00f4nica de Petr\u00f3polis.<\/p>\n<p>O maestro Marco Aur\u00e9lio Lischt, diretor art\u00edstico do IMCP, comemorou a conquista e descreveu a import\u00e2ncia de receber a premia\u00e7\u00e3o. \u201cEste \u00e9 um reconhecimento de um trabalho de longa data, em que procuramos sempre dar o melhor da nossa arte. Esperamos que a cultura, a m\u00fasica e as artes pl\u00e1sticas de Petr\u00f3polis s\u00f3 cres\u00e7am; que todas as formas de artes na cidade sejam bem administradas por todos e muito bem apresentadas, mostrando que Petr\u00f3polis \u00e9 um ber\u00e7o de artistas e que vale a pena prestarmos aten\u00e7\u00e3o&#8221;.<\/p>\n<p><em>Na foto, Frei Marcos, a coordenadora do Instituto, Rose de Mello, e o maestro Marco Aur\u00e9lio Lischt comemoram o pr\u00eamio.<\/em><\/p>\n","protected":false},"excerpt":{"rendered":"<p>Petr\u00f3polis<\/p>\n","protected":false},"author":1,"featured_media":187321,"comment_status":"open","ping_status":"open","sticky":false,"template":"","format":"standard","meta":[],"categories":[1],"tags":[1378,1788],"acf":[],"yoast_head":"<!-- This site is optimized with the Yoast SEO plugin v19.2 - https:\/\/yoast.com\/wordpress\/plugins\/seo\/ -->\n<title>Instituto Canarinhos ganha Pr\u00eamio Guerra-Peixe - Not\u00edcias - Franciscanos<\/title>\n<meta name=\"robots\" content=\"index, follow, max-snippet:-1, max-image-preview:large, max-video-preview:-1\" \/>\n<link rel=\"canonical\" href=\"https:\/\/franciscanos.org.br\/noticias\/instituto-canarinhos-ganha-premio-guerra-peixe.html\" \/>\n<meta property=\"og:locale\" content=\"pt_BR\" \/>\n<meta property=\"og:type\" content=\"article\" \/>\n<meta property=\"og:title\" content=\"Instituto Canarinhos ganha Pr\u00eamio Guerra-Peixe - Not\u00edcias - Franciscanos\" \/>\n<meta property=\"og:description\" content=\"Petr\u00f3polis\" \/>\n<meta property=\"og:url\" content=\"https:\/\/franciscanos.org.br\/noticias\/instituto-canarinhos-ganha-premio-guerra-peixe.html\" \/>\n<meta property=\"og:site_name\" content=\"Not\u00edcias - Franciscanos\" \/>\n<meta property=\"article:published_time\" content=\"2018-04-13T10:51:01+00:00\" \/>\n<meta property=\"article:modified_time\" content=\"2021-07-05T23:16:19+00:00\" \/>\n<meta property=\"og:image\" content=\"https:\/\/franciscanos.org.br\/noticias\/wp-content\/uploads\/2018\/11\/guerrapeixe_130418-1.jpg\" \/>\n\t<meta property=\"og:image:width\" content=\"830\" \/>\n\t<meta property=\"og:image:height\" content=\"445\" \/>\n\t<meta property=\"og:image:type\" content=\"image\/jpeg\" \/>\n<meta name=\"author\" content=\"admin\" \/>\n<meta name=\"twitter:card\" content=\"summary_large_image\" \/>\n<meta name=\"twitter:label1\" content=\"Escrito por\" \/>\n\t<meta name=\"twitter:data1\" content=\"admin\" \/>\n\t<meta name=\"twitter:label2\" content=\"Est. tempo de leitura\" \/>\n\t<meta name=\"twitter:data2\" content=\"1 minuto\" \/>\n<script type=\"application\/ld+json\" class=\"yoast-schema-graph\">{\"@context\":\"https:\/\/schema.org\",\"@graph\":[{\"@type\":\"WebSite\",\"@id\":\"https:\/\/franciscanos.org.br\/noticias\/#website\",\"url\":\"https:\/\/franciscanos.org.br\/noticias\/\",\"name\":\"Not\u00edcias - Franciscanos\",\"description\":\"Prov\u00edncia Franciscana da Imaculada Concei\u00e7\u00e3o do Brasil - Ordem dos Frades Menores - OFM\",\"potentialAction\":[{\"@type\":\"SearchAction\",\"target\":{\"@type\":\"EntryPoint\",\"urlTemplate\":\"https:\/\/franciscanos.org.br\/noticias\/?s={search_term_string}\"},\"query-input\":\"required name=search_term_string\"}],\"inLanguage\":\"pt-BR\"},{\"@type\":\"ImageObject\",\"inLanguage\":\"pt-BR\",\"@id\":\"https:\/\/franciscanos.org.br\/noticias\/instituto-canarinhos-ganha-premio-guerra-peixe.html#primaryimage\",\"url\":\"https:\/\/franciscanos.org.br\/noticias\/wp-content\/uploads\/2018\/11\/guerrapeixe_130418-1.jpg\",\"contentUrl\":\"https:\/\/franciscanos.org.br\/noticias\/wp-content\/uploads\/2018\/11\/guerrapeixe_130418-1.jpg\",\"width\":830,\"height\":445},{\"@type\":\"WebPage\",\"@id\":\"https:\/\/franciscanos.org.br\/noticias\/instituto-canarinhos-ganha-premio-guerra-peixe.html#webpage\",\"url\":\"https:\/\/franciscanos.org.br\/noticias\/instituto-canarinhos-ganha-premio-guerra-peixe.html\",\"name\":\"Instituto Canarinhos ganha Pr\u00eamio Guerra-Peixe - Not\u00edcias - Franciscanos\",\"isPartOf\":{\"@id\":\"https:\/\/franciscanos.org.br\/noticias\/#website\"},\"primaryImageOfPage\":{\"@id\":\"https:\/\/franciscanos.org.br\/noticias\/instituto-canarinhos-ganha-premio-guerra-peixe.html#primaryimage\"},\"datePublished\":\"2018-04-13T10:51:01+00:00\",\"dateModified\":\"2021-07-05T23:16:19+00:00\",\"author\":{\"@id\":\"https:\/\/franciscanos.org.br\/noticias\/#\/schema\/person\/b38fbf43118f02820bd932f2e4b14ad3\"},\"breadcrumb\":{\"@id\":\"https:\/\/franciscanos.org.br\/noticias\/instituto-canarinhos-ganha-premio-guerra-peixe.html#breadcrumb\"},\"inLanguage\":\"pt-BR\",\"potentialAction\":[{\"@type\":\"ReadAction\",\"target\":[\"https:\/\/franciscanos.org.br\/noticias\/instituto-canarinhos-ganha-premio-guerra-peixe.html\"]}]},{\"@type\":\"BreadcrumbList\",\"@id\":\"https:\/\/franciscanos.org.br\/noticias\/instituto-canarinhos-ganha-premio-guerra-peixe.html#breadcrumb\",\"itemListElement\":[{\"@type\":\"ListItem\",\"position\":1,\"name\":\"Home\",\"item\":\"https:\/\/franciscanos.org.br\/noticias\"},{\"@type\":\"ListItem\",\"position\":2,\"name\":\"Instituto Canarinhos ganha Pr\u00eamio Guerra-Peixe\"}]},{\"@type\":\"Person\",\"@id\":\"https:\/\/franciscanos.org.br\/noticias\/#\/schema\/person\/b38fbf43118f02820bd932f2e4b14ad3\",\"name\":\"admin\",\"image\":{\"@type\":\"ImageObject\",\"inLanguage\":\"pt-BR\",\"@id\":\"https:\/\/franciscanos.org.br\/noticias\/#\/schema\/person\/image\/\",\"url\":\"https:\/\/secure.gravatar.com\/avatar\/e8495742d34d0ba6448ea1c628263b3e?s=96&d=mm&r=g\",\"contentUrl\":\"https:\/\/secure.gravatar.com\/avatar\/e8495742d34d0ba6448ea1c628263b3e?s=96&d=mm&r=g\",\"caption\":\"admin\"},\"url\":\"https:\/\/franciscanos.org.br\/noticias\/author\/admin\"}]}<\/script>\n<!-- \/ Yoast SEO plugin. -->","yoast_head_json":{"title":"Instituto Canarinhos ganha Pr\u00eamio Guerra-Peixe - Not\u00edcias - Franciscanos","robots":{"index":"index","follow":"follow","max-snippet":"max-snippet:-1","max-image-preview":"max-image-preview:large","max-video-preview":"max-video-preview:-1"},"canonical":"https:\/\/franciscanos.org.br\/noticias\/instituto-canarinhos-ganha-premio-guerra-peixe.html","og_locale":"pt_BR","og_type":"article","og_title":"Instituto Canarinhos ganha Pr\u00eamio Guerra-Peixe - Not\u00edcias - Franciscanos","og_description":"Petr\u00f3polis","og_url":"https:\/\/franciscanos.org.br\/noticias\/instituto-canarinhos-ganha-premio-guerra-peixe.html","og_site_name":"Not\u00edcias - Franciscanos","article_published_time":"2018-04-13T10:51:01+00:00","article_modified_time":"2021-07-05T23:16:19+00:00","og_image":[{"width":830,"height":445,"url":"https:\/\/franciscanos.org.br\/noticias\/wp-content\/uploads\/2018\/11\/guerrapeixe_130418-1.jpg","type":"image\/jpeg"}],"author":"admin","twitter_card":"summary_large_image","twitter_misc":{"Escrito por":"admin","Est. tempo de leitura":"1 minuto"},"schema":{"@context":"https:\/\/schema.org","@graph":[{"@type":"WebSite","@id":"https:\/\/franciscanos.org.br\/noticias\/#website","url":"https:\/\/franciscanos.org.br\/noticias\/","name":"Not\u00edcias - Franciscanos","description":"Prov\u00edncia Franciscana da Imaculada Concei\u00e7\u00e3o do Brasil - Ordem dos Frades Menores - OFM","potentialAction":[{"@type":"SearchAction","target":{"@type":"EntryPoint","urlTemplate":"https:\/\/franciscanos.org.br\/noticias\/?s={search_term_string}"},"query-input":"required name=search_term_string"}],"inLanguage":"pt-BR"},{"@type":"ImageObject","inLanguage":"pt-BR","@id":"https:\/\/franciscanos.org.br\/noticias\/instituto-canarinhos-ganha-premio-guerra-peixe.html#primaryimage","url":"https:\/\/franciscanos.org.br\/noticias\/wp-content\/uploads\/2018\/11\/guerrapeixe_130418-1.jpg","contentUrl":"https:\/\/franciscanos.org.br\/noticias\/wp-content\/uploads\/2018\/11\/guerrapeixe_130418-1.jpg","width":830,"height":445},{"@type":"WebPage","@id":"https:\/\/franciscanos.org.br\/noticias\/instituto-canarinhos-ganha-premio-guerra-peixe.html#webpage","url":"https:\/\/franciscanos.org.br\/noticias\/instituto-canarinhos-ganha-premio-guerra-peixe.html","name":"Instituto Canarinhos ganha Pr\u00eamio Guerra-Peixe - Not\u00edcias - Franciscanos","isPartOf":{"@id":"https:\/\/franciscanos.org.br\/noticias\/#website"},"primaryImageOfPage":{"@id":"https:\/\/franciscanos.org.br\/noticias\/instituto-canarinhos-ganha-premio-guerra-peixe.html#primaryimage"},"datePublished":"2018-04-13T10:51:01+00:00","dateModified":"2021-07-05T23:16:19+00:00","author":{"@id":"https:\/\/franciscanos.org.br\/noticias\/#\/schema\/person\/b38fbf43118f02820bd932f2e4b14ad3"},"breadcrumb":{"@id":"https:\/\/franciscanos.org.br\/noticias\/instituto-canarinhos-ganha-premio-guerra-peixe.html#breadcrumb"},"inLanguage":"pt-BR","potentialAction":[{"@type":"ReadAction","target":["https:\/\/franciscanos.org.br\/noticias\/instituto-canarinhos-ganha-premio-guerra-peixe.html"]}]},{"@type":"BreadcrumbList","@id":"https:\/\/franciscanos.org.br\/noticias\/instituto-canarinhos-ganha-premio-guerra-peixe.html#breadcrumb","itemListElement":[{"@type":"ListItem","position":1,"name":"Home","item":"https:\/\/franciscanos.org.br\/noticias"},{"@type":"ListItem","position":2,"name":"Instituto Canarinhos ganha Pr\u00eamio Guerra-Peixe"}]},{"@type":"Person","@id":"https:\/\/franciscanos.org.br\/noticias\/#\/schema\/person\/b38fbf43118f02820bd932f2e4b14ad3","name":"admin","image":{"@type":"ImageObject","inLanguage":"pt-BR","@id":"https:\/\/franciscanos.org.br\/noticias\/#\/schema\/person\/image\/","url":"https:\/\/secure.gravatar.com\/avatar\/e8495742d34d0ba6448ea1c628263b3e?s=96&d=mm&r=g","contentUrl":"https:\/\/secure.gravatar.com\/avatar\/e8495742d34d0ba6448ea1c628263b3e?s=96&d=mm&r=g","caption":"admin"},"url":"https:\/\/franciscanos.org.br\/noticias\/author\/admin"}]}},"_links":{"self":[{"href":"https:\/\/franciscanos.org.br\/noticias\/wp-json\/wp\/v2\/posts\/156723"}],"collection":[{"href":"https:\/\/franciscanos.org.br\/noticias\/wp-json\/wp\/v2\/posts"}],"about":[{"href":"https:\/\/franciscanos.org.br\/noticias\/wp-json\/wp\/v2\/types\/post"}],"author":[{"embeddable":true,"href":"https:\/\/franciscanos.org.br\/noticias\/wp-json\/wp\/v2\/users\/1"}],"replies":[{"embeddable":true,"href":"https:\/\/franciscanos.org.br\/noticias\/wp-json\/wp\/v2\/comments?post=156723"}],"version-history":[{"count":1,"href":"https:\/\/franciscanos.org.br\/noticias\/wp-json\/wp\/v2\/posts\/156723\/revisions"}],"predecessor-version":[{"id":232906,"href":"https:\/\/franciscanos.org.br\/noticias\/wp-json\/wp\/v2\/posts\/156723\/revisions\/232906"}],"wp:featuredmedia":[{"embeddable":true,"href":"https:\/\/franciscanos.org.br\/noticias\/wp-json\/wp\/v2\/media\/187321"}],"wp:attachment":[{"href":"https:\/\/franciscanos.org.br\/noticias\/wp-json\/wp\/v2\/media?parent=156723"}],"wp:term":[{"taxonomy":"category","embeddable":true,"href":"https:\/\/franciscanos.org.br\/noticias\/wp-json\/wp\/v2\/categories?post=156723"},{"taxonomy":"post_tag","embeddable":true,"href":"https:\/\/franciscanos.org.br\/noticias\/wp-json\/wp\/v2\/tags?post=156723"}],"curies":[{"name":"wp","href":"https:\/\/api.w.org\/{rel}","templated":true}]}}