{"id":156625,"date":"2018-04-11T08:07:42","date_gmt":"2018-04-11T11:07:42","guid":{"rendered":"http:\/\/franciscanos.org.br\/?p=156625"},"modified":"2021-07-05T20:19:27","modified_gmt":"2021-07-05T23:19:27","slug":"vida-longa-novas-integrantes-no-coral-das-meninas","status":"publish","type":"post","link":"https:\/\/franciscanos.org.br\/noticias\/vida-longa-novas-integrantes-no-coral-das-meninas.html","title":{"rendered":"Vida longa: Novas integrantes no Coral das Meninas"},"content":{"rendered":"<p><img loading=\"lazy\" src=\"http:\/\/franciscanos.org.br\/wp-content\/uploads\/2018\/04\/canarinhos_110418.jpg\" alt=\"canarinhos_110418\" width=\"830\" height=\"567\" \/><\/p>\n<blockquote><p>Cerim\u00f4nia tradicional de investidura marca entrada de novas integrantes no Coral das Meninas dos Canarinhos de Petr\u00f3polis<\/p><\/blockquote>\n<p>Dez meninas. Dez novas vozes. Dez fam\u00edlias que se unem \u00e0 fam\u00edlia Canarinhos de Petr\u00f3polis para, mais uma vez, dar vida longa ao canto coral na cidade. O ingresso oficial das cantoras ao Coral das Meninas dos Canarinhos de Petr\u00f3polis ocorreu na tradicional cerim\u00f4nia de investidura, realizada no \u00faltimo domingo. A nova forma\u00e7\u00e3o do grupo vocal passa a contar com 67 meninas no ano em que comemora tr\u00eas d\u00e9cadas de exist\u00eancia.<\/p>\n<p>O maestro Marcelo Vizani acredita na perpetua\u00e7\u00e3o do coro gra\u00e7as ao interesse das meninas de Petr\u00f3polis: \u201cEste \u00e9 um momento muito importante, porque ter novas meninas entrando no coral \u00e9 sin\u00f4nimo de continuidade e longevidade do canto coral n\u00e3o s\u00f3 em Petr\u00f3polis como no Brasil. O fato da juventude buscar cada vez menos atividades culturais, sempre ser\u00e1 uma preocupa\u00e7\u00e3o. E aqui n\u00f3s temos as b\u00ean\u00e7\u00e3os do c\u00e9u de ter sempre meninas com disposi\u00e7\u00e3o de estarem conosco fazendo o nosso canto na liturgia e os ensaios tr\u00eas vezes por semana\u201d, avalia.<\/p>\n<p>Esse momento marca uma nova fase na vida das meninas, que estudaram durante um ano no Curso de Aprendizes antes de ingressarem no coro feminino. Durante a investidura, que come\u00e7ou com a celebra\u00e7\u00e3o da missa, a entrada das meninas acompanhadas por seus padrinhos e madrinhas e o recebimento das pastas do grupo vocal para, assim, entrarem oficialmente no coro. Para encerrar, todas cantaram juntas a primeira m\u00fasica com a nova forma\u00e7\u00e3o.<\/p>\n<p>\u201cA cerim\u00f4nia de recep\u00e7\u00e3o \u00e9 um momento de muita alegria, uma celebra\u00e7\u00e3o coberta de simbolismo. \u00c9 uma forma de dar continuidade a essa atividade, que rezamos para que seja ininterrupta. Toda essa cerim\u00f4nia tamb\u00e9m faz com que elas reflitam sobre a necessidade delas cantando na liturgia e o bem que fazem para a comunidade\u201d, declarou Vizani.<\/p>\n<p>O Coral das Meninas dos Canarinhos passa a contar com Ana Clara Rabah Bordalo Zanotto,Ana Julia Salerno Sampaio, Catarina Rodrigues Fran\u00e7a Ribeiro, Eliza Zanatta Manang\u00e3o Correa Diniz, Gabrielle Schanuel Rabello Corr\u00eaa, Giovanna de Barros Aleixo, Leticia Colombo Ninhaus, Leticia Oliveira Hansen, Manuela Rocha Barbosa e Maria Eduarda Dutra de Paula Pinto.<\/p>\n<p>Mais informa\u00e7\u00f5es sobre as atividades do Instituto dos Meninos Cantores de Petr\u00f3polis podem ser consultadas pelo telefone (24) 2104-4141, pelo Facebook http:\/\/fb.com\/canarinhosdepetropolis ou pelo site www.canarinhos.com.br.<\/p>\n","protected":false},"excerpt":{"rendered":"<p>Canarinhos<\/p>\n","protected":false},"author":1,"featured_media":187318,"comment_status":"open","ping_status":"open","sticky":false,"template":"","format":"standard","meta":[],"categories":[1],"tags":[1531],"acf":[],"yoast_head":"<!-- This site is optimized with the Yoast SEO plugin v19.2 - https:\/\/yoast.com\/wordpress\/plugins\/seo\/ -->\n<title>Vida longa: Novas integrantes no Coral das Meninas - Not\u00edcias - Franciscanos<\/title>\n<meta name=\"robots\" content=\"index, follow, max-snippet:-1, max-image-preview:large, max-video-preview:-1\" \/>\n<link rel=\"canonical\" href=\"https:\/\/franciscanos.org.br\/noticias\/vida-longa-novas-integrantes-no-coral-das-meninas.html\" \/>\n<meta property=\"og:locale\" content=\"pt_BR\" \/>\n<meta property=\"og:type\" content=\"article\" \/>\n<meta property=\"og:title\" content=\"Vida longa: Novas integrantes no Coral das Meninas - Not\u00edcias - Franciscanos\" \/>\n<meta property=\"og:description\" content=\"Canarinhos\" \/>\n<meta property=\"og:url\" content=\"https:\/\/franciscanos.org.br\/noticias\/vida-longa-novas-integrantes-no-coral-das-meninas.html\" \/>\n<meta property=\"og:site_name\" content=\"Not\u00edcias - Franciscanos\" \/>\n<meta property=\"article:published_time\" content=\"2018-04-11T11:07:42+00:00\" \/>\n<meta property=\"article:modified_time\" content=\"2021-07-05T23:19:27+00:00\" \/>\n<meta property=\"og:image\" content=\"https:\/\/franciscanos.org.br\/noticias\/wp-content\/uploads\/2018\/11\/canarinhos_110418-1.jpg\" \/>\n\t<meta property=\"og:image:width\" content=\"830\" \/>\n\t<meta property=\"og:image:height\" content=\"567\" \/>\n\t<meta property=\"og:image:type\" content=\"image\/jpeg\" \/>\n<meta name=\"author\" content=\"admin\" \/>\n<meta name=\"twitter:card\" content=\"summary_large_image\" \/>\n<meta name=\"twitter:label1\" content=\"Escrito por\" \/>\n\t<meta name=\"twitter:data1\" content=\"admin\" \/>\n\t<meta name=\"twitter:label2\" content=\"Est. tempo de leitura\" \/>\n\t<meta name=\"twitter:data2\" content=\"2 minutos\" \/>\n<script type=\"application\/ld+json\" class=\"yoast-schema-graph\">{\"@context\":\"https:\/\/schema.org\",\"@graph\":[{\"@type\":\"WebSite\",\"@id\":\"https:\/\/franciscanos.org.br\/noticias\/#website\",\"url\":\"https:\/\/franciscanos.org.br\/noticias\/\",\"name\":\"Not\u00edcias - Franciscanos\",\"description\":\"Prov\u00edncia Franciscana da Imaculada Concei\u00e7\u00e3o do Brasil - Ordem dos Frades Menores - OFM\",\"potentialAction\":[{\"@type\":\"SearchAction\",\"target\":{\"@type\":\"EntryPoint\",\"urlTemplate\":\"https:\/\/franciscanos.org.br\/noticias\/?s={search_term_string}\"},\"query-input\":\"required name=search_term_string\"}],\"inLanguage\":\"pt-BR\"},{\"@type\":\"ImageObject\",\"inLanguage\":\"pt-BR\",\"@id\":\"https:\/\/franciscanos.org.br\/noticias\/vida-longa-novas-integrantes-no-coral-das-meninas.html#primaryimage\",\"url\":\"https:\/\/franciscanos.org.br\/noticias\/wp-content\/uploads\/2018\/11\/canarinhos_110418-1.jpg\",\"contentUrl\":\"https:\/\/franciscanos.org.br\/noticias\/wp-content\/uploads\/2018\/11\/canarinhos_110418-1.jpg\",\"width\":830,\"height\":567},{\"@type\":\"WebPage\",\"@id\":\"https:\/\/franciscanos.org.br\/noticias\/vida-longa-novas-integrantes-no-coral-das-meninas.html#webpage\",\"url\":\"https:\/\/franciscanos.org.br\/noticias\/vida-longa-novas-integrantes-no-coral-das-meninas.html\",\"name\":\"Vida longa: Novas integrantes no Coral das Meninas - Not\u00edcias - Franciscanos\",\"isPartOf\":{\"@id\":\"https:\/\/franciscanos.org.br\/noticias\/#website\"},\"primaryImageOfPage\":{\"@id\":\"https:\/\/franciscanos.org.br\/noticias\/vida-longa-novas-integrantes-no-coral-das-meninas.html#primaryimage\"},\"datePublished\":\"2018-04-11T11:07:42+00:00\",\"dateModified\":\"2021-07-05T23:19:27+00:00\",\"author\":{\"@id\":\"https:\/\/franciscanos.org.br\/noticias\/#\/schema\/person\/b38fbf43118f02820bd932f2e4b14ad3\"},\"breadcrumb\":{\"@id\":\"https:\/\/franciscanos.org.br\/noticias\/vida-longa-novas-integrantes-no-coral-das-meninas.html#breadcrumb\"},\"inLanguage\":\"pt-BR\",\"potentialAction\":[{\"@type\":\"ReadAction\",\"target\":[\"https:\/\/franciscanos.org.br\/noticias\/vida-longa-novas-integrantes-no-coral-das-meninas.html\"]}]},{\"@type\":\"BreadcrumbList\",\"@id\":\"https:\/\/franciscanos.org.br\/noticias\/vida-longa-novas-integrantes-no-coral-das-meninas.html#breadcrumb\",\"itemListElement\":[{\"@type\":\"ListItem\",\"position\":1,\"name\":\"Home\",\"item\":\"https:\/\/franciscanos.org.br\/noticias\"},{\"@type\":\"ListItem\",\"position\":2,\"name\":\"Vida longa: Novas integrantes no Coral das Meninas\"}]},{\"@type\":\"Person\",\"@id\":\"https:\/\/franciscanos.org.br\/noticias\/#\/schema\/person\/b38fbf43118f02820bd932f2e4b14ad3\",\"name\":\"admin\",\"image\":{\"@type\":\"ImageObject\",\"inLanguage\":\"pt-BR\",\"@id\":\"https:\/\/franciscanos.org.br\/noticias\/#\/schema\/person\/image\/\",\"url\":\"https:\/\/secure.gravatar.com\/avatar\/e8495742d34d0ba6448ea1c628263b3e?s=96&d=mm&r=g\",\"contentUrl\":\"https:\/\/secure.gravatar.com\/avatar\/e8495742d34d0ba6448ea1c628263b3e?s=96&d=mm&r=g\",\"caption\":\"admin\"},\"url\":\"https:\/\/franciscanos.org.br\/noticias\/author\/admin\"}]}<\/script>\n<!-- \/ Yoast SEO plugin. -->","yoast_head_json":{"title":"Vida longa: Novas integrantes no Coral das Meninas - Not\u00edcias - Franciscanos","robots":{"index":"index","follow":"follow","max-snippet":"max-snippet:-1","max-image-preview":"max-image-preview:large","max-video-preview":"max-video-preview:-1"},"canonical":"https:\/\/franciscanos.org.br\/noticias\/vida-longa-novas-integrantes-no-coral-das-meninas.html","og_locale":"pt_BR","og_type":"article","og_title":"Vida longa: Novas integrantes no Coral das Meninas - Not\u00edcias - Franciscanos","og_description":"Canarinhos","og_url":"https:\/\/franciscanos.org.br\/noticias\/vida-longa-novas-integrantes-no-coral-das-meninas.html","og_site_name":"Not\u00edcias - Franciscanos","article_published_time":"2018-04-11T11:07:42+00:00","article_modified_time":"2021-07-05T23:19:27+00:00","og_image":[{"width":830,"height":567,"url":"https:\/\/franciscanos.org.br\/noticias\/wp-content\/uploads\/2018\/11\/canarinhos_110418-1.jpg","type":"image\/jpeg"}],"author":"admin","twitter_card":"summary_large_image","twitter_misc":{"Escrito por":"admin","Est. tempo de leitura":"2 minutos"},"schema":{"@context":"https:\/\/schema.org","@graph":[{"@type":"WebSite","@id":"https:\/\/franciscanos.org.br\/noticias\/#website","url":"https:\/\/franciscanos.org.br\/noticias\/","name":"Not\u00edcias - Franciscanos","description":"Prov\u00edncia Franciscana da Imaculada Concei\u00e7\u00e3o do Brasil - Ordem dos Frades Menores - OFM","potentialAction":[{"@type":"SearchAction","target":{"@type":"EntryPoint","urlTemplate":"https:\/\/franciscanos.org.br\/noticias\/?s={search_term_string}"},"query-input":"required name=search_term_string"}],"inLanguage":"pt-BR"},{"@type":"ImageObject","inLanguage":"pt-BR","@id":"https:\/\/franciscanos.org.br\/noticias\/vida-longa-novas-integrantes-no-coral-das-meninas.html#primaryimage","url":"https:\/\/franciscanos.org.br\/noticias\/wp-content\/uploads\/2018\/11\/canarinhos_110418-1.jpg","contentUrl":"https:\/\/franciscanos.org.br\/noticias\/wp-content\/uploads\/2018\/11\/canarinhos_110418-1.jpg","width":830,"height":567},{"@type":"WebPage","@id":"https:\/\/franciscanos.org.br\/noticias\/vida-longa-novas-integrantes-no-coral-das-meninas.html#webpage","url":"https:\/\/franciscanos.org.br\/noticias\/vida-longa-novas-integrantes-no-coral-das-meninas.html","name":"Vida longa: Novas integrantes no Coral das Meninas - Not\u00edcias - Franciscanos","isPartOf":{"@id":"https:\/\/franciscanos.org.br\/noticias\/#website"},"primaryImageOfPage":{"@id":"https:\/\/franciscanos.org.br\/noticias\/vida-longa-novas-integrantes-no-coral-das-meninas.html#primaryimage"},"datePublished":"2018-04-11T11:07:42+00:00","dateModified":"2021-07-05T23:19:27+00:00","author":{"@id":"https:\/\/franciscanos.org.br\/noticias\/#\/schema\/person\/b38fbf43118f02820bd932f2e4b14ad3"},"breadcrumb":{"@id":"https:\/\/franciscanos.org.br\/noticias\/vida-longa-novas-integrantes-no-coral-das-meninas.html#breadcrumb"},"inLanguage":"pt-BR","potentialAction":[{"@type":"ReadAction","target":["https:\/\/franciscanos.org.br\/noticias\/vida-longa-novas-integrantes-no-coral-das-meninas.html"]}]},{"@type":"BreadcrumbList","@id":"https:\/\/franciscanos.org.br\/noticias\/vida-longa-novas-integrantes-no-coral-das-meninas.html#breadcrumb","itemListElement":[{"@type":"ListItem","position":1,"name":"Home","item":"https:\/\/franciscanos.org.br\/noticias"},{"@type":"ListItem","position":2,"name":"Vida longa: Novas integrantes no Coral das Meninas"}]},{"@type":"Person","@id":"https:\/\/franciscanos.org.br\/noticias\/#\/schema\/person\/b38fbf43118f02820bd932f2e4b14ad3","name":"admin","image":{"@type":"ImageObject","inLanguage":"pt-BR","@id":"https:\/\/franciscanos.org.br\/noticias\/#\/schema\/person\/image\/","url":"https:\/\/secure.gravatar.com\/avatar\/e8495742d34d0ba6448ea1c628263b3e?s=96&d=mm&r=g","contentUrl":"https:\/\/secure.gravatar.com\/avatar\/e8495742d34d0ba6448ea1c628263b3e?s=96&d=mm&r=g","caption":"admin"},"url":"https:\/\/franciscanos.org.br\/noticias\/author\/admin"}]}},"_links":{"self":[{"href":"https:\/\/franciscanos.org.br\/noticias\/wp-json\/wp\/v2\/posts\/156625"}],"collection":[{"href":"https:\/\/franciscanos.org.br\/noticias\/wp-json\/wp\/v2\/posts"}],"about":[{"href":"https:\/\/franciscanos.org.br\/noticias\/wp-json\/wp\/v2\/types\/post"}],"author":[{"embeddable":true,"href":"https:\/\/franciscanos.org.br\/noticias\/wp-json\/wp\/v2\/users\/1"}],"replies":[{"embeddable":true,"href":"https:\/\/franciscanos.org.br\/noticias\/wp-json\/wp\/v2\/comments?post=156625"}],"version-history":[{"count":1,"href":"https:\/\/franciscanos.org.br\/noticias\/wp-json\/wp\/v2\/posts\/156625\/revisions"}],"predecessor-version":[{"id":232917,"href":"https:\/\/franciscanos.org.br\/noticias\/wp-json\/wp\/v2\/posts\/156625\/revisions\/232917"}],"wp:featuredmedia":[{"embeddable":true,"href":"https:\/\/franciscanos.org.br\/noticias\/wp-json\/wp\/v2\/media\/187318"}],"wp:attachment":[{"href":"https:\/\/franciscanos.org.br\/noticias\/wp-json\/wp\/v2\/media?parent=156625"}],"wp:term":[{"taxonomy":"category","embeddable":true,"href":"https:\/\/franciscanos.org.br\/noticias\/wp-json\/wp\/v2\/categories?post=156625"},{"taxonomy":"post_tag","embeddable":true,"href":"https:\/\/franciscanos.org.br\/noticias\/wp-json\/wp\/v2\/tags?post=156625"}],"curies":[{"name":"wp","href":"https:\/\/api.w.org\/{rel}","templated":true}]}}